{"id":62883,"date":"2020-10-23T08:39:27","date_gmt":"2020-10-23T13:39:27","guid":{"rendered":"http:\/\/www.lospoliticosveracruz.com.mx\/?p=62883"},"modified":"2020-10-23T08:39:58","modified_gmt":"2020-10-23T13:39:58","slug":"pri-pactara-con-los-2-pan","status":"publish","type":"post","link":"https:\/\/lospoliticosveracruz.com\/?p=62883","title":{"rendered":"PRI pactar\u00e1 con los 2 PAN"},"content":{"rendered":"<p>&nbsp;<\/p>\n<p><strong>Ricardo Ch\u00faa<\/strong><br \/>\n<em>Sale y Vale<\/em><\/p>\n<p>OJO&#8230; La denuncia p\u00fablica del presidente del Comit\u00e9 de Participaci\u00f3n Ciudadana, Angelo Matiello, de que en Veracruz y Boca del R\u00edo, se han incrementado los robos a casa habitaci\u00f3n en un 30 por ciento, no tiene desperdicio&#8230; Sobre todo en los fraccionamientos que est\u00e1n entre estos dos municipios&#8230; Donde hay una banda de j\u00f3venes que operan hasta con \u00abdrones\u00bb para vigilar alguna residencia que vean con oportunidad&#8230;. Hay que tener mucho cuidado, los delitos van a la alza en esta modalidad&#8230; AMEN..<\/p>\n<p>&nbsp;<br \/>\n<a href=\"https:\/\/www.facebook.com\/notaria61veracruz\/\"><img decoding=\"async\" src=\"http:\/\/www.lospoliticosveracruz.com.mx\/wp-content\/uploads\/2020\/07\/CINTILLO-Armando.jpg\" alt=\"\" \/><\/a><br \/>\n&nbsp;<\/p>\n<p>LA CEAPP&#8230; Es un tema o una \u00abgrilla\u00bb que s\u00f3lo le importa o interesa a ese \u00abc\u00edrculo rojo\u00bb medi\u00e1tico que tiene a su cargo generar opini\u00f3n p\u00fablica&#8230; Obvio por los intereses que representa, se ha soltado una serie de ataques, difamaciones, se\u00f1alamientos sin comprobar nada o presentar pruebas hac\u00eda compa\u00f1eros periodista de la entidad veracruzana&#8230; Que se supone quieren, aspiran o que otros \u00abtundes\u00bb han dicho que desean presidir esta Comisi\u00f3n Estatal de Atenci\u00f3n para Protecci\u00f3n a Periodistas&#8230; Y, as\u00ed quieren solidaridad en el gremio&#8230;<br \/>\nAs\u00ed que esto s\u00f3lo est\u00e1 provocando que la sociedad se de cuenta, de lo dividido que est\u00e1n los periodistas, no los medios de comunicaci\u00f3n&#8230; A la ciudadan\u00eda poco le importan estas luchas&#8230; Ellos traen una percepci\u00f3n distinta y est\u00e1n \u00e1vidas de otras noticias, que estarse enterando en redes sociales de la lucha por algunos periodistas por presidir esta comisi\u00f3n o de las difamaciones a las que son sometidos por otros reporteros.. Que los acusan de todo&#8230; Pero no dicen el por qu\u00e9 o justifican esos ataques&#8230; Madrearon sin argumentos&#8230;<br \/>\nEso en verdad, denigra m\u00e1s al periodista que se\u00f1ala sin presentar pruebas de las acusaciones&#8230; Sobre todo por la carga de intereses que est\u00e1n detr\u00e1s de ellos&#8230;Tanto que se critica el rigor period\u00edstico y los se\u00f1alamientos entre reporteros, no lo tiene, es mas, les vale&#8230; T\u00fa difama que algo queda, dec\u00eda Gonzalo Morgado&#8230; Que raz\u00f3n ten\u00eda&#8230; El caso es que la \u00abflota\u00bb reporteril quedar\u00eda muy dividida, muy da\u00f1ada, muy se\u00f1alada y con la credibilidad por los suelos, por las injurias hechas por los propios periodistas&#8230;<br \/>\nAl final, la CEAPP la dirigir\u00e1 la persona por quien se decida, el que tiene que decidir para presentar esta propuesta al Congreso Local&#8230; Y seguramente, en diciembre tomar\u00e1 protesta con sus comisionados, ante la alegr\u00eda de unos, molestia de otros y envidia de la gran mayor\u00eda&#8230; Y no pasar\u00e1 nada.. Duate, Gina y Yunes Pap\u00e1 decidieron y no pas\u00f3 nada&#8230;Pero ahora el da\u00f1o est\u00e1 hecho&#8230; El peor enemigo de un periodista, es otro periodista&#8230; La decisi\u00f3n ya se tom\u00f3, es una MUJER.. Qui\u00e9n est\u00e1 libre de pecado, para tirar la primera piedra&#8230; PUNTO&#8230;<\/p>\n<p>VERACRUZ, DESPU\u00c9S DE COAHUILA&#8230; De lo se\u00f1alado en espacios anteriores&#8230; De que el PRI puede recuperarse electoralmente en Veracruz&#8230; Con alianza opositora, s\u00f3lo ser\u00e1 dif\u00edcil&#8230; Ya no es un \u00absue\u00f1o tropical\u00bb de aquellos que s\u00f3lo tienen el \u00abcoraz\u00f3n rojo\u00bb&#8230; Ya que junto con otros organismos&#8230; El priismo busca coaliciones fuertes en Veracruz&#8230; Con el PAN y PRD&#8230; No importando que en ese momento, tengan que ceder posiciones.. Quieren votos y recuperar para la oposici\u00f3n el Congreso Local&#8230; Y repartirse las alcald\u00edas&#8230; REAL POLITIK&#8230;<br \/>\nObvio es que si van en alianza&#8230; El PRI en la medida de lo posible dejar\u00e1 en esas negociaciones, todo listo para que se pueda pactar con el PAN-Yunes y PAN-\u00abChapito\u00bb Guzm\u00e1n&#8230; Aunado que lo mismo har\u00e1n con Sergio Cadena y su PRD&#8230; Es la manera de ir mermando el poder de MORENA y ganando posiciones locales&#8230; Ya que a nivel nacional, ser\u00e1 poco probable que el PRI pueda perder el registro como partido&#8230; Pero tampoco se ve a nivel federal, una alianza opositora&#8230;<br \/>\nNegociar\u00e1 con el PAN-Yunes porque es un grupo de fuerza real opositora en Veracruz&#8230; No solo en el puerto y Boca del R\u00edo&#8230; Lo mismo con Joaqu\u00edn Guzm\u00e1n porque es el que tiene el poder del PAN estatal&#8230; Ya que no se van a arriesgar a perder la oportunidad hist\u00f3rica que tienen de quitarle el control del Congreso Local a MORENA&#8230; Y por no negociar con uno de los grupos, capaz que despu\u00e9s salen con que \u00abse los dije, sin mi pierden\u00bb.. Por eso, la declaraci\u00f3n hace d\u00edas de Fernando Yunes, \u00abtensa\u00bb no el 2021 sino el 2024&#8230;<br \/>\nAdem\u00e1s de que aprovechando la decisi\u00f3n que tom\u00f3 el INE de negarle el registro a \u00abM\u00e9xico Libre\u00bb&#8230; Sin querer, esto puede ser aprovechado por partidos opositores para que en Veracruz&#8230; Presionen al OPLE de negarles m\u00e1s registros a partidos \u00abfantasmas\u00bb o unipersonales.. Que al final, buscan aliarse con MORENA&#8230; Para seguir contando con registro y prerrogativas.. Producto de su relaci\u00f3n con los actuales hombres del poder&#8230;<br \/>\nPor eso, es que se augura que al PRI no le va ir mal en 2021&#8230; Ya que la idiosincrasia del veracruzano, es de acciones conservadoras&#8230; Hasta la gente humilde se\u00f1ala que los que est\u00e1n hartos de Morena, le van a votar al PRI&#8230; Ya que antes, donde se supone estaban peor, viv\u00edan mejor y les alcanzaba para hacer sus 3 comidas y gastos extras&#8230; Ahora ni esos tres alimentos, menos los gastos&#8230; Ese famoso \u00abvoto \u00fatil\u00bb ahora no ser\u00eda para los partidos de izquierda&#8230; Que cosas tiene la vida&#8230; MAS AMEN&#8230;<\/p>\n<p>PD&#8230; S\u00f3lo para reafirmar lo suscrito por Felipe Hakim y su Cr\u00f3nica del Poder&#8230; Al cual, se le agradece las menciones cuando retoma lo publicado en este espacio en NOTIVER&#8230; Francisco \u00abPaquito\u00bb Mart\u00ednez, ex reportero de Telever y ahora jefe de prensa de Redes Sociales Progresistas en Veracruz&#8230; Hace meses ten\u00eda la idea de participar por la alcald\u00eda de Xalapa por este partido&#8230; Pero reflexiono y sabe bien qu\u00e9 \u00abpoderoso caballero es Don Dinero\u00bb y m\u00e1s en pol\u00edtica&#8230;<br \/>\nAs\u00ed que no se meti\u00f3 en m\u00e1s problemas cuando se enter\u00f3 que David Velasco Chedraui&#8230; Se aventar\u00eda al ruedo por el PRI o PRD por el mismo cargo de elecci\u00f3n popular&#8230; Por eso, Paquito decidi\u00f3 por la diputaci\u00f3n local por Xalapa&#8230; Menos problema y m\u00e1s oportunidad&#8230; Le aprendi\u00f3 bien a la Maestra, Elba Esther.. \u00abEl poder es el poder, que hasta el alma m\u00e1s pura, corrompe\u00bb&#8230; Pero la de Paco ya estaba \u00abda\u00f1ada\u00bb&#8230; Ja Ja Ja&#8230; \u00c9xito maestro en tu aventura pol\u00edtica y en tu b\u00fasqueda por la CEAPP&#8230;<\/p>\n","protected":false},"excerpt":{"rendered":"<p>&nbsp; Ricardo Ch\u00faa Sale y Vale OJO&#8230; La denuncia p\u00fablica del presidente del Comit\u00e9 de Participaci\u00f3n Ciudadana, Angelo Matiello, de que en Veracruz y Boca del R\u00edo, se han incrementado los robos a casa habitaci\u00f3n en un 30 por ciento, no tiene desperdicio&#8230; Sobre todo en los fraccionamientos que est\u00e1n entre estos dos municipios&#8230; Donde [&hellip;]<\/p>\n","protected":false},"author":2,"featured_media":0,"comment_status":"open","ping_status":"open","sticky":false,"template":"","format":"standard","meta":{"tdm_status":"","tdm_grid_status":"","footnotes":""},"categories":[70],"tags":[601,4476,16045,1459,407,22845,2170,535,554,1026,3272,266,22851,11612,107,251,14281,15095,4714,195,96],"class_list":{"0":"post-62883","1":"post","2":"type-post","3":"status-publish","4":"format-standard","6":"category-de-opinion","7":"tag-boca-del-rio","8":"tag-ceapp","9":"tag-chapito-guzman","10":"tag-cronica-del-poder","11":"tag-david-velasco-chedraui","12":"tag-elba-esther","13":"tag-felipe-hakim","14":"tag-fernando-yunes","15":"tag-ine","16":"tag-morena","17":"tag-ople","18":"tag-pan","19":"tag-paquito-martinez","20":"tag-participacion-ciudadana","21":"tag-prd","22":"tag-pri","23":"tag-redes-sociales-progresistas","24":"tag-sergio-cadena","25":"tag-telever","26":"tag-veracruz","27":"tag-xalapa"},"yoast_head":"<!-- This site is optimized with the Yoast SEO plugin v27.4 - https:\/\/yoast.com\/product\/yoast-seo-wordpress\/ -->\n<title>PRI pactar\u00e1 con los 2 PAN - Los pol\u00edticos Veracruz<\/title>\n<meta name=\"robots\" content=\"index, follow, max-snippet:-1, max-image-preview:large, max-video-preview:-1\" \/>\n<link rel=\"canonical\" href=\"https:\/\/lospoliticosveracruz.com\/?p=62883\" \/>\n<meta property=\"og:locale\" content=\"es_ES\" \/>\n<meta property=\"og:type\" content=\"article\" \/>\n<meta property=\"og:title\" content=\"PRI pactar\u00e1 con los 2 PAN - Los pol\u00edticos Veracruz\" \/>\n<meta property=\"og:description\" content=\"&nbsp; Ricardo Ch\u00faa Sale y Vale OJO&#8230; La denuncia p\u00fablica del presidente del Comit\u00e9 de Participaci\u00f3n Ciudadana, Angelo Matiello, de que en Veracruz y Boca del R\u00edo, se han incrementado los robos a casa habitaci\u00f3n en un 30 por ciento, no tiene desperdicio&#8230; Sobre todo en los fraccionamientos que est\u00e1n entre estos dos municipios&#8230; Donde [&hellip;]\" \/>\n<meta property=\"og:url\" content=\"https:\/\/lospoliticosveracruz.com\/?p=62883\" \/>\n<meta property=\"og:site_name\" content=\"Los pol\u00edticos Veracruz\" \/>\n<meta property=\"article:publisher\" content=\"https:\/\/www.facebook.com\/people\/Notimemes-de-los-Polticos\/61565672886568\/\" \/>\n<meta property=\"article:published_time\" content=\"2020-10-23T13:39:27+00:00\" \/>\n<meta property=\"article:modified_time\" content=\"2020-10-23T13:39:58+00:00\" \/>\n<meta property=\"og:image\" content=\"http:\/\/www.lospoliticosveracruz.com.mx\/wp-content\/uploads\/2020\/07\/CINTILLO-Armando.jpg\" \/>\n<meta name=\"author\" content=\"Lo viste en Los Pol\u00edticos\" \/>\n<meta name=\"twitter:card\" content=\"summary_large_image\" \/>\n<meta name=\"twitter:creator\" content=\"@LosPoliticosVer\" \/>\n<meta name=\"twitter:site\" content=\"@LosPoliticosVer\" \/>\n<meta name=\"twitter:label1\" content=\"Escrito por\" \/>\n\t<meta name=\"twitter:data1\" content=\"Lo viste en Los Pol\u00edticos\" \/>\n\t<meta name=\"twitter:label2\" content=\"Tiempo de lectura\" \/>\n\t<meta name=\"twitter:data2\" content=\"6 minutos\" \/>\n<script type=\"application\/ld+json\" class=\"yoast-schema-graph\">{\"@context\":\"https:\\\/\\\/schema.org\",\"@graph\":[{\"@type\":\"Article\",\"@id\":\"https:\\\/\\\/lospoliticosveracruz.com\\\/?p=62883#article\",\"isPartOf\":{\"@id\":\"https:\\\/\\\/lospoliticosveracruz.com\\\/?p=62883\"},\"author\":{\"name\":\"Lo viste en Los Pol\u00edticos\",\"@id\":\"https:\\\/\\\/lospoliticosveracruz.com\\\/#\\\/schema\\\/person\\\/b8702bb0e538456e6efd07080bf2a4a2\"},\"headline\":\"PRI pactar\u00e1 con los 2 PAN\",\"datePublished\":\"2020-10-23T13:39:27+00:00\",\"dateModified\":\"2020-10-23T13:39:58+00:00\",\"mainEntityOfPage\":{\"@id\":\"https:\\\/\\\/lospoliticosveracruz.com\\\/?p=62883\"},\"wordCount\":1121,\"commentCount\":0,\"publisher\":{\"@id\":\"https:\\\/\\\/lospoliticosveracruz.com\\\/#organization\"},\"image\":{\"@id\":\"https:\\\/\\\/lospoliticosveracruz.com\\\/?p=62883#primaryimage\"},\"thumbnailUrl\":\"http:\\\/\\\/www.lospoliticosveracruz.com.mx\\\/wp-content\\\/uploads\\\/2020\\\/07\\\/CINTILLO-Armando.jpg\",\"keywords\":[\"Boca del R\u00edo\",\"CEAPP\",\"Chapito Guzm\u00e1n\",\"Cr\u00f3nica del Poder\",\"David Velasco Chedraui\",\"Elba Esther\",\"Felipe Hakim\",\"Fernando Yunes\",\"INE\",\"Morena\",\"OPLE\",\"PAN\",\"Paquito Mart\u00ednez\",\"participaci\u00f3n ciudadana\",\"PRD\",\"PRI\",\"Redes Sociales Progresistas\",\"Sergio Cadena\",\"Telever\",\"Veracruz\",\"Xalapa\"],\"articleSection\":[\"De Opini\u00f3n\"],\"inLanguage\":\"es\",\"potentialAction\":[{\"@type\":\"CommentAction\",\"name\":\"Comment\",\"target\":[\"https:\\\/\\\/lospoliticosveracruz.com\\\/?p=62883#respond\"]}]},{\"@type\":\"WebPage\",\"@id\":\"https:\\\/\\\/lospoliticosveracruz.com\\\/?p=62883\",\"url\":\"https:\\\/\\\/lospoliticosveracruz.com\\\/?p=62883\",\"name\":\"PRI pactar\u00e1 con los 2 PAN - Los pol\u00edticos Veracruz\",\"isPartOf\":{\"@id\":\"https:\\\/\\\/lospoliticosveracruz.com\\\/#website\"},\"primaryImageOfPage\":{\"@id\":\"https:\\\/\\\/lospoliticosveracruz.com\\\/?p=62883#primaryimage\"},\"image\":{\"@id\":\"https:\\\/\\\/lospoliticosveracruz.com\\\/?p=62883#primaryimage\"},\"thumbnailUrl\":\"http:\\\/\\\/www.lospoliticosveracruz.com.mx\\\/wp-content\\\/uploads\\\/2020\\\/07\\\/CINTILLO-Armando.jpg\",\"datePublished\":\"2020-10-23T13:39:27+00:00\",\"dateModified\":\"2020-10-23T13:39:58+00:00\",\"breadcrumb\":{\"@id\":\"https:\\\/\\\/lospoliticosveracruz.com\\\/?p=62883#breadcrumb\"},\"inLanguage\":\"es\",\"potentialAction\":[{\"@type\":\"ReadAction\",\"target\":[\"https:\\\/\\\/lospoliticosveracruz.com\\\/?p=62883\"]}]},{\"@type\":\"ImageObject\",\"inLanguage\":\"es\",\"@id\":\"https:\\\/\\\/lospoliticosveracruz.com\\\/?p=62883#primaryimage\",\"url\":\"http:\\\/\\\/www.lospoliticosveracruz.com.mx\\\/wp-content\\\/uploads\\\/2020\\\/07\\\/CINTILLO-Armando.jpg\",\"contentUrl\":\"http:\\\/\\\/www.lospoliticosveracruz.com.mx\\\/wp-content\\\/uploads\\\/2020\\\/07\\\/CINTILLO-Armando.jpg\"},{\"@type\":\"BreadcrumbList\",\"@id\":\"https:\\\/\\\/lospoliticosveracruz.com\\\/?p=62883#breadcrumb\",\"itemListElement\":[{\"@type\":\"ListItem\",\"position\":1,\"name\":\"Portada\",\"item\":\"https:\\\/\\\/lospoliticosveracruz.com\\\/\"},{\"@type\":\"ListItem\",\"position\":2,\"name\":\"PRI pactar\u00e1 con los 2 PAN\"}]},{\"@type\":\"WebSite\",\"@id\":\"https:\\\/\\\/lospoliticosveracruz.com\\\/#website\",\"url\":\"https:\\\/\\\/lospoliticosveracruz.com\\\/\",\"name\":\"Los pol\u00edticos Veracruz\",\"description\":\"\",\"publisher\":{\"@id\":\"https:\\\/\\\/lospoliticosveracruz.com\\\/#organization\"},\"potentialAction\":[{\"@type\":\"SearchAction\",\"target\":{\"@type\":\"EntryPoint\",\"urlTemplate\":\"https:\\\/\\\/lospoliticosveracruz.com\\\/?s={search_term_string}\"},\"query-input\":{\"@type\":\"PropertyValueSpecification\",\"valueRequired\":true,\"valueName\":\"search_term_string\"}}],\"inLanguage\":\"es\"},{\"@type\":\"Organization\",\"@id\":\"https:\\\/\\\/lospoliticosveracruz.com\\\/#organization\",\"name\":\"Los pol\u00edticos Veracruz\",\"url\":\"https:\\\/\\\/lospoliticosveracruz.com\\\/\",\"logo\":{\"@type\":\"ImageObject\",\"inLanguage\":\"es\",\"@id\":\"https:\\\/\\\/lospoliticosveracruz.com\\\/#\\\/schema\\\/logo\\\/image\\\/\",\"url\":\"https:\\\/\\\/lospoliticosveracruz.com\\\/wp-content\\\/uploads\\\/2025\\\/12\\\/Logo-Nuevo-LOS-POLITICOS-1.jpg\",\"contentUrl\":\"https:\\\/\\\/lospoliticosveracruz.com\\\/wp-content\\\/uploads\\\/2025\\\/12\\\/Logo-Nuevo-LOS-POLITICOS-1.jpg\",\"width\":260,\"height\":70,\"caption\":\"Los pol\u00edticos Veracruz\"},\"image\":{\"@id\":\"https:\\\/\\\/lospoliticosveracruz.com\\\/#\\\/schema\\\/logo\\\/image\\\/\"},\"sameAs\":[\"https:\\\/\\\/www.facebook.com\\\/people\\\/Notimemes-de-los-Polticos\\\/61565672886568\\\/\",\"https:\\\/\\\/x.com\\\/LosPoliticosVer\"]},{\"@type\":\"Person\",\"@id\":\"https:\\\/\\\/lospoliticosveracruz.com\\\/#\\\/schema\\\/person\\\/b8702bb0e538456e6efd07080bf2a4a2\",\"name\":\"Lo viste en Los Pol\u00edticos\",\"image\":{\"@type\":\"ImageObject\",\"inLanguage\":\"es\",\"@id\":\"https:\\\/\\\/secure.gravatar.com\\\/avatar\\\/3a8de04a2656d44082be478bd6c086daa447c4651605818287b9532d3d0bd435?s=96&d=mm&r=g\",\"url\":\"https:\\\/\\\/secure.gravatar.com\\\/avatar\\\/3a8de04a2656d44082be478bd6c086daa447c4651605818287b9532d3d0bd435?s=96&d=mm&r=g\",\"contentUrl\":\"https:\\\/\\\/secure.gravatar.com\\\/avatar\\\/3a8de04a2656d44082be478bd6c086daa447c4651605818287b9532d3d0bd435?s=96&d=mm&r=g\",\"caption\":\"Lo viste en Los Pol\u00edticos\"},\"url\":\"https:\\\/\\\/lospoliticosveracruz.com\\\/?author=2\"}]}<\/script>\n<!-- \/ Yoast SEO plugin. -->","yoast_head_json":{"title":"PRI pactar\u00e1 con los 2 PAN - Los pol\u00edticos Veracruz","robots":{"index":"index","follow":"follow","max-snippet":"max-snippet:-1","max-image-preview":"max-image-preview:large","max-video-preview":"max-video-preview:-1"},"canonical":"https:\/\/lospoliticosveracruz.com\/?p=62883","og_locale":"es_ES","og_type":"article","og_title":"PRI pactar\u00e1 con los 2 PAN - Los pol\u00edticos Veracruz","og_description":"&nbsp; Ricardo Ch\u00faa Sale y Vale OJO&#8230; La denuncia p\u00fablica del presidente del Comit\u00e9 de Participaci\u00f3n Ciudadana, Angelo Matiello, de que en Veracruz y Boca del R\u00edo, se han incrementado los robos a casa habitaci\u00f3n en un 30 por ciento, no tiene desperdicio&#8230; Sobre todo en los fraccionamientos que est\u00e1n entre estos dos municipios&#8230; Donde [&hellip;]","og_url":"https:\/\/lospoliticosveracruz.com\/?p=62883","og_site_name":"Los pol\u00edticos Veracruz","article_publisher":"https:\/\/www.facebook.com\/people\/Notimemes-de-los-Polticos\/61565672886568\/","article_published_time":"2020-10-23T13:39:27+00:00","article_modified_time":"2020-10-23T13:39:58+00:00","og_image":[{"url":"http:\/\/www.lospoliticosveracruz.com.mx\/wp-content\/uploads\/2020\/07\/CINTILLO-Armando.jpg","type":"","width":"","height":""}],"author":"Lo viste en Los Pol\u00edticos","twitter_card":"summary_large_image","twitter_creator":"@LosPoliticosVer","twitter_site":"@LosPoliticosVer","twitter_misc":{"Escrito por":"Lo viste en Los Pol\u00edticos","Tiempo de lectura":"6 minutos"},"schema":{"@context":"https:\/\/schema.org","@graph":[{"@type":"Article","@id":"https:\/\/lospoliticosveracruz.com\/?p=62883#article","isPartOf":{"@id":"https:\/\/lospoliticosveracruz.com\/?p=62883"},"author":{"name":"Lo viste en Los Pol\u00edticos","@id":"https:\/\/lospoliticosveracruz.com\/#\/schema\/person\/b8702bb0e538456e6efd07080bf2a4a2"},"headline":"PRI pactar\u00e1 con los 2 PAN","datePublished":"2020-10-23T13:39:27+00:00","dateModified":"2020-10-23T13:39:58+00:00","mainEntityOfPage":{"@id":"https:\/\/lospoliticosveracruz.com\/?p=62883"},"wordCount":1121,"commentCount":0,"publisher":{"@id":"https:\/\/lospoliticosveracruz.com\/#organization"},"image":{"@id":"https:\/\/lospoliticosveracruz.com\/?p=62883#primaryimage"},"thumbnailUrl":"http:\/\/www.lospoliticosveracruz.com.mx\/wp-content\/uploads\/2020\/07\/CINTILLO-Armando.jpg","keywords":["Boca del R\u00edo","CEAPP","Chapito Guzm\u00e1n","Cr\u00f3nica del Poder","David Velasco Chedraui","Elba Esther","Felipe Hakim","Fernando Yunes","INE","Morena","OPLE","PAN","Paquito Mart\u00ednez","participaci\u00f3n ciudadana","PRD","PRI","Redes Sociales Progresistas","Sergio Cadena","Telever","Veracruz","Xalapa"],"articleSection":["De Opini\u00f3n"],"inLanguage":"es","potentialAction":[{"@type":"CommentAction","name":"Comment","target":["https:\/\/lospoliticosveracruz.com\/?p=62883#respond"]}]},{"@type":"WebPage","@id":"https:\/\/lospoliticosveracruz.com\/?p=62883","url":"https:\/\/lospoliticosveracruz.com\/?p=62883","name":"PRI pactar\u00e1 con los 2 PAN - Los pol\u00edticos Veracruz","isPartOf":{"@id":"https:\/\/lospoliticosveracruz.com\/#website"},"primaryImageOfPage":{"@id":"https:\/\/lospoliticosveracruz.com\/?p=62883#primaryimage"},"image":{"@id":"https:\/\/lospoliticosveracruz.com\/?p=62883#primaryimage"},"thumbnailUrl":"http:\/\/www.lospoliticosveracruz.com.mx\/wp-content\/uploads\/2020\/07\/CINTILLO-Armando.jpg","datePublished":"2020-10-23T13:39:27+00:00","dateModified":"2020-10-23T13:39:58+00:00","breadcrumb":{"@id":"https:\/\/lospoliticosveracruz.com\/?p=62883#breadcrumb"},"inLanguage":"es","potentialAction":[{"@type":"ReadAction","target":["https:\/\/lospoliticosveracruz.com\/?p=62883"]}]},{"@type":"ImageObject","inLanguage":"es","@id":"https:\/\/lospoliticosveracruz.com\/?p=62883#primaryimage","url":"http:\/\/www.lospoliticosveracruz.com.mx\/wp-content\/uploads\/2020\/07\/CINTILLO-Armando.jpg","contentUrl":"http:\/\/www.lospoliticosveracruz.com.mx\/wp-content\/uploads\/2020\/07\/CINTILLO-Armando.jpg"},{"@type":"BreadcrumbList","@id":"https:\/\/lospoliticosveracruz.com\/?p=62883#breadcrumb","itemListElement":[{"@type":"ListItem","position":1,"name":"Portada","item":"https:\/\/lospoliticosveracruz.com\/"},{"@type":"ListItem","position":2,"name":"PRI pactar\u00e1 con los 2 PAN"}]},{"@type":"WebSite","@id":"https:\/\/lospoliticosveracruz.com\/#website","url":"https:\/\/lospoliticosveracruz.com\/","name":"Los pol\u00edticos Veracruz","description":"","publisher":{"@id":"https:\/\/lospoliticosveracruz.com\/#organization"},"potentialAction":[{"@type":"SearchAction","target":{"@type":"EntryPoint","urlTemplate":"https:\/\/lospoliticosveracruz.com\/?s={search_term_string}"},"query-input":{"@type":"PropertyValueSpecification","valueRequired":true,"valueName":"search_term_string"}}],"inLanguage":"es"},{"@type":"Organization","@id":"https:\/\/lospoliticosveracruz.com\/#organization","name":"Los pol\u00edticos Veracruz","url":"https:\/\/lospoliticosveracruz.com\/","logo":{"@type":"ImageObject","inLanguage":"es","@id":"https:\/\/lospoliticosveracruz.com\/#\/schema\/logo\/image\/","url":"https:\/\/lospoliticosveracruz.com\/wp-content\/uploads\/2025\/12\/Logo-Nuevo-LOS-POLITICOS-1.jpg","contentUrl":"https:\/\/lospoliticosveracruz.com\/wp-content\/uploads\/2025\/12\/Logo-Nuevo-LOS-POLITICOS-1.jpg","width":260,"height":70,"caption":"Los pol\u00edticos Veracruz"},"image":{"@id":"https:\/\/lospoliticosveracruz.com\/#\/schema\/logo\/image\/"},"sameAs":["https:\/\/www.facebook.com\/people\/Notimemes-de-los-Polticos\/61565672886568\/","https:\/\/x.com\/LosPoliticosVer"]},{"@type":"Person","@id":"https:\/\/lospoliticosveracruz.com\/#\/schema\/person\/b8702bb0e538456e6efd07080bf2a4a2","name":"Lo viste en Los Pol\u00edticos","image":{"@type":"ImageObject","inLanguage":"es","@id":"https:\/\/secure.gravatar.com\/avatar\/3a8de04a2656d44082be478bd6c086daa447c4651605818287b9532d3d0bd435?s=96&d=mm&r=g","url":"https:\/\/secure.gravatar.com\/avatar\/3a8de04a2656d44082be478bd6c086daa447c4651605818287b9532d3d0bd435?s=96&d=mm&r=g","contentUrl":"https:\/\/secure.gravatar.com\/avatar\/3a8de04a2656d44082be478bd6c086daa447c4651605818287b9532d3d0bd435?s=96&d=mm&r=g","caption":"Lo viste en Los Pol\u00edticos"},"url":"https:\/\/lospoliticosveracruz.com\/?author=2"}]}},"_links":{"self":[{"href":"https:\/\/lospoliticosveracruz.com\/index.php?rest_route=\/wp\/v2\/posts\/62883","targetHints":{"allow":["GET"]}}],"collection":[{"href":"https:\/\/lospoliticosveracruz.com\/index.php?rest_route=\/wp\/v2\/posts"}],"about":[{"href":"https:\/\/lospoliticosveracruz.com\/index.php?rest_route=\/wp\/v2\/types\/post"}],"author":[{"embeddable":true,"href":"https:\/\/lospoliticosveracruz.com\/index.php?rest_route=\/wp\/v2\/users\/2"}],"replies":[{"embeddable":true,"href":"https:\/\/lospoliticosveracruz.com\/index.php?rest_route=%2Fwp%2Fv2%2Fcomments&post=62883"}],"version-history":[{"count":2,"href":"https:\/\/lospoliticosveracruz.com\/index.php?rest_route=\/wp\/v2\/posts\/62883\/revisions"}],"predecessor-version":[{"id":62886,"href":"https:\/\/lospoliticosveracruz.com\/index.php?rest_route=\/wp\/v2\/posts\/62883\/revisions\/62886"}],"wp:attachment":[{"href":"https:\/\/lospoliticosveracruz.com\/index.php?rest_route=%2Fwp%2Fv2%2Fmedia&parent=62883"}],"wp:term":[{"taxonomy":"category","embeddable":true,"href":"https:\/\/lospoliticosveracruz.com\/index.php?rest_route=%2Fwp%2Fv2%2Fcategories&post=62883"},{"taxonomy":"post_tag","embeddable":true,"href":"https:\/\/lospoliticosveracruz.com\/index.php?rest_route=%2Fwp%2Fv2%2Ftags&post=62883"}],"curies":[{"name":"wp","href":"https:\/\/api.w.org\/{rel}","templated":true}]}}