{"id":62898,"date":"2020-10-23T12:47:24","date_gmt":"2020-10-23T17:47:24","guid":{"rendered":"http:\/\/www.lospoliticosveracruz.com.mx\/?p=62898"},"modified":"2020-10-23T12:47:24","modified_gmt":"2020-10-23T17:47:24","slug":"2020-cuando-la-vocacion-del-medico-se-puso-a-prueba","status":"publish","type":"post","link":"https:\/\/lospoliticosveracruz.com\/?p=62898","title":{"rendered":"2020, cuando la vocaci\u00f3n del M\u00e9dico se puso a prueba"},"content":{"rendered":"<p>&nbsp;<\/p>\n<p>En un recorrido por los municipios de Catemaco, San Andr\u00e9s Tuxtla, Santiago Tuxtla, \u00c1ngel R. Cabada, Lerdo de Tejada y Alvarado, la titular de la Oficina de Representaci\u00f3n en Veracruz Norte, del Instituto Mexicano del Seguro Social (IMSS), Mar\u00eda de Lourdes Carranza Bernal, supervis\u00f3 diversas unidades m\u00e9dicas y administrativas.<br \/>\nRevis\u00f3 las estrategias implementadas para atender a los pacientes (filtros sanitarios, capacitaci\u00f3n en el uso de Equipo de Protecci\u00f3n Personal, protocolos de sana distancia e higiene de manos), de acuerdo al Plan Estrat\u00e9gico ante la Emergencia Sanitaria, lo que permite otorgar atenci\u00f3n m\u00e9dica oportuna a la derechohabiencia.<br \/>\nAdem\u00e1s, verific\u00f3 el cumplimiento de la desconversi\u00f3n hospitalaria, que se realiza cuando la ocupaci\u00f3n hospitalaria de pacientes con COVID-19 es menor al 30 por ciento, y de los m\u00f3dulos que atendieron a los pacientes contagiados de SARS-CoV-2.<br \/>\nTambi\u00e9n, la recuperaci\u00f3n de los servicios m\u00e9dicos, que implica la apertura de los servicios suspendidos por la emergencia sanitaria, como las cirug\u00edas y la consulta de algunas de especialidades.<br \/>\nAsimismo, la titular de la Oficina de Representaci\u00f3n aprovech\u00f3 para reconocer y felicitar a los 2 mil 220 m\u00e9dicos que conforman la plantilla de m\u00e9dicos familiares y no familiares del R\u00e9gimen Ordinario y del Programa IMSS-BIENESTAR, por el D\u00eda del M\u00e9dico y la labor que han desempe\u00f1ado durante la emergencia sanitaria.<br \/>\n\u00abEste a\u00f1o ha sido dif\u00edcil en el contexto social, poniendo a prueba la verdadera vocaci\u00f3n de servicio del personal m\u00e9dico, anteponiendo a su propio riesgo y seguridad, para otorgar con responsabilidad y compromiso, el cuidado, atenci\u00f3n y esmero que se requer\u00eda para afrontar la emergencia sanitaria por COVID-19. Continuemos brindando, con el mismo \u00edmpetu, la actuaci\u00f3n que nuestra poblaci\u00f3n derechohabiente nos demanda d\u00eda a d\u00eda. \u00a1Feliz d\u00eda del M\u00e9dico!\u00bb, expres\u00f3 la doctora Carranza Bernal.<br \/>\nLa funcionaria supervis\u00f3 la Unidad de Medicina Familiar (UMF) No. 34, en Catemaco; la Subdelegaci\u00f3n; el Hospital General de Subzona (HGSZ) No. 33, en San Andr\u00e9s Tuxtla; la UMF No. 35, en Santiago Tuxtla y la UMF No. 51 de \u00c1ngel R. Cabada.<br \/>\nEn la ciudad de Lerdo de Tejada, recorri\u00f3 el Hospital General de Zona (HGZ) No. 50, y la UMF No. 32, en Alvarado. Cabe subrayar que en la Subdelegaci\u00f3n revis\u00f3 los procesos de afiliaci\u00f3n y cobranza.<\/p>\n","protected":false},"excerpt":{"rendered":"<p>&nbsp; En un recorrido por los municipios de Catemaco, San Andr\u00e9s Tuxtla, Santiago Tuxtla, \u00c1ngel R. Cabada, Lerdo de Tejada y Alvarado, la titular de la Oficina de Representaci\u00f3n en Veracruz Norte, del Instituto Mexicano del Seguro Social (IMSS), Mar\u00eda de Lourdes Carranza Bernal, supervis\u00f3 diversas unidades m\u00e9dicas y administrativas. Revis\u00f3 las estrategias implementadas para [&hellip;]<\/p>\n","protected":false},"author":2,"featured_media":0,"comment_status":"open","ping_status":"open","sticky":false,"template":"","format":"standard","meta":{"tdm_status":"","tdm_grid_status":"","footnotes":""},"categories":[73],"tags":[21381,22905,22901,17036,1208,13470,12852,16513,22904,22447,11159],"class_list":{"0":"post-62898","1":"post","2":"type-post","3":"status-publish","4":"format-standard","6":"category-de-boleto","7":"tag-derechohabiencia","8":"tag-desconversion-hospitalaria","9":"tag-dia-del-medico","10":"tag-emergencia-sanitaria","11":"tag-imss","12":"tag-imss-bienestar","13":"tag-instituto-mexicano-del-seguro-social","14":"tag-maria-de-lourdes-carranza-bernal","15":"tag-ocupacion-hospitalaria","16":"tag-umf","17":"tag-veracruz-norte"},"yoast_head":"<!-- This site is optimized with the Yoast SEO plugin v27.4 - https:\/\/yoast.com\/product\/yoast-seo-wordpress\/ -->\n<title>2020, cuando la vocaci\u00f3n del M\u00e9dico se puso a prueba - Los pol\u00edticos Veracruz<\/title>\n<meta name=\"robots\" content=\"index, follow, max-snippet:-1, max-image-preview:large, max-video-preview:-1\" \/>\n<link rel=\"canonical\" href=\"https:\/\/lospoliticosveracruz.com\/?p=62898\" \/>\n<meta property=\"og:locale\" content=\"es_ES\" \/>\n<meta property=\"og:type\" content=\"article\" \/>\n<meta property=\"og:title\" content=\"2020, cuando la vocaci\u00f3n del M\u00e9dico se puso a prueba - Los pol\u00edticos Veracruz\" \/>\n<meta property=\"og:description\" content=\"&nbsp; En un recorrido por los municipios de Catemaco, San Andr\u00e9s Tuxtla, Santiago Tuxtla, \u00c1ngel R. Cabada, Lerdo de Tejada y Alvarado, la titular de la Oficina de Representaci\u00f3n en Veracruz Norte, del Instituto Mexicano del Seguro Social (IMSS), Mar\u00eda de Lourdes Carranza Bernal, supervis\u00f3 diversas unidades m\u00e9dicas y administrativas. Revis\u00f3 las estrategias implementadas para [&hellip;]\" \/>\n<meta property=\"og:url\" content=\"https:\/\/lospoliticosveracruz.com\/?p=62898\" \/>\n<meta property=\"og:site_name\" content=\"Los pol\u00edticos Veracruz\" \/>\n<meta property=\"article:publisher\" content=\"https:\/\/www.facebook.com\/people\/Notimemes-de-los-Polticos\/61565672886568\/\" \/>\n<meta property=\"article:published_time\" content=\"2020-10-23T17:47:24+00:00\" \/>\n<meta property=\"og:image\" content=\"https:\/\/lospoliticosveracruz.com\/wp-content\/uploads\/2016\/07\/Logo-Dor.jpg\" \/>\n\t<meta property=\"og:image:width\" content=\"200\" \/>\n\t<meta property=\"og:image:height\" content=\"200\" \/>\n\t<meta property=\"og:image:type\" content=\"image\/jpeg\" \/>\n<meta name=\"author\" content=\"Lo viste en Los Pol\u00edticos\" \/>\n<meta name=\"twitter:card\" content=\"summary_large_image\" \/>\n<meta name=\"twitter:creator\" content=\"@LosPoliticosVer\" \/>\n<meta name=\"twitter:site\" content=\"@LosPoliticosVer\" \/>\n<meta name=\"twitter:label1\" content=\"Escrito por\" \/>\n\t<meta name=\"twitter:data1\" content=\"Lo viste en Los Pol\u00edticos\" \/>\n\t<meta name=\"twitter:label2\" content=\"Tiempo de lectura\" \/>\n\t<meta name=\"twitter:data2\" content=\"2 minutos\" \/>\n<script type=\"application\/ld+json\" class=\"yoast-schema-graph\">{\"@context\":\"https:\\\/\\\/schema.org\",\"@graph\":[{\"@type\":\"Article\",\"@id\":\"https:\\\/\\\/lospoliticosveracruz.com\\\/?p=62898#article\",\"isPartOf\":{\"@id\":\"https:\\\/\\\/lospoliticosveracruz.com\\\/?p=62898\"},\"author\":{\"name\":\"Lo viste en Los Pol\u00edticos\",\"@id\":\"https:\\\/\\\/lospoliticosveracruz.com\\\/#\\\/schema\\\/person\\\/b8702bb0e538456e6efd07080bf2a4a2\"},\"headline\":\"2020, cuando la vocaci\u00f3n del M\u00e9dico se puso a prueba\",\"datePublished\":\"2020-10-23T17:47:24+00:00\",\"mainEntityOfPage\":{\"@id\":\"https:\\\/\\\/lospoliticosveracruz.com\\\/?p=62898\"},\"wordCount\":409,\"commentCount\":0,\"publisher\":{\"@id\":\"https:\\\/\\\/lospoliticosveracruz.com\\\/#organization\"},\"keywords\":[\"Derechohabiencia\",\"Desconversi\u00f3n hospitalaria\",\"D\u00eda del M\u00e9dico\",\"emergencia sanitaria\",\"IMSS\",\"IMSS-Bienestar\",\"Instituto Mexicano del Seguro Social\",\"Mar\u00eda de Lourdes Carranza Bernal\",\"Ocupaci\u00f3n hospitalaria\",\"UMF\",\"Veracruz Norte\"],\"articleSection\":[\"De Boleto\"],\"inLanguage\":\"es\",\"potentialAction\":[{\"@type\":\"CommentAction\",\"name\":\"Comment\",\"target\":[\"https:\\\/\\\/lospoliticosveracruz.com\\\/?p=62898#respond\"]}]},{\"@type\":\"WebPage\",\"@id\":\"https:\\\/\\\/lospoliticosveracruz.com\\\/?p=62898\",\"url\":\"https:\\\/\\\/lospoliticosveracruz.com\\\/?p=62898\",\"name\":\"2020, cuando la vocaci\u00f3n del M\u00e9dico se puso a prueba - Los pol\u00edticos Veracruz\",\"isPartOf\":{\"@id\":\"https:\\\/\\\/lospoliticosveracruz.com\\\/#website\"},\"datePublished\":\"2020-10-23T17:47:24+00:00\",\"breadcrumb\":{\"@id\":\"https:\\\/\\\/lospoliticosveracruz.com\\\/?p=62898#breadcrumb\"},\"inLanguage\":\"es\",\"potentialAction\":[{\"@type\":\"ReadAction\",\"target\":[\"https:\\\/\\\/lospoliticosveracruz.com\\\/?p=62898\"]}]},{\"@type\":\"BreadcrumbList\",\"@id\":\"https:\\\/\\\/lospoliticosveracruz.com\\\/?p=62898#breadcrumb\",\"itemListElement\":[{\"@type\":\"ListItem\",\"position\":1,\"name\":\"Portada\",\"item\":\"https:\\\/\\\/lospoliticosveracruz.com\\\/\"},{\"@type\":\"ListItem\",\"position\":2,\"name\":\"2020, cuando la vocaci\u00f3n del M\u00e9dico se puso a prueba\"}]},{\"@type\":\"WebSite\",\"@id\":\"https:\\\/\\\/lospoliticosveracruz.com\\\/#website\",\"url\":\"https:\\\/\\\/lospoliticosveracruz.com\\\/\",\"name\":\"Los pol\u00edticos Veracruz\",\"description\":\"\",\"publisher\":{\"@id\":\"https:\\\/\\\/lospoliticosveracruz.com\\\/#organization\"},\"potentialAction\":[{\"@type\":\"SearchAction\",\"target\":{\"@type\":\"EntryPoint\",\"urlTemplate\":\"https:\\\/\\\/lospoliticosveracruz.com\\\/?s={search_term_string}\"},\"query-input\":{\"@type\":\"PropertyValueSpecification\",\"valueRequired\":true,\"valueName\":\"search_term_string\"}}],\"inLanguage\":\"es\"},{\"@type\":\"Organization\",\"@id\":\"https:\\\/\\\/lospoliticosveracruz.com\\\/#organization\",\"name\":\"Los pol\u00edticos Veracruz\",\"url\":\"https:\\\/\\\/lospoliticosveracruz.com\\\/\",\"logo\":{\"@type\":\"ImageObject\",\"inLanguage\":\"es\",\"@id\":\"https:\\\/\\\/lospoliticosveracruz.com\\\/#\\\/schema\\\/logo\\\/image\\\/\",\"url\":\"https:\\\/\\\/lospoliticosveracruz.com\\\/wp-content\\\/uploads\\\/2025\\\/12\\\/Logo-Nuevo-LOS-POLITICOS-1.jpg\",\"contentUrl\":\"https:\\\/\\\/lospoliticosveracruz.com\\\/wp-content\\\/uploads\\\/2025\\\/12\\\/Logo-Nuevo-LOS-POLITICOS-1.jpg\",\"width\":260,\"height\":70,\"caption\":\"Los pol\u00edticos Veracruz\"},\"image\":{\"@id\":\"https:\\\/\\\/lospoliticosveracruz.com\\\/#\\\/schema\\\/logo\\\/image\\\/\"},\"sameAs\":[\"https:\\\/\\\/www.facebook.com\\\/people\\\/Notimemes-de-los-Polticos\\\/61565672886568\\\/\",\"https:\\\/\\\/x.com\\\/LosPoliticosVer\"]},{\"@type\":\"Person\",\"@id\":\"https:\\\/\\\/lospoliticosveracruz.com\\\/#\\\/schema\\\/person\\\/b8702bb0e538456e6efd07080bf2a4a2\",\"name\":\"Lo viste en Los Pol\u00edticos\",\"image\":{\"@type\":\"ImageObject\",\"inLanguage\":\"es\",\"@id\":\"https:\\\/\\\/secure.gravatar.com\\\/avatar\\\/3a8de04a2656d44082be478bd6c086daa447c4651605818287b9532d3d0bd435?s=96&d=mm&r=g\",\"url\":\"https:\\\/\\\/secure.gravatar.com\\\/avatar\\\/3a8de04a2656d44082be478bd6c086daa447c4651605818287b9532d3d0bd435?s=96&d=mm&r=g\",\"contentUrl\":\"https:\\\/\\\/secure.gravatar.com\\\/avatar\\\/3a8de04a2656d44082be478bd6c086daa447c4651605818287b9532d3d0bd435?s=96&d=mm&r=g\",\"caption\":\"Lo viste en Los Pol\u00edticos\"},\"url\":\"https:\\\/\\\/lospoliticosveracruz.com\\\/?author=2\"}]}<\/script>\n<!-- \/ Yoast SEO plugin. -->","yoast_head_json":{"title":"2020, cuando la vocaci\u00f3n del M\u00e9dico se puso a prueba - Los pol\u00edticos Veracruz","robots":{"index":"index","follow":"follow","max-snippet":"max-snippet:-1","max-image-preview":"max-image-preview:large","max-video-preview":"max-video-preview:-1"},"canonical":"https:\/\/lospoliticosveracruz.com\/?p=62898","og_locale":"es_ES","og_type":"article","og_title":"2020, cuando la vocaci\u00f3n del M\u00e9dico se puso a prueba - Los pol\u00edticos Veracruz","og_description":"&nbsp; En un recorrido por los municipios de Catemaco, San Andr\u00e9s Tuxtla, Santiago Tuxtla, \u00c1ngel R. Cabada, Lerdo de Tejada y Alvarado, la titular de la Oficina de Representaci\u00f3n en Veracruz Norte, del Instituto Mexicano del Seguro Social (IMSS), Mar\u00eda de Lourdes Carranza Bernal, supervis\u00f3 diversas unidades m\u00e9dicas y administrativas. Revis\u00f3 las estrategias implementadas para [&hellip;]","og_url":"https:\/\/lospoliticosveracruz.com\/?p=62898","og_site_name":"Los pol\u00edticos Veracruz","article_publisher":"https:\/\/www.facebook.com\/people\/Notimemes-de-los-Polticos\/61565672886568\/","article_published_time":"2020-10-23T17:47:24+00:00","og_image":[{"width":200,"height":200,"url":"https:\/\/lospoliticosveracruz.com\/wp-content\/uploads\/2016\/07\/Logo-Dor.jpg","type":"image\/jpeg"}],"author":"Lo viste en Los Pol\u00edticos","twitter_card":"summary_large_image","twitter_creator":"@LosPoliticosVer","twitter_site":"@LosPoliticosVer","twitter_misc":{"Escrito por":"Lo viste en Los Pol\u00edticos","Tiempo de lectura":"2 minutos"},"schema":{"@context":"https:\/\/schema.org","@graph":[{"@type":"Article","@id":"https:\/\/lospoliticosveracruz.com\/?p=62898#article","isPartOf":{"@id":"https:\/\/lospoliticosveracruz.com\/?p=62898"},"author":{"name":"Lo viste en Los Pol\u00edticos","@id":"https:\/\/lospoliticosveracruz.com\/#\/schema\/person\/b8702bb0e538456e6efd07080bf2a4a2"},"headline":"2020, cuando la vocaci\u00f3n del M\u00e9dico se puso a prueba","datePublished":"2020-10-23T17:47:24+00:00","mainEntityOfPage":{"@id":"https:\/\/lospoliticosveracruz.com\/?p=62898"},"wordCount":409,"commentCount":0,"publisher":{"@id":"https:\/\/lospoliticosveracruz.com\/#organization"},"keywords":["Derechohabiencia","Desconversi\u00f3n hospitalaria","D\u00eda del M\u00e9dico","emergencia sanitaria","IMSS","IMSS-Bienestar","Instituto Mexicano del Seguro Social","Mar\u00eda de Lourdes Carranza Bernal","Ocupaci\u00f3n hospitalaria","UMF","Veracruz Norte"],"articleSection":["De Boleto"],"inLanguage":"es","potentialAction":[{"@type":"CommentAction","name":"Comment","target":["https:\/\/lospoliticosveracruz.com\/?p=62898#respond"]}]},{"@type":"WebPage","@id":"https:\/\/lospoliticosveracruz.com\/?p=62898","url":"https:\/\/lospoliticosveracruz.com\/?p=62898","name":"2020, cuando la vocaci\u00f3n del M\u00e9dico se puso a prueba - Los pol\u00edticos Veracruz","isPartOf":{"@id":"https:\/\/lospoliticosveracruz.com\/#website"},"datePublished":"2020-10-23T17:47:24+00:00","breadcrumb":{"@id":"https:\/\/lospoliticosveracruz.com\/?p=62898#breadcrumb"},"inLanguage":"es","potentialAction":[{"@type":"ReadAction","target":["https:\/\/lospoliticosveracruz.com\/?p=62898"]}]},{"@type":"BreadcrumbList","@id":"https:\/\/lospoliticosveracruz.com\/?p=62898#breadcrumb","itemListElement":[{"@type":"ListItem","position":1,"name":"Portada","item":"https:\/\/lospoliticosveracruz.com\/"},{"@type":"ListItem","position":2,"name":"2020, cuando la vocaci\u00f3n del M\u00e9dico se puso a prueba"}]},{"@type":"WebSite","@id":"https:\/\/lospoliticosveracruz.com\/#website","url":"https:\/\/lospoliticosveracruz.com\/","name":"Los pol\u00edticos Veracruz","description":"","publisher":{"@id":"https:\/\/lospoliticosveracruz.com\/#organization"},"potentialAction":[{"@type":"SearchAction","target":{"@type":"EntryPoint","urlTemplate":"https:\/\/lospoliticosveracruz.com\/?s={search_term_string}"},"query-input":{"@type":"PropertyValueSpecification","valueRequired":true,"valueName":"search_term_string"}}],"inLanguage":"es"},{"@type":"Organization","@id":"https:\/\/lospoliticosveracruz.com\/#organization","name":"Los pol\u00edticos Veracruz","url":"https:\/\/lospoliticosveracruz.com\/","logo":{"@type":"ImageObject","inLanguage":"es","@id":"https:\/\/lospoliticosveracruz.com\/#\/schema\/logo\/image\/","url":"https:\/\/lospoliticosveracruz.com\/wp-content\/uploads\/2025\/12\/Logo-Nuevo-LOS-POLITICOS-1.jpg","contentUrl":"https:\/\/lospoliticosveracruz.com\/wp-content\/uploads\/2025\/12\/Logo-Nuevo-LOS-POLITICOS-1.jpg","width":260,"height":70,"caption":"Los pol\u00edticos Veracruz"},"image":{"@id":"https:\/\/lospoliticosveracruz.com\/#\/schema\/logo\/image\/"},"sameAs":["https:\/\/www.facebook.com\/people\/Notimemes-de-los-Polticos\/61565672886568\/","https:\/\/x.com\/LosPoliticosVer"]},{"@type":"Person","@id":"https:\/\/lospoliticosveracruz.com\/#\/schema\/person\/b8702bb0e538456e6efd07080bf2a4a2","name":"Lo viste en Los Pol\u00edticos","image":{"@type":"ImageObject","inLanguage":"es","@id":"https:\/\/secure.gravatar.com\/avatar\/3a8de04a2656d44082be478bd6c086daa447c4651605818287b9532d3d0bd435?s=96&d=mm&r=g","url":"https:\/\/secure.gravatar.com\/avatar\/3a8de04a2656d44082be478bd6c086daa447c4651605818287b9532d3d0bd435?s=96&d=mm&r=g","contentUrl":"https:\/\/secure.gravatar.com\/avatar\/3a8de04a2656d44082be478bd6c086daa447c4651605818287b9532d3d0bd435?s=96&d=mm&r=g","caption":"Lo viste en Los Pol\u00edticos"},"url":"https:\/\/lospoliticosveracruz.com\/?author=2"}]}},"_links":{"self":[{"href":"https:\/\/lospoliticosveracruz.com\/index.php?rest_route=\/wp\/v2\/posts\/62898","targetHints":{"allow":["GET"]}}],"collection":[{"href":"https:\/\/lospoliticosveracruz.com\/index.php?rest_route=\/wp\/v2\/posts"}],"about":[{"href":"https:\/\/lospoliticosveracruz.com\/index.php?rest_route=\/wp\/v2\/types\/post"}],"author":[{"embeddable":true,"href":"https:\/\/lospoliticosveracruz.com\/index.php?rest_route=\/wp\/v2\/users\/2"}],"replies":[{"embeddable":true,"href":"https:\/\/lospoliticosveracruz.com\/index.php?rest_route=%2Fwp%2Fv2%2Fcomments&post=62898"}],"version-history":[{"count":1,"href":"https:\/\/lospoliticosveracruz.com\/index.php?rest_route=\/wp\/v2\/posts\/62898\/revisions"}],"predecessor-version":[{"id":62900,"href":"https:\/\/lospoliticosveracruz.com\/index.php?rest_route=\/wp\/v2\/posts\/62898\/revisions\/62900"}],"wp:attachment":[{"href":"https:\/\/lospoliticosveracruz.com\/index.php?rest_route=%2Fwp%2Fv2%2Fmedia&parent=62898"}],"wp:term":[{"taxonomy":"category","embeddable":true,"href":"https:\/\/lospoliticosveracruz.com\/index.php?rest_route=%2Fwp%2Fv2%2Fcategories&post=62898"},{"taxonomy":"post_tag","embeddable":true,"href":"https:\/\/lospoliticosveracruz.com\/index.php?rest_route=%2Fwp%2Fv2%2Ftags&post=62898"}],"curies":[{"name":"wp","href":"https:\/\/api.w.org\/{rel}","templated":true}]}}