{"id":63005,"date":"2020-10-27T08:12:23","date_gmt":"2020-10-27T14:12:23","guid":{"rendered":"http:\/\/www.lospoliticosveracruz.com.mx\/?p=63005"},"modified":"2020-10-27T08:12:23","modified_gmt":"2020-10-27T14:12:23","slug":"veracruzanas-en-el-abandono-por-gobierno-del-estado","status":"publish","type":"post","link":"https:\/\/lospoliticosveracruz.com\/?p=63005","title":{"rendered":"Veracruzanas, en el abandono por Gobierno del Estado"},"content":{"rendered":"<p>&nbsp;<\/p>\n<p>Ante la triste realidad de abandono en el que este Gobierno estatal tiene a las mujeres en Veracruz, la mejor manera de que los derechos sean respetados, es levantando la voz, porque mujeres ind\u00edgenas, campesinas, comerciantes, amas de casa, profesionistas, empresarias y mujeres en pol\u00edtica, hemos sufrido violencia, manifest\u00f3 la secretaria general del CDE del PRI en Veracruz, Arianna \u00c1ngeles Aguirre.<\/p>\n<p>En su mensaje durante la toma de protesta de Acela Medina Serv\u00edn, como presidenta del Organismo Nacional de Mujeres, y de Rosa Luna Hern\u00e1ndez como secretaria del Movimiento de Profesionales y T\u00e9cnicos en la CNOP del Estado de Veracruz, enfatiz\u00f3: \u201cla suma de cada una de ustedes representa mucho, tenemos que estar en unidad y respaldarnos unas con otras.\u201d<\/p>\n<p>\u201cEs triste la realidad que vivimos las mujeres en Veracruz, con un Gobierno que ha llevado un gran retroceso a la democracia, en salud, econom\u00eda, en donde no vemos un apoyo y respaldo a las mujeres veracruzanas, al no tener ni siquiera una representante en el Instituto de la Mujer\u201d, expres\u00f3.<\/p>\n<p>Lament\u00f3 que muchas mujeres, desconozcan el significado de \u201csororidad\u201d, pero la realidad es cruel, sin embargo, el PRI siempre ha abanderado causas de las mujeres, \u201ctengan la seguridad que tienen el respaldo y apoyo de todas las mujeres que estamos hoy en la sede de la CNOP.\u201d<\/p>\n<p>Por su parte, Adolfo Ram\u00edrez Arana, secretario general de la CNOP en Veracruz, dijo que toda mujer que quiera integrarse a la CNOP ser\u00e1 bienvenida, al igual que toda mujer que quiera ser candidata en cualquier municipio, ser\u00e1 tomada en cuenta de manera seria.<\/p>\n<p>\u201cYa dimos la primera muestra de poder en Hidalgo y Coahuila, no vamos a dar un paso atr\u00e1s, hoy nuestros adversarios est\u00e1n con miedo porque saben que los priistas y particularmente las priistas siempre nos levantamos, vamos a ir a ganar en el 2021, no me cabe la menor duda, vamos a ir con toda la fuerza, con todo el entusiasmo, y las mujeres son las que m\u00e1s se comprometen. La CNOP, ser\u00e1 la m\u00e1xima aliada de todas las mujeres priistas\u201d, enfatiz\u00f3.<\/p>\n<p>Estuvieron presentes en la toma de protesta: Lorena Pi\u00f1\u00f3n Rivera, secretaria de Gesti\u00f3n Social del CEN del PRI; Enrique Mendoza Ruiz, secretario adjunto a la presidencia del CDE del PRI en Veracruz; Ana Rosa Vald\u00e9s Salazar, secretaria de Gesti\u00f3n Social del CDE del PRI en Veracruz; Yolanda Lagunes L\u00f3pez, presidenta del ONMPRI en Veracruz; Karla Ladr\u00f3n de Guevara, secretaria general del Instituto Reyes Heroles.<\/p>\n<p>Asimismo, Sheyla Jara, dirigente de Juventud Popular; Alfredo Ni\u00f1o Flores, presidente del Comit\u00e9 Municipal del PRI en Xalapa; Marisela Morlet Cienfuegos, secretaria general del Comit\u00e9 Municipal del PRI en Veracruz; secretarios del CDE del PRI en Veracruz, titulares de las dirigencias de comit\u00e9s municipales del PRI, secretarios generales de comit\u00e9s municipales de la CNOP; as\u00ed como militantes y simpatizantes del partido.<\/p>\n","protected":false},"excerpt":{"rendered":"<p>&nbsp; Ante la triste realidad de abandono en el que este Gobierno estatal tiene a las mujeres en Veracruz, la mejor manera de que los derechos sean respetados, es levantando la voz, porque mujeres ind\u00edgenas, campesinas, comerciantes, amas de casa, profesionistas, empresarias y mujeres en pol\u00edtica, hemos sufrido violencia, manifest\u00f3 la secretaria general del CDE [&hellip;]<\/p>\n","protected":false},"author":2,"featured_media":0,"comment_status":"open","ping_status":"open","sticky":false,"template":"","format":"standard","meta":{"tdm_status":"","tdm_grid_status":"","footnotes":""},"categories":[73],"tags":[19953,3368,2305,6181,15467,251,22982,2829],"class_list":{"0":"post-63005","1":"post","2":"type-post","3":"status-publish","4":"format-standard","6":"category-de-boleto","7":"tag-cde-del-pri-en-veracruz","8":"tag-cnop","9":"tag-mujeres","10":"tag-mujeres-veracruzanas","11":"tag-onmpri","12":"tag-pri","13":"tag-rosa-luna-hernandez","14":"tag-sororidad"},"yoast_head":"<!-- This site is optimized with the Yoast SEO plugin v27.4 - https:\/\/yoast.com\/product\/yoast-seo-wordpress\/ -->\n<title>Veracruzanas, en el abandono por Gobierno del Estado - Los pol\u00edticos Veracruz<\/title>\n<meta name=\"robots\" content=\"index, follow, max-snippet:-1, max-image-preview:large, max-video-preview:-1\" \/>\n<link rel=\"canonical\" href=\"https:\/\/lospoliticosveracruz.com\/?p=63005\" \/>\n<meta property=\"og:locale\" content=\"es_ES\" \/>\n<meta property=\"og:type\" content=\"article\" \/>\n<meta property=\"og:title\" content=\"Veracruzanas, en el abandono por Gobierno del Estado - Los pol\u00edticos Veracruz\" \/>\n<meta property=\"og:description\" content=\"&nbsp; Ante la triste realidad de abandono en el que este Gobierno estatal tiene a las mujeres en Veracruz, la mejor manera de que los derechos sean respetados, es levantando la voz, porque mujeres ind\u00edgenas, campesinas, comerciantes, amas de casa, profesionistas, empresarias y mujeres en pol\u00edtica, hemos sufrido violencia, manifest\u00f3 la secretaria general del CDE [&hellip;]\" \/>\n<meta property=\"og:url\" content=\"https:\/\/lospoliticosveracruz.com\/?p=63005\" \/>\n<meta property=\"og:site_name\" content=\"Los pol\u00edticos Veracruz\" \/>\n<meta property=\"article:publisher\" content=\"https:\/\/www.facebook.com\/people\/Notimemes-de-los-Polticos\/61565672886568\/\" \/>\n<meta property=\"article:published_time\" content=\"2020-10-27T14:12:23+00:00\" \/>\n<meta property=\"og:image\" content=\"https:\/\/lospoliticosveracruz.com\/wp-content\/uploads\/2016\/07\/Logo-Dor.jpg\" \/>\n\t<meta property=\"og:image:width\" content=\"200\" \/>\n\t<meta property=\"og:image:height\" content=\"200\" \/>\n\t<meta property=\"og:image:type\" content=\"image\/jpeg\" \/>\n<meta name=\"author\" content=\"Lo viste en Los Pol\u00edticos\" \/>\n<meta name=\"twitter:card\" content=\"summary_large_image\" \/>\n<meta name=\"twitter:creator\" content=\"@LosPoliticosVer\" \/>\n<meta name=\"twitter:site\" content=\"@LosPoliticosVer\" \/>\n<meta name=\"twitter:label1\" content=\"Escrito por\" \/>\n\t<meta name=\"twitter:data1\" content=\"Lo viste en Los Pol\u00edticos\" \/>\n\t<meta name=\"twitter:label2\" content=\"Tiempo de lectura\" \/>\n\t<meta name=\"twitter:data2\" content=\"2 minutos\" \/>\n<script type=\"application\/ld+json\" class=\"yoast-schema-graph\">{\"@context\":\"https:\\\/\\\/schema.org\",\"@graph\":[{\"@type\":\"Article\",\"@id\":\"https:\\\/\\\/lospoliticosveracruz.com\\\/?p=63005#article\",\"isPartOf\":{\"@id\":\"https:\\\/\\\/lospoliticosveracruz.com\\\/?p=63005\"},\"author\":{\"name\":\"Lo viste en Los Pol\u00edticos\",\"@id\":\"https:\\\/\\\/lospoliticosveracruz.com\\\/#\\\/schema\\\/person\\\/b8702bb0e538456e6efd07080bf2a4a2\"},\"headline\":\"Veracruzanas, en el abandono por Gobierno del Estado\",\"datePublished\":\"2020-10-27T14:12:23+00:00\",\"mainEntityOfPage\":{\"@id\":\"https:\\\/\\\/lospoliticosveracruz.com\\\/?p=63005\"},\"wordCount\":497,\"commentCount\":0,\"publisher\":{\"@id\":\"https:\\\/\\\/lospoliticosveracruz.com\\\/#organization\"},\"keywords\":[\"CDE del PRI en Veracruz\",\"CNOP\",\"Mujeres\",\"Mujeres veracruzanas\",\"Onmpri\",\"PRI\",\"Rosa Luna Hern\u00e1ndez\",\"Sororidad\"],\"articleSection\":[\"De Boleto\"],\"inLanguage\":\"es\",\"potentialAction\":[{\"@type\":\"CommentAction\",\"name\":\"Comment\",\"target\":[\"https:\\\/\\\/lospoliticosveracruz.com\\\/?p=63005#respond\"]}]},{\"@type\":\"WebPage\",\"@id\":\"https:\\\/\\\/lospoliticosveracruz.com\\\/?p=63005\",\"url\":\"https:\\\/\\\/lospoliticosveracruz.com\\\/?p=63005\",\"name\":\"Veracruzanas, en el abandono por Gobierno del Estado - Los pol\u00edticos Veracruz\",\"isPartOf\":{\"@id\":\"https:\\\/\\\/lospoliticosveracruz.com\\\/#website\"},\"datePublished\":\"2020-10-27T14:12:23+00:00\",\"breadcrumb\":{\"@id\":\"https:\\\/\\\/lospoliticosveracruz.com\\\/?p=63005#breadcrumb\"},\"inLanguage\":\"es\",\"potentialAction\":[{\"@type\":\"ReadAction\",\"target\":[\"https:\\\/\\\/lospoliticosveracruz.com\\\/?p=63005\"]}]},{\"@type\":\"BreadcrumbList\",\"@id\":\"https:\\\/\\\/lospoliticosveracruz.com\\\/?p=63005#breadcrumb\",\"itemListElement\":[{\"@type\":\"ListItem\",\"position\":1,\"name\":\"Portada\",\"item\":\"https:\\\/\\\/lospoliticosveracruz.com\\\/\"},{\"@type\":\"ListItem\",\"position\":2,\"name\":\"Veracruzanas, en el abandono por Gobierno del Estado\"}]},{\"@type\":\"WebSite\",\"@id\":\"https:\\\/\\\/lospoliticosveracruz.com\\\/#website\",\"url\":\"https:\\\/\\\/lospoliticosveracruz.com\\\/\",\"name\":\"Los pol\u00edticos Veracruz\",\"description\":\"\",\"publisher\":{\"@id\":\"https:\\\/\\\/lospoliticosveracruz.com\\\/#organization\"},\"potentialAction\":[{\"@type\":\"SearchAction\",\"target\":{\"@type\":\"EntryPoint\",\"urlTemplate\":\"https:\\\/\\\/lospoliticosveracruz.com\\\/?s={search_term_string}\"},\"query-input\":{\"@type\":\"PropertyValueSpecification\",\"valueRequired\":true,\"valueName\":\"search_term_string\"}}],\"inLanguage\":\"es\"},{\"@type\":\"Organization\",\"@id\":\"https:\\\/\\\/lospoliticosveracruz.com\\\/#organization\",\"name\":\"Los pol\u00edticos Veracruz\",\"url\":\"https:\\\/\\\/lospoliticosveracruz.com\\\/\",\"logo\":{\"@type\":\"ImageObject\",\"inLanguage\":\"es\",\"@id\":\"https:\\\/\\\/lospoliticosveracruz.com\\\/#\\\/schema\\\/logo\\\/image\\\/\",\"url\":\"https:\\\/\\\/lospoliticosveracruz.com\\\/wp-content\\\/uploads\\\/2025\\\/12\\\/Logo-Nuevo-LOS-POLITICOS-1.jpg\",\"contentUrl\":\"https:\\\/\\\/lospoliticosveracruz.com\\\/wp-content\\\/uploads\\\/2025\\\/12\\\/Logo-Nuevo-LOS-POLITICOS-1.jpg\",\"width\":260,\"height\":70,\"caption\":\"Los pol\u00edticos Veracruz\"},\"image\":{\"@id\":\"https:\\\/\\\/lospoliticosveracruz.com\\\/#\\\/schema\\\/logo\\\/image\\\/\"},\"sameAs\":[\"https:\\\/\\\/www.facebook.com\\\/people\\\/Notimemes-de-los-Polticos\\\/61565672886568\\\/\",\"https:\\\/\\\/x.com\\\/LosPoliticosVer\"]},{\"@type\":\"Person\",\"@id\":\"https:\\\/\\\/lospoliticosveracruz.com\\\/#\\\/schema\\\/person\\\/b8702bb0e538456e6efd07080bf2a4a2\",\"name\":\"Lo viste en Los Pol\u00edticos\",\"image\":{\"@type\":\"ImageObject\",\"inLanguage\":\"es\",\"@id\":\"https:\\\/\\\/secure.gravatar.com\\\/avatar\\\/3a8de04a2656d44082be478bd6c086daa447c4651605818287b9532d3d0bd435?s=96&d=mm&r=g\",\"url\":\"https:\\\/\\\/secure.gravatar.com\\\/avatar\\\/3a8de04a2656d44082be478bd6c086daa447c4651605818287b9532d3d0bd435?s=96&d=mm&r=g\",\"contentUrl\":\"https:\\\/\\\/secure.gravatar.com\\\/avatar\\\/3a8de04a2656d44082be478bd6c086daa447c4651605818287b9532d3d0bd435?s=96&d=mm&r=g\",\"caption\":\"Lo viste en Los Pol\u00edticos\"},\"url\":\"https:\\\/\\\/lospoliticosveracruz.com\\\/?author=2\"}]}<\/script>\n<!-- \/ Yoast SEO plugin. -->","yoast_head_json":{"title":"Veracruzanas, en el abandono por Gobierno del Estado - Los pol\u00edticos Veracruz","robots":{"index":"index","follow":"follow","max-snippet":"max-snippet:-1","max-image-preview":"max-image-preview:large","max-video-preview":"max-video-preview:-1"},"canonical":"https:\/\/lospoliticosveracruz.com\/?p=63005","og_locale":"es_ES","og_type":"article","og_title":"Veracruzanas, en el abandono por Gobierno del Estado - Los pol\u00edticos Veracruz","og_description":"&nbsp; Ante la triste realidad de abandono en el que este Gobierno estatal tiene a las mujeres en Veracruz, la mejor manera de que los derechos sean respetados, es levantando la voz, porque mujeres ind\u00edgenas, campesinas, comerciantes, amas de casa, profesionistas, empresarias y mujeres en pol\u00edtica, hemos sufrido violencia, manifest\u00f3 la secretaria general del CDE [&hellip;]","og_url":"https:\/\/lospoliticosveracruz.com\/?p=63005","og_site_name":"Los pol\u00edticos Veracruz","article_publisher":"https:\/\/www.facebook.com\/people\/Notimemes-de-los-Polticos\/61565672886568\/","article_published_time":"2020-10-27T14:12:23+00:00","og_image":[{"width":200,"height":200,"url":"https:\/\/lospoliticosveracruz.com\/wp-content\/uploads\/2016\/07\/Logo-Dor.jpg","type":"image\/jpeg"}],"author":"Lo viste en Los Pol\u00edticos","twitter_card":"summary_large_image","twitter_creator":"@LosPoliticosVer","twitter_site":"@LosPoliticosVer","twitter_misc":{"Escrito por":"Lo viste en Los Pol\u00edticos","Tiempo de lectura":"2 minutos"},"schema":{"@context":"https:\/\/schema.org","@graph":[{"@type":"Article","@id":"https:\/\/lospoliticosveracruz.com\/?p=63005#article","isPartOf":{"@id":"https:\/\/lospoliticosveracruz.com\/?p=63005"},"author":{"name":"Lo viste en Los Pol\u00edticos","@id":"https:\/\/lospoliticosveracruz.com\/#\/schema\/person\/b8702bb0e538456e6efd07080bf2a4a2"},"headline":"Veracruzanas, en el abandono por Gobierno del Estado","datePublished":"2020-10-27T14:12:23+00:00","mainEntityOfPage":{"@id":"https:\/\/lospoliticosveracruz.com\/?p=63005"},"wordCount":497,"commentCount":0,"publisher":{"@id":"https:\/\/lospoliticosveracruz.com\/#organization"},"keywords":["CDE del PRI en Veracruz","CNOP","Mujeres","Mujeres veracruzanas","Onmpri","PRI","Rosa Luna Hern\u00e1ndez","Sororidad"],"articleSection":["De Boleto"],"inLanguage":"es","potentialAction":[{"@type":"CommentAction","name":"Comment","target":["https:\/\/lospoliticosveracruz.com\/?p=63005#respond"]}]},{"@type":"WebPage","@id":"https:\/\/lospoliticosveracruz.com\/?p=63005","url":"https:\/\/lospoliticosveracruz.com\/?p=63005","name":"Veracruzanas, en el abandono por Gobierno del Estado - Los pol\u00edticos Veracruz","isPartOf":{"@id":"https:\/\/lospoliticosveracruz.com\/#website"},"datePublished":"2020-10-27T14:12:23+00:00","breadcrumb":{"@id":"https:\/\/lospoliticosveracruz.com\/?p=63005#breadcrumb"},"inLanguage":"es","potentialAction":[{"@type":"ReadAction","target":["https:\/\/lospoliticosveracruz.com\/?p=63005"]}]},{"@type":"BreadcrumbList","@id":"https:\/\/lospoliticosveracruz.com\/?p=63005#breadcrumb","itemListElement":[{"@type":"ListItem","position":1,"name":"Portada","item":"https:\/\/lospoliticosveracruz.com\/"},{"@type":"ListItem","position":2,"name":"Veracruzanas, en el abandono por Gobierno del Estado"}]},{"@type":"WebSite","@id":"https:\/\/lospoliticosveracruz.com\/#website","url":"https:\/\/lospoliticosveracruz.com\/","name":"Los pol\u00edticos Veracruz","description":"","publisher":{"@id":"https:\/\/lospoliticosveracruz.com\/#organization"},"potentialAction":[{"@type":"SearchAction","target":{"@type":"EntryPoint","urlTemplate":"https:\/\/lospoliticosveracruz.com\/?s={search_term_string}"},"query-input":{"@type":"PropertyValueSpecification","valueRequired":true,"valueName":"search_term_string"}}],"inLanguage":"es"},{"@type":"Organization","@id":"https:\/\/lospoliticosveracruz.com\/#organization","name":"Los pol\u00edticos Veracruz","url":"https:\/\/lospoliticosveracruz.com\/","logo":{"@type":"ImageObject","inLanguage":"es","@id":"https:\/\/lospoliticosveracruz.com\/#\/schema\/logo\/image\/","url":"https:\/\/lospoliticosveracruz.com\/wp-content\/uploads\/2025\/12\/Logo-Nuevo-LOS-POLITICOS-1.jpg","contentUrl":"https:\/\/lospoliticosveracruz.com\/wp-content\/uploads\/2025\/12\/Logo-Nuevo-LOS-POLITICOS-1.jpg","width":260,"height":70,"caption":"Los pol\u00edticos Veracruz"},"image":{"@id":"https:\/\/lospoliticosveracruz.com\/#\/schema\/logo\/image\/"},"sameAs":["https:\/\/www.facebook.com\/people\/Notimemes-de-los-Polticos\/61565672886568\/","https:\/\/x.com\/LosPoliticosVer"]},{"@type":"Person","@id":"https:\/\/lospoliticosveracruz.com\/#\/schema\/person\/b8702bb0e538456e6efd07080bf2a4a2","name":"Lo viste en Los Pol\u00edticos","image":{"@type":"ImageObject","inLanguage":"es","@id":"https:\/\/secure.gravatar.com\/avatar\/3a8de04a2656d44082be478bd6c086daa447c4651605818287b9532d3d0bd435?s=96&d=mm&r=g","url":"https:\/\/secure.gravatar.com\/avatar\/3a8de04a2656d44082be478bd6c086daa447c4651605818287b9532d3d0bd435?s=96&d=mm&r=g","contentUrl":"https:\/\/secure.gravatar.com\/avatar\/3a8de04a2656d44082be478bd6c086daa447c4651605818287b9532d3d0bd435?s=96&d=mm&r=g","caption":"Lo viste en Los Pol\u00edticos"},"url":"https:\/\/lospoliticosveracruz.com\/?author=2"}]}},"_links":{"self":[{"href":"https:\/\/lospoliticosveracruz.com\/index.php?rest_route=\/wp\/v2\/posts\/63005","targetHints":{"allow":["GET"]}}],"collection":[{"href":"https:\/\/lospoliticosveracruz.com\/index.php?rest_route=\/wp\/v2\/posts"}],"about":[{"href":"https:\/\/lospoliticosveracruz.com\/index.php?rest_route=\/wp\/v2\/types\/post"}],"author":[{"embeddable":true,"href":"https:\/\/lospoliticosveracruz.com\/index.php?rest_route=\/wp\/v2\/users\/2"}],"replies":[{"embeddable":true,"href":"https:\/\/lospoliticosveracruz.com\/index.php?rest_route=%2Fwp%2Fv2%2Fcomments&post=63005"}],"version-history":[{"count":1,"href":"https:\/\/lospoliticosveracruz.com\/index.php?rest_route=\/wp\/v2\/posts\/63005\/revisions"}],"predecessor-version":[{"id":63010,"href":"https:\/\/lospoliticosveracruz.com\/index.php?rest_route=\/wp\/v2\/posts\/63005\/revisions\/63010"}],"wp:attachment":[{"href":"https:\/\/lospoliticosveracruz.com\/index.php?rest_route=%2Fwp%2Fv2%2Fmedia&parent=63005"}],"wp:term":[{"taxonomy":"category","embeddable":true,"href":"https:\/\/lospoliticosveracruz.com\/index.php?rest_route=%2Fwp%2Fv2%2Fcategories&post=63005"},{"taxonomy":"post_tag","embeddable":true,"href":"https:\/\/lospoliticosveracruz.com\/index.php?rest_route=%2Fwp%2Fv2%2Ftags&post=63005"}],"curies":[{"name":"wp","href":"https:\/\/api.w.org\/{rel}","templated":true}]}}