{"id":63013,"date":"2020-10-27T08:47:34","date_gmt":"2020-10-27T14:47:34","guid":{"rendered":"http:\/\/www.lospoliticosveracruz.com.mx\/?p=63013"},"modified":"2020-10-27T08:47:57","modified_gmt":"2020-10-27T14:47:57","slug":"bingen-vs-chiquiyunes","status":"publish","type":"post","link":"https:\/\/lospoliticosveracruz.com\/?p=63013","title":{"rendered":"Bingen vs Chiquiyunes?"},"content":{"rendered":"<p><strong>Ricardo Ch\u00faa<\/strong><br \/>\n<em>Sale y Vale<\/em><\/p>\n<p>HASTA SIEMPRE DORITA&#8230; Al buen Luis Antonio P\u00e9rez Fraga, no hay palabras que uno pueda decir para darle consuelo ante la p\u00e9rdida f\u00edsica de su compa\u00f1era de vida&#8230; La mujer que estuvo con \u00e9l en sus triunfos y tambi\u00e9n en sus fracasos.. Con la cual, logr\u00f3 formar a la gran familia que tiene&#8230; La que lo acompa\u00f1\u00f3 en sus peores \u00abtempestades\u00bb y su llegada a \u00abbuen puerto\u00bb&#8230;. Esa es la gran val\u00eda de Dorita.. Es la mejor \u00abherencia\u00bb que ella le pudo dar en vida al estimado, \u00abPollo\u00bb P\u00e9rez Fraga&#8230; Ahora est\u00e1 con el Creador&#8230;<\/p>\n<p>&nbsp;<br \/>\n<a href=\"https:\/\/www.facebook.com\/notaria61veracruz\/\"><img decoding=\"async\" src=\"http:\/\/www.lospoliticosveracruz.com.mx\/wp-content\/uploads\/2020\/07\/CINTILLO-Armando.jpg\" alt=\"\" \/><\/a><br \/>\n&nbsp;<\/p>\n<p>Al \u00abvecino\u00bb de los lunes en NOTIVER s\u00f3lo se le puede desear pronta resignaci\u00f3n por tan terrible p\u00e9rdida de su compa\u00f1era de vida&#8230; A sus hijos que se recuperen lo m\u00e1s pronto posible, su mam\u00e1, ya descansa en paz&#8230; Ellos fueron los pilares de su vida y as\u00ed tambi\u00e9n tiene que seguir siendo en su ausencia&#8230; No aflojes querido \u00abPollo\u00bb&#8230; Es un trance doloroso, pero tienes que salir adelante&#8230; Dorita no te dej\u00f3 solo, te quedas con los 3 pilares de su vida, por los cuales vas a seguir luchando&#8230; ABRAZO FRATERNO QUERIDO AMIGO..<\/p>\n<p>NO SE VA&#8230; Para los que dec\u00edan que Fernando Yunes M\u00e1rquez, podr\u00eda dejar la alcald\u00eda de Veracruz, para ir en busca de otro cargo de elecci\u00f3n popular en 2021, y que por ello, deb\u00eda de pedir licencia a la presidencia municipal, por all\u00e1 de marzo o abril&#8230; Al parecer, no ser\u00e1 as\u00ed y el mun\u00edcipe porte\u00f1o, se queda a cumplir su cargo hasta el final de su periodo constitucional en diciembre del 2021&#8230; Hasta ese tiempo, se sabr\u00e1 de su futuro pol\u00edtico&#8230;<\/p>\n<p>Ya que se ha estado especulando durante estas semanas&#8230; De que Fernando Yunes podr\u00eda ser nominado por el PAN a una diputaci\u00f3n federal por la tercera circunscripci\u00f3n electoral de este pa\u00eds, donde se encuentra inmerso el estado de Veracruz, v\u00eda plurinominal&#8230; Y que por ello, tendr\u00eda que pedir licencia definitiva al cargo de alcalde, ya que para terminar su periodo s\u00f3lo le restar\u00eda alrededor de 7 meses&#8230; Pero todo indica que no ser\u00e1 as\u00ed y \u00e9l entregar\u00e1 el poder a su sucesor&#8230; Habr\u00e1 que esperar para ver qui\u00e9n es&#8230; ZUCUTUM&#8230;<\/p>\n<p>EL ELEGIDO&#8230; Ha trascendido esta semana que termin\u00f3, que en el comit\u00e9 nacional del PAN avalado por la dirigencia estatal de este partido en Veracruz, ha tomado la decisi\u00f3n, al menos, s\u00ed en la entidad para el proceso electoral local del 2021.. No hay una coalici\u00f3n con otros partidos de oposici\u00f3n de manera total&#8230; Y que en ese mismo proceso, el panismo en este puerto, se la \u00abjuegue\u00bb s\u00f3lo con sus candidatos&#8230; Al menos, para la alcald\u00eda porte\u00f1a, el aspirante oficial ser\u00e1 del g\u00e9nero m\u00e1sculino.. Es decir, la candidata a sindica ser\u00eda mujer..<\/p>\n<p>Lo cual deja claro&#8230; Que la lucha al interior del panismo porte\u00f1o, por esta postulaci\u00f3n, SI ES QUE NO HAY ALIANZAS, ser\u00e1 entre el diputado local, Bingen Rementeria Molina y se presume, que el ex alcalde de Boca del R\u00edo, Miguel Angel Yunes M\u00e1rquez&#8230; Situaci\u00f3n que se podr\u00eda ver de manera m\u00e1s clara en las pr\u00f3ximas semanas, cuando el PAN defina el tema de las coaliciones y sus candidaturas&#8230; As\u00ed que no queda m\u00e1s que cerrar las puertas y hacer las apuestas&#8230; Este cap\u00edtulo azul dar\u00e1 mucho que escribir todav\u00eda&#8230; DIOS LOS SALVE&#8230;<\/p>\n<p>MORENA, \u00abOPERACI\u00d3N CICATRIZ\u00bb&#8230; Ha comenzado la \u00aboperaci\u00f3n cicatriz\u00bb para MORENA, al menos, en Veracruz, despu\u00e9s de su proceso interno donde sali\u00f3 electo como dirigente nacional de su partido, Mario Delgado Carrillo, sobre Porfirio Mu\u00f1oz Ledo, en una encuesta que realiz\u00f3 y aval\u00f3 el INE en todo el pa\u00eds, entre su militancia&#8230; Y que provoc\u00f3, en su momento, divisiones internas muy obvias por la lucha al interior de este organismo&#8230;.<\/p>\n<p>Por eso, ayer en la capital del Estado, en conocido caf\u00e9 frente a Palacio de Gobierno, un grupo de militantes Morenos, se apostaron para se\u00f1alar que RESALTAN que gracias a que fue un m\u00e9todo eficaz y confiable, la encuesta realizada por el INE, es que pudo surgir una dirigencia nacional de este partido&#8230; Por eso, es que hac\u00edan el llamado a sumarse a la Presidencia de este organismo&#8230; Ya que si algo tienen claro en MORENA, es que si no se unen a tiempo&#8230; Veracruz puede ser otro Coahuila o Hidalgo&#8230; As\u00ed de claro, por eso piden unidad&#8230;<\/p>\n<p>Lo bueno ser\u00eda que estos mismos militantes que dan la cara por el organismo&#8230; Tambi\u00e9n pidieran que aplicar\u00e1n el mismo m\u00e9todo, es decir, una encuesta, para que de esta manera, se pueda elegir al pr\u00f3ximo dirigente estatal de los Morenos&#8230; Ya que si ellos resaltan que el haberla aplicado para elegir al nuevo presidente nacional, fue un m\u00e9todo confiable y eficaz&#8230; Por qu\u00e9 habr\u00eda que ser distinto para elegir al nuevo l\u00edder del CDE en Veracruz&#8230; En caso contrario, entonces, ser\u00eda incongruencia&#8230; AMEN&#8230;<\/p>\n<p>RAFA A MEDELL\u00cdN&#8230; Ya trascendi\u00f3 que el ex director de Transporte P\u00fablico en el gobierno estatal en el bienio de Miguel Angel Yunes Linares, el empresario, Rafael Escobar Torres, se ha integrado al equipo de la Asociaci\u00f3n Civil \u00abMemoMedell\u00edn en Movimiento\u00bb, el cual llega para apoyar las acciones emprendidas por este organismo ciudadano&#8230; Seguramente con la inclusi\u00f3n del ex funcionario, se van a realizar las funciones de la AC con m\u00e1s orden, m\u00e9todo y estrategia&#8230;<\/p>\n<p>Los que conocen a Rafa Escobar saben que es un personaje muy ordenado&#8230; Meticuloso con sus tareas y adem\u00e1s una persona agradable y con buen trato&#8230; Al final, la experiencia hace la diferencia&#8230; Y los muchos a\u00f1os en la vida p\u00fablica, le han dado a Escobar Torres esas caracter\u00edsticas de saber \u00abtejer\u00bb fino, de estrategia e inteligencia pol\u00edtica&#8230; As\u00ed que si esta asociaci\u00f3n sabe aprovechar ese legado del abogado, les va a ayudar y mucho&#8230; Finalmente, Medell\u00edn de Bravo tambi\u00e9n es su \u00abterru\u00f1o querido\u00bb&#8230;<\/p>\n","protected":false},"excerpt":{"rendered":"<p>Ricardo Ch\u00faa Sale y Vale HASTA SIEMPRE DORITA&#8230; Al buen Luis Antonio P\u00e9rez Fraga, no hay palabras que uno pueda decir para darle consuelo ante la p\u00e9rdida f\u00edsica de su compa\u00f1era de vida&#8230; La mujer que estuvo con \u00e9l en sus triunfos y tambi\u00e9n en sus fracasos.. Con la cual, logr\u00f3 formar a la gran [&hellip;]<\/p>\n","protected":false},"author":2,"featured_media":0,"comment_status":"open","ping_status":"open","sticky":false,"template":"","format":"standard","meta":{"tdm_status":"","tdm_grid_status":"","footnotes":""},"categories":[70],"tags":[22983,818,554,10657,12596,22985,428,536,22984,1026,266,1817,1025,21762,7601,195],"class_list":{"0":"post-63013","1":"post","2":"type-post","3":"status-publish","4":"format-standard","6":"category-de-opinion","7":"tag-dorita","8":"tag-fernando-yunes-marquez","9":"tag-ine","10":"tag-luis-antonio-perez-fraga","11":"tag-mario-delgado","12":"tag-memomedellin","13":"tag-miguel-angel-yunes-linares","14":"tag-miguel-angel-yunes-marquez","15":"tag-militancia-de-morena","16":"tag-morena","17":"tag-pan","18":"tag-plurinominales","19":"tag-porfirio-munoz-ledo","20":"tag-rafael-escobar-torres","21":"tag-transporte-publico","22":"tag-veracruz"},"yoast_head":"<!-- This site is optimized with the Yoast SEO plugin v27.4 - https:\/\/yoast.com\/product\/yoast-seo-wordpress\/ -->\n<title>Bingen vs Chiquiyunes? - Los pol\u00edticos Veracruz<\/title>\n<meta name=\"robots\" content=\"index, follow, max-snippet:-1, max-image-preview:large, max-video-preview:-1\" \/>\n<link rel=\"canonical\" href=\"https:\/\/lospoliticosveracruz.com\/?p=63013\" \/>\n<meta property=\"og:locale\" content=\"es_ES\" \/>\n<meta property=\"og:type\" content=\"article\" \/>\n<meta property=\"og:title\" content=\"Bingen vs Chiquiyunes? - Los pol\u00edticos Veracruz\" \/>\n<meta property=\"og:description\" content=\"Ricardo Ch\u00faa Sale y Vale HASTA SIEMPRE DORITA&#8230; Al buen Luis Antonio P\u00e9rez Fraga, no hay palabras que uno pueda decir para darle consuelo ante la p\u00e9rdida f\u00edsica de su compa\u00f1era de vida&#8230; La mujer que estuvo con \u00e9l en sus triunfos y tambi\u00e9n en sus fracasos.. Con la cual, logr\u00f3 formar a la gran [&hellip;]\" \/>\n<meta property=\"og:url\" content=\"https:\/\/lospoliticosveracruz.com\/?p=63013\" \/>\n<meta property=\"og:site_name\" content=\"Los pol\u00edticos Veracruz\" \/>\n<meta property=\"article:publisher\" content=\"https:\/\/www.facebook.com\/people\/Notimemes-de-los-Polticos\/61565672886568\/\" \/>\n<meta property=\"article:published_time\" content=\"2020-10-27T14:47:34+00:00\" \/>\n<meta property=\"article:modified_time\" content=\"2020-10-27T14:47:57+00:00\" \/>\n<meta property=\"og:image\" content=\"http:\/\/www.lospoliticosveracruz.com.mx\/wp-content\/uploads\/2020\/07\/CINTILLO-Armando.jpg\" \/>\n<meta name=\"author\" content=\"Lo viste en Los Pol\u00edticos\" \/>\n<meta name=\"twitter:card\" content=\"summary_large_image\" \/>\n<meta name=\"twitter:creator\" content=\"@LosPoliticosVer\" \/>\n<meta name=\"twitter:site\" content=\"@LosPoliticosVer\" \/>\n<meta name=\"twitter:label1\" content=\"Escrito por\" \/>\n\t<meta name=\"twitter:data1\" content=\"Lo viste en Los Pol\u00edticos\" \/>\n\t<meta name=\"twitter:label2\" content=\"Tiempo de lectura\" \/>\n\t<meta name=\"twitter:data2\" content=\"5 minutos\" \/>\n<script type=\"application\/ld+json\" class=\"yoast-schema-graph\">{\"@context\":\"https:\\\/\\\/schema.org\",\"@graph\":[{\"@type\":\"Article\",\"@id\":\"https:\\\/\\\/lospoliticosveracruz.com\\\/?p=63013#article\",\"isPartOf\":{\"@id\":\"https:\\\/\\\/lospoliticosveracruz.com\\\/?p=63013\"},\"author\":{\"name\":\"Lo viste en Los Pol\u00edticos\",\"@id\":\"https:\\\/\\\/lospoliticosveracruz.com\\\/#\\\/schema\\\/person\\\/b8702bb0e538456e6efd07080bf2a4a2\"},\"headline\":\"Bingen vs Chiquiyunes?\",\"datePublished\":\"2020-10-27T14:47:34+00:00\",\"dateModified\":\"2020-10-27T14:47:57+00:00\",\"mainEntityOfPage\":{\"@id\":\"https:\\\/\\\/lospoliticosveracruz.com\\\/?p=63013\"},\"wordCount\":1046,\"commentCount\":0,\"publisher\":{\"@id\":\"https:\\\/\\\/lospoliticosveracruz.com\\\/#organization\"},\"image\":{\"@id\":\"https:\\\/\\\/lospoliticosveracruz.com\\\/?p=63013#primaryimage\"},\"thumbnailUrl\":\"http:\\\/\\\/www.lospoliticosveracruz.com.mx\\\/wp-content\\\/uploads\\\/2020\\\/07\\\/CINTILLO-Armando.jpg\",\"keywords\":[\"Dorita\",\"Fernando Yunes M\u00e1rquez\",\"INE\",\"Luis Antonio P\u00e9rez Fraga\",\"Mario Delgado\",\"MemoMedell\u00edn\",\"Miguel Angel Yunes Linares\",\"Miguel \u00c1ngel Yunes M\u00e1rquez\",\"Militancia de Morena\",\"Morena\",\"PAN\",\"plurinominales\",\"Porfirio Mu\u00f1oz Ledo\",\"Rafael Escobar Torres\",\"Transporte p\u00fablico\",\"Veracruz\"],\"articleSection\":[\"De Opini\u00f3n\"],\"inLanguage\":\"es\",\"potentialAction\":[{\"@type\":\"CommentAction\",\"name\":\"Comment\",\"target\":[\"https:\\\/\\\/lospoliticosveracruz.com\\\/?p=63013#respond\"]}]},{\"@type\":\"WebPage\",\"@id\":\"https:\\\/\\\/lospoliticosveracruz.com\\\/?p=63013\",\"url\":\"https:\\\/\\\/lospoliticosveracruz.com\\\/?p=63013\",\"name\":\"Bingen vs Chiquiyunes? - Los pol\u00edticos Veracruz\",\"isPartOf\":{\"@id\":\"https:\\\/\\\/lospoliticosveracruz.com\\\/#website\"},\"primaryImageOfPage\":{\"@id\":\"https:\\\/\\\/lospoliticosveracruz.com\\\/?p=63013#primaryimage\"},\"image\":{\"@id\":\"https:\\\/\\\/lospoliticosveracruz.com\\\/?p=63013#primaryimage\"},\"thumbnailUrl\":\"http:\\\/\\\/www.lospoliticosveracruz.com.mx\\\/wp-content\\\/uploads\\\/2020\\\/07\\\/CINTILLO-Armando.jpg\",\"datePublished\":\"2020-10-27T14:47:34+00:00\",\"dateModified\":\"2020-10-27T14:47:57+00:00\",\"breadcrumb\":{\"@id\":\"https:\\\/\\\/lospoliticosveracruz.com\\\/?p=63013#breadcrumb\"},\"inLanguage\":\"es\",\"potentialAction\":[{\"@type\":\"ReadAction\",\"target\":[\"https:\\\/\\\/lospoliticosveracruz.com\\\/?p=63013\"]}]},{\"@type\":\"ImageObject\",\"inLanguage\":\"es\",\"@id\":\"https:\\\/\\\/lospoliticosveracruz.com\\\/?p=63013#primaryimage\",\"url\":\"http:\\\/\\\/www.lospoliticosveracruz.com.mx\\\/wp-content\\\/uploads\\\/2020\\\/07\\\/CINTILLO-Armando.jpg\",\"contentUrl\":\"http:\\\/\\\/www.lospoliticosveracruz.com.mx\\\/wp-content\\\/uploads\\\/2020\\\/07\\\/CINTILLO-Armando.jpg\"},{\"@type\":\"BreadcrumbList\",\"@id\":\"https:\\\/\\\/lospoliticosveracruz.com\\\/?p=63013#breadcrumb\",\"itemListElement\":[{\"@type\":\"ListItem\",\"position\":1,\"name\":\"Portada\",\"item\":\"https:\\\/\\\/lospoliticosveracruz.com\\\/\"},{\"@type\":\"ListItem\",\"position\":2,\"name\":\"Bingen vs Chiquiyunes?\"}]},{\"@type\":\"WebSite\",\"@id\":\"https:\\\/\\\/lospoliticosveracruz.com\\\/#website\",\"url\":\"https:\\\/\\\/lospoliticosveracruz.com\\\/\",\"name\":\"Los pol\u00edticos Veracruz\",\"description\":\"\",\"publisher\":{\"@id\":\"https:\\\/\\\/lospoliticosveracruz.com\\\/#organization\"},\"potentialAction\":[{\"@type\":\"SearchAction\",\"target\":{\"@type\":\"EntryPoint\",\"urlTemplate\":\"https:\\\/\\\/lospoliticosveracruz.com\\\/?s={search_term_string}\"},\"query-input\":{\"@type\":\"PropertyValueSpecification\",\"valueRequired\":true,\"valueName\":\"search_term_string\"}}],\"inLanguage\":\"es\"},{\"@type\":\"Organization\",\"@id\":\"https:\\\/\\\/lospoliticosveracruz.com\\\/#organization\",\"name\":\"Los pol\u00edticos Veracruz\",\"url\":\"https:\\\/\\\/lospoliticosveracruz.com\\\/\",\"logo\":{\"@type\":\"ImageObject\",\"inLanguage\":\"es\",\"@id\":\"https:\\\/\\\/lospoliticosveracruz.com\\\/#\\\/schema\\\/logo\\\/image\\\/\",\"url\":\"https:\\\/\\\/lospoliticosveracruz.com\\\/wp-content\\\/uploads\\\/2025\\\/12\\\/Logo-Nuevo-LOS-POLITICOS-1.jpg\",\"contentUrl\":\"https:\\\/\\\/lospoliticosveracruz.com\\\/wp-content\\\/uploads\\\/2025\\\/12\\\/Logo-Nuevo-LOS-POLITICOS-1.jpg\",\"width\":260,\"height\":70,\"caption\":\"Los pol\u00edticos Veracruz\"},\"image\":{\"@id\":\"https:\\\/\\\/lospoliticosveracruz.com\\\/#\\\/schema\\\/logo\\\/image\\\/\"},\"sameAs\":[\"https:\\\/\\\/www.facebook.com\\\/people\\\/Notimemes-de-los-Polticos\\\/61565672886568\\\/\",\"https:\\\/\\\/x.com\\\/LosPoliticosVer\"]},{\"@type\":\"Person\",\"@id\":\"https:\\\/\\\/lospoliticosveracruz.com\\\/#\\\/schema\\\/person\\\/b8702bb0e538456e6efd07080bf2a4a2\",\"name\":\"Lo viste en Los Pol\u00edticos\",\"image\":{\"@type\":\"ImageObject\",\"inLanguage\":\"es\",\"@id\":\"https:\\\/\\\/secure.gravatar.com\\\/avatar\\\/3a8de04a2656d44082be478bd6c086daa447c4651605818287b9532d3d0bd435?s=96&d=mm&r=g\",\"url\":\"https:\\\/\\\/secure.gravatar.com\\\/avatar\\\/3a8de04a2656d44082be478bd6c086daa447c4651605818287b9532d3d0bd435?s=96&d=mm&r=g\",\"contentUrl\":\"https:\\\/\\\/secure.gravatar.com\\\/avatar\\\/3a8de04a2656d44082be478bd6c086daa447c4651605818287b9532d3d0bd435?s=96&d=mm&r=g\",\"caption\":\"Lo viste en Los Pol\u00edticos\"},\"url\":\"https:\\\/\\\/lospoliticosveracruz.com\\\/?author=2\"}]}<\/script>\n<!-- \/ Yoast SEO plugin. -->","yoast_head_json":{"title":"Bingen vs Chiquiyunes? - Los pol\u00edticos Veracruz","robots":{"index":"index","follow":"follow","max-snippet":"max-snippet:-1","max-image-preview":"max-image-preview:large","max-video-preview":"max-video-preview:-1"},"canonical":"https:\/\/lospoliticosveracruz.com\/?p=63013","og_locale":"es_ES","og_type":"article","og_title":"Bingen vs Chiquiyunes? - Los pol\u00edticos Veracruz","og_description":"Ricardo Ch\u00faa Sale y Vale HASTA SIEMPRE DORITA&#8230; Al buen Luis Antonio P\u00e9rez Fraga, no hay palabras que uno pueda decir para darle consuelo ante la p\u00e9rdida f\u00edsica de su compa\u00f1era de vida&#8230; La mujer que estuvo con \u00e9l en sus triunfos y tambi\u00e9n en sus fracasos.. Con la cual, logr\u00f3 formar a la gran [&hellip;]","og_url":"https:\/\/lospoliticosveracruz.com\/?p=63013","og_site_name":"Los pol\u00edticos Veracruz","article_publisher":"https:\/\/www.facebook.com\/people\/Notimemes-de-los-Polticos\/61565672886568\/","article_published_time":"2020-10-27T14:47:34+00:00","article_modified_time":"2020-10-27T14:47:57+00:00","og_image":[{"url":"http:\/\/www.lospoliticosveracruz.com.mx\/wp-content\/uploads\/2020\/07\/CINTILLO-Armando.jpg","type":"","width":"","height":""}],"author":"Lo viste en Los Pol\u00edticos","twitter_card":"summary_large_image","twitter_creator":"@LosPoliticosVer","twitter_site":"@LosPoliticosVer","twitter_misc":{"Escrito por":"Lo viste en Los Pol\u00edticos","Tiempo de lectura":"5 minutos"},"schema":{"@context":"https:\/\/schema.org","@graph":[{"@type":"Article","@id":"https:\/\/lospoliticosveracruz.com\/?p=63013#article","isPartOf":{"@id":"https:\/\/lospoliticosveracruz.com\/?p=63013"},"author":{"name":"Lo viste en Los Pol\u00edticos","@id":"https:\/\/lospoliticosveracruz.com\/#\/schema\/person\/b8702bb0e538456e6efd07080bf2a4a2"},"headline":"Bingen vs Chiquiyunes?","datePublished":"2020-10-27T14:47:34+00:00","dateModified":"2020-10-27T14:47:57+00:00","mainEntityOfPage":{"@id":"https:\/\/lospoliticosveracruz.com\/?p=63013"},"wordCount":1046,"commentCount":0,"publisher":{"@id":"https:\/\/lospoliticosveracruz.com\/#organization"},"image":{"@id":"https:\/\/lospoliticosveracruz.com\/?p=63013#primaryimage"},"thumbnailUrl":"http:\/\/www.lospoliticosveracruz.com.mx\/wp-content\/uploads\/2020\/07\/CINTILLO-Armando.jpg","keywords":["Dorita","Fernando Yunes M\u00e1rquez","INE","Luis Antonio P\u00e9rez Fraga","Mario Delgado","MemoMedell\u00edn","Miguel Angel Yunes Linares","Miguel \u00c1ngel Yunes M\u00e1rquez","Militancia de Morena","Morena","PAN","plurinominales","Porfirio Mu\u00f1oz Ledo","Rafael Escobar Torres","Transporte p\u00fablico","Veracruz"],"articleSection":["De Opini\u00f3n"],"inLanguage":"es","potentialAction":[{"@type":"CommentAction","name":"Comment","target":["https:\/\/lospoliticosveracruz.com\/?p=63013#respond"]}]},{"@type":"WebPage","@id":"https:\/\/lospoliticosveracruz.com\/?p=63013","url":"https:\/\/lospoliticosveracruz.com\/?p=63013","name":"Bingen vs Chiquiyunes? - Los pol\u00edticos Veracruz","isPartOf":{"@id":"https:\/\/lospoliticosveracruz.com\/#website"},"primaryImageOfPage":{"@id":"https:\/\/lospoliticosveracruz.com\/?p=63013#primaryimage"},"image":{"@id":"https:\/\/lospoliticosveracruz.com\/?p=63013#primaryimage"},"thumbnailUrl":"http:\/\/www.lospoliticosveracruz.com.mx\/wp-content\/uploads\/2020\/07\/CINTILLO-Armando.jpg","datePublished":"2020-10-27T14:47:34+00:00","dateModified":"2020-10-27T14:47:57+00:00","breadcrumb":{"@id":"https:\/\/lospoliticosveracruz.com\/?p=63013#breadcrumb"},"inLanguage":"es","potentialAction":[{"@type":"ReadAction","target":["https:\/\/lospoliticosveracruz.com\/?p=63013"]}]},{"@type":"ImageObject","inLanguage":"es","@id":"https:\/\/lospoliticosveracruz.com\/?p=63013#primaryimage","url":"http:\/\/www.lospoliticosveracruz.com.mx\/wp-content\/uploads\/2020\/07\/CINTILLO-Armando.jpg","contentUrl":"http:\/\/www.lospoliticosveracruz.com.mx\/wp-content\/uploads\/2020\/07\/CINTILLO-Armando.jpg"},{"@type":"BreadcrumbList","@id":"https:\/\/lospoliticosveracruz.com\/?p=63013#breadcrumb","itemListElement":[{"@type":"ListItem","position":1,"name":"Portada","item":"https:\/\/lospoliticosveracruz.com\/"},{"@type":"ListItem","position":2,"name":"Bingen vs Chiquiyunes?"}]},{"@type":"WebSite","@id":"https:\/\/lospoliticosveracruz.com\/#website","url":"https:\/\/lospoliticosveracruz.com\/","name":"Los pol\u00edticos Veracruz","description":"","publisher":{"@id":"https:\/\/lospoliticosveracruz.com\/#organization"},"potentialAction":[{"@type":"SearchAction","target":{"@type":"EntryPoint","urlTemplate":"https:\/\/lospoliticosveracruz.com\/?s={search_term_string}"},"query-input":{"@type":"PropertyValueSpecification","valueRequired":true,"valueName":"search_term_string"}}],"inLanguage":"es"},{"@type":"Organization","@id":"https:\/\/lospoliticosveracruz.com\/#organization","name":"Los pol\u00edticos Veracruz","url":"https:\/\/lospoliticosveracruz.com\/","logo":{"@type":"ImageObject","inLanguage":"es","@id":"https:\/\/lospoliticosveracruz.com\/#\/schema\/logo\/image\/","url":"https:\/\/lospoliticosveracruz.com\/wp-content\/uploads\/2025\/12\/Logo-Nuevo-LOS-POLITICOS-1.jpg","contentUrl":"https:\/\/lospoliticosveracruz.com\/wp-content\/uploads\/2025\/12\/Logo-Nuevo-LOS-POLITICOS-1.jpg","width":260,"height":70,"caption":"Los pol\u00edticos Veracruz"},"image":{"@id":"https:\/\/lospoliticosveracruz.com\/#\/schema\/logo\/image\/"},"sameAs":["https:\/\/www.facebook.com\/people\/Notimemes-de-los-Polticos\/61565672886568\/","https:\/\/x.com\/LosPoliticosVer"]},{"@type":"Person","@id":"https:\/\/lospoliticosveracruz.com\/#\/schema\/person\/b8702bb0e538456e6efd07080bf2a4a2","name":"Lo viste en Los Pol\u00edticos","image":{"@type":"ImageObject","inLanguage":"es","@id":"https:\/\/secure.gravatar.com\/avatar\/3a8de04a2656d44082be478bd6c086daa447c4651605818287b9532d3d0bd435?s=96&d=mm&r=g","url":"https:\/\/secure.gravatar.com\/avatar\/3a8de04a2656d44082be478bd6c086daa447c4651605818287b9532d3d0bd435?s=96&d=mm&r=g","contentUrl":"https:\/\/secure.gravatar.com\/avatar\/3a8de04a2656d44082be478bd6c086daa447c4651605818287b9532d3d0bd435?s=96&d=mm&r=g","caption":"Lo viste en Los Pol\u00edticos"},"url":"https:\/\/lospoliticosveracruz.com\/?author=2"}]}},"_links":{"self":[{"href":"https:\/\/lospoliticosveracruz.com\/index.php?rest_route=\/wp\/v2\/posts\/63013","targetHints":{"allow":["GET"]}}],"collection":[{"href":"https:\/\/lospoliticosveracruz.com\/index.php?rest_route=\/wp\/v2\/posts"}],"about":[{"href":"https:\/\/lospoliticosveracruz.com\/index.php?rest_route=\/wp\/v2\/types\/post"}],"author":[{"embeddable":true,"href":"https:\/\/lospoliticosveracruz.com\/index.php?rest_route=\/wp\/v2\/users\/2"}],"replies":[{"embeddable":true,"href":"https:\/\/lospoliticosveracruz.com\/index.php?rest_route=%2Fwp%2Fv2%2Fcomments&post=63013"}],"version-history":[{"count":2,"href":"https:\/\/lospoliticosveracruz.com\/index.php?rest_route=\/wp\/v2\/posts\/63013\/revisions"}],"predecessor-version":[{"id":63016,"href":"https:\/\/lospoliticosveracruz.com\/index.php?rest_route=\/wp\/v2\/posts\/63013\/revisions\/63016"}],"wp:attachment":[{"href":"https:\/\/lospoliticosveracruz.com\/index.php?rest_route=%2Fwp%2Fv2%2Fmedia&parent=63013"}],"wp:term":[{"taxonomy":"category","embeddable":true,"href":"https:\/\/lospoliticosveracruz.com\/index.php?rest_route=%2Fwp%2Fv2%2Fcategories&post=63013"},{"taxonomy":"post_tag","embeddable":true,"href":"https:\/\/lospoliticosveracruz.com\/index.php?rest_route=%2Fwp%2Fv2%2Ftags&post=63013"}],"curies":[{"name":"wp","href":"https:\/\/api.w.org\/{rel}","templated":true}]}}