{"id":63175,"date":"2020-10-29T19:25:29","date_gmt":"2020-10-30T01:25:29","guid":{"rendered":"http:\/\/www.lospoliticosveracruz.com.mx\/?p=63175"},"modified":"2020-10-29T19:25:29","modified_gmt":"2020-10-30T01:25:29","slug":"ya-llego-don-benito","status":"publish","type":"post","link":"https:\/\/lospoliticosveracruz.com\/?p=63175","title":{"rendered":"Ya lleg\u00f3 Don Benito!"},"content":{"rendered":"<p>La Coordinaci\u00f3n Nacional de Becas para el Bienestar Benito Ju\u00e1rez y la Secretar\u00eda de Educaci\u00f3n, informan que ha iniciado desde el 20 de octubre la dispersi\u00f3n directa de las becas b\u00e1sicas correspondientes a los bimestres septiembre-octubre\/noviembre-diciembre, a trav\u00e9s del canal abierto (tarjeta), y para el canal cerrado, la entrega de apoyos en mesas de atenci\u00f3n inicia a partir del 29 de los corrientes con fecha l\u00edmite al 6 de diciembre.<\/p>\n<p>En total se atiende a 316 mil 306 familias, de las cuales 122 mil 655 son atendidas en el Banco del Bienestar, mientras que a 55 mil 290 familias se les realiza la dispersi\u00f3n de los recursos mediante las oficinas de Telecomm; 71 mil 551 personas reciben el apoyo a trav\u00e9s de la mesa de atenci\u00f3n temporal y 66 mil 810, con avisos de cobro.<br \/>\nEn la entidad veracruzana, mediante el canal abierto (dispersi\u00f3n bancaria), el dep\u00f3sito de las becas alcanza a 177 mil 945 familias que ya recibieron el apoyo federal. Para estos programas, el Gobierno de M\u00e9xico destina un total de $1,012,179,200.00.<br \/>\nEl Delegado de Programas para el Desarrollo en el Estado de Veracruz, Manuel Huerta Ladr\u00f3n de Guevara, expuso que \u201cha iniciado ya el operativo de beca b\u00e1sica Benito Ju\u00e1rez, donde hay una ampliaci\u00f3n importante del padr\u00f3n. Hay que recordar que ahora es un derecho constitucional el ser beneficiarios de las becas que otorga el Gobierno de M\u00e9xico, sobre todo en los lugares m\u00e1s pobres, por eso estamos trabajando en la ampliaci\u00f3n del padr\u00f3n\u201d.<br \/>\nDestac\u00f3 que se busca que para el presupuesto del pr\u00f3ximo a\u00f1o los diputados aprueben un incremento a los recursos de estos programas y se pueda atender a m\u00e1s familias, \u201ca nivel nacional se requiere ampliar el programa de becas para 800 mil familias, en este a\u00f1o se logr\u00f3 atender a 200 mil familias prioritarias. En el Estado se est\u00e1 ampliando cerca de m\u00e1s de 40 mil familias, casi llegando a las 50 mil que Veracruz increment\u00f3 su padr\u00f3n de beca b\u00e1sica Benito Ju\u00e1rez en las comunidades que m\u00e1s lo requieren de la entidad veracruzana\u201d.<br \/>\nCon estas acciones el Gobierno de M\u00e9xico refrenda su compromiso y solidaridad con la poblaci\u00f3n que enfrenta problemas de marginaci\u00f3n y pobreza e impulsa Programas Sociales y de bienestar enfocados a elevar la calidad de vida de las y los mexicanas, lo que ha transformado significativamente a miles de hogares en el estado de Veracruz.<\/p>\n","protected":false},"excerpt":{"rendered":"<p>La Coordinaci\u00f3n Nacional de Becas para el Bienestar Benito Ju\u00e1rez y la Secretar\u00eda de Educaci\u00f3n, informan que ha iniciado desde el 20 de octubre la dispersi\u00f3n directa de las becas b\u00e1sicas correspondientes a los bimestres septiembre-octubre\/noviembre-diciembre, a trav\u00e9s del canal abierto (tarjeta), y para el canal cerrado, la entrega de apoyos en mesas de atenci\u00f3n [&hellip;]<\/p>\n","protected":false},"author":2,"featured_media":0,"comment_status":"open","ping_status":"open","sticky":false,"template":"","format":"standard","meta":{"tdm_status":"","tdm_grid_status":"","footnotes":""},"categories":[73],"tags":[16091,18980,23120,2149,1850,3582,97,23121,1752,17274,195],"class_list":{"0":"post-63175","1":"post","2":"type-post","3":"status-publish","4":"format-standard","6":"category-de-boleto","7":"tag-banco-del-bienestar","8":"tag-beca-benito-juarez","9":"tag-becas-para-el-bienestar","10":"tag-benito-juarez","11":"tag-manuel-huerta-ladron-de-guevara","12":"tag-marginacion","13":"tag-pobreza","14":"tag-programas-sociales-y-de-bienestar","15":"tag-secretaria-de-educacion","16":"tag-telecomm","17":"tag-veracruz"},"yoast_head":"<!-- This site is optimized with the Yoast SEO plugin v27.4 - https:\/\/yoast.com\/product\/yoast-seo-wordpress\/ -->\n<title>Ya lleg\u00f3 Don Benito! - Los pol\u00edticos Veracruz<\/title>\n<meta name=\"robots\" content=\"index, follow, max-snippet:-1, max-image-preview:large, max-video-preview:-1\" \/>\n<link rel=\"canonical\" href=\"https:\/\/lospoliticosveracruz.com\/?p=63175\" \/>\n<meta property=\"og:locale\" content=\"es_ES\" \/>\n<meta property=\"og:type\" content=\"article\" \/>\n<meta property=\"og:title\" content=\"Ya lleg\u00f3 Don Benito! - Los pol\u00edticos Veracruz\" \/>\n<meta property=\"og:description\" content=\"La Coordinaci\u00f3n Nacional de Becas para el Bienestar Benito Ju\u00e1rez y la Secretar\u00eda de Educaci\u00f3n, informan que ha iniciado desde el 20 de octubre la dispersi\u00f3n directa de las becas b\u00e1sicas correspondientes a los bimestres septiembre-octubre\/noviembre-diciembre, a trav\u00e9s del canal abierto (tarjeta), y para el canal cerrado, la entrega de apoyos en mesas de atenci\u00f3n [&hellip;]\" \/>\n<meta property=\"og:url\" content=\"https:\/\/lospoliticosveracruz.com\/?p=63175\" \/>\n<meta property=\"og:site_name\" content=\"Los pol\u00edticos Veracruz\" \/>\n<meta property=\"article:publisher\" content=\"https:\/\/www.facebook.com\/people\/Notimemes-de-los-Polticos\/61565672886568\/\" \/>\n<meta property=\"article:published_time\" content=\"2020-10-30T01:25:29+00:00\" \/>\n<meta property=\"og:image\" content=\"https:\/\/lospoliticosveracruz.com\/wp-content\/uploads\/2016\/07\/Logo-Dor.jpg\" \/>\n\t<meta property=\"og:image:width\" content=\"200\" \/>\n\t<meta property=\"og:image:height\" content=\"200\" \/>\n\t<meta property=\"og:image:type\" content=\"image\/jpeg\" \/>\n<meta name=\"author\" content=\"Lo viste en Los Pol\u00edticos\" \/>\n<meta name=\"twitter:card\" content=\"summary_large_image\" \/>\n<meta name=\"twitter:creator\" content=\"@LosPoliticosVer\" \/>\n<meta name=\"twitter:site\" content=\"@LosPoliticosVer\" \/>\n<meta name=\"twitter:label1\" content=\"Escrito por\" \/>\n\t<meta name=\"twitter:data1\" content=\"Lo viste en Los Pol\u00edticos\" \/>\n\t<meta name=\"twitter:label2\" content=\"Tiempo de lectura\" \/>\n\t<meta name=\"twitter:data2\" content=\"2 minutos\" \/>\n<script type=\"application\/ld+json\" class=\"yoast-schema-graph\">{\"@context\":\"https:\\\/\\\/schema.org\",\"@graph\":[{\"@type\":\"Article\",\"@id\":\"https:\\\/\\\/lospoliticosveracruz.com\\\/?p=63175#article\",\"isPartOf\":{\"@id\":\"https:\\\/\\\/lospoliticosveracruz.com\\\/?p=63175\"},\"author\":{\"name\":\"Lo viste en Los Pol\u00edticos\",\"@id\":\"https:\\\/\\\/lospoliticosveracruz.com\\\/#\\\/schema\\\/person\\\/b8702bb0e538456e6efd07080bf2a4a2\"},\"headline\":\"Ya lleg\u00f3 Don Benito!\",\"datePublished\":\"2020-10-30T01:25:29+00:00\",\"mainEntityOfPage\":{\"@id\":\"https:\\\/\\\/lospoliticosveracruz.com\\\/?p=63175\"},\"wordCount\":417,\"commentCount\":0,\"publisher\":{\"@id\":\"https:\\\/\\\/lospoliticosveracruz.com\\\/#organization\"},\"keywords\":[\"Banco del Bienestar\",\"Beca Benito Ju\u00e1rez\",\"Becas para el Bienestar\",\"Benito Ju\u00e1rez\",\"Manuel Huerta Ladr\u00f3n de Guevara\",\"marginaci\u00f3n\",\"pobreza\",\"Programas Sociales y de bienestar\",\"Secretar\u00eda de Educaci\u00f3n\",\"Telecomm\",\"Veracruz\"],\"articleSection\":[\"De Boleto\"],\"inLanguage\":\"es\",\"potentialAction\":[{\"@type\":\"CommentAction\",\"name\":\"Comment\",\"target\":[\"https:\\\/\\\/lospoliticosveracruz.com\\\/?p=63175#respond\"]}]},{\"@type\":\"WebPage\",\"@id\":\"https:\\\/\\\/lospoliticosveracruz.com\\\/?p=63175\",\"url\":\"https:\\\/\\\/lospoliticosveracruz.com\\\/?p=63175\",\"name\":\"Ya lleg\u00f3 Don Benito! - Los pol\u00edticos Veracruz\",\"isPartOf\":{\"@id\":\"https:\\\/\\\/lospoliticosveracruz.com\\\/#website\"},\"datePublished\":\"2020-10-30T01:25:29+00:00\",\"breadcrumb\":{\"@id\":\"https:\\\/\\\/lospoliticosveracruz.com\\\/?p=63175#breadcrumb\"},\"inLanguage\":\"es\",\"potentialAction\":[{\"@type\":\"ReadAction\",\"target\":[\"https:\\\/\\\/lospoliticosveracruz.com\\\/?p=63175\"]}]},{\"@type\":\"BreadcrumbList\",\"@id\":\"https:\\\/\\\/lospoliticosveracruz.com\\\/?p=63175#breadcrumb\",\"itemListElement\":[{\"@type\":\"ListItem\",\"position\":1,\"name\":\"Portada\",\"item\":\"https:\\\/\\\/lospoliticosveracruz.com\\\/\"},{\"@type\":\"ListItem\",\"position\":2,\"name\":\"Ya lleg\u00f3 Don Benito!\"}]},{\"@type\":\"WebSite\",\"@id\":\"https:\\\/\\\/lospoliticosveracruz.com\\\/#website\",\"url\":\"https:\\\/\\\/lospoliticosveracruz.com\\\/\",\"name\":\"Los pol\u00edticos Veracruz\",\"description\":\"\",\"publisher\":{\"@id\":\"https:\\\/\\\/lospoliticosveracruz.com\\\/#organization\"},\"potentialAction\":[{\"@type\":\"SearchAction\",\"target\":{\"@type\":\"EntryPoint\",\"urlTemplate\":\"https:\\\/\\\/lospoliticosveracruz.com\\\/?s={search_term_string}\"},\"query-input\":{\"@type\":\"PropertyValueSpecification\",\"valueRequired\":true,\"valueName\":\"search_term_string\"}}],\"inLanguage\":\"es\"},{\"@type\":\"Organization\",\"@id\":\"https:\\\/\\\/lospoliticosveracruz.com\\\/#organization\",\"name\":\"Los pol\u00edticos Veracruz\",\"url\":\"https:\\\/\\\/lospoliticosveracruz.com\\\/\",\"logo\":{\"@type\":\"ImageObject\",\"inLanguage\":\"es\",\"@id\":\"https:\\\/\\\/lospoliticosveracruz.com\\\/#\\\/schema\\\/logo\\\/image\\\/\",\"url\":\"https:\\\/\\\/lospoliticosveracruz.com\\\/wp-content\\\/uploads\\\/2025\\\/12\\\/Logo-Nuevo-LOS-POLITICOS-1.jpg\",\"contentUrl\":\"https:\\\/\\\/lospoliticosveracruz.com\\\/wp-content\\\/uploads\\\/2025\\\/12\\\/Logo-Nuevo-LOS-POLITICOS-1.jpg\",\"width\":260,\"height\":70,\"caption\":\"Los pol\u00edticos Veracruz\"},\"image\":{\"@id\":\"https:\\\/\\\/lospoliticosveracruz.com\\\/#\\\/schema\\\/logo\\\/image\\\/\"},\"sameAs\":[\"https:\\\/\\\/www.facebook.com\\\/people\\\/Notimemes-de-los-Polticos\\\/61565672886568\\\/\",\"https:\\\/\\\/x.com\\\/LosPoliticosVer\"]},{\"@type\":\"Person\",\"@id\":\"https:\\\/\\\/lospoliticosveracruz.com\\\/#\\\/schema\\\/person\\\/b8702bb0e538456e6efd07080bf2a4a2\",\"name\":\"Lo viste en Los Pol\u00edticos\",\"image\":{\"@type\":\"ImageObject\",\"inLanguage\":\"es\",\"@id\":\"https:\\\/\\\/secure.gravatar.com\\\/avatar\\\/3a8de04a2656d44082be478bd6c086daa447c4651605818287b9532d3d0bd435?s=96&d=mm&r=g\",\"url\":\"https:\\\/\\\/secure.gravatar.com\\\/avatar\\\/3a8de04a2656d44082be478bd6c086daa447c4651605818287b9532d3d0bd435?s=96&d=mm&r=g\",\"contentUrl\":\"https:\\\/\\\/secure.gravatar.com\\\/avatar\\\/3a8de04a2656d44082be478bd6c086daa447c4651605818287b9532d3d0bd435?s=96&d=mm&r=g\",\"caption\":\"Lo viste en Los Pol\u00edticos\"},\"url\":\"https:\\\/\\\/lospoliticosveracruz.com\\\/?author=2\"}]}<\/script>\n<!-- \/ Yoast SEO plugin. -->","yoast_head_json":{"title":"Ya lleg\u00f3 Don Benito! - Los pol\u00edticos Veracruz","robots":{"index":"index","follow":"follow","max-snippet":"max-snippet:-1","max-image-preview":"max-image-preview:large","max-video-preview":"max-video-preview:-1"},"canonical":"https:\/\/lospoliticosveracruz.com\/?p=63175","og_locale":"es_ES","og_type":"article","og_title":"Ya lleg\u00f3 Don Benito! - Los pol\u00edticos Veracruz","og_description":"La Coordinaci\u00f3n Nacional de Becas para el Bienestar Benito Ju\u00e1rez y la Secretar\u00eda de Educaci\u00f3n, informan que ha iniciado desde el 20 de octubre la dispersi\u00f3n directa de las becas b\u00e1sicas correspondientes a los bimestres septiembre-octubre\/noviembre-diciembre, a trav\u00e9s del canal abierto (tarjeta), y para el canal cerrado, la entrega de apoyos en mesas de atenci\u00f3n [&hellip;]","og_url":"https:\/\/lospoliticosveracruz.com\/?p=63175","og_site_name":"Los pol\u00edticos Veracruz","article_publisher":"https:\/\/www.facebook.com\/people\/Notimemes-de-los-Polticos\/61565672886568\/","article_published_time":"2020-10-30T01:25:29+00:00","og_image":[{"width":200,"height":200,"url":"https:\/\/lospoliticosveracruz.com\/wp-content\/uploads\/2016\/07\/Logo-Dor.jpg","type":"image\/jpeg"}],"author":"Lo viste en Los Pol\u00edticos","twitter_card":"summary_large_image","twitter_creator":"@LosPoliticosVer","twitter_site":"@LosPoliticosVer","twitter_misc":{"Escrito por":"Lo viste en Los Pol\u00edticos","Tiempo de lectura":"2 minutos"},"schema":{"@context":"https:\/\/schema.org","@graph":[{"@type":"Article","@id":"https:\/\/lospoliticosveracruz.com\/?p=63175#article","isPartOf":{"@id":"https:\/\/lospoliticosveracruz.com\/?p=63175"},"author":{"name":"Lo viste en Los Pol\u00edticos","@id":"https:\/\/lospoliticosveracruz.com\/#\/schema\/person\/b8702bb0e538456e6efd07080bf2a4a2"},"headline":"Ya lleg\u00f3 Don Benito!","datePublished":"2020-10-30T01:25:29+00:00","mainEntityOfPage":{"@id":"https:\/\/lospoliticosveracruz.com\/?p=63175"},"wordCount":417,"commentCount":0,"publisher":{"@id":"https:\/\/lospoliticosveracruz.com\/#organization"},"keywords":["Banco del Bienestar","Beca Benito Ju\u00e1rez","Becas para el Bienestar","Benito Ju\u00e1rez","Manuel Huerta Ladr\u00f3n de Guevara","marginaci\u00f3n","pobreza","Programas Sociales y de bienestar","Secretar\u00eda de Educaci\u00f3n","Telecomm","Veracruz"],"articleSection":["De Boleto"],"inLanguage":"es","potentialAction":[{"@type":"CommentAction","name":"Comment","target":["https:\/\/lospoliticosveracruz.com\/?p=63175#respond"]}]},{"@type":"WebPage","@id":"https:\/\/lospoliticosveracruz.com\/?p=63175","url":"https:\/\/lospoliticosveracruz.com\/?p=63175","name":"Ya lleg\u00f3 Don Benito! - Los pol\u00edticos Veracruz","isPartOf":{"@id":"https:\/\/lospoliticosveracruz.com\/#website"},"datePublished":"2020-10-30T01:25:29+00:00","breadcrumb":{"@id":"https:\/\/lospoliticosveracruz.com\/?p=63175#breadcrumb"},"inLanguage":"es","potentialAction":[{"@type":"ReadAction","target":["https:\/\/lospoliticosveracruz.com\/?p=63175"]}]},{"@type":"BreadcrumbList","@id":"https:\/\/lospoliticosveracruz.com\/?p=63175#breadcrumb","itemListElement":[{"@type":"ListItem","position":1,"name":"Portada","item":"https:\/\/lospoliticosveracruz.com\/"},{"@type":"ListItem","position":2,"name":"Ya lleg\u00f3 Don Benito!"}]},{"@type":"WebSite","@id":"https:\/\/lospoliticosveracruz.com\/#website","url":"https:\/\/lospoliticosveracruz.com\/","name":"Los pol\u00edticos Veracruz","description":"","publisher":{"@id":"https:\/\/lospoliticosveracruz.com\/#organization"},"potentialAction":[{"@type":"SearchAction","target":{"@type":"EntryPoint","urlTemplate":"https:\/\/lospoliticosveracruz.com\/?s={search_term_string}"},"query-input":{"@type":"PropertyValueSpecification","valueRequired":true,"valueName":"search_term_string"}}],"inLanguage":"es"},{"@type":"Organization","@id":"https:\/\/lospoliticosveracruz.com\/#organization","name":"Los pol\u00edticos Veracruz","url":"https:\/\/lospoliticosveracruz.com\/","logo":{"@type":"ImageObject","inLanguage":"es","@id":"https:\/\/lospoliticosveracruz.com\/#\/schema\/logo\/image\/","url":"https:\/\/lospoliticosveracruz.com\/wp-content\/uploads\/2025\/12\/Logo-Nuevo-LOS-POLITICOS-1.jpg","contentUrl":"https:\/\/lospoliticosveracruz.com\/wp-content\/uploads\/2025\/12\/Logo-Nuevo-LOS-POLITICOS-1.jpg","width":260,"height":70,"caption":"Los pol\u00edticos Veracruz"},"image":{"@id":"https:\/\/lospoliticosveracruz.com\/#\/schema\/logo\/image\/"},"sameAs":["https:\/\/www.facebook.com\/people\/Notimemes-de-los-Polticos\/61565672886568\/","https:\/\/x.com\/LosPoliticosVer"]},{"@type":"Person","@id":"https:\/\/lospoliticosveracruz.com\/#\/schema\/person\/b8702bb0e538456e6efd07080bf2a4a2","name":"Lo viste en Los Pol\u00edticos","image":{"@type":"ImageObject","inLanguage":"es","@id":"https:\/\/secure.gravatar.com\/avatar\/3a8de04a2656d44082be478bd6c086daa447c4651605818287b9532d3d0bd435?s=96&d=mm&r=g","url":"https:\/\/secure.gravatar.com\/avatar\/3a8de04a2656d44082be478bd6c086daa447c4651605818287b9532d3d0bd435?s=96&d=mm&r=g","contentUrl":"https:\/\/secure.gravatar.com\/avatar\/3a8de04a2656d44082be478bd6c086daa447c4651605818287b9532d3d0bd435?s=96&d=mm&r=g","caption":"Lo viste en Los Pol\u00edticos"},"url":"https:\/\/lospoliticosveracruz.com\/?author=2"}]}},"_links":{"self":[{"href":"https:\/\/lospoliticosveracruz.com\/index.php?rest_route=\/wp\/v2\/posts\/63175","targetHints":{"allow":["GET"]}}],"collection":[{"href":"https:\/\/lospoliticosveracruz.com\/index.php?rest_route=\/wp\/v2\/posts"}],"about":[{"href":"https:\/\/lospoliticosveracruz.com\/index.php?rest_route=\/wp\/v2\/types\/post"}],"author":[{"embeddable":true,"href":"https:\/\/lospoliticosveracruz.com\/index.php?rest_route=\/wp\/v2\/users\/2"}],"replies":[{"embeddable":true,"href":"https:\/\/lospoliticosveracruz.com\/index.php?rest_route=%2Fwp%2Fv2%2Fcomments&post=63175"}],"version-history":[{"count":1,"href":"https:\/\/lospoliticosveracruz.com\/index.php?rest_route=\/wp\/v2\/posts\/63175\/revisions"}],"predecessor-version":[{"id":63177,"href":"https:\/\/lospoliticosveracruz.com\/index.php?rest_route=\/wp\/v2\/posts\/63175\/revisions\/63177"}],"wp:attachment":[{"href":"https:\/\/lospoliticosveracruz.com\/index.php?rest_route=%2Fwp%2Fv2%2Fmedia&parent=63175"}],"wp:term":[{"taxonomy":"category","embeddable":true,"href":"https:\/\/lospoliticosveracruz.com\/index.php?rest_route=%2Fwp%2Fv2%2Fcategories&post=63175"},{"taxonomy":"post_tag","embeddable":true,"href":"https:\/\/lospoliticosveracruz.com\/index.php?rest_route=%2Fwp%2Fv2%2Ftags&post=63175"}],"curies":[{"name":"wp","href":"https:\/\/api.w.org\/{rel}","templated":true}]}}