{"id":63191,"date":"2020-10-30T08:00:23","date_gmt":"2020-10-30T14:00:23","guid":{"rendered":"http:\/\/www.lospoliticosveracruz.com.mx\/?p=63191"},"modified":"2020-10-30T08:00:23","modified_gmt":"2020-10-30T14:00:23","slug":"mago-corro-y-valentin-reyes-sin-verguenza","status":"publish","type":"post","link":"https:\/\/lospoliticosveracruz.com\/?p=63191","title":{"rendered":"Mago Corro y Valent\u00edn Reyes, \u00a1sin verg\u00fcenza!"},"content":{"rendered":"<p><strong>Eduardo Venegas Naranjo <\/strong><br \/>\n<em>Aqu\u00ed Entre Nos<\/em><\/p>\n<p>La Cuarta Transformaci\u00f3n ha dado de todo en corto tiempo de gobierno, pero en la Cuenca del Papaloapan los diputados, Local Margarita Corro Mendoza, y Federal, Valent\u00edn Reyes L\u00f3pez, son de resultados ineficientes e incapaces de mover un dedo por sus regiones. Ambos son se\u00f1alados de p\u00e9simos funcionarios, ahora buscan ocupar nuevamente otro cargo de elecci\u00f3n popular. verg\u00fcenza deber\u00eda darles. En 2018 ambos ganaron por el efecto Andr\u00e9s Manuel L\u00f3pez Obrador; ahora el escenario es totalmente diferente.<br \/>\nComenzamos con Margarita Corro Mendoza. Lleva 2 a\u00f1os en el cargo como diputada, ausente por la Cuenca, se ve por la regi\u00f3n cuando llega alg\u00fan funcionario de Morena, la ciudadan\u00eda no la conoce, es una mujer sin compromisos, cero gestora.<br \/>\nDesde hace unos d\u00edas, se rumora que buscar\u00e1 la reelecci\u00f3n, nuevamente pelear\u00e1 por la diputaci\u00f3n local del distrito 23, ahora las cosas no las tiene f\u00e1cil, ya no habr\u00e1 el efecto AMLO, adem\u00e1s el pueblo ya la conoci\u00f3, en su gesti\u00f3n ha sido irrelevante&#8230; no ha realizado una solo propuesta.<br \/>\nLa legisladora local carece de conocimiento, en tiempos de crisis no ha mostrado solidaridad. Mago la tiene dif\u00edcil, a pesar de que pertenece a Morena tiene todo en su contra,\u00a0\u00a0alg\u00fan candidato de otro partido ser\u00eda mejor opci\u00f3n.<br \/>\nAhora como busca la reelecci\u00f3n a Margarita se le ve en todos los municipios dando banderazos e inaugurando obras, colg\u00e1ndose del trabajo de los alcaldes, esta mujer no tiene el m\u00e1s m\u00ednimo respeto, mucho menos verg\u00fcenza se \u201ccuelga\u201d del trabajo de otros.<br \/>\nEsta mujer abusa de tener buena relaci\u00f3n con el secretario de gobierno de Veracruz, Eric Patrocinio Cisneros Burgos, tiene la bendici\u00f3n del llamado \u201cBola 8\u201d para buscar la diputaci\u00f3n, se siente protegida y en sus discursos por la zona se la pasa en \u201ctirarle flores\u201d al funcionario.<br \/>\nEl diputado federal del distrito 17 Valent\u00edn Reyes L\u00f3pez, es otro que no da una, grosero y prepotente, hace meses a nuestra redacci\u00f3n lleg\u00f3 una denuncia ciudadana donde en un restaurante de Cosamaloapan maltrat\u00f3 a un mesero mostrando su falta de educaci\u00f3n.<br \/>\nEl legislador, aspira a la alcald\u00eda de Tres Valles por MORENA, su gesti\u00f3n no ha sido brillante a pesar de ser cercano a la c\u00fapula de poder de la Cuarta Transformaci\u00f3n.<br \/>\nValent\u00edn Reyes no es querido en la zona, mucho menos tiene la aceptaci\u00f3n de la ciudadan\u00eda, no ha trabajado de manera coordinada con los alcaldes, no ha sido gestor.<br \/>\nEl diputado tambi\u00e9n es empresario, es due\u00f1o de las tiendas Lores, donde durante la pandemia no ha cuidado con medidas sanitarias en sus establecimientos a sus empleados ni a sus clientes.<br \/>\nLa Cuenca del Papaloapan exige diputados con compromiso, verg\u00fcenza, pero sobretodo con ganas de trabajar y gestionar.<br \/>\nLos que actualmente ocupan esas curules no han servido para nada, son lo peor de la zona y lo peor que una quiere repetir, seguramente los ciudadanos no lo permitir\u00e1n.<br \/>\nlalo_tlaco@hotmail.com<\/p>\n","protected":false},"excerpt":{"rendered":"<p>Eduardo Venegas Naranjo Aqu\u00ed Entre Nos La Cuarta Transformaci\u00f3n ha dado de todo en corto tiempo de gobierno, pero en la Cuenca del Papaloapan los diputados, Local Margarita Corro Mendoza, y Federal, Valent\u00edn Reyes L\u00f3pez, son de resultados ineficientes e incapaces de mover un dedo por sus regiones. Ambos son se\u00f1alados de p\u00e9simos funcionarios, ahora [&hellip;]<\/p>\n","protected":false},"author":2,"featured_media":0,"comment_status":"open","ping_status":"open","sticky":false,"template":"","format":"standard","meta":{"tdm_status":"","tdm_grid_status":"","footnotes":""},"categories":[1],"tags":[23127,21989,12297,13461,23128,13187,1026,23129,195],"class_list":{"0":"post-63191","1":"post","2":"type-post","3":"status-publish","4":"format-standard","6":"category-sin-categoria","7":"tag-buscara-la-reeleccion","8":"tag-candidatos-de-morena","9":"tag-cuenca-del-papaloapan","10":"tag-eric-patrocinio-cisneros-burgos","11":"tag-grosero","12":"tag-margarita-corro-mendoza","13":"tag-morena","14":"tag-prepotente","15":"tag-veracruz"},"yoast_head":"<!-- This site is optimized with the Yoast SEO plugin v27.4 - https:\/\/yoast.com\/product\/yoast-seo-wordpress\/ -->\n<title>Mago Corro y Valent\u00edn Reyes, \u00a1sin verg\u00fcenza! - Los pol\u00edticos Veracruz<\/title>\n<meta name=\"robots\" content=\"index, follow, max-snippet:-1, max-image-preview:large, max-video-preview:-1\" \/>\n<link rel=\"canonical\" href=\"https:\/\/lospoliticosveracruz.com\/?p=63191\" \/>\n<meta property=\"og:locale\" content=\"es_ES\" \/>\n<meta property=\"og:type\" content=\"article\" \/>\n<meta property=\"og:title\" content=\"Mago Corro y Valent\u00edn Reyes, \u00a1sin verg\u00fcenza! - Los pol\u00edticos Veracruz\" \/>\n<meta property=\"og:description\" content=\"Eduardo Venegas Naranjo Aqu\u00ed Entre Nos La Cuarta Transformaci\u00f3n ha dado de todo en corto tiempo de gobierno, pero en la Cuenca del Papaloapan los diputados, Local Margarita Corro Mendoza, y Federal, Valent\u00edn Reyes L\u00f3pez, son de resultados ineficientes e incapaces de mover un dedo por sus regiones. Ambos son se\u00f1alados de p\u00e9simos funcionarios, ahora [&hellip;]\" \/>\n<meta property=\"og:url\" content=\"https:\/\/lospoliticosveracruz.com\/?p=63191\" \/>\n<meta property=\"og:site_name\" content=\"Los pol\u00edticos Veracruz\" \/>\n<meta property=\"article:publisher\" content=\"https:\/\/www.facebook.com\/people\/Notimemes-de-los-Polticos\/61565672886568\/\" \/>\n<meta property=\"article:published_time\" content=\"2020-10-30T14:00:23+00:00\" \/>\n<meta property=\"og:image\" content=\"https:\/\/lospoliticosveracruz.com\/wp-content\/uploads\/2016\/07\/Logo-Dor.jpg\" \/>\n\t<meta property=\"og:image:width\" content=\"200\" \/>\n\t<meta property=\"og:image:height\" content=\"200\" \/>\n\t<meta property=\"og:image:type\" content=\"image\/jpeg\" \/>\n<meta name=\"author\" content=\"Lo viste en Los Pol\u00edticos\" \/>\n<meta name=\"twitter:card\" content=\"summary_large_image\" \/>\n<meta name=\"twitter:creator\" content=\"@LosPoliticosVer\" \/>\n<meta name=\"twitter:site\" content=\"@LosPoliticosVer\" \/>\n<meta name=\"twitter:label1\" content=\"Escrito por\" \/>\n\t<meta name=\"twitter:data1\" content=\"Lo viste en Los Pol\u00edticos\" \/>\n\t<meta name=\"twitter:label2\" content=\"Tiempo de lectura\" \/>\n\t<meta name=\"twitter:data2\" content=\"3 minutos\" \/>\n<script type=\"application\/ld+json\" class=\"yoast-schema-graph\">{\"@context\":\"https:\\\/\\\/schema.org\",\"@graph\":[{\"@type\":\"Article\",\"@id\":\"https:\\\/\\\/lospoliticosveracruz.com\\\/?p=63191#article\",\"isPartOf\":{\"@id\":\"https:\\\/\\\/lospoliticosveracruz.com\\\/?p=63191\"},\"author\":{\"name\":\"Lo viste en Los Pol\u00edticos\",\"@id\":\"https:\\\/\\\/lospoliticosveracruz.com\\\/#\\\/schema\\\/person\\\/b8702bb0e538456e6efd07080bf2a4a2\"},\"headline\":\"Mago Corro y Valent\u00edn Reyes, \u00a1sin verg\u00fcenza!\",\"datePublished\":\"2020-10-30T14:00:23+00:00\",\"mainEntityOfPage\":{\"@id\":\"https:\\\/\\\/lospoliticosveracruz.com\\\/?p=63191\"},\"wordCount\":535,\"commentCount\":0,\"publisher\":{\"@id\":\"https:\\\/\\\/lospoliticosveracruz.com\\\/#organization\"},\"keywords\":[\"Buscar\u00e1 la reelecci\u00f3n\",\"Candidatos de Morena\",\"Cuenca del Papaloapan\",\"Eric Patrocinio Cisneros Burgos\",\"Grosero\",\"Margarita Corro Mendoza\",\"Morena\",\"Prepotente\",\"Veracruz\"],\"inLanguage\":\"es\",\"potentialAction\":[{\"@type\":\"CommentAction\",\"name\":\"Comment\",\"target\":[\"https:\\\/\\\/lospoliticosveracruz.com\\\/?p=63191#respond\"]}]},{\"@type\":\"WebPage\",\"@id\":\"https:\\\/\\\/lospoliticosveracruz.com\\\/?p=63191\",\"url\":\"https:\\\/\\\/lospoliticosveracruz.com\\\/?p=63191\",\"name\":\"Mago Corro y Valent\u00edn Reyes, \u00a1sin verg\u00fcenza! - Los pol\u00edticos Veracruz\",\"isPartOf\":{\"@id\":\"https:\\\/\\\/lospoliticosveracruz.com\\\/#website\"},\"datePublished\":\"2020-10-30T14:00:23+00:00\",\"breadcrumb\":{\"@id\":\"https:\\\/\\\/lospoliticosveracruz.com\\\/?p=63191#breadcrumb\"},\"inLanguage\":\"es\",\"potentialAction\":[{\"@type\":\"ReadAction\",\"target\":[\"https:\\\/\\\/lospoliticosveracruz.com\\\/?p=63191\"]}]},{\"@type\":\"BreadcrumbList\",\"@id\":\"https:\\\/\\\/lospoliticosveracruz.com\\\/?p=63191#breadcrumb\",\"itemListElement\":[{\"@type\":\"ListItem\",\"position\":1,\"name\":\"Portada\",\"item\":\"https:\\\/\\\/lospoliticosveracruz.com\\\/\"},{\"@type\":\"ListItem\",\"position\":2,\"name\":\"Mago Corro y Valent\u00edn Reyes, \u00a1sin verg\u00fcenza!\"}]},{\"@type\":\"WebSite\",\"@id\":\"https:\\\/\\\/lospoliticosveracruz.com\\\/#website\",\"url\":\"https:\\\/\\\/lospoliticosveracruz.com\\\/\",\"name\":\"Los pol\u00edticos Veracruz\",\"description\":\"\",\"publisher\":{\"@id\":\"https:\\\/\\\/lospoliticosveracruz.com\\\/#organization\"},\"potentialAction\":[{\"@type\":\"SearchAction\",\"target\":{\"@type\":\"EntryPoint\",\"urlTemplate\":\"https:\\\/\\\/lospoliticosveracruz.com\\\/?s={search_term_string}\"},\"query-input\":{\"@type\":\"PropertyValueSpecification\",\"valueRequired\":true,\"valueName\":\"search_term_string\"}}],\"inLanguage\":\"es\"},{\"@type\":\"Organization\",\"@id\":\"https:\\\/\\\/lospoliticosveracruz.com\\\/#organization\",\"name\":\"Los pol\u00edticos Veracruz\",\"url\":\"https:\\\/\\\/lospoliticosveracruz.com\\\/\",\"logo\":{\"@type\":\"ImageObject\",\"inLanguage\":\"es\",\"@id\":\"https:\\\/\\\/lospoliticosveracruz.com\\\/#\\\/schema\\\/logo\\\/image\\\/\",\"url\":\"https:\\\/\\\/lospoliticosveracruz.com\\\/wp-content\\\/uploads\\\/2025\\\/12\\\/Logo-Nuevo-LOS-POLITICOS-1.jpg\",\"contentUrl\":\"https:\\\/\\\/lospoliticosveracruz.com\\\/wp-content\\\/uploads\\\/2025\\\/12\\\/Logo-Nuevo-LOS-POLITICOS-1.jpg\",\"width\":260,\"height\":70,\"caption\":\"Los pol\u00edticos Veracruz\"},\"image\":{\"@id\":\"https:\\\/\\\/lospoliticosveracruz.com\\\/#\\\/schema\\\/logo\\\/image\\\/\"},\"sameAs\":[\"https:\\\/\\\/www.facebook.com\\\/people\\\/Notimemes-de-los-Polticos\\\/61565672886568\\\/\",\"https:\\\/\\\/x.com\\\/LosPoliticosVer\"]},{\"@type\":\"Person\",\"@id\":\"https:\\\/\\\/lospoliticosveracruz.com\\\/#\\\/schema\\\/person\\\/b8702bb0e538456e6efd07080bf2a4a2\",\"name\":\"Lo viste en Los Pol\u00edticos\",\"image\":{\"@type\":\"ImageObject\",\"inLanguage\":\"es\",\"@id\":\"https:\\\/\\\/secure.gravatar.com\\\/avatar\\\/3a8de04a2656d44082be478bd6c086daa447c4651605818287b9532d3d0bd435?s=96&d=mm&r=g\",\"url\":\"https:\\\/\\\/secure.gravatar.com\\\/avatar\\\/3a8de04a2656d44082be478bd6c086daa447c4651605818287b9532d3d0bd435?s=96&d=mm&r=g\",\"contentUrl\":\"https:\\\/\\\/secure.gravatar.com\\\/avatar\\\/3a8de04a2656d44082be478bd6c086daa447c4651605818287b9532d3d0bd435?s=96&d=mm&r=g\",\"caption\":\"Lo viste en Los Pol\u00edticos\"},\"url\":\"https:\\\/\\\/lospoliticosveracruz.com\\\/?author=2\"}]}<\/script>\n<!-- \/ Yoast SEO plugin. -->","yoast_head_json":{"title":"Mago Corro y Valent\u00edn Reyes, \u00a1sin verg\u00fcenza! - Los pol\u00edticos Veracruz","robots":{"index":"index","follow":"follow","max-snippet":"max-snippet:-1","max-image-preview":"max-image-preview:large","max-video-preview":"max-video-preview:-1"},"canonical":"https:\/\/lospoliticosveracruz.com\/?p=63191","og_locale":"es_ES","og_type":"article","og_title":"Mago Corro y Valent\u00edn Reyes, \u00a1sin verg\u00fcenza! - Los pol\u00edticos Veracruz","og_description":"Eduardo Venegas Naranjo Aqu\u00ed Entre Nos La Cuarta Transformaci\u00f3n ha dado de todo en corto tiempo de gobierno, pero en la Cuenca del Papaloapan los diputados, Local Margarita Corro Mendoza, y Federal, Valent\u00edn Reyes L\u00f3pez, son de resultados ineficientes e incapaces de mover un dedo por sus regiones. Ambos son se\u00f1alados de p\u00e9simos funcionarios, ahora [&hellip;]","og_url":"https:\/\/lospoliticosveracruz.com\/?p=63191","og_site_name":"Los pol\u00edticos Veracruz","article_publisher":"https:\/\/www.facebook.com\/people\/Notimemes-de-los-Polticos\/61565672886568\/","article_published_time":"2020-10-30T14:00:23+00:00","og_image":[{"width":200,"height":200,"url":"https:\/\/lospoliticosveracruz.com\/wp-content\/uploads\/2016\/07\/Logo-Dor.jpg","type":"image\/jpeg"}],"author":"Lo viste en Los Pol\u00edticos","twitter_card":"summary_large_image","twitter_creator":"@LosPoliticosVer","twitter_site":"@LosPoliticosVer","twitter_misc":{"Escrito por":"Lo viste en Los Pol\u00edticos","Tiempo de lectura":"3 minutos"},"schema":{"@context":"https:\/\/schema.org","@graph":[{"@type":"Article","@id":"https:\/\/lospoliticosveracruz.com\/?p=63191#article","isPartOf":{"@id":"https:\/\/lospoliticosveracruz.com\/?p=63191"},"author":{"name":"Lo viste en Los Pol\u00edticos","@id":"https:\/\/lospoliticosveracruz.com\/#\/schema\/person\/b8702bb0e538456e6efd07080bf2a4a2"},"headline":"Mago Corro y Valent\u00edn Reyes, \u00a1sin verg\u00fcenza!","datePublished":"2020-10-30T14:00:23+00:00","mainEntityOfPage":{"@id":"https:\/\/lospoliticosveracruz.com\/?p=63191"},"wordCount":535,"commentCount":0,"publisher":{"@id":"https:\/\/lospoliticosveracruz.com\/#organization"},"keywords":["Buscar\u00e1 la reelecci\u00f3n","Candidatos de Morena","Cuenca del Papaloapan","Eric Patrocinio Cisneros Burgos","Grosero","Margarita Corro Mendoza","Morena","Prepotente","Veracruz"],"inLanguage":"es","potentialAction":[{"@type":"CommentAction","name":"Comment","target":["https:\/\/lospoliticosveracruz.com\/?p=63191#respond"]}]},{"@type":"WebPage","@id":"https:\/\/lospoliticosveracruz.com\/?p=63191","url":"https:\/\/lospoliticosveracruz.com\/?p=63191","name":"Mago Corro y Valent\u00edn Reyes, \u00a1sin verg\u00fcenza! - Los pol\u00edticos Veracruz","isPartOf":{"@id":"https:\/\/lospoliticosveracruz.com\/#website"},"datePublished":"2020-10-30T14:00:23+00:00","breadcrumb":{"@id":"https:\/\/lospoliticosveracruz.com\/?p=63191#breadcrumb"},"inLanguage":"es","potentialAction":[{"@type":"ReadAction","target":["https:\/\/lospoliticosveracruz.com\/?p=63191"]}]},{"@type":"BreadcrumbList","@id":"https:\/\/lospoliticosveracruz.com\/?p=63191#breadcrumb","itemListElement":[{"@type":"ListItem","position":1,"name":"Portada","item":"https:\/\/lospoliticosveracruz.com\/"},{"@type":"ListItem","position":2,"name":"Mago Corro y Valent\u00edn Reyes, \u00a1sin verg\u00fcenza!"}]},{"@type":"WebSite","@id":"https:\/\/lospoliticosveracruz.com\/#website","url":"https:\/\/lospoliticosveracruz.com\/","name":"Los pol\u00edticos Veracruz","description":"","publisher":{"@id":"https:\/\/lospoliticosveracruz.com\/#organization"},"potentialAction":[{"@type":"SearchAction","target":{"@type":"EntryPoint","urlTemplate":"https:\/\/lospoliticosveracruz.com\/?s={search_term_string}"},"query-input":{"@type":"PropertyValueSpecification","valueRequired":true,"valueName":"search_term_string"}}],"inLanguage":"es"},{"@type":"Organization","@id":"https:\/\/lospoliticosveracruz.com\/#organization","name":"Los pol\u00edticos Veracruz","url":"https:\/\/lospoliticosveracruz.com\/","logo":{"@type":"ImageObject","inLanguage":"es","@id":"https:\/\/lospoliticosveracruz.com\/#\/schema\/logo\/image\/","url":"https:\/\/lospoliticosveracruz.com\/wp-content\/uploads\/2025\/12\/Logo-Nuevo-LOS-POLITICOS-1.jpg","contentUrl":"https:\/\/lospoliticosveracruz.com\/wp-content\/uploads\/2025\/12\/Logo-Nuevo-LOS-POLITICOS-1.jpg","width":260,"height":70,"caption":"Los pol\u00edticos Veracruz"},"image":{"@id":"https:\/\/lospoliticosveracruz.com\/#\/schema\/logo\/image\/"},"sameAs":["https:\/\/www.facebook.com\/people\/Notimemes-de-los-Polticos\/61565672886568\/","https:\/\/x.com\/LosPoliticosVer"]},{"@type":"Person","@id":"https:\/\/lospoliticosveracruz.com\/#\/schema\/person\/b8702bb0e538456e6efd07080bf2a4a2","name":"Lo viste en Los Pol\u00edticos","image":{"@type":"ImageObject","inLanguage":"es","@id":"https:\/\/secure.gravatar.com\/avatar\/3a8de04a2656d44082be478bd6c086daa447c4651605818287b9532d3d0bd435?s=96&d=mm&r=g","url":"https:\/\/secure.gravatar.com\/avatar\/3a8de04a2656d44082be478bd6c086daa447c4651605818287b9532d3d0bd435?s=96&d=mm&r=g","contentUrl":"https:\/\/secure.gravatar.com\/avatar\/3a8de04a2656d44082be478bd6c086daa447c4651605818287b9532d3d0bd435?s=96&d=mm&r=g","caption":"Lo viste en Los Pol\u00edticos"},"url":"https:\/\/lospoliticosveracruz.com\/?author=2"}]}},"_links":{"self":[{"href":"https:\/\/lospoliticosveracruz.com\/index.php?rest_route=\/wp\/v2\/posts\/63191","targetHints":{"allow":["GET"]}}],"collection":[{"href":"https:\/\/lospoliticosveracruz.com\/index.php?rest_route=\/wp\/v2\/posts"}],"about":[{"href":"https:\/\/lospoliticosveracruz.com\/index.php?rest_route=\/wp\/v2\/types\/post"}],"author":[{"embeddable":true,"href":"https:\/\/lospoliticosveracruz.com\/index.php?rest_route=\/wp\/v2\/users\/2"}],"replies":[{"embeddable":true,"href":"https:\/\/lospoliticosveracruz.com\/index.php?rest_route=%2Fwp%2Fv2%2Fcomments&post=63191"}],"version-history":[{"count":1,"href":"https:\/\/lospoliticosveracruz.com\/index.php?rest_route=\/wp\/v2\/posts\/63191\/revisions"}],"predecessor-version":[{"id":63192,"href":"https:\/\/lospoliticosveracruz.com\/index.php?rest_route=\/wp\/v2\/posts\/63191\/revisions\/63192"}],"wp:attachment":[{"href":"https:\/\/lospoliticosveracruz.com\/index.php?rest_route=%2Fwp%2Fv2%2Fmedia&parent=63191"}],"wp:term":[{"taxonomy":"category","embeddable":true,"href":"https:\/\/lospoliticosveracruz.com\/index.php?rest_route=%2Fwp%2Fv2%2Fcategories&post=63191"},{"taxonomy":"post_tag","embeddable":true,"href":"https:\/\/lospoliticosveracruz.com\/index.php?rest_route=%2Fwp%2Fv2%2Ftags&post=63191"}],"curies":[{"name":"wp","href":"https:\/\/api.w.org\/{rel}","templated":true}]}}