{"id":63211,"date":"2020-10-30T14:13:23","date_gmt":"2020-10-30T20:13:23","guid":{"rendered":"http:\/\/www.lospoliticosveracruz.com.mx\/?p=63211"},"modified":"2020-10-30T14:13:23","modified_gmt":"2020-10-30T20:13:23","slug":"la-caja-de-robos","status":"publish","type":"post","link":"https:\/\/lospoliticosveracruz.com\/?p=63211","title":{"rendered":"La Caja de \u201crobos\u201d"},"content":{"rendered":"<p><strong>Teresa Carbajal<\/strong><\/p>\n<p><em>Debo, no niego; pago, lo justo<\/em><\/p>\n<p>El peque\u00f1o \u201cLalito\u201d motivado por la clase de educaci\u00f3n financiera decide comenzar a ahorrar los \u2018domingos\u2019 que le da su pap\u00e1, ante la tentaci\u00f3n de gastarlos pide a su hermana mayor \u201cguardarle\u201d el dinero, al cabo de un a\u00f1o pide su devoluci\u00f3n pero la hermana responde que se los gast\u00f3; ahora interviene la mam\u00e1 para cuestionarla sobre el destino del dinero, a lo que la peque\u00f1a responde que es \u201cinformaci\u00f3n sensible\u201d que no puede proporcionar.<br \/>\n\u00bfQui\u00e9n fall\u00f3? Lalito el ahorrador, la educaci\u00f3n financiera o la abusiva hermana, luego entonces \u00bfLa hermana debe devolver el dinero o Lalito debe pasar el resto de su vida, pensando que ser ahorrador es malo?<br \/>\nEl ejemplo que suena a \u2018chiste\u2019 es lo que le sucede a Evaristo un ahorrador que confi\u00f3 su dinero a conocida caja de ahorros identificada con el color guinda, y la que a pesar de la pandemia se ha negado a devolverlos, motivo por el cual interpusimos formal queja ante la Comisi\u00f3n Nacional para la Protecci\u00f3n y Defensa de los Usuarios de Servicios Financieros.<br \/>\nQueja a la que tuvo que responder por escrito mediante informe que le solicit\u00f3 la Condusef, orden derivada de la reclamaci\u00f3n que interpuso el ahorrador en la que entre otros pidi\u00f3 saber el destino que se le dio a sus ahorros y los motivos por los cuales la Caja se niega a devolverlos.<br \/>\nEn el risible comunicado que hizo llegar a la defensora de los usuarios, el apoderado de la caja se\u00f1al\u00f3 que al tiempo del ingreso del quejoso como su socio, \u00e9ste acept\u00f3 participar en un programa de protecci\u00f3n funeraria denominado \u201cProfun\u201d mediante el cual la caja descontar\u00eda un m\u00e1ximo de 2 pesos del saldo de la cuenta de ahorros para entregarlo como ayuda para los beneficiarios por cada socio que falleciera; sin embargo seg\u00fan el monto de los descuentos que cargaron a la cuenta de Evaristo, la caja reportaba que fallec\u00edan en promedio 30 socios de manera mensual.<br \/>\nTal \u00edndice de mortalidad suena desde luego extra\u00f1o, sobre todo si consideramos que las muertes a que se refiere el apoderado de la caja acontecieron mucho antes de la contingencia de Covid-19.<br \/>\nSin embargo al momento de explicarlo, no lo acredita pues se\u00f1ala que dicha informaci\u00f3n resulta \u201csensible\u201d vi\u00e9ndose imposibilitado para exhibir los documentos que acrediten su dicho.<br \/>\nEs decir Evaristo fue obligado a contratar desde su ingreso a la caja un producto que no solicit\u00f3 y adem\u00e1s con el que ahora la caja justifica que \u201cse acab\u00f3 sus ahorros\u201d por pagar las ayudas funerarias, sin embargo cuando se le cuestiona a quienes les pag\u00f3, aduce no poder hacerlo por ser informaci\u00f3n sensible.<br \/>\nSi siempre se le cuestiona y recrimina a los deudores, ser malos solicitantes de cr\u00e9dito, \u00bfQu\u00e9 puede recriminarse a un ahorrador que deposit\u00f3 su dinero ante una entidad financiera legalmente acreditada?<br \/>\nAyer que platiqu\u00e9 con Evaristo y acordamos ir hasta las \u00faltimas consecuencias legales, pues me dice \u201cno es el dinero Lic, es el abuso\u201d Tiene raz\u00f3n. Este tipo de abusos no deben quedar impunes.<br \/>\n\u00bfA\u00fan no te has inscrito a la Jornada Estatal de Defensa del Patrimonio Familiar?<br \/>\nLlama al 2281148502 visite www.elbarzonrc.org Contacte elbarzonrc@yahoo.com.mx, O s\u00edgame en @terecarbajal<\/p>\n","protected":false},"excerpt":{"rendered":"<p>Teresa Carbajal Debo, no niego; pago, lo justo El peque\u00f1o \u201cLalito\u201d motivado por la clase de educaci\u00f3n financiera decide comenzar a ahorrar los \u2018domingos\u2019 que le da su pap\u00e1, ante la tentaci\u00f3n de gastarlos pide a su hermana mayor \u201cguardarle\u201d el dinero, al cabo de un a\u00f1o pide su devoluci\u00f3n pero la hermana responde que [&hellip;]<\/p>\n","protected":false},"author":2,"featured_media":0,"comment_status":"open","ping_status":"open","sticky":false,"template":"","format":"standard","meta":{"tdm_status":"","tdm_grid_status":"","footnotes":""},"categories":[70],"tags":[23148,8002,6159,23151,23149,23150],"class_list":{"0":"post-63211","1":"post","2":"type-post","3":"status-publish","4":"format-standard","6":"category-de-opinion","7":"tag-comision-nacional-para-la-proteccion-y-defensa-de-los-usuarios-de-servicios-financieros","8":"tag-condusef","9":"tag-educacion-financiera","10":"tag-entidad-financiera","11":"tag-profun","12":"tag-proteccion-funeraria"},"yoast_head":"<!-- This site is optimized with the Yoast SEO plugin v27.4 - https:\/\/yoast.com\/product\/yoast-seo-wordpress\/ -->\n<title>La Caja de \u201crobos\u201d - Los pol\u00edticos Veracruz<\/title>\n<meta name=\"robots\" content=\"index, follow, max-snippet:-1, max-image-preview:large, max-video-preview:-1\" \/>\n<link rel=\"canonical\" href=\"https:\/\/lospoliticosveracruz.com\/?p=63211\" \/>\n<meta property=\"og:locale\" content=\"es_ES\" \/>\n<meta property=\"og:type\" content=\"article\" \/>\n<meta property=\"og:title\" content=\"La Caja de \u201crobos\u201d - Los pol\u00edticos Veracruz\" \/>\n<meta property=\"og:description\" content=\"Teresa Carbajal Debo, no niego; pago, lo justo El peque\u00f1o \u201cLalito\u201d motivado por la clase de educaci\u00f3n financiera decide comenzar a ahorrar los \u2018domingos\u2019 que le da su pap\u00e1, ante la tentaci\u00f3n de gastarlos pide a su hermana mayor \u201cguardarle\u201d el dinero, al cabo de un a\u00f1o pide su devoluci\u00f3n pero la hermana responde que [&hellip;]\" \/>\n<meta property=\"og:url\" content=\"https:\/\/lospoliticosveracruz.com\/?p=63211\" \/>\n<meta property=\"og:site_name\" content=\"Los pol\u00edticos Veracruz\" \/>\n<meta property=\"article:publisher\" content=\"https:\/\/www.facebook.com\/people\/Notimemes-de-los-Polticos\/61565672886568\/\" \/>\n<meta property=\"article:published_time\" content=\"2020-10-30T20:13:23+00:00\" \/>\n<meta property=\"og:image\" content=\"https:\/\/lospoliticosveracruz.com\/wp-content\/uploads\/2016\/07\/Logo-Dor.jpg\" \/>\n\t<meta property=\"og:image:width\" content=\"200\" \/>\n\t<meta property=\"og:image:height\" content=\"200\" \/>\n\t<meta property=\"og:image:type\" content=\"image\/jpeg\" \/>\n<meta name=\"author\" content=\"Lo viste en Los Pol\u00edticos\" \/>\n<meta name=\"twitter:card\" content=\"summary_large_image\" \/>\n<meta name=\"twitter:creator\" content=\"@LosPoliticosVer\" \/>\n<meta name=\"twitter:site\" content=\"@LosPoliticosVer\" \/>\n<meta name=\"twitter:label1\" content=\"Escrito por\" \/>\n\t<meta name=\"twitter:data1\" content=\"Lo viste en Los Pol\u00edticos\" \/>\n\t<meta name=\"twitter:label2\" content=\"Tiempo de lectura\" \/>\n\t<meta name=\"twitter:data2\" content=\"3 minutos\" \/>\n<script type=\"application\/ld+json\" class=\"yoast-schema-graph\">{\"@context\":\"https:\\\/\\\/schema.org\",\"@graph\":[{\"@type\":\"Article\",\"@id\":\"https:\\\/\\\/lospoliticosveracruz.com\\\/?p=63211#article\",\"isPartOf\":{\"@id\":\"https:\\\/\\\/lospoliticosveracruz.com\\\/?p=63211\"},\"author\":{\"name\":\"Lo viste en Los Pol\u00edticos\",\"@id\":\"https:\\\/\\\/lospoliticosveracruz.com\\\/#\\\/schema\\\/person\\\/b8702bb0e538456e6efd07080bf2a4a2\"},\"headline\":\"La Caja de \u201crobos\u201d\",\"datePublished\":\"2020-10-30T20:13:23+00:00\",\"mainEntityOfPage\":{\"@id\":\"https:\\\/\\\/lospoliticosveracruz.com\\\/?p=63211\"},\"wordCount\":569,\"commentCount\":0,\"publisher\":{\"@id\":\"https:\\\/\\\/lospoliticosveracruz.com\\\/#organization\"},\"keywords\":[\"Comisi\u00f3n Nacional para la Protecci\u00f3n y Defensa de los Usuarios de Servicios Financieros\",\"Condusef\",\"Educaci\u00f3n financiera\",\"entidad financiera\",\"Profun\",\"protecci\u00f3n funeraria\"],\"articleSection\":[\"De Opini\u00f3n\"],\"inLanguage\":\"es\",\"potentialAction\":[{\"@type\":\"CommentAction\",\"name\":\"Comment\",\"target\":[\"https:\\\/\\\/lospoliticosveracruz.com\\\/?p=63211#respond\"]}]},{\"@type\":\"WebPage\",\"@id\":\"https:\\\/\\\/lospoliticosveracruz.com\\\/?p=63211\",\"url\":\"https:\\\/\\\/lospoliticosveracruz.com\\\/?p=63211\",\"name\":\"La Caja de \u201crobos\u201d - Los pol\u00edticos Veracruz\",\"isPartOf\":{\"@id\":\"https:\\\/\\\/lospoliticosveracruz.com\\\/#website\"},\"datePublished\":\"2020-10-30T20:13:23+00:00\",\"breadcrumb\":{\"@id\":\"https:\\\/\\\/lospoliticosveracruz.com\\\/?p=63211#breadcrumb\"},\"inLanguage\":\"es\",\"potentialAction\":[{\"@type\":\"ReadAction\",\"target\":[\"https:\\\/\\\/lospoliticosveracruz.com\\\/?p=63211\"]}]},{\"@type\":\"BreadcrumbList\",\"@id\":\"https:\\\/\\\/lospoliticosveracruz.com\\\/?p=63211#breadcrumb\",\"itemListElement\":[{\"@type\":\"ListItem\",\"position\":1,\"name\":\"Portada\",\"item\":\"https:\\\/\\\/lospoliticosveracruz.com\\\/\"},{\"@type\":\"ListItem\",\"position\":2,\"name\":\"La Caja de \u201crobos\u201d\"}]},{\"@type\":\"WebSite\",\"@id\":\"https:\\\/\\\/lospoliticosveracruz.com\\\/#website\",\"url\":\"https:\\\/\\\/lospoliticosveracruz.com\\\/\",\"name\":\"Los pol\u00edticos Veracruz\",\"description\":\"\",\"publisher\":{\"@id\":\"https:\\\/\\\/lospoliticosveracruz.com\\\/#organization\"},\"potentialAction\":[{\"@type\":\"SearchAction\",\"target\":{\"@type\":\"EntryPoint\",\"urlTemplate\":\"https:\\\/\\\/lospoliticosveracruz.com\\\/?s={search_term_string}\"},\"query-input\":{\"@type\":\"PropertyValueSpecification\",\"valueRequired\":true,\"valueName\":\"search_term_string\"}}],\"inLanguage\":\"es\"},{\"@type\":\"Organization\",\"@id\":\"https:\\\/\\\/lospoliticosveracruz.com\\\/#organization\",\"name\":\"Los pol\u00edticos Veracruz\",\"url\":\"https:\\\/\\\/lospoliticosveracruz.com\\\/\",\"logo\":{\"@type\":\"ImageObject\",\"inLanguage\":\"es\",\"@id\":\"https:\\\/\\\/lospoliticosveracruz.com\\\/#\\\/schema\\\/logo\\\/image\\\/\",\"url\":\"https:\\\/\\\/lospoliticosveracruz.com\\\/wp-content\\\/uploads\\\/2025\\\/12\\\/Logo-Nuevo-LOS-POLITICOS-1.jpg\",\"contentUrl\":\"https:\\\/\\\/lospoliticosveracruz.com\\\/wp-content\\\/uploads\\\/2025\\\/12\\\/Logo-Nuevo-LOS-POLITICOS-1.jpg\",\"width\":260,\"height\":70,\"caption\":\"Los pol\u00edticos Veracruz\"},\"image\":{\"@id\":\"https:\\\/\\\/lospoliticosveracruz.com\\\/#\\\/schema\\\/logo\\\/image\\\/\"},\"sameAs\":[\"https:\\\/\\\/www.facebook.com\\\/people\\\/Notimemes-de-los-Polticos\\\/61565672886568\\\/\",\"https:\\\/\\\/x.com\\\/LosPoliticosVer\"]},{\"@type\":\"Person\",\"@id\":\"https:\\\/\\\/lospoliticosveracruz.com\\\/#\\\/schema\\\/person\\\/b8702bb0e538456e6efd07080bf2a4a2\",\"name\":\"Lo viste en Los Pol\u00edticos\",\"image\":{\"@type\":\"ImageObject\",\"inLanguage\":\"es\",\"@id\":\"https:\\\/\\\/secure.gravatar.com\\\/avatar\\\/3a8de04a2656d44082be478bd6c086daa447c4651605818287b9532d3d0bd435?s=96&d=mm&r=g\",\"url\":\"https:\\\/\\\/secure.gravatar.com\\\/avatar\\\/3a8de04a2656d44082be478bd6c086daa447c4651605818287b9532d3d0bd435?s=96&d=mm&r=g\",\"contentUrl\":\"https:\\\/\\\/secure.gravatar.com\\\/avatar\\\/3a8de04a2656d44082be478bd6c086daa447c4651605818287b9532d3d0bd435?s=96&d=mm&r=g\",\"caption\":\"Lo viste en Los Pol\u00edticos\"},\"url\":\"https:\\\/\\\/lospoliticosveracruz.com\\\/?author=2\"}]}<\/script>\n<!-- \/ Yoast SEO plugin. -->","yoast_head_json":{"title":"La Caja de \u201crobos\u201d - Los pol\u00edticos Veracruz","robots":{"index":"index","follow":"follow","max-snippet":"max-snippet:-1","max-image-preview":"max-image-preview:large","max-video-preview":"max-video-preview:-1"},"canonical":"https:\/\/lospoliticosveracruz.com\/?p=63211","og_locale":"es_ES","og_type":"article","og_title":"La Caja de \u201crobos\u201d - Los pol\u00edticos Veracruz","og_description":"Teresa Carbajal Debo, no niego; pago, lo justo El peque\u00f1o \u201cLalito\u201d motivado por la clase de educaci\u00f3n financiera decide comenzar a ahorrar los \u2018domingos\u2019 que le da su pap\u00e1, ante la tentaci\u00f3n de gastarlos pide a su hermana mayor \u201cguardarle\u201d el dinero, al cabo de un a\u00f1o pide su devoluci\u00f3n pero la hermana responde que [&hellip;]","og_url":"https:\/\/lospoliticosveracruz.com\/?p=63211","og_site_name":"Los pol\u00edticos Veracruz","article_publisher":"https:\/\/www.facebook.com\/people\/Notimemes-de-los-Polticos\/61565672886568\/","article_published_time":"2020-10-30T20:13:23+00:00","og_image":[{"width":200,"height":200,"url":"https:\/\/lospoliticosveracruz.com\/wp-content\/uploads\/2016\/07\/Logo-Dor.jpg","type":"image\/jpeg"}],"author":"Lo viste en Los Pol\u00edticos","twitter_card":"summary_large_image","twitter_creator":"@LosPoliticosVer","twitter_site":"@LosPoliticosVer","twitter_misc":{"Escrito por":"Lo viste en Los Pol\u00edticos","Tiempo de lectura":"3 minutos"},"schema":{"@context":"https:\/\/schema.org","@graph":[{"@type":"Article","@id":"https:\/\/lospoliticosveracruz.com\/?p=63211#article","isPartOf":{"@id":"https:\/\/lospoliticosveracruz.com\/?p=63211"},"author":{"name":"Lo viste en Los Pol\u00edticos","@id":"https:\/\/lospoliticosveracruz.com\/#\/schema\/person\/b8702bb0e538456e6efd07080bf2a4a2"},"headline":"La Caja de \u201crobos\u201d","datePublished":"2020-10-30T20:13:23+00:00","mainEntityOfPage":{"@id":"https:\/\/lospoliticosveracruz.com\/?p=63211"},"wordCount":569,"commentCount":0,"publisher":{"@id":"https:\/\/lospoliticosveracruz.com\/#organization"},"keywords":["Comisi\u00f3n Nacional para la Protecci\u00f3n y Defensa de los Usuarios de Servicios Financieros","Condusef","Educaci\u00f3n financiera","entidad financiera","Profun","protecci\u00f3n funeraria"],"articleSection":["De Opini\u00f3n"],"inLanguage":"es","potentialAction":[{"@type":"CommentAction","name":"Comment","target":["https:\/\/lospoliticosveracruz.com\/?p=63211#respond"]}]},{"@type":"WebPage","@id":"https:\/\/lospoliticosveracruz.com\/?p=63211","url":"https:\/\/lospoliticosveracruz.com\/?p=63211","name":"La Caja de \u201crobos\u201d - Los pol\u00edticos Veracruz","isPartOf":{"@id":"https:\/\/lospoliticosveracruz.com\/#website"},"datePublished":"2020-10-30T20:13:23+00:00","breadcrumb":{"@id":"https:\/\/lospoliticosveracruz.com\/?p=63211#breadcrumb"},"inLanguage":"es","potentialAction":[{"@type":"ReadAction","target":["https:\/\/lospoliticosveracruz.com\/?p=63211"]}]},{"@type":"BreadcrumbList","@id":"https:\/\/lospoliticosveracruz.com\/?p=63211#breadcrumb","itemListElement":[{"@type":"ListItem","position":1,"name":"Portada","item":"https:\/\/lospoliticosveracruz.com\/"},{"@type":"ListItem","position":2,"name":"La Caja de \u201crobos\u201d"}]},{"@type":"WebSite","@id":"https:\/\/lospoliticosveracruz.com\/#website","url":"https:\/\/lospoliticosveracruz.com\/","name":"Los pol\u00edticos Veracruz","description":"","publisher":{"@id":"https:\/\/lospoliticosveracruz.com\/#organization"},"potentialAction":[{"@type":"SearchAction","target":{"@type":"EntryPoint","urlTemplate":"https:\/\/lospoliticosveracruz.com\/?s={search_term_string}"},"query-input":{"@type":"PropertyValueSpecification","valueRequired":true,"valueName":"search_term_string"}}],"inLanguage":"es"},{"@type":"Organization","@id":"https:\/\/lospoliticosveracruz.com\/#organization","name":"Los pol\u00edticos Veracruz","url":"https:\/\/lospoliticosveracruz.com\/","logo":{"@type":"ImageObject","inLanguage":"es","@id":"https:\/\/lospoliticosveracruz.com\/#\/schema\/logo\/image\/","url":"https:\/\/lospoliticosveracruz.com\/wp-content\/uploads\/2025\/12\/Logo-Nuevo-LOS-POLITICOS-1.jpg","contentUrl":"https:\/\/lospoliticosveracruz.com\/wp-content\/uploads\/2025\/12\/Logo-Nuevo-LOS-POLITICOS-1.jpg","width":260,"height":70,"caption":"Los pol\u00edticos Veracruz"},"image":{"@id":"https:\/\/lospoliticosveracruz.com\/#\/schema\/logo\/image\/"},"sameAs":["https:\/\/www.facebook.com\/people\/Notimemes-de-los-Polticos\/61565672886568\/","https:\/\/x.com\/LosPoliticosVer"]},{"@type":"Person","@id":"https:\/\/lospoliticosveracruz.com\/#\/schema\/person\/b8702bb0e538456e6efd07080bf2a4a2","name":"Lo viste en Los Pol\u00edticos","image":{"@type":"ImageObject","inLanguage":"es","@id":"https:\/\/secure.gravatar.com\/avatar\/3a8de04a2656d44082be478bd6c086daa447c4651605818287b9532d3d0bd435?s=96&d=mm&r=g","url":"https:\/\/secure.gravatar.com\/avatar\/3a8de04a2656d44082be478bd6c086daa447c4651605818287b9532d3d0bd435?s=96&d=mm&r=g","contentUrl":"https:\/\/secure.gravatar.com\/avatar\/3a8de04a2656d44082be478bd6c086daa447c4651605818287b9532d3d0bd435?s=96&d=mm&r=g","caption":"Lo viste en Los Pol\u00edticos"},"url":"https:\/\/lospoliticosveracruz.com\/?author=2"}]}},"_links":{"self":[{"href":"https:\/\/lospoliticosveracruz.com\/index.php?rest_route=\/wp\/v2\/posts\/63211","targetHints":{"allow":["GET"]}}],"collection":[{"href":"https:\/\/lospoliticosveracruz.com\/index.php?rest_route=\/wp\/v2\/posts"}],"about":[{"href":"https:\/\/lospoliticosveracruz.com\/index.php?rest_route=\/wp\/v2\/types\/post"}],"author":[{"embeddable":true,"href":"https:\/\/lospoliticosveracruz.com\/index.php?rest_route=\/wp\/v2\/users\/2"}],"replies":[{"embeddable":true,"href":"https:\/\/lospoliticosveracruz.com\/index.php?rest_route=%2Fwp%2Fv2%2Fcomments&post=63211"}],"version-history":[{"count":1,"href":"https:\/\/lospoliticosveracruz.com\/index.php?rest_route=\/wp\/v2\/posts\/63211\/revisions"}],"predecessor-version":[{"id":63213,"href":"https:\/\/lospoliticosveracruz.com\/index.php?rest_route=\/wp\/v2\/posts\/63211\/revisions\/63213"}],"wp:attachment":[{"href":"https:\/\/lospoliticosveracruz.com\/index.php?rest_route=%2Fwp%2Fv2%2Fmedia&parent=63211"}],"wp:term":[{"taxonomy":"category","embeddable":true,"href":"https:\/\/lospoliticosveracruz.com\/index.php?rest_route=%2Fwp%2Fv2%2Fcategories&post=63211"},{"taxonomy":"post_tag","embeddable":true,"href":"https:\/\/lospoliticosveracruz.com\/index.php?rest_route=%2Fwp%2Fv2%2Ftags&post=63211"}],"curies":[{"name":"wp","href":"https:\/\/api.w.org\/{rel}","templated":true}]}}