{"id":63306,"date":"2020-11-03T08:31:15","date_gmt":"2020-11-03T14:31:15","guid":{"rendered":"http:\/\/www.lospoliticosveracruz.com.mx\/?p=63306"},"modified":"2020-11-03T08:31:15","modified_gmt":"2020-11-03T14:31:15","slug":"no-cierran-no-se-desesperen-no-se-van","status":"publish","type":"post","link":"https:\/\/lospoliticosveracruz.com\/?p=63306","title":{"rendered":"No cierran, no se desesperen, no se van"},"content":{"rendered":"<p><strong>Ricardo Ch\u00faa <\/strong><br \/>\n<em>Sale y Vale<\/em><\/p>\n<p>OJO&#8230; Pese al repunte de casos por contagio de COVID-19 en Veracruz&#8230; Ning\u00fan gobierno municipal en la entidad, sean del partido pol\u00edtico que lo gobierne, hasta los independientes&#8230; No le pedir\u00e1n al gobierno estatal de MORENA que cierre comercios o centros comerciales en sus localidades&#8230; Saben los alcaldes, que no van a soportar reclamos de empresarios y empleados, por la ca\u00edda en la econom\u00eda que representar\u00e1 otro cierre temporal por el tema de la pandemia&#8230; Se la van a \u00abjugar\u00bb as\u00ed&#8230; La crisis econ\u00f3mica ya rebas\u00f3 a la salud&#8230;<\/p>\n<p>&nbsp;<br \/>\n<a href=\"https:\/\/www.facebook.com\/notaria61veracruz\/\"><img decoding=\"async\" src=\"http:\/\/www.lospoliticosveracruz.com.mx\/wp-content\/uploads\/2020\/07\/CINTILLO-Armando.jpg\" alt=\"\" \/><\/a><br \/>\n&nbsp;<\/p>\n<p>As\u00ed que no deben preocuparse c\u00e1maras empresariales y sectores comerciales&#8230; Al menos, los presidentes municipales no los van a presionar con \u00abcierres temporales\u00bb por el Coronavirus&#8230; Salvo que sea muy grave y el gobierno de Cuitl\u00e1huac Garc\u00eda se vea PRESIONADO a llevar a cabo un \u00abTOQUE DE QUEDA\u00bb en algunos puntos de la entidad&#8230; Pero s\u00f3lo ser\u00eda as\u00ed, por regiones afectadas, no en la totalidad del territorio veracruzano.. Repetimos, no les queda de otra&#8230; CONSUMATUM EST&#8230;<\/p>\n<p>CEAPP, EL DESTAPE&#8230; No se vuelvan hacer bolas&#8230; En esta semana o a m\u00e1s tardar la otra&#8230; Pero antes de que llegue, el 15 de noviembre pr\u00f3ximo&#8230; Se va a conocer el nombre de qui\u00e9n ser\u00e1 la propuesta que presente el gobernador, Cuitl\u00e1huac Garc\u00eda Jim\u00e9nez, ante el Congreso del Estado para que se apruebe, como el nuevo titular de la Comisi\u00f3n Estatal de Atenci\u00f3n y Protecci\u00f3n a Periodistas (CEAPP)&#8230; En pocas palabras, en unos d\u00edas m\u00e1s habr\u00e1 \u00abhumo blanco\u00bb&#8230;<\/p>\n<p>Con esta acci\u00f3n, seguramente se sabr\u00e1 qui\u00e9n va encaminado al cargo como Presidente de esta comisi\u00f3n aut\u00f3noma&#8230; Que est\u00e1 a\u00fan bajo el mando de la \u00abvecina\u00bb. Ana Laura P\u00e9rez Mendoza&#8230; Lo que sabemos con certeza, es que ser\u00e1 de nuevo UNA MUJER la que tome la riendas del organismo&#8230; El nombre se reserva porque pueden haber muchas sorpresas&#8230; Los comisionados tambi\u00e9n est\u00e1n \u00abpalo-meados\u00bb&#8230; As\u00ed que pronto, se acaba esta pol\u00e9mica entre los \u00abtundes\u00bb por los nombramientos&#8230;. ALABADO SEA EL SE\u00d1OR&#8230;<\/p>\n<p>NO SE VAN&#8230; Aqu\u00ed tampoco \u00abse hagan bolas\u00bb&#8230; Ya que pese a la \u00abmadrina\u00bb pol\u00edtica y medi\u00e1tica, que est\u00e1 a todo lo que da, buscando la nominaci\u00f3n panista a la alcald\u00eda de Veracruz puerto, entre Bingen Rementeria Molina y los Yunes Azules apoyando a Miguel Angel Yunes M\u00e1rquez, para alcanzar esta candidatura&#8230; PASE LO QUE PASE Y PESE A QUI\u00c9N LE PESE&#8230; Ninguno de estos dos grupos, tienen PENSADO por ning\u00fan motivo, abandonar las filas del PAN&#8230; Eso es una falacia&#8230;<\/p>\n<p>Tanto los Yunes como los Rementeria, han sido \u00abtentados\u00bb por otros partidos de reciente creaci\u00f3n y algunos m\u00e1s, para que si no son postulados por el PAN o en alianza opositora PAN-PRI-PRD, puedan irse a las filas de estos organismos para que all\u00e1, si los nominen de inmediato a este cargo de elecci\u00f3n popular&#8230; Pero, el tema aqu\u00ed, como lo hemos mencionado en espacios pasados, es que los dos grupos, saben bien lo que les conviene&#8230; Y es quedarse en el PAN&#8230;<\/p>\n<p>Podr\u00e1n en este momento, de aqu\u00ed a enero pr\u00f3ximo&#8230; Hacer berrinches, darse \u00abpatadas bajo la mesa\u00bb, \u00abpicarse los ojos\u00bb, reclamar, chillar, mentarselas&#8230; Provocar \u00abfisuras\u00bb entre sus simpatizantes&#8230;. Vamos hasta decirse \u00abchusma o nacos\u00bb.. Y no va a pasar nada, porque cuando salga el nominado entre los dos&#8230; Van a tener que negociar y en \u00absanta paz\u00bb, as\u00ed pas\u00f3 en 2016 cuando gan\u00f3 el PAN la gubernatura de Veracruz y no sucedi\u00f3 nada&#8230; Por qu\u00e9 habr\u00eda de ser diferente, 5 a\u00f1os despu\u00e9s en 2021&#8230;<\/p>\n<p>Lo volvemos a REPETIR ambos equipos saben y lo tienen claro.. Que el PAN junto con el PRI son los partidos en M\u00e9xico y Veracruz&#8230; Que cuentan con estructura pol\u00edtica necesaria para poder competir en una elecci\u00f3n local, estatal y nacional&#8230; Y, ellos, son parte fundamental de este partido&#8230; Por eso, NO SE VAN, pase lo que pase, porque el PAN les dar\u00e1 la oportunidad de ser parte de un proyecto viable, para que en 2024 puedan quitar a MORENA del gobierno estatal&#8230; El que se vaya, sabe que puede pelear el 2021, pero se pierde el 2024&#8230; REQUIEM&#8230;<\/p>\n<p>ALCALDE TIK TOK&#8230; Pareciera incre\u00edble y aunque se lea hasta con incredulidad&#8230; Result\u00f3, pues, bastante reveladora la encuesta, que realiz\u00f3 para cierto grupo pol\u00edtico, la empresa \u00abDe Las Heras Demotecnia\u00bb, ya que es una de las compa\u00f1\u00edas que realiza estos sondeos, m\u00e1s serias del pa\u00eds y fue una de las que inclusive, hizo las encuestas para la dirigencia nacional de MORENA&#8230; Que demuestra que el alcalde de Medell\u00edn de Bravo, Polo Deschamps, en este sitio, tiene m\u00e1s aceptaci\u00f3n que el propio Presidente, Andr\u00e9s Manuel L\u00f3pez Obrador&#8230;<\/p>\n<p>As\u00ed como lo leen.. Polo por encima de AMLO en una encuesta realizada en la localidad&#8230; Esto primero que nada, nos muestra a un alcalde que est\u00e1 muy fuerte pol\u00edticamente, que adem\u00e1s para ganarle a la figura de AMLO, debe tener el control de su municipio, pero que tambi\u00e9n la gente est\u00e1 contenta con \u00e9l como presidente municipal&#8230; Segundo punto, es que a pesar de la popularidad de L\u00f3pez Obrador&#8230;. Este alcalde Polo aparece arriba de \u00e9l&#8230; SOPAS&#8230;<\/p>\n<p>Esto a pesar de que el Presidente de M\u00e9xico, vive pol\u00edticamente la etapa m\u00e1s fuerte de su administraci\u00f3n federal y se supone que Deschamps, est\u00e1 en la etapa donde deber\u00eda estar \u00abdesgastado\u00bb por el ejercicio de poder en su administraci\u00f3n&#8230; Y, no solo est\u00e1 m\u00e1s fuerte, rebasa a la principal figura pol\u00edtica del pa\u00eds&#8230; Lo cual hace deducir, que por ello, quiz\u00e1s Polo est\u00e9 sufriendo de un \u00abgolpeteo\u00bb pol\u00edtico&#8230; Ya que seguramente tambi\u00e9n ya lo mandaron a medir con otras empresas encuestadoras,&#8230;<\/p>\n<p>Se puede decir que lo quieren bajar pol\u00edticamente, pero llevan literalmente casi medio a\u00f1o haci\u00e9ndolo&#8230; Pero con estos sondeos, queda demostrado que no le han metido, ni un \u00abrasgu\u00f1o\u00bb a su figura pol\u00edtica, sino que lo han victimizado.. Haci\u00e9ndolo m\u00e1s fuerte en vez de debilitarlo&#8230; En resumen, este cuate, puede seguir haciendo todos los \u00abtik toks\u00bb que quiera, que al parecer la gente, lo califica como uno de los \u00fanicos alcaldes del pa\u00eds, que le gana en una encuesta al mismo Presidente&#8230; AMEN.. .<\/p>\n","protected":false},"excerpt":{"rendered":"<p>Ricardo Ch\u00faa Sale y Vale OJO&#8230; Pese al repunte de casos por contagio de COVID-19 en Veracruz&#8230; Ning\u00fan gobierno municipal en la entidad, sean del partido pol\u00edtico que lo gobierne, hasta los independientes&#8230; No le pedir\u00e1n al gobierno estatal de MORENA que cierre comercios o centros comerciales en sus localidades&#8230; Saben los alcaldes, que no [&hellip;]<\/p>\n","protected":false},"author":2,"featured_media":0,"comment_status":"open","ping_status":"open","sticky":false,"template":"","format":"standard","meta":{"tdm_status":"","tdm_grid_status":"","footnotes":""},"categories":[70],"tags":[4989,4476,17829,1563,18476,12987,1130,536,1026,266,251,161],"class_list":{"0":"post-63306","1":"post","2":"type-post","3":"status-publish","4":"format-standard","6":"category-de-opinion","7":"tag-bingen-rementeria-molina","8":"tag-ceapp","9":"tag-covid","10":"tag-cuitlahuac-garcia-jimenez","11":"tag-destape","12":"tag-gubernatura-de-veracruz","13":"tag-julen-rementeria","14":"tag-miguel-angel-yunes-marquez","15":"tag-morena","16":"tag-pan","17":"tag-pri","18":"tag-yunes-linares"},"yoast_head":"<!-- This site is optimized with the Yoast SEO plugin v27.4 - https:\/\/yoast.com\/product\/yoast-seo-wordpress\/ -->\n<title>No cierran, no se desesperen, no se van - Los pol\u00edticos Veracruz<\/title>\n<meta name=\"robots\" content=\"index, follow, max-snippet:-1, max-image-preview:large, max-video-preview:-1\" \/>\n<link rel=\"canonical\" href=\"https:\/\/lospoliticosveracruz.com\/?p=63306\" \/>\n<meta property=\"og:locale\" content=\"es_ES\" \/>\n<meta property=\"og:type\" content=\"article\" \/>\n<meta property=\"og:title\" content=\"No cierran, no se desesperen, no se van - Los pol\u00edticos Veracruz\" \/>\n<meta property=\"og:description\" content=\"Ricardo Ch\u00faa Sale y Vale OJO&#8230; Pese al repunte de casos por contagio de COVID-19 en Veracruz&#8230; Ning\u00fan gobierno municipal en la entidad, sean del partido pol\u00edtico que lo gobierne, hasta los independientes&#8230; No le pedir\u00e1n al gobierno estatal de MORENA que cierre comercios o centros comerciales en sus localidades&#8230; Saben los alcaldes, que no [&hellip;]\" \/>\n<meta property=\"og:url\" content=\"https:\/\/lospoliticosveracruz.com\/?p=63306\" \/>\n<meta property=\"og:site_name\" content=\"Los pol\u00edticos Veracruz\" \/>\n<meta property=\"article:publisher\" content=\"https:\/\/www.facebook.com\/people\/Notimemes-de-los-Polticos\/61565672886568\/\" \/>\n<meta property=\"article:published_time\" content=\"2020-11-03T14:31:15+00:00\" \/>\n<meta property=\"og:image\" content=\"http:\/\/www.lospoliticosveracruz.com.mx\/wp-content\/uploads\/2020\/07\/CINTILLO-Armando.jpg\" \/>\n<meta name=\"author\" content=\"Lo viste en Los Pol\u00edticos\" \/>\n<meta name=\"twitter:card\" content=\"summary_large_image\" \/>\n<meta name=\"twitter:creator\" content=\"@LosPoliticosVer\" \/>\n<meta name=\"twitter:site\" content=\"@LosPoliticosVer\" \/>\n<meta name=\"twitter:label1\" content=\"Escrito por\" \/>\n\t<meta name=\"twitter:data1\" content=\"Lo viste en Los Pol\u00edticos\" \/>\n\t<meta name=\"twitter:label2\" content=\"Tiempo de lectura\" \/>\n\t<meta name=\"twitter:data2\" content=\"5 minutos\" \/>\n<script type=\"application\/ld+json\" class=\"yoast-schema-graph\">{\"@context\":\"https:\\\/\\\/schema.org\",\"@graph\":[{\"@type\":\"Article\",\"@id\":\"https:\\\/\\\/lospoliticosveracruz.com\\\/?p=63306#article\",\"isPartOf\":{\"@id\":\"https:\\\/\\\/lospoliticosveracruz.com\\\/?p=63306\"},\"author\":{\"name\":\"Lo viste en Los Pol\u00edticos\",\"@id\":\"https:\\\/\\\/lospoliticosveracruz.com\\\/#\\\/schema\\\/person\\\/b8702bb0e538456e6efd07080bf2a4a2\"},\"headline\":\"No cierran, no se desesperen, no se van\",\"datePublished\":\"2020-11-03T14:31:15+00:00\",\"mainEntityOfPage\":{\"@id\":\"https:\\\/\\\/lospoliticosveracruz.com\\\/?p=63306\"},\"wordCount\":1091,\"commentCount\":0,\"publisher\":{\"@id\":\"https:\\\/\\\/lospoliticosveracruz.com\\\/#organization\"},\"image\":{\"@id\":\"https:\\\/\\\/lospoliticosveracruz.com\\\/?p=63306#primaryimage\"},\"thumbnailUrl\":\"http:\\\/\\\/www.lospoliticosveracruz.com.mx\\\/wp-content\\\/uploads\\\/2020\\\/07\\\/CINTILLO-Armando.jpg\",\"keywords\":[\"Bingen Rementer\u00eda Molina\",\"CEAPP\",\"Covid\",\"Cuitl\u00e1huac Garc\u00eda Jim\u00e9nez\",\"destape\",\"Gubernatura de Veracruz\",\"Julen Rementer\u00eda\",\"Miguel \u00c1ngel Yunes M\u00e1rquez\",\"Morena\",\"PAN\",\"PRI\",\"Yunes Linares\"],\"articleSection\":[\"De Opini\u00f3n\"],\"inLanguage\":\"es\",\"potentialAction\":[{\"@type\":\"CommentAction\",\"name\":\"Comment\",\"target\":[\"https:\\\/\\\/lospoliticosveracruz.com\\\/?p=63306#respond\"]}]},{\"@type\":\"WebPage\",\"@id\":\"https:\\\/\\\/lospoliticosveracruz.com\\\/?p=63306\",\"url\":\"https:\\\/\\\/lospoliticosveracruz.com\\\/?p=63306\",\"name\":\"No cierran, no se desesperen, no se van - Los pol\u00edticos Veracruz\",\"isPartOf\":{\"@id\":\"https:\\\/\\\/lospoliticosveracruz.com\\\/#website\"},\"primaryImageOfPage\":{\"@id\":\"https:\\\/\\\/lospoliticosveracruz.com\\\/?p=63306#primaryimage\"},\"image\":{\"@id\":\"https:\\\/\\\/lospoliticosveracruz.com\\\/?p=63306#primaryimage\"},\"thumbnailUrl\":\"http:\\\/\\\/www.lospoliticosveracruz.com.mx\\\/wp-content\\\/uploads\\\/2020\\\/07\\\/CINTILLO-Armando.jpg\",\"datePublished\":\"2020-11-03T14:31:15+00:00\",\"breadcrumb\":{\"@id\":\"https:\\\/\\\/lospoliticosveracruz.com\\\/?p=63306#breadcrumb\"},\"inLanguage\":\"es\",\"potentialAction\":[{\"@type\":\"ReadAction\",\"target\":[\"https:\\\/\\\/lospoliticosveracruz.com\\\/?p=63306\"]}]},{\"@type\":\"ImageObject\",\"inLanguage\":\"es\",\"@id\":\"https:\\\/\\\/lospoliticosveracruz.com\\\/?p=63306#primaryimage\",\"url\":\"http:\\\/\\\/www.lospoliticosveracruz.com.mx\\\/wp-content\\\/uploads\\\/2020\\\/07\\\/CINTILLO-Armando.jpg\",\"contentUrl\":\"http:\\\/\\\/www.lospoliticosveracruz.com.mx\\\/wp-content\\\/uploads\\\/2020\\\/07\\\/CINTILLO-Armando.jpg\"},{\"@type\":\"BreadcrumbList\",\"@id\":\"https:\\\/\\\/lospoliticosveracruz.com\\\/?p=63306#breadcrumb\",\"itemListElement\":[{\"@type\":\"ListItem\",\"position\":1,\"name\":\"Portada\",\"item\":\"https:\\\/\\\/lospoliticosveracruz.com\\\/\"},{\"@type\":\"ListItem\",\"position\":2,\"name\":\"No cierran, no se desesperen, no se van\"}]},{\"@type\":\"WebSite\",\"@id\":\"https:\\\/\\\/lospoliticosveracruz.com\\\/#website\",\"url\":\"https:\\\/\\\/lospoliticosveracruz.com\\\/\",\"name\":\"Los pol\u00edticos Veracruz\",\"description\":\"\",\"publisher\":{\"@id\":\"https:\\\/\\\/lospoliticosveracruz.com\\\/#organization\"},\"potentialAction\":[{\"@type\":\"SearchAction\",\"target\":{\"@type\":\"EntryPoint\",\"urlTemplate\":\"https:\\\/\\\/lospoliticosveracruz.com\\\/?s={search_term_string}\"},\"query-input\":{\"@type\":\"PropertyValueSpecification\",\"valueRequired\":true,\"valueName\":\"search_term_string\"}}],\"inLanguage\":\"es\"},{\"@type\":\"Organization\",\"@id\":\"https:\\\/\\\/lospoliticosveracruz.com\\\/#organization\",\"name\":\"Los pol\u00edticos Veracruz\",\"url\":\"https:\\\/\\\/lospoliticosveracruz.com\\\/\",\"logo\":{\"@type\":\"ImageObject\",\"inLanguage\":\"es\",\"@id\":\"https:\\\/\\\/lospoliticosveracruz.com\\\/#\\\/schema\\\/logo\\\/image\\\/\",\"url\":\"https:\\\/\\\/lospoliticosveracruz.com\\\/wp-content\\\/uploads\\\/2025\\\/12\\\/Logo-Nuevo-LOS-POLITICOS-1.jpg\",\"contentUrl\":\"https:\\\/\\\/lospoliticosveracruz.com\\\/wp-content\\\/uploads\\\/2025\\\/12\\\/Logo-Nuevo-LOS-POLITICOS-1.jpg\",\"width\":260,\"height\":70,\"caption\":\"Los pol\u00edticos Veracruz\"},\"image\":{\"@id\":\"https:\\\/\\\/lospoliticosveracruz.com\\\/#\\\/schema\\\/logo\\\/image\\\/\"},\"sameAs\":[\"https:\\\/\\\/www.facebook.com\\\/people\\\/Notimemes-de-los-Polticos\\\/61565672886568\\\/\",\"https:\\\/\\\/x.com\\\/LosPoliticosVer\"]},{\"@type\":\"Person\",\"@id\":\"https:\\\/\\\/lospoliticosveracruz.com\\\/#\\\/schema\\\/person\\\/b8702bb0e538456e6efd07080bf2a4a2\",\"name\":\"Lo viste en Los Pol\u00edticos\",\"image\":{\"@type\":\"ImageObject\",\"inLanguage\":\"es\",\"@id\":\"https:\\\/\\\/secure.gravatar.com\\\/avatar\\\/3a8de04a2656d44082be478bd6c086daa447c4651605818287b9532d3d0bd435?s=96&d=mm&r=g\",\"url\":\"https:\\\/\\\/secure.gravatar.com\\\/avatar\\\/3a8de04a2656d44082be478bd6c086daa447c4651605818287b9532d3d0bd435?s=96&d=mm&r=g\",\"contentUrl\":\"https:\\\/\\\/secure.gravatar.com\\\/avatar\\\/3a8de04a2656d44082be478bd6c086daa447c4651605818287b9532d3d0bd435?s=96&d=mm&r=g\",\"caption\":\"Lo viste en Los Pol\u00edticos\"},\"url\":\"https:\\\/\\\/lospoliticosveracruz.com\\\/?author=2\"}]}<\/script>\n<!-- \/ Yoast SEO plugin. -->","yoast_head_json":{"title":"No cierran, no se desesperen, no se van - Los pol\u00edticos Veracruz","robots":{"index":"index","follow":"follow","max-snippet":"max-snippet:-1","max-image-preview":"max-image-preview:large","max-video-preview":"max-video-preview:-1"},"canonical":"https:\/\/lospoliticosveracruz.com\/?p=63306","og_locale":"es_ES","og_type":"article","og_title":"No cierran, no se desesperen, no se van - Los pol\u00edticos Veracruz","og_description":"Ricardo Ch\u00faa Sale y Vale OJO&#8230; Pese al repunte de casos por contagio de COVID-19 en Veracruz&#8230; Ning\u00fan gobierno municipal en la entidad, sean del partido pol\u00edtico que lo gobierne, hasta los independientes&#8230; No le pedir\u00e1n al gobierno estatal de MORENA que cierre comercios o centros comerciales en sus localidades&#8230; Saben los alcaldes, que no [&hellip;]","og_url":"https:\/\/lospoliticosveracruz.com\/?p=63306","og_site_name":"Los pol\u00edticos Veracruz","article_publisher":"https:\/\/www.facebook.com\/people\/Notimemes-de-los-Polticos\/61565672886568\/","article_published_time":"2020-11-03T14:31:15+00:00","og_image":[{"url":"http:\/\/www.lospoliticosveracruz.com.mx\/wp-content\/uploads\/2020\/07\/CINTILLO-Armando.jpg","type":"","width":"","height":""}],"author":"Lo viste en Los Pol\u00edticos","twitter_card":"summary_large_image","twitter_creator":"@LosPoliticosVer","twitter_site":"@LosPoliticosVer","twitter_misc":{"Escrito por":"Lo viste en Los Pol\u00edticos","Tiempo de lectura":"5 minutos"},"schema":{"@context":"https:\/\/schema.org","@graph":[{"@type":"Article","@id":"https:\/\/lospoliticosveracruz.com\/?p=63306#article","isPartOf":{"@id":"https:\/\/lospoliticosveracruz.com\/?p=63306"},"author":{"name":"Lo viste en Los Pol\u00edticos","@id":"https:\/\/lospoliticosveracruz.com\/#\/schema\/person\/b8702bb0e538456e6efd07080bf2a4a2"},"headline":"No cierran, no se desesperen, no se van","datePublished":"2020-11-03T14:31:15+00:00","mainEntityOfPage":{"@id":"https:\/\/lospoliticosveracruz.com\/?p=63306"},"wordCount":1091,"commentCount":0,"publisher":{"@id":"https:\/\/lospoliticosveracruz.com\/#organization"},"image":{"@id":"https:\/\/lospoliticosveracruz.com\/?p=63306#primaryimage"},"thumbnailUrl":"http:\/\/www.lospoliticosveracruz.com.mx\/wp-content\/uploads\/2020\/07\/CINTILLO-Armando.jpg","keywords":["Bingen Rementer\u00eda Molina","CEAPP","Covid","Cuitl\u00e1huac Garc\u00eda Jim\u00e9nez","destape","Gubernatura de Veracruz","Julen Rementer\u00eda","Miguel \u00c1ngel Yunes M\u00e1rquez","Morena","PAN","PRI","Yunes Linares"],"articleSection":["De Opini\u00f3n"],"inLanguage":"es","potentialAction":[{"@type":"CommentAction","name":"Comment","target":["https:\/\/lospoliticosveracruz.com\/?p=63306#respond"]}]},{"@type":"WebPage","@id":"https:\/\/lospoliticosveracruz.com\/?p=63306","url":"https:\/\/lospoliticosveracruz.com\/?p=63306","name":"No cierran, no se desesperen, no se van - Los pol\u00edticos Veracruz","isPartOf":{"@id":"https:\/\/lospoliticosveracruz.com\/#website"},"primaryImageOfPage":{"@id":"https:\/\/lospoliticosveracruz.com\/?p=63306#primaryimage"},"image":{"@id":"https:\/\/lospoliticosveracruz.com\/?p=63306#primaryimage"},"thumbnailUrl":"http:\/\/www.lospoliticosveracruz.com.mx\/wp-content\/uploads\/2020\/07\/CINTILLO-Armando.jpg","datePublished":"2020-11-03T14:31:15+00:00","breadcrumb":{"@id":"https:\/\/lospoliticosveracruz.com\/?p=63306#breadcrumb"},"inLanguage":"es","potentialAction":[{"@type":"ReadAction","target":["https:\/\/lospoliticosveracruz.com\/?p=63306"]}]},{"@type":"ImageObject","inLanguage":"es","@id":"https:\/\/lospoliticosveracruz.com\/?p=63306#primaryimage","url":"http:\/\/www.lospoliticosveracruz.com.mx\/wp-content\/uploads\/2020\/07\/CINTILLO-Armando.jpg","contentUrl":"http:\/\/www.lospoliticosveracruz.com.mx\/wp-content\/uploads\/2020\/07\/CINTILLO-Armando.jpg"},{"@type":"BreadcrumbList","@id":"https:\/\/lospoliticosveracruz.com\/?p=63306#breadcrumb","itemListElement":[{"@type":"ListItem","position":1,"name":"Portada","item":"https:\/\/lospoliticosveracruz.com\/"},{"@type":"ListItem","position":2,"name":"No cierran, no se desesperen, no se van"}]},{"@type":"WebSite","@id":"https:\/\/lospoliticosveracruz.com\/#website","url":"https:\/\/lospoliticosveracruz.com\/","name":"Los pol\u00edticos Veracruz","description":"","publisher":{"@id":"https:\/\/lospoliticosveracruz.com\/#organization"},"potentialAction":[{"@type":"SearchAction","target":{"@type":"EntryPoint","urlTemplate":"https:\/\/lospoliticosveracruz.com\/?s={search_term_string}"},"query-input":{"@type":"PropertyValueSpecification","valueRequired":true,"valueName":"search_term_string"}}],"inLanguage":"es"},{"@type":"Organization","@id":"https:\/\/lospoliticosveracruz.com\/#organization","name":"Los pol\u00edticos Veracruz","url":"https:\/\/lospoliticosveracruz.com\/","logo":{"@type":"ImageObject","inLanguage":"es","@id":"https:\/\/lospoliticosveracruz.com\/#\/schema\/logo\/image\/","url":"https:\/\/lospoliticosveracruz.com\/wp-content\/uploads\/2025\/12\/Logo-Nuevo-LOS-POLITICOS-1.jpg","contentUrl":"https:\/\/lospoliticosveracruz.com\/wp-content\/uploads\/2025\/12\/Logo-Nuevo-LOS-POLITICOS-1.jpg","width":260,"height":70,"caption":"Los pol\u00edticos Veracruz"},"image":{"@id":"https:\/\/lospoliticosveracruz.com\/#\/schema\/logo\/image\/"},"sameAs":["https:\/\/www.facebook.com\/people\/Notimemes-de-los-Polticos\/61565672886568\/","https:\/\/x.com\/LosPoliticosVer"]},{"@type":"Person","@id":"https:\/\/lospoliticosveracruz.com\/#\/schema\/person\/b8702bb0e538456e6efd07080bf2a4a2","name":"Lo viste en Los Pol\u00edticos","image":{"@type":"ImageObject","inLanguage":"es","@id":"https:\/\/secure.gravatar.com\/avatar\/3a8de04a2656d44082be478bd6c086daa447c4651605818287b9532d3d0bd435?s=96&d=mm&r=g","url":"https:\/\/secure.gravatar.com\/avatar\/3a8de04a2656d44082be478bd6c086daa447c4651605818287b9532d3d0bd435?s=96&d=mm&r=g","contentUrl":"https:\/\/secure.gravatar.com\/avatar\/3a8de04a2656d44082be478bd6c086daa447c4651605818287b9532d3d0bd435?s=96&d=mm&r=g","caption":"Lo viste en Los Pol\u00edticos"},"url":"https:\/\/lospoliticosveracruz.com\/?author=2"}]}},"_links":{"self":[{"href":"https:\/\/lospoliticosveracruz.com\/index.php?rest_route=\/wp\/v2\/posts\/63306","targetHints":{"allow":["GET"]}}],"collection":[{"href":"https:\/\/lospoliticosveracruz.com\/index.php?rest_route=\/wp\/v2\/posts"}],"about":[{"href":"https:\/\/lospoliticosveracruz.com\/index.php?rest_route=\/wp\/v2\/types\/post"}],"author":[{"embeddable":true,"href":"https:\/\/lospoliticosveracruz.com\/index.php?rest_route=\/wp\/v2\/users\/2"}],"replies":[{"embeddable":true,"href":"https:\/\/lospoliticosveracruz.com\/index.php?rest_route=%2Fwp%2Fv2%2Fcomments&post=63306"}],"version-history":[{"count":1,"href":"https:\/\/lospoliticosveracruz.com\/index.php?rest_route=\/wp\/v2\/posts\/63306\/revisions"}],"predecessor-version":[{"id":63308,"href":"https:\/\/lospoliticosveracruz.com\/index.php?rest_route=\/wp\/v2\/posts\/63306\/revisions\/63308"}],"wp:attachment":[{"href":"https:\/\/lospoliticosveracruz.com\/index.php?rest_route=%2Fwp%2Fv2%2Fmedia&parent=63306"}],"wp:term":[{"taxonomy":"category","embeddable":true,"href":"https:\/\/lospoliticosveracruz.com\/index.php?rest_route=%2Fwp%2Fv2%2Fcategories&post=63306"},{"taxonomy":"post_tag","embeddable":true,"href":"https:\/\/lospoliticosveracruz.com\/index.php?rest_route=%2Fwp%2Fv2%2Ftags&post=63306"}],"curies":[{"name":"wp","href":"https:\/\/api.w.org\/{rel}","templated":true}]}}