{"id":63398,"date":"2020-11-04T18:26:49","date_gmt":"2020-11-05T00:26:49","guid":{"rendered":"http:\/\/www.lospoliticosveracruz.com.mx\/?p=63398"},"modified":"2020-11-13T10:11:40","modified_gmt":"2020-11-13T16:11:40","slug":"a-levantar-cordoba","status":"publish","type":"post","link":"https:\/\/lospoliticosveracruz.com\/?p=63398","title":{"rendered":"A levantar C\u00f3rdoba!"},"content":{"rendered":"<p>&nbsp;<\/p>\n<p><a href=\"http:\/\/www.lospoliticosveracruz.com.mx\/wp-content\/uploads\/2020\/11\/Consume-C\u00f3rdoba-C.jpg\"><img loading=\"lazy\" decoding=\"async\" class=\"alignleft size-full wp-image-63721\" src=\"http:\/\/www.lospoliticosveracruz.com.mx\/wp-content\/uploads\/2020\/11\/Consume-C\u00f3rdoba-C.jpg\" alt=\"Consume C\u00f3rdoba C\" width=\"375\" height=\"627\" \/><\/a>Para impulsar la reactivaci\u00f3n econ\u00f3mica de C\u00f3rdoba, la presidenta Leticia L\u00f3pez Landero anunci\u00f3, durante la d\u00e9cimo tercera edici\u00f3n del programa Mi\u00e9rcoles Contigo, la realizaci\u00f3n de la expo #MeGustaC\u00f3rdoba y el programa Contigo en el Campo.<br \/>\nL\u00f3pez Landero se\u00f1al\u00f3 que la expo #MeGustaC\u00f3rdoba, que tendr\u00e1 como sede las canchas externas de El Mexicano, participar\u00e1n las y los emprendedores inscritos en la plataforma virtual habilitada por el Ayuntamiento de C\u00f3rdoba.<br \/>\nLa Mun\u00edcipe adelant\u00f3 que a trav\u00e9s del programa Contigo en el Campo, la Direcci\u00f3n de Desarrollo Econ\u00f3mico del Ayuntamiento de C\u00f3rdoba, entregar\u00e1 herramientas de trabajo en beneficio de productores rurales.<br \/>\nDijo que estas actividades forman parte de las acciones implementadas por la administraci\u00f3n municipal para el reinicio ordenado, paulatino y seguro de las actividades productivas en C\u00f3rdoba, superada la fase m\u00e1s aguda de la emergencia sanitaria.<br \/>\nDurante la emisi\u00f3n del Mi\u00e9rcoles Contigo, en la colonia Colorines, el presidente del Sistema DIF C\u00f3rdoba, Isaac Luz L\u00f3pez, entreg\u00f3 apoyos sociales a la se\u00f1ora Amada Ju\u00e1rez de la Cruz y se comprometi\u00f3 a la entrega de funcionales en beneficio de personas con discapacidad que acudieron a esta cita ciudadana.<br \/>\nPor su parte, Maximino Garc\u00eda Guzm\u00e1n, titular de la jefatura de atenci\u00f3n ciudadana, inform\u00f3 que se tiene un porcentaje de atenci\u00f3n del 75 por ciento de las 98 peticiones recibidas el mi\u00e9rcoles 28 de octubre, mientras el resto est\u00e1 en proceso al ser peticiones que requieren programaci\u00f3n por parte de las \u00e1reas operativas.<br \/>\nDestac\u00f3 que ante la situaci\u00f3n epidemiol\u00f3gica que persiste en el municipio, las y los cordobeses pueden hacer uso de la plataforma <em><strong>www.siac.cordoba.gob<\/strong><\/em> para realizar reporte de servicios y\/o peticiones de apoyos diversos por parte del municipio.<\/p>\n","protected":false},"excerpt":{"rendered":"<p>&nbsp; Para impulsar la reactivaci\u00f3n econ\u00f3mica de C\u00f3rdoba, la presidenta Leticia L\u00f3pez Landero anunci\u00f3, durante la d\u00e9cimo tercera edici\u00f3n del programa Mi\u00e9rcoles Contigo, la realizaci\u00f3n de la expo #MeGustaC\u00f3rdoba y el programa Contigo en el Campo. L\u00f3pez Landero se\u00f1al\u00f3 que la expo #MeGustaC\u00f3rdoba, que tendr\u00e1 como sede las canchas externas de El Mexicano, participar\u00e1n las [&hellip;]<\/p>\n","protected":false},"author":2,"featured_media":0,"comment_status":"open","ping_status":"open","sticky":false,"template":"","format":"standard","meta":{"tdm_status":"","tdm_grid_status":"","footnotes":""},"categories":[73],"tags":[23286,19185,10727,19170,7641,19187,19553,17200],"class_list":{"0":"post-63398","1":"post","2":"type-post","3":"status-publish","4":"format-standard","6":"category-de-boleto","7":"tag-contigo-en-el-campo","8":"tag-dif-cordoba","9":"tag-direccion-de-desarrollo-economico","10":"tag-isaac-luz-lopez","11":"tag-leticia-lopez-landero","12":"tag-maximino-garcia-guzman","13":"tag-miercoles-contigo","14":"tag-reactivacion-economica"},"yoast_head":"<!-- This site is optimized with the Yoast SEO plugin v27.4 - https:\/\/yoast.com\/product\/yoast-seo-wordpress\/ -->\n<title>A levantar C\u00f3rdoba! - Los pol\u00edticos Veracruz<\/title>\n<meta name=\"robots\" content=\"index, follow, max-snippet:-1, max-image-preview:large, max-video-preview:-1\" \/>\n<link rel=\"canonical\" href=\"https:\/\/lospoliticosveracruz.com\/?p=63398\" \/>\n<meta property=\"og:locale\" content=\"es_ES\" \/>\n<meta property=\"og:type\" content=\"article\" \/>\n<meta property=\"og:title\" content=\"A levantar C\u00f3rdoba! - Los pol\u00edticos Veracruz\" \/>\n<meta property=\"og:description\" content=\"&nbsp; Para impulsar la reactivaci\u00f3n econ\u00f3mica de C\u00f3rdoba, la presidenta Leticia L\u00f3pez Landero anunci\u00f3, durante la d\u00e9cimo tercera edici\u00f3n del programa Mi\u00e9rcoles Contigo, la realizaci\u00f3n de la expo #MeGustaC\u00f3rdoba y el programa Contigo en el Campo. L\u00f3pez Landero se\u00f1al\u00f3 que la expo #MeGustaC\u00f3rdoba, que tendr\u00e1 como sede las canchas externas de El Mexicano, participar\u00e1n las [&hellip;]\" \/>\n<meta property=\"og:url\" content=\"https:\/\/lospoliticosveracruz.com\/?p=63398\" \/>\n<meta property=\"og:site_name\" content=\"Los pol\u00edticos Veracruz\" \/>\n<meta property=\"article:publisher\" content=\"https:\/\/www.facebook.com\/people\/Notimemes-de-los-Polticos\/61565672886568\/\" \/>\n<meta property=\"article:published_time\" content=\"2020-11-05T00:26:49+00:00\" \/>\n<meta property=\"article:modified_time\" content=\"2020-11-13T16:11:40+00:00\" \/>\n<meta property=\"og:image\" content=\"https:\/\/lospoliticosveracruz.com\/wp-content\/uploads\/2016\/07\/Logo-Dor.jpg\" \/>\n\t<meta property=\"og:image:width\" content=\"200\" \/>\n\t<meta property=\"og:image:height\" content=\"200\" \/>\n\t<meta property=\"og:image:type\" content=\"image\/jpeg\" \/>\n<meta name=\"author\" content=\"Lo viste en Los Pol\u00edticos\" \/>\n<meta name=\"twitter:card\" content=\"summary_large_image\" \/>\n<meta name=\"twitter:creator\" content=\"@LosPoliticosVer\" \/>\n<meta name=\"twitter:site\" content=\"@LosPoliticosVer\" \/>\n<meta name=\"twitter:label1\" content=\"Escrito por\" \/>\n\t<meta name=\"twitter:data1\" content=\"Lo viste en Los Pol\u00edticos\" \/>\n\t<meta name=\"twitter:label2\" content=\"Tiempo de lectura\" \/>\n\t<meta name=\"twitter:data2\" content=\"2 minutos\" \/>\n<script type=\"application\/ld+json\" class=\"yoast-schema-graph\">{\"@context\":\"https:\\\/\\\/schema.org\",\"@graph\":[{\"@type\":\"Article\",\"@id\":\"https:\\\/\\\/lospoliticosveracruz.com\\\/?p=63398#article\",\"isPartOf\":{\"@id\":\"https:\\\/\\\/lospoliticosveracruz.com\\\/?p=63398\"},\"author\":{\"name\":\"Lo viste en Los Pol\u00edticos\",\"@id\":\"https:\\\/\\\/lospoliticosveracruz.com\\\/#\\\/schema\\\/person\\\/b8702bb0e538456e6efd07080bf2a4a2\"},\"headline\":\"A levantar C\u00f3rdoba!\",\"datePublished\":\"2020-11-05T00:26:49+00:00\",\"dateModified\":\"2020-11-13T16:11:40+00:00\",\"mainEntityOfPage\":{\"@id\":\"https:\\\/\\\/lospoliticosveracruz.com\\\/?p=63398\"},\"wordCount\":315,\"commentCount\":0,\"publisher\":{\"@id\":\"https:\\\/\\\/lospoliticosveracruz.com\\\/#organization\"},\"keywords\":[\"Contigo en el Campo\",\"DIF C\u00f3rdoba\",\"Direcci\u00f3n de Desarrollo Econ\u00f3mico\",\"Isaac Luz L\u00f3pez\",\"Leticia L\u00f3pez Landero\",\"Maximino Garc\u00eda Guzm\u00e1n\",\"Mi\u00e9rcoles Contigo\",\"Reactivaci\u00f3n Econ\u00f3mica\"],\"articleSection\":[\"De Boleto\"],\"inLanguage\":\"es\",\"potentialAction\":[{\"@type\":\"CommentAction\",\"name\":\"Comment\",\"target\":[\"https:\\\/\\\/lospoliticosveracruz.com\\\/?p=63398#respond\"]}]},{\"@type\":\"WebPage\",\"@id\":\"https:\\\/\\\/lospoliticosveracruz.com\\\/?p=63398\",\"url\":\"https:\\\/\\\/lospoliticosveracruz.com\\\/?p=63398\",\"name\":\"A levantar C\u00f3rdoba! - Los pol\u00edticos Veracruz\",\"isPartOf\":{\"@id\":\"https:\\\/\\\/lospoliticosveracruz.com\\\/#website\"},\"datePublished\":\"2020-11-05T00:26:49+00:00\",\"dateModified\":\"2020-11-13T16:11:40+00:00\",\"breadcrumb\":{\"@id\":\"https:\\\/\\\/lospoliticosveracruz.com\\\/?p=63398#breadcrumb\"},\"inLanguage\":\"es\",\"potentialAction\":[{\"@type\":\"ReadAction\",\"target\":[\"https:\\\/\\\/lospoliticosveracruz.com\\\/?p=63398\"]}]},{\"@type\":\"BreadcrumbList\",\"@id\":\"https:\\\/\\\/lospoliticosveracruz.com\\\/?p=63398#breadcrumb\",\"itemListElement\":[{\"@type\":\"ListItem\",\"position\":1,\"name\":\"Portada\",\"item\":\"https:\\\/\\\/lospoliticosveracruz.com\\\/\"},{\"@type\":\"ListItem\",\"position\":2,\"name\":\"A levantar C\u00f3rdoba!\"}]},{\"@type\":\"WebSite\",\"@id\":\"https:\\\/\\\/lospoliticosveracruz.com\\\/#website\",\"url\":\"https:\\\/\\\/lospoliticosveracruz.com\\\/\",\"name\":\"Los pol\u00edticos Veracruz\",\"description\":\"\",\"publisher\":{\"@id\":\"https:\\\/\\\/lospoliticosveracruz.com\\\/#organization\"},\"potentialAction\":[{\"@type\":\"SearchAction\",\"target\":{\"@type\":\"EntryPoint\",\"urlTemplate\":\"https:\\\/\\\/lospoliticosveracruz.com\\\/?s={search_term_string}\"},\"query-input\":{\"@type\":\"PropertyValueSpecification\",\"valueRequired\":true,\"valueName\":\"search_term_string\"}}],\"inLanguage\":\"es\"},{\"@type\":\"Organization\",\"@id\":\"https:\\\/\\\/lospoliticosveracruz.com\\\/#organization\",\"name\":\"Los pol\u00edticos Veracruz\",\"url\":\"https:\\\/\\\/lospoliticosveracruz.com\\\/\",\"logo\":{\"@type\":\"ImageObject\",\"inLanguage\":\"es\",\"@id\":\"https:\\\/\\\/lospoliticosveracruz.com\\\/#\\\/schema\\\/logo\\\/image\\\/\",\"url\":\"https:\\\/\\\/lospoliticosveracruz.com\\\/wp-content\\\/uploads\\\/2025\\\/12\\\/Logo-Nuevo-LOS-POLITICOS-1.jpg\",\"contentUrl\":\"https:\\\/\\\/lospoliticosveracruz.com\\\/wp-content\\\/uploads\\\/2025\\\/12\\\/Logo-Nuevo-LOS-POLITICOS-1.jpg\",\"width\":260,\"height\":70,\"caption\":\"Los pol\u00edticos Veracruz\"},\"image\":{\"@id\":\"https:\\\/\\\/lospoliticosveracruz.com\\\/#\\\/schema\\\/logo\\\/image\\\/\"},\"sameAs\":[\"https:\\\/\\\/www.facebook.com\\\/people\\\/Notimemes-de-los-Polticos\\\/61565672886568\\\/\",\"https:\\\/\\\/x.com\\\/LosPoliticosVer\"]},{\"@type\":\"Person\",\"@id\":\"https:\\\/\\\/lospoliticosveracruz.com\\\/#\\\/schema\\\/person\\\/b8702bb0e538456e6efd07080bf2a4a2\",\"name\":\"Lo viste en Los Pol\u00edticos\",\"image\":{\"@type\":\"ImageObject\",\"inLanguage\":\"es\",\"@id\":\"https:\\\/\\\/secure.gravatar.com\\\/avatar\\\/3a8de04a2656d44082be478bd6c086daa447c4651605818287b9532d3d0bd435?s=96&d=mm&r=g\",\"url\":\"https:\\\/\\\/secure.gravatar.com\\\/avatar\\\/3a8de04a2656d44082be478bd6c086daa447c4651605818287b9532d3d0bd435?s=96&d=mm&r=g\",\"contentUrl\":\"https:\\\/\\\/secure.gravatar.com\\\/avatar\\\/3a8de04a2656d44082be478bd6c086daa447c4651605818287b9532d3d0bd435?s=96&d=mm&r=g\",\"caption\":\"Lo viste en Los Pol\u00edticos\"},\"url\":\"https:\\\/\\\/lospoliticosveracruz.com\\\/?author=2\"}]}<\/script>\n<!-- \/ Yoast SEO plugin. -->","yoast_head_json":{"title":"A levantar C\u00f3rdoba! - Los pol\u00edticos Veracruz","robots":{"index":"index","follow":"follow","max-snippet":"max-snippet:-1","max-image-preview":"max-image-preview:large","max-video-preview":"max-video-preview:-1"},"canonical":"https:\/\/lospoliticosveracruz.com\/?p=63398","og_locale":"es_ES","og_type":"article","og_title":"A levantar C\u00f3rdoba! - Los pol\u00edticos Veracruz","og_description":"&nbsp; Para impulsar la reactivaci\u00f3n econ\u00f3mica de C\u00f3rdoba, la presidenta Leticia L\u00f3pez Landero anunci\u00f3, durante la d\u00e9cimo tercera edici\u00f3n del programa Mi\u00e9rcoles Contigo, la realizaci\u00f3n de la expo #MeGustaC\u00f3rdoba y el programa Contigo en el Campo. L\u00f3pez Landero se\u00f1al\u00f3 que la expo #MeGustaC\u00f3rdoba, que tendr\u00e1 como sede las canchas externas de El Mexicano, participar\u00e1n las [&hellip;]","og_url":"https:\/\/lospoliticosveracruz.com\/?p=63398","og_site_name":"Los pol\u00edticos Veracruz","article_publisher":"https:\/\/www.facebook.com\/people\/Notimemes-de-los-Polticos\/61565672886568\/","article_published_time":"2020-11-05T00:26:49+00:00","article_modified_time":"2020-11-13T16:11:40+00:00","og_image":[{"width":200,"height":200,"url":"https:\/\/lospoliticosveracruz.com\/wp-content\/uploads\/2016\/07\/Logo-Dor.jpg","type":"image\/jpeg"}],"author":"Lo viste en Los Pol\u00edticos","twitter_card":"summary_large_image","twitter_creator":"@LosPoliticosVer","twitter_site":"@LosPoliticosVer","twitter_misc":{"Escrito por":"Lo viste en Los Pol\u00edticos","Tiempo de lectura":"2 minutos"},"schema":{"@context":"https:\/\/schema.org","@graph":[{"@type":"Article","@id":"https:\/\/lospoliticosveracruz.com\/?p=63398#article","isPartOf":{"@id":"https:\/\/lospoliticosveracruz.com\/?p=63398"},"author":{"name":"Lo viste en Los Pol\u00edticos","@id":"https:\/\/lospoliticosveracruz.com\/#\/schema\/person\/b8702bb0e538456e6efd07080bf2a4a2"},"headline":"A levantar C\u00f3rdoba!","datePublished":"2020-11-05T00:26:49+00:00","dateModified":"2020-11-13T16:11:40+00:00","mainEntityOfPage":{"@id":"https:\/\/lospoliticosveracruz.com\/?p=63398"},"wordCount":315,"commentCount":0,"publisher":{"@id":"https:\/\/lospoliticosveracruz.com\/#organization"},"keywords":["Contigo en el Campo","DIF C\u00f3rdoba","Direcci\u00f3n de Desarrollo Econ\u00f3mico","Isaac Luz L\u00f3pez","Leticia L\u00f3pez Landero","Maximino Garc\u00eda Guzm\u00e1n","Mi\u00e9rcoles Contigo","Reactivaci\u00f3n Econ\u00f3mica"],"articleSection":["De Boleto"],"inLanguage":"es","potentialAction":[{"@type":"CommentAction","name":"Comment","target":["https:\/\/lospoliticosveracruz.com\/?p=63398#respond"]}]},{"@type":"WebPage","@id":"https:\/\/lospoliticosveracruz.com\/?p=63398","url":"https:\/\/lospoliticosveracruz.com\/?p=63398","name":"A levantar C\u00f3rdoba! - Los pol\u00edticos Veracruz","isPartOf":{"@id":"https:\/\/lospoliticosveracruz.com\/#website"},"datePublished":"2020-11-05T00:26:49+00:00","dateModified":"2020-11-13T16:11:40+00:00","breadcrumb":{"@id":"https:\/\/lospoliticosveracruz.com\/?p=63398#breadcrumb"},"inLanguage":"es","potentialAction":[{"@type":"ReadAction","target":["https:\/\/lospoliticosveracruz.com\/?p=63398"]}]},{"@type":"BreadcrumbList","@id":"https:\/\/lospoliticosveracruz.com\/?p=63398#breadcrumb","itemListElement":[{"@type":"ListItem","position":1,"name":"Portada","item":"https:\/\/lospoliticosveracruz.com\/"},{"@type":"ListItem","position":2,"name":"A levantar C\u00f3rdoba!"}]},{"@type":"WebSite","@id":"https:\/\/lospoliticosveracruz.com\/#website","url":"https:\/\/lospoliticosveracruz.com\/","name":"Los pol\u00edticos Veracruz","description":"","publisher":{"@id":"https:\/\/lospoliticosveracruz.com\/#organization"},"potentialAction":[{"@type":"SearchAction","target":{"@type":"EntryPoint","urlTemplate":"https:\/\/lospoliticosveracruz.com\/?s={search_term_string}"},"query-input":{"@type":"PropertyValueSpecification","valueRequired":true,"valueName":"search_term_string"}}],"inLanguage":"es"},{"@type":"Organization","@id":"https:\/\/lospoliticosveracruz.com\/#organization","name":"Los pol\u00edticos Veracruz","url":"https:\/\/lospoliticosveracruz.com\/","logo":{"@type":"ImageObject","inLanguage":"es","@id":"https:\/\/lospoliticosveracruz.com\/#\/schema\/logo\/image\/","url":"https:\/\/lospoliticosveracruz.com\/wp-content\/uploads\/2025\/12\/Logo-Nuevo-LOS-POLITICOS-1.jpg","contentUrl":"https:\/\/lospoliticosveracruz.com\/wp-content\/uploads\/2025\/12\/Logo-Nuevo-LOS-POLITICOS-1.jpg","width":260,"height":70,"caption":"Los pol\u00edticos Veracruz"},"image":{"@id":"https:\/\/lospoliticosveracruz.com\/#\/schema\/logo\/image\/"},"sameAs":["https:\/\/www.facebook.com\/people\/Notimemes-de-los-Polticos\/61565672886568\/","https:\/\/x.com\/LosPoliticosVer"]},{"@type":"Person","@id":"https:\/\/lospoliticosveracruz.com\/#\/schema\/person\/b8702bb0e538456e6efd07080bf2a4a2","name":"Lo viste en Los Pol\u00edticos","image":{"@type":"ImageObject","inLanguage":"es","@id":"https:\/\/secure.gravatar.com\/avatar\/3a8de04a2656d44082be478bd6c086daa447c4651605818287b9532d3d0bd435?s=96&d=mm&r=g","url":"https:\/\/secure.gravatar.com\/avatar\/3a8de04a2656d44082be478bd6c086daa447c4651605818287b9532d3d0bd435?s=96&d=mm&r=g","contentUrl":"https:\/\/secure.gravatar.com\/avatar\/3a8de04a2656d44082be478bd6c086daa447c4651605818287b9532d3d0bd435?s=96&d=mm&r=g","caption":"Lo viste en Los Pol\u00edticos"},"url":"https:\/\/lospoliticosveracruz.com\/?author=2"}]}},"_links":{"self":[{"href":"https:\/\/lospoliticosveracruz.com\/index.php?rest_route=\/wp\/v2\/posts\/63398","targetHints":{"allow":["GET"]}}],"collection":[{"href":"https:\/\/lospoliticosveracruz.com\/index.php?rest_route=\/wp\/v2\/posts"}],"about":[{"href":"https:\/\/lospoliticosveracruz.com\/index.php?rest_route=\/wp\/v2\/types\/post"}],"author":[{"embeddable":true,"href":"https:\/\/lospoliticosveracruz.com\/index.php?rest_route=\/wp\/v2\/users\/2"}],"replies":[{"embeddable":true,"href":"https:\/\/lospoliticosveracruz.com\/index.php?rest_route=%2Fwp%2Fv2%2Fcomments&post=63398"}],"version-history":[{"count":3,"href":"https:\/\/lospoliticosveracruz.com\/index.php?rest_route=\/wp\/v2\/posts\/63398\/revisions"}],"predecessor-version":[{"id":63852,"href":"https:\/\/lospoliticosveracruz.com\/index.php?rest_route=\/wp\/v2\/posts\/63398\/revisions\/63852"}],"wp:attachment":[{"href":"https:\/\/lospoliticosveracruz.com\/index.php?rest_route=%2Fwp%2Fv2%2Fmedia&parent=63398"}],"wp:term":[{"taxonomy":"category","embeddable":true,"href":"https:\/\/lospoliticosveracruz.com\/index.php?rest_route=%2Fwp%2Fv2%2Fcategories&post=63398"},{"taxonomy":"post_tag","embeddable":true,"href":"https:\/\/lospoliticosveracruz.com\/index.php?rest_route=%2Fwp%2Fv2%2Ftags&post=63398"}],"curies":[{"name":"wp","href":"https:\/\/api.w.org\/{rel}","templated":true}]}}