{"id":63412,"date":"2020-11-05T08:40:29","date_gmt":"2020-11-05T14:40:29","guid":{"rendered":"http:\/\/www.lospoliticosveracruz.com.mx\/?p=63412"},"modified":"2020-11-05T08:42:20","modified_gmt":"2020-11-05T14:42:20","slug":"maleno-mal-orientado-chiquis-si-puede","status":"publish","type":"post","link":"https:\/\/lospoliticosveracruz.com\/?p=63412","title":{"rendered":"Maleno, Mal-orientado; Chiquis, s\u00ed puede"},"content":{"rendered":"<p>&nbsp;<\/p>\n<p><strong>Ricardo Ch\u00faa<\/strong><br \/>\n<em>Sale y Vale<\/em><\/p>\n<p>&nbsp;<\/p>\n<p>MALENO, EL ERROR&#8230; No cabe duda, despu\u00e9s de pleitos \u00abrancheros\u00bb que sostuvo en el Congreso del Estado, el diputado, Maleno Rosales, que acus\u00f3 al coordinador de Comunicaci\u00f3n Social de esa legislatura, Aldo Valerio Zamudio, de intentar \u00abextorsionarlo\u00bb&#8230; Al parecer, ahora, las cosas no le \u00abpintan\u00bb bien al legislador&#8230; Ya que de acusador, se convirti\u00f3 en acusado, tan s\u00f3lo por incurrir en un ERROR DE C\u00c1LCULO, al celebrar la fiesta de XV a\u00f1os de su hija.. Y lo hace de manera p\u00fablica en plena pandemia de COVID y su repunte en Veracruz&#8230;<\/p>\n<p>&nbsp;<br \/>\n<a href=\"https:\/\/www.facebook.com\/notaria61veracruz\/\"><img decoding=\"async\" src=\"http:\/\/www.lospoliticosveracruz.com.mx\/wp-content\/uploads\/2020\/07\/CINTILLO-Armando.jpg\" alt=\"\" \/><\/a><br \/>\n&nbsp;<\/p>\n<p>Si bien es cierto, nadie puede criticar como padre de familia, el haber celebrado una fecha tan importante para su hija&#8230; Maleno Rosales, olvido un \u00abpeque\u00f1o\u00bb detalle importante&#8230; Es un legislador local, que pertenece al partido en el poder y que su gobierno federal y estatal est\u00e1n PIDIENDO desde hace d\u00edas&#8230; Que por el repunte de casos de Coronavirus, la gente evite acudir o realizar festejos masivos&#8230; Para que el n\u00famero de enfermos por Covid vayan a la baja en la entidad&#8230; Y \u00e9l hace todo lo contrario..<\/p>\n<p>As\u00ed que Maleno ahora no puede salir con el argumento, de que era poca gente y que fue por cumplir con su hija una funci\u00f3n de padre de familia&#8230; Eso queda descartado, cuando en su distrito han muerto muchas personas por COVID&#8230; Tampoco puede culpar a otros personajes de sus faltas como ciudadano ante la contingencia sanitaria, que vive Veracruz&#8230; As\u00ed que acusar a Esteban Ram\u00edrez, aspirante a la dirigencia estatal de MORENA, de hacer eventos con m\u00e1s gente que la fiesta de XV a\u00f1os, tampoco lo justifica&#8230; El diputado la reg\u00f3 y bien&#8230;<\/p>\n<p>Aqu\u00ed el caso&#8230; Es que el diputado local de MORENA, Maleno Rosales, queda como un personaje INCONGRUENTE&#8230; Ya que primero denuncia que hay \u00abfuego amigo\u00bb y hasta persecuci\u00f3n pol\u00edtica medi\u00e1tica en su contra y de su familia, por parte de propios colaboradores en Congreso Local&#8230; Pero, por otro lado, NO RESPETA disposiciones sanitarias que eviten m\u00e1s contagios de COVID porque el se\u00f1or hace una reuni\u00f3n familiar masiva y p\u00fablica.. Se predica con el ejemplo&#8230; As\u00ed todo se derrumba&#8230; QUE GRAVE ERROR&#8230;<\/p>\n<p>LA RESIDENCIA AZUL.. No se \u00abhagan bolas\u00bb de nuevo&#8230; El conflicto que tiene Miguel Angel Yunes M\u00e1rquez para ser oficialmente, porque hasta el momento todo es presunci\u00f3n, candidato a la alcald\u00eda de Veracruz puerto por el PAN. es hacia el interior del organismo pol\u00edtico, dentro de la luchas internas en el comit\u00e9 municipal&#8230; El problema no lo tiene afuera&#8230; Ni con el comit\u00e9 estatal que preside Joaqu\u00edn Guzm\u00e1n Avil\u00e9s o con el asunto de su residencia en esta ciudad&#8230; Menos con el tema de su credencial de elector.. . Por ah\u00ed.. JE JE JE&#8230;<\/p>\n<p>Por m\u00e1s que digan, que se\u00f1alen o que mencionen en redes sociales que Miguel Yunes junior est\u00e1 IMPEDIDO para ser candidato a la alcald\u00eda porte\u00f1a por el PAN&#8230; Eso es m\u00e1s que FALSO&#8230; Si el Jefe de Manzana de la calle donde, el presuntamente, tiene m\u00e1s de 3 a\u00f1os habitando en Veracruz puerto, le firma su CARTA DE RESIDENCIA, ese tema de la ilegibilidad queda SUPERADO y Yunes M\u00e1rquez podr\u00eda ser candidato&#8230; Sin problema aunque lo impugnen&#8230;<\/p>\n<p>Hay que recordar que la ley es interpretativa ante un Tribunal Electoral, ah\u00ed, quiz\u00e1s, a Yunes M\u00e1rquez le podr\u00edan impugnar su candidatura, entonces, ya depender\u00eda de la interpretaci\u00f3n de los Magistrados para saber la suerte por el caso de la residencia&#8230; Pero dif\u00edcilmente SE LA ECHAR\u00cdAN PARA ATR\u00c1S&#8230; Hace 3 a\u00f1os, Fidel Kuri Grajales fue candidato a la alcald\u00eda de Veracruz, teniendo su credencial de elector en Orizaba&#8230; Y NADIE LO VET\u00d3&#8230; Por qu\u00e9 habr\u00eda de ser diferente en este momento&#8230; \u00bfS\u00f3lo porque es un Yunes?&#8230;<\/p>\n<p>Este caso de Miguel Angel Yunes M\u00e1rquez&#8230; Es parecido a lo que le sucedi\u00f3 en su momento a Andr\u00e9s Manuel L\u00f3pez Obrador, en el a\u00f1o 2000, cuando NO REUN\u00cdA el requisito de RESIDENCIA cuando fue nominado candidato del PRD a Jefe de Gobierno de la Ciudad de M\u00e9xico&#8230; La credencial de elector del ahora Presidente de M\u00e9xico, estaba asentada en el municipio de Macuspana, Tabasco&#8230; Se hizo todo un esc\u00e1ndalo por eso.. Pero no pas\u00f3 nada, AMLO fue candidato y gan\u00f3 la elecci\u00f3n en CDMX&#8230; SI LO RECUERDAN&#8230; \u00bfNO?&#8230;<\/p>\n<p>S\u00f3lo como DATO&#8230; Fue el propio Presidente de M\u00e9xico, Ernesto Zedillo, quien AUTORIZ\u00d3 que fuera candidato por el PRD, inclusive PROHIBI\u00d3 al PRI impugnar esa candidatura&#8230; Y para que se ACUERDEN A\u00daN M\u00c1S&#8230; L\u00f3pez Obrador present\u00f3 una CONSTANCIA DE RESIDENCIA de que viv\u00eda en la calle Monterrey 50, que es la direcci\u00f3n de la sede nacional del PRD&#8230; Ja Ja Ja&#8230; Busquen en los archivos y se dar\u00e1n cuenta&#8230; EN POL\u00cdTICA, EL CINISMO ES ALGO QUE VA DE LA MANO.. Los jugadores cambian, el juego no&#8230; Va de vuelta&#8230; JA JA JA<\/p>\n<p>As\u00ed que todo este \u00abdrama\u00bb pol\u00edtico del caso: Candidatura a la alcald\u00eda de Veracruz-Yunes-Bingen, es s\u00f3lo un tema al INTERIOR del PAN&#8230; No les \u00abpega\u00bb hacia afuera en una elecci\u00f3n constitucional&#8230; En pocas palabras&#8230; Si va Miguel Yunes junior como candidato del PAN, con o sin alianza opositora, gana el municipio sin mayores problemas.. Si el nominado es Bingen Rementer\u00eda, por el panismo, tambi\u00e9n triunfa sin problemas&#8230; Los dos ganan, obvio tienen que ir con la marca PAN&#8230; Si no otra cosa puede suceder&#8230; AMEN&#8230;<\/p>\n<p>PD.. Ojal\u00e1 se cumpla la predicci\u00f3n del presidente del Comite de Participaci\u00f3n Ciudadana en Veracruz, Angelo Matiello, que despu\u00e9s de las elecciones de EEUU, no quede un impacto negativo en el valor de la moneda en M\u00e9xico, ya que el d\u00f3lar anda \u00abvolando\u00bb los 21 pesos&#8230; Que cuando se conozca al ganador entre Biden y Trump, se pueda estabilizar el peso.. Y el mercado financiero, no ande movido&#8230; A Veracruz, no le conviene una \u00absacudida\u00bb en el peso por las inversiones que hay&#8230; Ojala ya se sepa quien gan\u00f3&#8230; DIOS NOS BENDIGA&#8230;<\/p>\n","protected":false},"excerpt":{"rendered":"<p>&nbsp; Ricardo Ch\u00faa Sale y Vale &nbsp; MALENO, EL ERROR&#8230; No cabe duda, despu\u00e9s de pleitos \u00abrancheros\u00bb que sostuvo en el Congreso del Estado, el diputado, Maleno Rosales, que acus\u00f3 al coordinador de Comunicaci\u00f3n Social de esa legislatura, Aldo Valerio Zamudio, de intentar \u00abextorsionarlo\u00bb&#8230; Al parecer, ahora, las cosas no le \u00abpintan\u00bb bien al legislador&#8230; [&hellip;]<\/p>\n","protected":false},"author":2,"featured_media":0,"comment_status":"open","ping_status":"open","sticky":false,"template":"","format":"standard","meta":{"tdm_status":"","tdm_grid_status":"","footnotes":""},"categories":[70],"tags":[618,4684,17829,20279,608,23282,13812,536,266,107],"class_list":{"0":"post-63412","1":"post","2":"type-post","3":"status-publish","4":"format-standard","6":"category-de-opinion","7":"tag-andres-manuel-lopez-obrador","8":"tag-bingen-rementeria","9":"tag-covid","10":"tag-esteban-ramirez","11":"tag-fidel-kuri-grajales","12":"tag-fiesta-de-xv-anos","13":"tag-maleno-rosales","14":"tag-miguel-angel-yunes-marquez","15":"tag-pan","16":"tag-prd"},"yoast_head":"<!-- This site is optimized with the Yoast SEO plugin v27.4 - https:\/\/yoast.com\/product\/yoast-seo-wordpress\/ -->\n<title>Maleno, Mal-orientado; Chiquis, s\u00ed puede - Los pol\u00edticos Veracruz<\/title>\n<meta name=\"robots\" content=\"index, follow, max-snippet:-1, max-image-preview:large, max-video-preview:-1\" \/>\n<link rel=\"canonical\" href=\"https:\/\/lospoliticosveracruz.com\/?p=63412\" \/>\n<meta property=\"og:locale\" content=\"es_ES\" \/>\n<meta property=\"og:type\" content=\"article\" \/>\n<meta property=\"og:title\" content=\"Maleno, Mal-orientado; Chiquis, s\u00ed puede - Los pol\u00edticos Veracruz\" \/>\n<meta property=\"og:description\" content=\"&nbsp; Ricardo Ch\u00faa Sale y Vale &nbsp; MALENO, EL ERROR&#8230; No cabe duda, despu\u00e9s de pleitos \u00abrancheros\u00bb que sostuvo en el Congreso del Estado, el diputado, Maleno Rosales, que acus\u00f3 al coordinador de Comunicaci\u00f3n Social de esa legislatura, Aldo Valerio Zamudio, de intentar \u00abextorsionarlo\u00bb&#8230; Al parecer, ahora, las cosas no le \u00abpintan\u00bb bien al legislador&#8230; [&hellip;]\" \/>\n<meta property=\"og:url\" content=\"https:\/\/lospoliticosveracruz.com\/?p=63412\" \/>\n<meta property=\"og:site_name\" content=\"Los pol\u00edticos Veracruz\" \/>\n<meta property=\"article:publisher\" content=\"https:\/\/www.facebook.com\/people\/Notimemes-de-los-Polticos\/61565672886568\/\" \/>\n<meta property=\"article:published_time\" content=\"2020-11-05T14:40:29+00:00\" \/>\n<meta property=\"article:modified_time\" content=\"2020-11-05T14:42:20+00:00\" \/>\n<meta property=\"og:image\" content=\"http:\/\/www.lospoliticosveracruz.com.mx\/wp-content\/uploads\/2020\/07\/CINTILLO-Armando.jpg\" \/>\n<meta name=\"author\" content=\"Lo viste en Los Pol\u00edticos\" \/>\n<meta name=\"twitter:card\" content=\"summary_large_image\" \/>\n<meta name=\"twitter:creator\" content=\"@LosPoliticosVer\" \/>\n<meta name=\"twitter:site\" content=\"@LosPoliticosVer\" \/>\n<meta name=\"twitter:label1\" content=\"Escrito por\" \/>\n\t<meta name=\"twitter:data1\" content=\"Lo viste en Los Pol\u00edticos\" \/>\n\t<meta name=\"twitter:label2\" content=\"Tiempo de lectura\" \/>\n\t<meta name=\"twitter:data2\" content=\"5 minutos\" \/>\n<script type=\"application\/ld+json\" class=\"yoast-schema-graph\">{\"@context\":\"https:\\\/\\\/schema.org\",\"@graph\":[{\"@type\":\"Article\",\"@id\":\"https:\\\/\\\/lospoliticosveracruz.com\\\/?p=63412#article\",\"isPartOf\":{\"@id\":\"https:\\\/\\\/lospoliticosveracruz.com\\\/?p=63412\"},\"author\":{\"name\":\"Lo viste en Los Pol\u00edticos\",\"@id\":\"https:\\\/\\\/lospoliticosveracruz.com\\\/#\\\/schema\\\/person\\\/b8702bb0e538456e6efd07080bf2a4a2\"},\"headline\":\"Maleno, Mal-orientado; Chiquis, s\u00ed puede\",\"datePublished\":\"2020-11-05T14:40:29+00:00\",\"dateModified\":\"2020-11-05T14:42:20+00:00\",\"mainEntityOfPage\":{\"@id\":\"https:\\\/\\\/lospoliticosveracruz.com\\\/?p=63412\"},\"wordCount\":1056,\"commentCount\":0,\"publisher\":{\"@id\":\"https:\\\/\\\/lospoliticosveracruz.com\\\/#organization\"},\"image\":{\"@id\":\"https:\\\/\\\/lospoliticosveracruz.com\\\/?p=63412#primaryimage\"},\"thumbnailUrl\":\"http:\\\/\\\/www.lospoliticosveracruz.com.mx\\\/wp-content\\\/uploads\\\/2020\\\/07\\\/CINTILLO-Armando.jpg\",\"keywords\":[\"Andr\u00e9s Manuel L\u00f3pez Obrador\",\"Bingen Rementer\u00eda\",\"Covid\",\"Esteban Ram\u00edrez\",\"Fidel Kuri Grajales\",\"Fiesta de XV a\u00f1os\",\"Maleno Rosales\",\"Miguel \u00c1ngel Yunes M\u00e1rquez\",\"PAN\",\"PRD\"],\"articleSection\":[\"De Opini\u00f3n\"],\"inLanguage\":\"es\",\"potentialAction\":[{\"@type\":\"CommentAction\",\"name\":\"Comment\",\"target\":[\"https:\\\/\\\/lospoliticosveracruz.com\\\/?p=63412#respond\"]}]},{\"@type\":\"WebPage\",\"@id\":\"https:\\\/\\\/lospoliticosveracruz.com\\\/?p=63412\",\"url\":\"https:\\\/\\\/lospoliticosveracruz.com\\\/?p=63412\",\"name\":\"Maleno, Mal-orientado; Chiquis, s\u00ed puede - Los pol\u00edticos Veracruz\",\"isPartOf\":{\"@id\":\"https:\\\/\\\/lospoliticosveracruz.com\\\/#website\"},\"primaryImageOfPage\":{\"@id\":\"https:\\\/\\\/lospoliticosveracruz.com\\\/?p=63412#primaryimage\"},\"image\":{\"@id\":\"https:\\\/\\\/lospoliticosveracruz.com\\\/?p=63412#primaryimage\"},\"thumbnailUrl\":\"http:\\\/\\\/www.lospoliticosveracruz.com.mx\\\/wp-content\\\/uploads\\\/2020\\\/07\\\/CINTILLO-Armando.jpg\",\"datePublished\":\"2020-11-05T14:40:29+00:00\",\"dateModified\":\"2020-11-05T14:42:20+00:00\",\"breadcrumb\":{\"@id\":\"https:\\\/\\\/lospoliticosveracruz.com\\\/?p=63412#breadcrumb\"},\"inLanguage\":\"es\",\"potentialAction\":[{\"@type\":\"ReadAction\",\"target\":[\"https:\\\/\\\/lospoliticosveracruz.com\\\/?p=63412\"]}]},{\"@type\":\"ImageObject\",\"inLanguage\":\"es\",\"@id\":\"https:\\\/\\\/lospoliticosveracruz.com\\\/?p=63412#primaryimage\",\"url\":\"http:\\\/\\\/www.lospoliticosveracruz.com.mx\\\/wp-content\\\/uploads\\\/2020\\\/07\\\/CINTILLO-Armando.jpg\",\"contentUrl\":\"http:\\\/\\\/www.lospoliticosveracruz.com.mx\\\/wp-content\\\/uploads\\\/2020\\\/07\\\/CINTILLO-Armando.jpg\"},{\"@type\":\"BreadcrumbList\",\"@id\":\"https:\\\/\\\/lospoliticosveracruz.com\\\/?p=63412#breadcrumb\",\"itemListElement\":[{\"@type\":\"ListItem\",\"position\":1,\"name\":\"Portada\",\"item\":\"https:\\\/\\\/lospoliticosveracruz.com\\\/\"},{\"@type\":\"ListItem\",\"position\":2,\"name\":\"Maleno, Mal-orientado; Chiquis, s\u00ed puede\"}]},{\"@type\":\"WebSite\",\"@id\":\"https:\\\/\\\/lospoliticosveracruz.com\\\/#website\",\"url\":\"https:\\\/\\\/lospoliticosveracruz.com\\\/\",\"name\":\"Los pol\u00edticos Veracruz\",\"description\":\"\",\"publisher\":{\"@id\":\"https:\\\/\\\/lospoliticosveracruz.com\\\/#organization\"},\"potentialAction\":[{\"@type\":\"SearchAction\",\"target\":{\"@type\":\"EntryPoint\",\"urlTemplate\":\"https:\\\/\\\/lospoliticosveracruz.com\\\/?s={search_term_string}\"},\"query-input\":{\"@type\":\"PropertyValueSpecification\",\"valueRequired\":true,\"valueName\":\"search_term_string\"}}],\"inLanguage\":\"es\"},{\"@type\":\"Organization\",\"@id\":\"https:\\\/\\\/lospoliticosveracruz.com\\\/#organization\",\"name\":\"Los pol\u00edticos Veracruz\",\"url\":\"https:\\\/\\\/lospoliticosveracruz.com\\\/\",\"logo\":{\"@type\":\"ImageObject\",\"inLanguage\":\"es\",\"@id\":\"https:\\\/\\\/lospoliticosveracruz.com\\\/#\\\/schema\\\/logo\\\/image\\\/\",\"url\":\"https:\\\/\\\/lospoliticosveracruz.com\\\/wp-content\\\/uploads\\\/2025\\\/12\\\/Logo-Nuevo-LOS-POLITICOS-1.jpg\",\"contentUrl\":\"https:\\\/\\\/lospoliticosveracruz.com\\\/wp-content\\\/uploads\\\/2025\\\/12\\\/Logo-Nuevo-LOS-POLITICOS-1.jpg\",\"width\":260,\"height\":70,\"caption\":\"Los pol\u00edticos Veracruz\"},\"image\":{\"@id\":\"https:\\\/\\\/lospoliticosveracruz.com\\\/#\\\/schema\\\/logo\\\/image\\\/\"},\"sameAs\":[\"https:\\\/\\\/www.facebook.com\\\/people\\\/Notimemes-de-los-Polticos\\\/61565672886568\\\/\",\"https:\\\/\\\/x.com\\\/LosPoliticosVer\"]},{\"@type\":\"Person\",\"@id\":\"https:\\\/\\\/lospoliticosveracruz.com\\\/#\\\/schema\\\/person\\\/b8702bb0e538456e6efd07080bf2a4a2\",\"name\":\"Lo viste en Los Pol\u00edticos\",\"image\":{\"@type\":\"ImageObject\",\"inLanguage\":\"es\",\"@id\":\"https:\\\/\\\/secure.gravatar.com\\\/avatar\\\/3a8de04a2656d44082be478bd6c086daa447c4651605818287b9532d3d0bd435?s=96&d=mm&r=g\",\"url\":\"https:\\\/\\\/secure.gravatar.com\\\/avatar\\\/3a8de04a2656d44082be478bd6c086daa447c4651605818287b9532d3d0bd435?s=96&d=mm&r=g\",\"contentUrl\":\"https:\\\/\\\/secure.gravatar.com\\\/avatar\\\/3a8de04a2656d44082be478bd6c086daa447c4651605818287b9532d3d0bd435?s=96&d=mm&r=g\",\"caption\":\"Lo viste en Los Pol\u00edticos\"},\"url\":\"https:\\\/\\\/lospoliticosveracruz.com\\\/?author=2\"}]}<\/script>\n<!-- \/ Yoast SEO plugin. -->","yoast_head_json":{"title":"Maleno, Mal-orientado; Chiquis, s\u00ed puede - Los pol\u00edticos Veracruz","robots":{"index":"index","follow":"follow","max-snippet":"max-snippet:-1","max-image-preview":"max-image-preview:large","max-video-preview":"max-video-preview:-1"},"canonical":"https:\/\/lospoliticosveracruz.com\/?p=63412","og_locale":"es_ES","og_type":"article","og_title":"Maleno, Mal-orientado; Chiquis, s\u00ed puede - Los pol\u00edticos Veracruz","og_description":"&nbsp; Ricardo Ch\u00faa Sale y Vale &nbsp; MALENO, EL ERROR&#8230; No cabe duda, despu\u00e9s de pleitos \u00abrancheros\u00bb que sostuvo en el Congreso del Estado, el diputado, Maleno Rosales, que acus\u00f3 al coordinador de Comunicaci\u00f3n Social de esa legislatura, Aldo Valerio Zamudio, de intentar \u00abextorsionarlo\u00bb&#8230; Al parecer, ahora, las cosas no le \u00abpintan\u00bb bien al legislador&#8230; [&hellip;]","og_url":"https:\/\/lospoliticosveracruz.com\/?p=63412","og_site_name":"Los pol\u00edticos Veracruz","article_publisher":"https:\/\/www.facebook.com\/people\/Notimemes-de-los-Polticos\/61565672886568\/","article_published_time":"2020-11-05T14:40:29+00:00","article_modified_time":"2020-11-05T14:42:20+00:00","og_image":[{"url":"http:\/\/www.lospoliticosveracruz.com.mx\/wp-content\/uploads\/2020\/07\/CINTILLO-Armando.jpg","type":"","width":"","height":""}],"author":"Lo viste en Los Pol\u00edticos","twitter_card":"summary_large_image","twitter_creator":"@LosPoliticosVer","twitter_site":"@LosPoliticosVer","twitter_misc":{"Escrito por":"Lo viste en Los Pol\u00edticos","Tiempo de lectura":"5 minutos"},"schema":{"@context":"https:\/\/schema.org","@graph":[{"@type":"Article","@id":"https:\/\/lospoliticosveracruz.com\/?p=63412#article","isPartOf":{"@id":"https:\/\/lospoliticosveracruz.com\/?p=63412"},"author":{"name":"Lo viste en Los Pol\u00edticos","@id":"https:\/\/lospoliticosveracruz.com\/#\/schema\/person\/b8702bb0e538456e6efd07080bf2a4a2"},"headline":"Maleno, Mal-orientado; Chiquis, s\u00ed puede","datePublished":"2020-11-05T14:40:29+00:00","dateModified":"2020-11-05T14:42:20+00:00","mainEntityOfPage":{"@id":"https:\/\/lospoliticosveracruz.com\/?p=63412"},"wordCount":1056,"commentCount":0,"publisher":{"@id":"https:\/\/lospoliticosveracruz.com\/#organization"},"image":{"@id":"https:\/\/lospoliticosveracruz.com\/?p=63412#primaryimage"},"thumbnailUrl":"http:\/\/www.lospoliticosveracruz.com.mx\/wp-content\/uploads\/2020\/07\/CINTILLO-Armando.jpg","keywords":["Andr\u00e9s Manuel L\u00f3pez Obrador","Bingen Rementer\u00eda","Covid","Esteban Ram\u00edrez","Fidel Kuri Grajales","Fiesta de XV a\u00f1os","Maleno Rosales","Miguel \u00c1ngel Yunes M\u00e1rquez","PAN","PRD"],"articleSection":["De Opini\u00f3n"],"inLanguage":"es","potentialAction":[{"@type":"CommentAction","name":"Comment","target":["https:\/\/lospoliticosveracruz.com\/?p=63412#respond"]}]},{"@type":"WebPage","@id":"https:\/\/lospoliticosveracruz.com\/?p=63412","url":"https:\/\/lospoliticosveracruz.com\/?p=63412","name":"Maleno, Mal-orientado; Chiquis, s\u00ed puede - Los pol\u00edticos Veracruz","isPartOf":{"@id":"https:\/\/lospoliticosveracruz.com\/#website"},"primaryImageOfPage":{"@id":"https:\/\/lospoliticosveracruz.com\/?p=63412#primaryimage"},"image":{"@id":"https:\/\/lospoliticosveracruz.com\/?p=63412#primaryimage"},"thumbnailUrl":"http:\/\/www.lospoliticosveracruz.com.mx\/wp-content\/uploads\/2020\/07\/CINTILLO-Armando.jpg","datePublished":"2020-11-05T14:40:29+00:00","dateModified":"2020-11-05T14:42:20+00:00","breadcrumb":{"@id":"https:\/\/lospoliticosveracruz.com\/?p=63412#breadcrumb"},"inLanguage":"es","potentialAction":[{"@type":"ReadAction","target":["https:\/\/lospoliticosveracruz.com\/?p=63412"]}]},{"@type":"ImageObject","inLanguage":"es","@id":"https:\/\/lospoliticosveracruz.com\/?p=63412#primaryimage","url":"http:\/\/www.lospoliticosveracruz.com.mx\/wp-content\/uploads\/2020\/07\/CINTILLO-Armando.jpg","contentUrl":"http:\/\/www.lospoliticosveracruz.com.mx\/wp-content\/uploads\/2020\/07\/CINTILLO-Armando.jpg"},{"@type":"BreadcrumbList","@id":"https:\/\/lospoliticosveracruz.com\/?p=63412#breadcrumb","itemListElement":[{"@type":"ListItem","position":1,"name":"Portada","item":"https:\/\/lospoliticosveracruz.com\/"},{"@type":"ListItem","position":2,"name":"Maleno, Mal-orientado; Chiquis, s\u00ed puede"}]},{"@type":"WebSite","@id":"https:\/\/lospoliticosveracruz.com\/#website","url":"https:\/\/lospoliticosveracruz.com\/","name":"Los pol\u00edticos Veracruz","description":"","publisher":{"@id":"https:\/\/lospoliticosveracruz.com\/#organization"},"potentialAction":[{"@type":"SearchAction","target":{"@type":"EntryPoint","urlTemplate":"https:\/\/lospoliticosveracruz.com\/?s={search_term_string}"},"query-input":{"@type":"PropertyValueSpecification","valueRequired":true,"valueName":"search_term_string"}}],"inLanguage":"es"},{"@type":"Organization","@id":"https:\/\/lospoliticosveracruz.com\/#organization","name":"Los pol\u00edticos Veracruz","url":"https:\/\/lospoliticosveracruz.com\/","logo":{"@type":"ImageObject","inLanguage":"es","@id":"https:\/\/lospoliticosveracruz.com\/#\/schema\/logo\/image\/","url":"https:\/\/lospoliticosveracruz.com\/wp-content\/uploads\/2025\/12\/Logo-Nuevo-LOS-POLITICOS-1.jpg","contentUrl":"https:\/\/lospoliticosveracruz.com\/wp-content\/uploads\/2025\/12\/Logo-Nuevo-LOS-POLITICOS-1.jpg","width":260,"height":70,"caption":"Los pol\u00edticos Veracruz"},"image":{"@id":"https:\/\/lospoliticosveracruz.com\/#\/schema\/logo\/image\/"},"sameAs":["https:\/\/www.facebook.com\/people\/Notimemes-de-los-Polticos\/61565672886568\/","https:\/\/x.com\/LosPoliticosVer"]},{"@type":"Person","@id":"https:\/\/lospoliticosveracruz.com\/#\/schema\/person\/b8702bb0e538456e6efd07080bf2a4a2","name":"Lo viste en Los Pol\u00edticos","image":{"@type":"ImageObject","inLanguage":"es","@id":"https:\/\/secure.gravatar.com\/avatar\/3a8de04a2656d44082be478bd6c086daa447c4651605818287b9532d3d0bd435?s=96&d=mm&r=g","url":"https:\/\/secure.gravatar.com\/avatar\/3a8de04a2656d44082be478bd6c086daa447c4651605818287b9532d3d0bd435?s=96&d=mm&r=g","contentUrl":"https:\/\/secure.gravatar.com\/avatar\/3a8de04a2656d44082be478bd6c086daa447c4651605818287b9532d3d0bd435?s=96&d=mm&r=g","caption":"Lo viste en Los Pol\u00edticos"},"url":"https:\/\/lospoliticosveracruz.com\/?author=2"}]}},"_links":{"self":[{"href":"https:\/\/lospoliticosveracruz.com\/index.php?rest_route=\/wp\/v2\/posts\/63412","targetHints":{"allow":["GET"]}}],"collection":[{"href":"https:\/\/lospoliticosveracruz.com\/index.php?rest_route=\/wp\/v2\/posts"}],"about":[{"href":"https:\/\/lospoliticosveracruz.com\/index.php?rest_route=\/wp\/v2\/types\/post"}],"author":[{"embeddable":true,"href":"https:\/\/lospoliticosveracruz.com\/index.php?rest_route=\/wp\/v2\/users\/2"}],"replies":[{"embeddable":true,"href":"https:\/\/lospoliticosveracruz.com\/index.php?rest_route=%2Fwp%2Fv2%2Fcomments&post=63412"}],"version-history":[{"count":2,"href":"https:\/\/lospoliticosveracruz.com\/index.php?rest_route=\/wp\/v2\/posts\/63412\/revisions"}],"predecessor-version":[{"id":63415,"href":"https:\/\/lospoliticosveracruz.com\/index.php?rest_route=\/wp\/v2\/posts\/63412\/revisions\/63415"}],"wp:attachment":[{"href":"https:\/\/lospoliticosveracruz.com\/index.php?rest_route=%2Fwp%2Fv2%2Fmedia&parent=63412"}],"wp:term":[{"taxonomy":"category","embeddable":true,"href":"https:\/\/lospoliticosveracruz.com\/index.php?rest_route=%2Fwp%2Fv2%2Fcategories&post=63412"},{"taxonomy":"post_tag","embeddable":true,"href":"https:\/\/lospoliticosveracruz.com\/index.php?rest_route=%2Fwp%2Fv2%2Ftags&post=63412"}],"curies":[{"name":"wp","href":"https:\/\/api.w.org\/{rel}","templated":true}]}}