{"id":63426,"date":"2020-11-05T10:48:58","date_gmt":"2020-11-05T16:48:58","guid":{"rendered":"http:\/\/www.lospoliticosveracruz.com.mx\/?p=63426"},"modified":"2020-11-05T10:48:58","modified_gmt":"2020-11-05T16:48:58","slug":"en-perote-se-trabaja-como-si-fuera-el-primer-dia","status":"publish","type":"post","link":"https:\/\/lospoliticosveracruz.com\/?p=63426","title":{"rendered":"En Perote se trabaja como si fuera el primer d\u00eda"},"content":{"rendered":"<p>&nbsp;<\/p>\n<p><strong>Enrique Yasser Pompeyo<\/strong><br \/>\n<em>Perote<\/em><\/p>\n<p>El presidente municipal de Perote, Juan Francisco Hervert Prado destac\u00f3 que este a\u00f1o ya se ha hecho el 80 por ciento de la obra p\u00fablica y hay una que est\u00e1 por arrancar. Se trata de un nuevo pozo profundo para abastecer de agua a los habitantes de la cabecera municipal.<br \/>\nPor ello, este viernes someter\u00e1 a cabildo el Programa General de Inversi\u00f3n (PGI); adem\u00e1s, ya se firm\u00f3 un convenio con la Comisi\u00f3n de Agua del Estado de Veracruz (CAEV) y se han hecho todos los tr\u00e1mites con la Comisi\u00f3n Nacional del Agua (Conagua).<br \/>\nEl proyecto tendr\u00e1 un periodo de ejecuci\u00f3n de tres meses, iniciar\u00e1 en el mes de diciembre y ser\u00e1n beneficiados 20 mil habitantes.<\/p>\n<p><strong>LAS OBRAS<\/strong><br \/>\nEn lo que va de su administraci\u00f3n municipal se han construido m\u00e1s de 20 mil metros de l\u00ednea de agua potable e igual n\u00famero de metros en drenaje sanitario.<br \/>\nAdem\u00e1s, se han pavimentado m\u00e1s de 20 kil\u00f3metros de calles y se han hecho pozos en comunidades como Madero, \u201cque ten\u00eda un grave problema de abasto de agua, con m\u00e1s de dos kil\u00f3metros de red de l\u00ednea de conducci\u00f3n y una caja de agua acorde a las necesidades; tambi\u00e9n en la comunidad de La Gloria, una red de agua potable de tres kil\u00f3metros\u201d.<\/p>\n<p><strong>ACCIONES SOCIALES<\/strong><br \/>\nEl alcalde tambi\u00e9n destac\u00f3 que el DIF de Perote \u201cha trabajado de una manera extraordinaria, con acciones a lo largo y ancho de todo el municipio, pocos DIF lo han podido llevar a cabo\u201d.<br \/>\nSi bien dijo que con la pandemia se redujo el campo de acci\u00f3n, seguir\u00e1n trabajando con la nueva normalidad.<br \/>\nPor ello, el tercer informe de Juan Francisco Hervert Prado ser\u00e1 en la Sala Presidentes que tiene un cupo de aproximadamente de 130 personas, pero s\u00f3lo se invitar\u00e1 a la tercera parte para guardar la sana distancia, \u201cse dar\u00e1 la cuarta sesi\u00f3n solemne de cabildo con todos los ediles y rendiremos cuentas a la ciudadan\u00eda de Perote\u201d.<br \/>\nAl respecto, agreg\u00f3: \u201cseguiremos trabajando como si fuera el primer d\u00eda, nos falta un a\u00f1o y menos de dos meses, tenemos la convicci\u00f3n de seguir trabajando intensamente, tenemos que hacer nuestro m\u00e1ximo esfuerzo\u201d.<\/p>\n<p><strong>SOBRE LA PANDEMIA<\/strong><br \/>\nEl municipio de Perote es la entrada a Veracruz y por ello se convierte en un centro comercial de 14 municipios de la entidad y del estado de Puebla.<br \/>\nEs as\u00ed que los s\u00e1bados, domingos y lunes acuden a comerciantes a vender a un tianguis comercial, por lo que ante la pandemia se aplicaron medidas sanitarias preventivas.<br \/>\nEl alcalde destaca que \u201cdespu\u00e9s de 16 semanas logramos abatir el n\u00famero de contagios; en los \u00faltimos dos meses se he reducido la cifra\u201d.<br \/>\nNo obstante, indica que se est\u00e1 ante la entrada de un repunte, \u201cse va a empezar a dar en todos los estados\u201d y detalla que el Covid-19 no deja de ser una enfermedad respiratoria que afecta principalmente a los pulmones, por lo que se asocia a la temporada de fr\u00edo y Perote es una zona fr\u00eda, de manera que incidir\u00e1 en las infecciones respiratorias.<\/p>\n<p><strong>FIDEICOMISOS<\/strong><br \/>\nSobre la desaparici\u00f3n de los fideicomisos, dijo que Perote ha padecido por las heladas y por las sequ\u00edas, por lo que record\u00f3 que a\u00f1o con a\u00f1o \u201cemit\u00edamos los protocolos ante Gobernaci\u00f3n o Protecci\u00f3n Civil y eran beneficiadas las personas afectadas en sus cosechas, ten\u00edamos tambi\u00e9n el Fonden; ahora no nos han dicho c\u00f3mo son las reglas de operaci\u00f3n para la ayuda, ni los tr\u00e1mites a seguir\u201d.<br \/>\nEl a\u00f1o pasado y el antepasado, el municipio recibi\u00f3 recursos por parte del Fondo Nacional de Desastres para los campesinos afectados.<\/p>\n<p><strong>TEMPORADA INVERNAL<\/strong><br \/>\nAnte la temporada invernal, el alcalde indic\u00f3 que se cuenta con un fondo de contingencia, \u201cel Fortamun, del Ramo 033, siempre lo dejamos para estas fechas que son para ayuda alimentaria, compra de cobijas, colchonetas; ahora en la contingencia sanitaria entregamos a lo largo y ancho del municipio apoyos alimentarios y se van a volver a entregar a la gente m\u00e1s necesitada por medio de Protecci\u00f3n Civil, pues hay comunidades por arriba de los tres mil metros de altitud\u201d.<\/p>\n<p><strong>INCENDIOS FORESTALES<\/strong><br \/>\nEl a\u00f1o pasado se registraron alrededor de 130 incendios forestales y en este a\u00f1o fueron menos debido a las lluvias, \u201chay situaciones que los incrementan, primero, que los fr\u00edos sean muy intensos y segundo, que el estiaje sea prolongado\u201d.<br \/>\nEl alcalde destac\u00f3 la buena relaci\u00f3n con la Secretar\u00eda de Medio Ambiente (Sedema) y la Comisi\u00f3n Nacional Forestal (Conafor), \u201chemos trabajado de la mano, en conjunto y recibido el gran apoyo\u201d.<\/p>\n","protected":false},"excerpt":{"rendered":"<p>&nbsp; Enrique Yasser Pompeyo Perote El presidente municipal de Perote, Juan Francisco Hervert Prado destac\u00f3 que este a\u00f1o ya se ha hecho el 80 por ciento de la obra p\u00fablica y hay una que est\u00e1 por arrancar. Se trata de un nuevo pozo profundo para abastecer de agua a los habitantes de la cabecera municipal. [&hellip;]<\/p>\n","protected":false},"author":2,"featured_media":0,"comment_status":"open","ping_status":"open","sticky":false,"template":"","format":"standard","meta":{"tdm_status":"","tdm_grid_status":"","footnotes":""},"categories":[6446],"tags":[3739,147,205,23298,7814,7795,7346,6287,148,23296,23297,206,1036,23299],"class_list":{"0":"post-63426","1":"post","2":"type-post","3":"status-publish","4":"format-standard","6":"category-la-nota","7":"tag-caev","8":"tag-conafor","9":"tag-conagua","10":"tag-dif-de-perote","11":"tag-fortamun","12":"tag-incendios-forestales","13":"tag-juan-francisco-hervert-prado","14":"tag-obra-publica","15":"tag-perote","16":"tag-pozo-profundo","17":"tag-programa-general-de-inversion","18":"tag-proteccion-civil","19":"tag-sedema","20":"tag-tianguis-comercial"},"yoast_head":"<!-- This site is optimized with the Yoast SEO plugin v27.4 - https:\/\/yoast.com\/product\/yoast-seo-wordpress\/ -->\n<title>En Perote se trabaja como si fuera el primer d\u00eda - Los pol\u00edticos Veracruz<\/title>\n<meta name=\"robots\" content=\"index, follow, max-snippet:-1, max-image-preview:large, max-video-preview:-1\" \/>\n<link rel=\"canonical\" href=\"https:\/\/lospoliticosveracruz.com\/?p=63426\" \/>\n<meta property=\"og:locale\" content=\"es_ES\" \/>\n<meta property=\"og:type\" content=\"article\" \/>\n<meta property=\"og:title\" content=\"En Perote se trabaja como si fuera el primer d\u00eda - Los pol\u00edticos Veracruz\" \/>\n<meta property=\"og:description\" content=\"&nbsp; Enrique Yasser Pompeyo Perote El presidente municipal de Perote, Juan Francisco Hervert Prado destac\u00f3 que este a\u00f1o ya se ha hecho el 80 por ciento de la obra p\u00fablica y hay una que est\u00e1 por arrancar. Se trata de un nuevo pozo profundo para abastecer de agua a los habitantes de la cabecera municipal. [&hellip;]\" \/>\n<meta property=\"og:url\" content=\"https:\/\/lospoliticosveracruz.com\/?p=63426\" \/>\n<meta property=\"og:site_name\" content=\"Los pol\u00edticos Veracruz\" \/>\n<meta property=\"article:publisher\" content=\"https:\/\/www.facebook.com\/people\/Notimemes-de-los-Polticos\/61565672886568\/\" \/>\n<meta property=\"article:published_time\" content=\"2020-11-05T16:48:58+00:00\" \/>\n<meta property=\"og:image\" content=\"https:\/\/lospoliticosveracruz.com\/wp-content\/uploads\/2016\/07\/Logo-Dor.jpg\" \/>\n\t<meta property=\"og:image:width\" content=\"200\" \/>\n\t<meta property=\"og:image:height\" content=\"200\" \/>\n\t<meta property=\"og:image:type\" content=\"image\/jpeg\" \/>\n<meta name=\"author\" content=\"Lo viste en Los Pol\u00edticos\" \/>\n<meta name=\"twitter:card\" content=\"summary_large_image\" \/>\n<meta name=\"twitter:creator\" content=\"@LosPoliticosVer\" \/>\n<meta name=\"twitter:site\" content=\"@LosPoliticosVer\" \/>\n<meta name=\"twitter:label1\" content=\"Escrito por\" \/>\n\t<meta name=\"twitter:data1\" content=\"Lo viste en Los Pol\u00edticos\" \/>\n\t<meta name=\"twitter:label2\" content=\"Tiempo de lectura\" \/>\n\t<meta name=\"twitter:data2\" content=\"4 minutos\" \/>\n<script type=\"application\/ld+json\" class=\"yoast-schema-graph\">{\"@context\":\"https:\\\/\\\/schema.org\",\"@graph\":[{\"@type\":\"Article\",\"@id\":\"https:\\\/\\\/lospoliticosveracruz.com\\\/?p=63426#article\",\"isPartOf\":{\"@id\":\"https:\\\/\\\/lospoliticosveracruz.com\\\/?p=63426\"},\"author\":{\"name\":\"Lo viste en Los Pol\u00edticos\",\"@id\":\"https:\\\/\\\/lospoliticosveracruz.com\\\/#\\\/schema\\\/person\\\/b8702bb0e538456e6efd07080bf2a4a2\"},\"headline\":\"En Perote se trabaja como si fuera el primer d\u00eda\",\"datePublished\":\"2020-11-05T16:48:58+00:00\",\"mainEntityOfPage\":{\"@id\":\"https:\\\/\\\/lospoliticosveracruz.com\\\/?p=63426\"},\"wordCount\":809,\"commentCount\":0,\"publisher\":{\"@id\":\"https:\\\/\\\/lospoliticosveracruz.com\\\/#organization\"},\"keywords\":[\"CAEV\",\"Conafor\",\"Conagua\",\"DIF de Perote\",\"Fortamun\",\"Incendios forestales\",\"Juan Francisco Hervert Prado\",\"Obra p\u00fablica\",\"Perote\",\"Pozo profundo\",\"Programa General de Inversi\u00f3n\",\"Protecci\u00f3n Civil\",\"Sedema\",\"Tianguis comercial\"],\"articleSection\":[\"La Nota\"],\"inLanguage\":\"es\",\"potentialAction\":[{\"@type\":\"CommentAction\",\"name\":\"Comment\",\"target\":[\"https:\\\/\\\/lospoliticosveracruz.com\\\/?p=63426#respond\"]}]},{\"@type\":\"WebPage\",\"@id\":\"https:\\\/\\\/lospoliticosveracruz.com\\\/?p=63426\",\"url\":\"https:\\\/\\\/lospoliticosveracruz.com\\\/?p=63426\",\"name\":\"En Perote se trabaja como si fuera el primer d\u00eda - Los pol\u00edticos Veracruz\",\"isPartOf\":{\"@id\":\"https:\\\/\\\/lospoliticosveracruz.com\\\/#website\"},\"datePublished\":\"2020-11-05T16:48:58+00:00\",\"breadcrumb\":{\"@id\":\"https:\\\/\\\/lospoliticosveracruz.com\\\/?p=63426#breadcrumb\"},\"inLanguage\":\"es\",\"potentialAction\":[{\"@type\":\"ReadAction\",\"target\":[\"https:\\\/\\\/lospoliticosveracruz.com\\\/?p=63426\"]}]},{\"@type\":\"BreadcrumbList\",\"@id\":\"https:\\\/\\\/lospoliticosveracruz.com\\\/?p=63426#breadcrumb\",\"itemListElement\":[{\"@type\":\"ListItem\",\"position\":1,\"name\":\"Portada\",\"item\":\"https:\\\/\\\/lospoliticosveracruz.com\\\/\"},{\"@type\":\"ListItem\",\"position\":2,\"name\":\"En Perote se trabaja como si fuera el primer d\u00eda\"}]},{\"@type\":\"WebSite\",\"@id\":\"https:\\\/\\\/lospoliticosveracruz.com\\\/#website\",\"url\":\"https:\\\/\\\/lospoliticosveracruz.com\\\/\",\"name\":\"Los pol\u00edticos Veracruz\",\"description\":\"\",\"publisher\":{\"@id\":\"https:\\\/\\\/lospoliticosveracruz.com\\\/#organization\"},\"potentialAction\":[{\"@type\":\"SearchAction\",\"target\":{\"@type\":\"EntryPoint\",\"urlTemplate\":\"https:\\\/\\\/lospoliticosveracruz.com\\\/?s={search_term_string}\"},\"query-input\":{\"@type\":\"PropertyValueSpecification\",\"valueRequired\":true,\"valueName\":\"search_term_string\"}}],\"inLanguage\":\"es\"},{\"@type\":\"Organization\",\"@id\":\"https:\\\/\\\/lospoliticosveracruz.com\\\/#organization\",\"name\":\"Los pol\u00edticos Veracruz\",\"url\":\"https:\\\/\\\/lospoliticosveracruz.com\\\/\",\"logo\":{\"@type\":\"ImageObject\",\"inLanguage\":\"es\",\"@id\":\"https:\\\/\\\/lospoliticosveracruz.com\\\/#\\\/schema\\\/logo\\\/image\\\/\",\"url\":\"https:\\\/\\\/lospoliticosveracruz.com\\\/wp-content\\\/uploads\\\/2025\\\/12\\\/Logo-Nuevo-LOS-POLITICOS-1.jpg\",\"contentUrl\":\"https:\\\/\\\/lospoliticosveracruz.com\\\/wp-content\\\/uploads\\\/2025\\\/12\\\/Logo-Nuevo-LOS-POLITICOS-1.jpg\",\"width\":260,\"height\":70,\"caption\":\"Los pol\u00edticos Veracruz\"},\"image\":{\"@id\":\"https:\\\/\\\/lospoliticosveracruz.com\\\/#\\\/schema\\\/logo\\\/image\\\/\"},\"sameAs\":[\"https:\\\/\\\/www.facebook.com\\\/people\\\/Notimemes-de-los-Polticos\\\/61565672886568\\\/\",\"https:\\\/\\\/x.com\\\/LosPoliticosVer\"]},{\"@type\":\"Person\",\"@id\":\"https:\\\/\\\/lospoliticosveracruz.com\\\/#\\\/schema\\\/person\\\/b8702bb0e538456e6efd07080bf2a4a2\",\"name\":\"Lo viste en Los Pol\u00edticos\",\"image\":{\"@type\":\"ImageObject\",\"inLanguage\":\"es\",\"@id\":\"https:\\\/\\\/secure.gravatar.com\\\/avatar\\\/3a8de04a2656d44082be478bd6c086daa447c4651605818287b9532d3d0bd435?s=96&d=mm&r=g\",\"url\":\"https:\\\/\\\/secure.gravatar.com\\\/avatar\\\/3a8de04a2656d44082be478bd6c086daa447c4651605818287b9532d3d0bd435?s=96&d=mm&r=g\",\"contentUrl\":\"https:\\\/\\\/secure.gravatar.com\\\/avatar\\\/3a8de04a2656d44082be478bd6c086daa447c4651605818287b9532d3d0bd435?s=96&d=mm&r=g\",\"caption\":\"Lo viste en Los Pol\u00edticos\"},\"url\":\"https:\\\/\\\/lospoliticosveracruz.com\\\/?author=2\"}]}<\/script>\n<!-- \/ Yoast SEO plugin. -->","yoast_head_json":{"title":"En Perote se trabaja como si fuera el primer d\u00eda - Los pol\u00edticos Veracruz","robots":{"index":"index","follow":"follow","max-snippet":"max-snippet:-1","max-image-preview":"max-image-preview:large","max-video-preview":"max-video-preview:-1"},"canonical":"https:\/\/lospoliticosveracruz.com\/?p=63426","og_locale":"es_ES","og_type":"article","og_title":"En Perote se trabaja como si fuera el primer d\u00eda - Los pol\u00edticos Veracruz","og_description":"&nbsp; Enrique Yasser Pompeyo Perote El presidente municipal de Perote, Juan Francisco Hervert Prado destac\u00f3 que este a\u00f1o ya se ha hecho el 80 por ciento de la obra p\u00fablica y hay una que est\u00e1 por arrancar. Se trata de un nuevo pozo profundo para abastecer de agua a los habitantes de la cabecera municipal. [&hellip;]","og_url":"https:\/\/lospoliticosveracruz.com\/?p=63426","og_site_name":"Los pol\u00edticos Veracruz","article_publisher":"https:\/\/www.facebook.com\/people\/Notimemes-de-los-Polticos\/61565672886568\/","article_published_time":"2020-11-05T16:48:58+00:00","og_image":[{"width":200,"height":200,"url":"https:\/\/lospoliticosveracruz.com\/wp-content\/uploads\/2016\/07\/Logo-Dor.jpg","type":"image\/jpeg"}],"author":"Lo viste en Los Pol\u00edticos","twitter_card":"summary_large_image","twitter_creator":"@LosPoliticosVer","twitter_site":"@LosPoliticosVer","twitter_misc":{"Escrito por":"Lo viste en Los Pol\u00edticos","Tiempo de lectura":"4 minutos"},"schema":{"@context":"https:\/\/schema.org","@graph":[{"@type":"Article","@id":"https:\/\/lospoliticosveracruz.com\/?p=63426#article","isPartOf":{"@id":"https:\/\/lospoliticosveracruz.com\/?p=63426"},"author":{"name":"Lo viste en Los Pol\u00edticos","@id":"https:\/\/lospoliticosveracruz.com\/#\/schema\/person\/b8702bb0e538456e6efd07080bf2a4a2"},"headline":"En Perote se trabaja como si fuera el primer d\u00eda","datePublished":"2020-11-05T16:48:58+00:00","mainEntityOfPage":{"@id":"https:\/\/lospoliticosveracruz.com\/?p=63426"},"wordCount":809,"commentCount":0,"publisher":{"@id":"https:\/\/lospoliticosveracruz.com\/#organization"},"keywords":["CAEV","Conafor","Conagua","DIF de Perote","Fortamun","Incendios forestales","Juan Francisco Hervert Prado","Obra p\u00fablica","Perote","Pozo profundo","Programa General de Inversi\u00f3n","Protecci\u00f3n Civil","Sedema","Tianguis comercial"],"articleSection":["La Nota"],"inLanguage":"es","potentialAction":[{"@type":"CommentAction","name":"Comment","target":["https:\/\/lospoliticosveracruz.com\/?p=63426#respond"]}]},{"@type":"WebPage","@id":"https:\/\/lospoliticosveracruz.com\/?p=63426","url":"https:\/\/lospoliticosveracruz.com\/?p=63426","name":"En Perote se trabaja como si fuera el primer d\u00eda - Los pol\u00edticos Veracruz","isPartOf":{"@id":"https:\/\/lospoliticosveracruz.com\/#website"},"datePublished":"2020-11-05T16:48:58+00:00","breadcrumb":{"@id":"https:\/\/lospoliticosveracruz.com\/?p=63426#breadcrumb"},"inLanguage":"es","potentialAction":[{"@type":"ReadAction","target":["https:\/\/lospoliticosveracruz.com\/?p=63426"]}]},{"@type":"BreadcrumbList","@id":"https:\/\/lospoliticosveracruz.com\/?p=63426#breadcrumb","itemListElement":[{"@type":"ListItem","position":1,"name":"Portada","item":"https:\/\/lospoliticosveracruz.com\/"},{"@type":"ListItem","position":2,"name":"En Perote se trabaja como si fuera el primer d\u00eda"}]},{"@type":"WebSite","@id":"https:\/\/lospoliticosveracruz.com\/#website","url":"https:\/\/lospoliticosveracruz.com\/","name":"Los pol\u00edticos Veracruz","description":"","publisher":{"@id":"https:\/\/lospoliticosveracruz.com\/#organization"},"potentialAction":[{"@type":"SearchAction","target":{"@type":"EntryPoint","urlTemplate":"https:\/\/lospoliticosveracruz.com\/?s={search_term_string}"},"query-input":{"@type":"PropertyValueSpecification","valueRequired":true,"valueName":"search_term_string"}}],"inLanguage":"es"},{"@type":"Organization","@id":"https:\/\/lospoliticosveracruz.com\/#organization","name":"Los pol\u00edticos Veracruz","url":"https:\/\/lospoliticosveracruz.com\/","logo":{"@type":"ImageObject","inLanguage":"es","@id":"https:\/\/lospoliticosveracruz.com\/#\/schema\/logo\/image\/","url":"https:\/\/lospoliticosveracruz.com\/wp-content\/uploads\/2025\/12\/Logo-Nuevo-LOS-POLITICOS-1.jpg","contentUrl":"https:\/\/lospoliticosveracruz.com\/wp-content\/uploads\/2025\/12\/Logo-Nuevo-LOS-POLITICOS-1.jpg","width":260,"height":70,"caption":"Los pol\u00edticos Veracruz"},"image":{"@id":"https:\/\/lospoliticosveracruz.com\/#\/schema\/logo\/image\/"},"sameAs":["https:\/\/www.facebook.com\/people\/Notimemes-de-los-Polticos\/61565672886568\/","https:\/\/x.com\/LosPoliticosVer"]},{"@type":"Person","@id":"https:\/\/lospoliticosveracruz.com\/#\/schema\/person\/b8702bb0e538456e6efd07080bf2a4a2","name":"Lo viste en Los Pol\u00edticos","image":{"@type":"ImageObject","inLanguage":"es","@id":"https:\/\/secure.gravatar.com\/avatar\/3a8de04a2656d44082be478bd6c086daa447c4651605818287b9532d3d0bd435?s=96&d=mm&r=g","url":"https:\/\/secure.gravatar.com\/avatar\/3a8de04a2656d44082be478bd6c086daa447c4651605818287b9532d3d0bd435?s=96&d=mm&r=g","contentUrl":"https:\/\/secure.gravatar.com\/avatar\/3a8de04a2656d44082be478bd6c086daa447c4651605818287b9532d3d0bd435?s=96&d=mm&r=g","caption":"Lo viste en Los Pol\u00edticos"},"url":"https:\/\/lospoliticosveracruz.com\/?author=2"}]}},"_links":{"self":[{"href":"https:\/\/lospoliticosveracruz.com\/index.php?rest_route=\/wp\/v2\/posts\/63426","targetHints":{"allow":["GET"]}}],"collection":[{"href":"https:\/\/lospoliticosveracruz.com\/index.php?rest_route=\/wp\/v2\/posts"}],"about":[{"href":"https:\/\/lospoliticosveracruz.com\/index.php?rest_route=\/wp\/v2\/types\/post"}],"author":[{"embeddable":true,"href":"https:\/\/lospoliticosveracruz.com\/index.php?rest_route=\/wp\/v2\/users\/2"}],"replies":[{"embeddable":true,"href":"https:\/\/lospoliticosveracruz.com\/index.php?rest_route=%2Fwp%2Fv2%2Fcomments&post=63426"}],"version-history":[{"count":1,"href":"https:\/\/lospoliticosveracruz.com\/index.php?rest_route=\/wp\/v2\/posts\/63426\/revisions"}],"predecessor-version":[{"id":63428,"href":"https:\/\/lospoliticosveracruz.com\/index.php?rest_route=\/wp\/v2\/posts\/63426\/revisions\/63428"}],"wp:attachment":[{"href":"https:\/\/lospoliticosveracruz.com\/index.php?rest_route=%2Fwp%2Fv2%2Fmedia&parent=63426"}],"wp:term":[{"taxonomy":"category","embeddable":true,"href":"https:\/\/lospoliticosveracruz.com\/index.php?rest_route=%2Fwp%2Fv2%2Fcategories&post=63426"},{"taxonomy":"post_tag","embeddable":true,"href":"https:\/\/lospoliticosveracruz.com\/index.php?rest_route=%2Fwp%2Fv2%2Ftags&post=63426"}],"curies":[{"name":"wp","href":"https:\/\/api.w.org\/{rel}","templated":true}]}}