{"id":63432,"date":"2020-11-05T11:27:27","date_gmt":"2020-11-05T17:27:27","guid":{"rendered":"http:\/\/www.lospoliticosveracruz.com.mx\/?p=63432"},"modified":"2020-11-05T11:28:55","modified_gmt":"2020-11-05T17:28:55","slug":"van-senadores-contra-bola-8","status":"publish","type":"post","link":"https:\/\/lospoliticosveracruz.com\/?p=63432","title":{"rendered":"Van Senadores contra Bola 8!"},"content":{"rendered":"<p>&nbsp;<\/p>\n<p>Los Senadores Miguel \u00c1ngel Mancera Espinosa, Juan Manuel F\u00f3cil P\u00e9rez y Antonio Garc\u00eda Conejo, coordinador e integrantes de la bancada del Partido de la Revoluci\u00f3n Democr\u00e1tica en el Senado, sometieron a consideraci\u00f3n de la LXIV asamblea un punto de acuerdo mediante el cual exhortan a la Secretar\u00eda de Gobernaci\u00f3n del Gobierno Federal y al gobernador de Veracruz, para que de inmediato atiendan el acoso y las amenazas del secretario de gobierno Erick Patrocinio Cisneros contra presidentas y presidentes municipales del PRD en Veracruz.<br \/>\nEl punto de acuerdo refiere a que alcaldes de municipios como Papantla, San Rafael, Apazapan, Espinal, Ixhuatl\u00e1n del sureste y Coatzintla han recibido dichas amenazas de forma sistem\u00e1tica, entre las que se incluyen \u201cahorcamiento financiero\u201d y hostigamiento incluso policial, por parte de Patrocinio Cisneros para que apoyen a los candidatos del Partido Morena en la elecci\u00f3n del 2021, lo que calificaron como violencia al estado de derecho.<br \/>\nCabe recordar que en fecha reciente, de gira por el municipio de Zongolica, los presidentes de las Direcciones Nacional y Estatal Ejecutiva del PRD, Jes\u00fas Zambrano Grijalva y Sergio Cadena Mart\u00ednez, respectivamente, denunciaron dicha situaci\u00f3n acompa\u00f1ados por mun\u00edcipes, quienes posteriormente se trasladaron a la C\u00e1mara de Diputados federal, donde ratificaron estos hechos y recibieron el respaldo de los legisladores de su partido.<br \/>\nDe esta manera, el Senado exhorta a la Secretar\u00eda de Gobernaci\u00f3n para que atienda la \u201cgrave problem\u00e1tica\u201d que afecta a las presidentas y presidentes municipales y resuelva dicha situaci\u00f3n para garantizar la gobernabilidad en la entidad.<br \/>\nAsimismo, el Senado tambi\u00e9n lanz\u00f3 un exhorto al gobernador Cuitl\u00e1huac Garc\u00eda Jim\u00e9nez para que en ejercicio de sus atribuciones resuelva esta problem\u00e1tica relacionada con la violaci\u00f3n de la legalidad, imparcialidad y equidad con la que se debe conducir el secretario Cisneros.<br \/>\nAl respecto, Sergio Cadena Mart\u00ednez, presidente de la DEE de Veracruz agradeci\u00f3 el respaldo de los senadores de su partido y de la Direcci\u00f3n Nacional, quienes dijo han estado en permanente contacto para evaluar el desarrollo de estos hechos, y en caso necesario tomar otro tipo de medidas con la finalidad de que se respete la autonom\u00eda municipal, reiterando su apoyo a todas y todos los presidentes municipales.<\/p>\n","protected":false},"excerpt":{"rendered":"<p>&nbsp; Los Senadores Miguel \u00c1ngel Mancera Espinosa, Juan Manuel F\u00f3cil P\u00e9rez y Antonio Garc\u00eda Conejo, coordinador e integrantes de la bancada del Partido de la Revoluci\u00f3n Democr\u00e1tica en el Senado, sometieron a consideraci\u00f3n de la LXIV asamblea un punto de acuerdo mediante el cual exhortan a la Secretar\u00eda de Gobernaci\u00f3n del Gobierno Federal y al [&hellip;]<\/p>\n","protected":false},"author":2,"featured_media":0,"comment_status":"open","ping_status":"open","sticky":false,"template":"","format":"standard","meta":{"tdm_status":"","tdm_grid_status":"","footnotes":""},"categories":[1],"tags":[23311,1563,3752,2056,23309,21651,23305,23308,23307,1026,19916,107,20422,3020,7887,195],"class_list":{"0":"post-63432","1":"post","2":"type-post","3":"status-publish","4":"format-standard","6":"category-sin-categoria","7":"tag-camara-de-diputados-federal","8":"tag-cuitlahuac-garcia-jimenez","9":"tag-gobernador-de-veracruz","10":"tag-gobierno-federal","11":"tag-hostigamiento-incluso-policial","12":"tag-jesus-zambrano-grijalva","13":"tag-juan-manuel-focil-perez","14":"tag-lxiv-asamblea","15":"tag-miguel-angel-mancera-espinosa","16":"tag-morena","17":"tag-patrocinio-cisneros","18":"tag-prd","19":"tag-prd-en-veracruz","20":"tag-secretaria-de-gobernacion","21":"tag-sergio-cadena-martinez","22":"tag-veracruz"},"yoast_head":"<!-- This site is optimized with the Yoast SEO plugin v27.4 - https:\/\/yoast.com\/product\/yoast-seo-wordpress\/ -->\n<title>Van Senadores contra Bola 8! - Los pol\u00edticos Veracruz<\/title>\n<meta name=\"robots\" content=\"index, follow, max-snippet:-1, max-image-preview:large, max-video-preview:-1\" \/>\n<link rel=\"canonical\" href=\"https:\/\/lospoliticosveracruz.com\/?p=63432\" \/>\n<meta property=\"og:locale\" content=\"es_ES\" \/>\n<meta property=\"og:type\" content=\"article\" \/>\n<meta property=\"og:title\" content=\"Van Senadores contra Bola 8! - Los pol\u00edticos Veracruz\" \/>\n<meta property=\"og:description\" content=\"&nbsp; Los Senadores Miguel \u00c1ngel Mancera Espinosa, Juan Manuel F\u00f3cil P\u00e9rez y Antonio Garc\u00eda Conejo, coordinador e integrantes de la bancada del Partido de la Revoluci\u00f3n Democr\u00e1tica en el Senado, sometieron a consideraci\u00f3n de la LXIV asamblea un punto de acuerdo mediante el cual exhortan a la Secretar\u00eda de Gobernaci\u00f3n del Gobierno Federal y al [&hellip;]\" \/>\n<meta property=\"og:url\" content=\"https:\/\/lospoliticosveracruz.com\/?p=63432\" \/>\n<meta property=\"og:site_name\" content=\"Los pol\u00edticos Veracruz\" \/>\n<meta property=\"article:publisher\" content=\"https:\/\/www.facebook.com\/people\/Notimemes-de-los-Polticos\/61565672886568\/\" \/>\n<meta property=\"article:published_time\" content=\"2020-11-05T17:27:27+00:00\" \/>\n<meta property=\"article:modified_time\" content=\"2020-11-05T17:28:55+00:00\" \/>\n<meta property=\"og:image\" content=\"https:\/\/lospoliticosveracruz.com\/wp-content\/uploads\/2016\/07\/Logo-Dor.jpg\" \/>\n\t<meta property=\"og:image:width\" content=\"200\" \/>\n\t<meta property=\"og:image:height\" content=\"200\" \/>\n\t<meta property=\"og:image:type\" content=\"image\/jpeg\" \/>\n<meta name=\"author\" content=\"Lo viste en Los Pol\u00edticos\" \/>\n<meta name=\"twitter:card\" content=\"summary_large_image\" \/>\n<meta name=\"twitter:creator\" content=\"@LosPoliticosVer\" \/>\n<meta name=\"twitter:site\" content=\"@LosPoliticosVer\" \/>\n<meta name=\"twitter:label1\" content=\"Escrito por\" \/>\n\t<meta name=\"twitter:data1\" content=\"Lo viste en Los Pol\u00edticos\" \/>\n\t<meta name=\"twitter:label2\" content=\"Tiempo de lectura\" \/>\n\t<meta name=\"twitter:data2\" content=\"2 minutos\" \/>\n<script type=\"application\/ld+json\" class=\"yoast-schema-graph\">{\"@context\":\"https:\\\/\\\/schema.org\",\"@graph\":[{\"@type\":\"Article\",\"@id\":\"https:\\\/\\\/lospoliticosveracruz.com\\\/?p=63432#article\",\"isPartOf\":{\"@id\":\"https:\\\/\\\/lospoliticosveracruz.com\\\/?p=63432\"},\"author\":{\"name\":\"Lo viste en Los Pol\u00edticos\",\"@id\":\"https:\\\/\\\/lospoliticosveracruz.com\\\/#\\\/schema\\\/person\\\/b8702bb0e538456e6efd07080bf2a4a2\"},\"headline\":\"Van Senadores contra Bola 8!\",\"datePublished\":\"2020-11-05T17:27:27+00:00\",\"dateModified\":\"2020-11-05T17:28:55+00:00\",\"mainEntityOfPage\":{\"@id\":\"https:\\\/\\\/lospoliticosveracruz.com\\\/?p=63432\"},\"wordCount\":391,\"commentCount\":0,\"publisher\":{\"@id\":\"https:\\\/\\\/lospoliticosveracruz.com\\\/#organization\"},\"keywords\":[\"C\u00e1mara de Diputados federal\",\"Cuitl\u00e1huac Garc\u00eda Jim\u00e9nez\",\"Gobernador de Veracruz\",\"Gobierno federal\",\"Hostigamiento incluso policial\",\"Jes\u00fas Zambrano Grijalva\",\"Juan Manuel F\u00f3cil P\u00e9rez\",\"LXIV asamblea\",\"Miguel \u00c1ngel Mancera Espinosa\",\"Morena\",\"Patrocinio Cisneros\",\"PRD\",\"PRD en Veracruz\",\"Secretar\u00eda de Gobernaci\u00f3n\",\"Sergio Cadena Mart\u00ednez\",\"Veracruz\"],\"inLanguage\":\"es\",\"potentialAction\":[{\"@type\":\"CommentAction\",\"name\":\"Comment\",\"target\":[\"https:\\\/\\\/lospoliticosveracruz.com\\\/?p=63432#respond\"]}]},{\"@type\":\"WebPage\",\"@id\":\"https:\\\/\\\/lospoliticosveracruz.com\\\/?p=63432\",\"url\":\"https:\\\/\\\/lospoliticosveracruz.com\\\/?p=63432\",\"name\":\"Van Senadores contra Bola 8! - Los pol\u00edticos Veracruz\",\"isPartOf\":{\"@id\":\"https:\\\/\\\/lospoliticosveracruz.com\\\/#website\"},\"datePublished\":\"2020-11-05T17:27:27+00:00\",\"dateModified\":\"2020-11-05T17:28:55+00:00\",\"breadcrumb\":{\"@id\":\"https:\\\/\\\/lospoliticosveracruz.com\\\/?p=63432#breadcrumb\"},\"inLanguage\":\"es\",\"potentialAction\":[{\"@type\":\"ReadAction\",\"target\":[\"https:\\\/\\\/lospoliticosveracruz.com\\\/?p=63432\"]}]},{\"@type\":\"BreadcrumbList\",\"@id\":\"https:\\\/\\\/lospoliticosveracruz.com\\\/?p=63432#breadcrumb\",\"itemListElement\":[{\"@type\":\"ListItem\",\"position\":1,\"name\":\"Portada\",\"item\":\"https:\\\/\\\/lospoliticosveracruz.com\\\/\"},{\"@type\":\"ListItem\",\"position\":2,\"name\":\"Van Senadores contra Bola 8!\"}]},{\"@type\":\"WebSite\",\"@id\":\"https:\\\/\\\/lospoliticosveracruz.com\\\/#website\",\"url\":\"https:\\\/\\\/lospoliticosveracruz.com\\\/\",\"name\":\"Los pol\u00edticos Veracruz\",\"description\":\"\",\"publisher\":{\"@id\":\"https:\\\/\\\/lospoliticosveracruz.com\\\/#organization\"},\"potentialAction\":[{\"@type\":\"SearchAction\",\"target\":{\"@type\":\"EntryPoint\",\"urlTemplate\":\"https:\\\/\\\/lospoliticosveracruz.com\\\/?s={search_term_string}\"},\"query-input\":{\"@type\":\"PropertyValueSpecification\",\"valueRequired\":true,\"valueName\":\"search_term_string\"}}],\"inLanguage\":\"es\"},{\"@type\":\"Organization\",\"@id\":\"https:\\\/\\\/lospoliticosveracruz.com\\\/#organization\",\"name\":\"Los pol\u00edticos Veracruz\",\"url\":\"https:\\\/\\\/lospoliticosveracruz.com\\\/\",\"logo\":{\"@type\":\"ImageObject\",\"inLanguage\":\"es\",\"@id\":\"https:\\\/\\\/lospoliticosveracruz.com\\\/#\\\/schema\\\/logo\\\/image\\\/\",\"url\":\"https:\\\/\\\/lospoliticosveracruz.com\\\/wp-content\\\/uploads\\\/2025\\\/12\\\/Logo-Nuevo-LOS-POLITICOS-1.jpg\",\"contentUrl\":\"https:\\\/\\\/lospoliticosveracruz.com\\\/wp-content\\\/uploads\\\/2025\\\/12\\\/Logo-Nuevo-LOS-POLITICOS-1.jpg\",\"width\":260,\"height\":70,\"caption\":\"Los pol\u00edticos Veracruz\"},\"image\":{\"@id\":\"https:\\\/\\\/lospoliticosveracruz.com\\\/#\\\/schema\\\/logo\\\/image\\\/\"},\"sameAs\":[\"https:\\\/\\\/www.facebook.com\\\/people\\\/Notimemes-de-los-Polticos\\\/61565672886568\\\/\",\"https:\\\/\\\/x.com\\\/LosPoliticosVer\"]},{\"@type\":\"Person\",\"@id\":\"https:\\\/\\\/lospoliticosveracruz.com\\\/#\\\/schema\\\/person\\\/b8702bb0e538456e6efd07080bf2a4a2\",\"name\":\"Lo viste en Los Pol\u00edticos\",\"image\":{\"@type\":\"ImageObject\",\"inLanguage\":\"es\",\"@id\":\"https:\\\/\\\/secure.gravatar.com\\\/avatar\\\/3a8de04a2656d44082be478bd6c086daa447c4651605818287b9532d3d0bd435?s=96&d=mm&r=g\",\"url\":\"https:\\\/\\\/secure.gravatar.com\\\/avatar\\\/3a8de04a2656d44082be478bd6c086daa447c4651605818287b9532d3d0bd435?s=96&d=mm&r=g\",\"contentUrl\":\"https:\\\/\\\/secure.gravatar.com\\\/avatar\\\/3a8de04a2656d44082be478bd6c086daa447c4651605818287b9532d3d0bd435?s=96&d=mm&r=g\",\"caption\":\"Lo viste en Los Pol\u00edticos\"},\"url\":\"https:\\\/\\\/lospoliticosveracruz.com\\\/?author=2\"}]}<\/script>\n<!-- \/ Yoast SEO plugin. -->","yoast_head_json":{"title":"Van Senadores contra Bola 8! - Los pol\u00edticos Veracruz","robots":{"index":"index","follow":"follow","max-snippet":"max-snippet:-1","max-image-preview":"max-image-preview:large","max-video-preview":"max-video-preview:-1"},"canonical":"https:\/\/lospoliticosveracruz.com\/?p=63432","og_locale":"es_ES","og_type":"article","og_title":"Van Senadores contra Bola 8! - Los pol\u00edticos Veracruz","og_description":"&nbsp; Los Senadores Miguel \u00c1ngel Mancera Espinosa, Juan Manuel F\u00f3cil P\u00e9rez y Antonio Garc\u00eda Conejo, coordinador e integrantes de la bancada del Partido de la Revoluci\u00f3n Democr\u00e1tica en el Senado, sometieron a consideraci\u00f3n de la LXIV asamblea un punto de acuerdo mediante el cual exhortan a la Secretar\u00eda de Gobernaci\u00f3n del Gobierno Federal y al [&hellip;]","og_url":"https:\/\/lospoliticosveracruz.com\/?p=63432","og_site_name":"Los pol\u00edticos Veracruz","article_publisher":"https:\/\/www.facebook.com\/people\/Notimemes-de-los-Polticos\/61565672886568\/","article_published_time":"2020-11-05T17:27:27+00:00","article_modified_time":"2020-11-05T17:28:55+00:00","og_image":[{"width":200,"height":200,"url":"https:\/\/lospoliticosveracruz.com\/wp-content\/uploads\/2016\/07\/Logo-Dor.jpg","type":"image\/jpeg"}],"author":"Lo viste en Los Pol\u00edticos","twitter_card":"summary_large_image","twitter_creator":"@LosPoliticosVer","twitter_site":"@LosPoliticosVer","twitter_misc":{"Escrito por":"Lo viste en Los Pol\u00edticos","Tiempo de lectura":"2 minutos"},"schema":{"@context":"https:\/\/schema.org","@graph":[{"@type":"Article","@id":"https:\/\/lospoliticosveracruz.com\/?p=63432#article","isPartOf":{"@id":"https:\/\/lospoliticosveracruz.com\/?p=63432"},"author":{"name":"Lo viste en Los Pol\u00edticos","@id":"https:\/\/lospoliticosveracruz.com\/#\/schema\/person\/b8702bb0e538456e6efd07080bf2a4a2"},"headline":"Van Senadores contra Bola 8!","datePublished":"2020-11-05T17:27:27+00:00","dateModified":"2020-11-05T17:28:55+00:00","mainEntityOfPage":{"@id":"https:\/\/lospoliticosveracruz.com\/?p=63432"},"wordCount":391,"commentCount":0,"publisher":{"@id":"https:\/\/lospoliticosveracruz.com\/#organization"},"keywords":["C\u00e1mara de Diputados federal","Cuitl\u00e1huac Garc\u00eda Jim\u00e9nez","Gobernador de Veracruz","Gobierno federal","Hostigamiento incluso policial","Jes\u00fas Zambrano Grijalva","Juan Manuel F\u00f3cil P\u00e9rez","LXIV asamblea","Miguel \u00c1ngel Mancera Espinosa","Morena","Patrocinio Cisneros","PRD","PRD en Veracruz","Secretar\u00eda de Gobernaci\u00f3n","Sergio Cadena Mart\u00ednez","Veracruz"],"inLanguage":"es","potentialAction":[{"@type":"CommentAction","name":"Comment","target":["https:\/\/lospoliticosveracruz.com\/?p=63432#respond"]}]},{"@type":"WebPage","@id":"https:\/\/lospoliticosveracruz.com\/?p=63432","url":"https:\/\/lospoliticosveracruz.com\/?p=63432","name":"Van Senadores contra Bola 8! - Los pol\u00edticos Veracruz","isPartOf":{"@id":"https:\/\/lospoliticosveracruz.com\/#website"},"datePublished":"2020-11-05T17:27:27+00:00","dateModified":"2020-11-05T17:28:55+00:00","breadcrumb":{"@id":"https:\/\/lospoliticosveracruz.com\/?p=63432#breadcrumb"},"inLanguage":"es","potentialAction":[{"@type":"ReadAction","target":["https:\/\/lospoliticosveracruz.com\/?p=63432"]}]},{"@type":"BreadcrumbList","@id":"https:\/\/lospoliticosveracruz.com\/?p=63432#breadcrumb","itemListElement":[{"@type":"ListItem","position":1,"name":"Portada","item":"https:\/\/lospoliticosveracruz.com\/"},{"@type":"ListItem","position":2,"name":"Van Senadores contra Bola 8!"}]},{"@type":"WebSite","@id":"https:\/\/lospoliticosveracruz.com\/#website","url":"https:\/\/lospoliticosveracruz.com\/","name":"Los pol\u00edticos Veracruz","description":"","publisher":{"@id":"https:\/\/lospoliticosveracruz.com\/#organization"},"potentialAction":[{"@type":"SearchAction","target":{"@type":"EntryPoint","urlTemplate":"https:\/\/lospoliticosveracruz.com\/?s={search_term_string}"},"query-input":{"@type":"PropertyValueSpecification","valueRequired":true,"valueName":"search_term_string"}}],"inLanguage":"es"},{"@type":"Organization","@id":"https:\/\/lospoliticosveracruz.com\/#organization","name":"Los pol\u00edticos Veracruz","url":"https:\/\/lospoliticosveracruz.com\/","logo":{"@type":"ImageObject","inLanguage":"es","@id":"https:\/\/lospoliticosveracruz.com\/#\/schema\/logo\/image\/","url":"https:\/\/lospoliticosveracruz.com\/wp-content\/uploads\/2025\/12\/Logo-Nuevo-LOS-POLITICOS-1.jpg","contentUrl":"https:\/\/lospoliticosveracruz.com\/wp-content\/uploads\/2025\/12\/Logo-Nuevo-LOS-POLITICOS-1.jpg","width":260,"height":70,"caption":"Los pol\u00edticos Veracruz"},"image":{"@id":"https:\/\/lospoliticosveracruz.com\/#\/schema\/logo\/image\/"},"sameAs":["https:\/\/www.facebook.com\/people\/Notimemes-de-los-Polticos\/61565672886568\/","https:\/\/x.com\/LosPoliticosVer"]},{"@type":"Person","@id":"https:\/\/lospoliticosveracruz.com\/#\/schema\/person\/b8702bb0e538456e6efd07080bf2a4a2","name":"Lo viste en Los Pol\u00edticos","image":{"@type":"ImageObject","inLanguage":"es","@id":"https:\/\/secure.gravatar.com\/avatar\/3a8de04a2656d44082be478bd6c086daa447c4651605818287b9532d3d0bd435?s=96&d=mm&r=g","url":"https:\/\/secure.gravatar.com\/avatar\/3a8de04a2656d44082be478bd6c086daa447c4651605818287b9532d3d0bd435?s=96&d=mm&r=g","contentUrl":"https:\/\/secure.gravatar.com\/avatar\/3a8de04a2656d44082be478bd6c086daa447c4651605818287b9532d3d0bd435?s=96&d=mm&r=g","caption":"Lo viste en Los Pol\u00edticos"},"url":"https:\/\/lospoliticosveracruz.com\/?author=2"}]}},"_links":{"self":[{"href":"https:\/\/lospoliticosveracruz.com\/index.php?rest_route=\/wp\/v2\/posts\/63432","targetHints":{"allow":["GET"]}}],"collection":[{"href":"https:\/\/lospoliticosveracruz.com\/index.php?rest_route=\/wp\/v2\/posts"}],"about":[{"href":"https:\/\/lospoliticosveracruz.com\/index.php?rest_route=\/wp\/v2\/types\/post"}],"author":[{"embeddable":true,"href":"https:\/\/lospoliticosveracruz.com\/index.php?rest_route=\/wp\/v2\/users\/2"}],"replies":[{"embeddable":true,"href":"https:\/\/lospoliticosveracruz.com\/index.php?rest_route=%2Fwp%2Fv2%2Fcomments&post=63432"}],"version-history":[{"count":1,"href":"https:\/\/lospoliticosveracruz.com\/index.php?rest_route=\/wp\/v2\/posts\/63432\/revisions"}],"predecessor-version":[{"id":63434,"href":"https:\/\/lospoliticosveracruz.com\/index.php?rest_route=\/wp\/v2\/posts\/63432\/revisions\/63434"}],"wp:attachment":[{"href":"https:\/\/lospoliticosveracruz.com\/index.php?rest_route=%2Fwp%2Fv2%2Fmedia&parent=63432"}],"wp:term":[{"taxonomy":"category","embeddable":true,"href":"https:\/\/lospoliticosveracruz.com\/index.php?rest_route=%2Fwp%2Fv2%2Fcategories&post=63432"},{"taxonomy":"post_tag","embeddable":true,"href":"https:\/\/lospoliticosveracruz.com\/index.php?rest_route=%2Fwp%2Fv2%2Ftags&post=63432"}],"curies":[{"name":"wp","href":"https:\/\/api.w.org\/{rel}","templated":true}]}}