{"id":63471,"date":"2020-11-06T08:14:46","date_gmt":"2020-11-06T14:14:46","guid":{"rendered":"http:\/\/www.lospoliticosveracruz.com.mx\/?p=63471"},"modified":"2020-11-06T08:14:46","modified_gmt":"2020-11-06T14:14:46","slug":"no-sabemos-ni-quien-ha-ganado-ni-quien-ha-perdido","status":"publish","type":"post","link":"https:\/\/lospoliticosveracruz.com\/?p=63471","title":{"rendered":"\u00abNo sabemos ni quien ha ganado, ni quien ha perdido\u00bb"},"content":{"rendered":"<p><strong>Felipe de Jes\u00fas Fern\u00e1ndez Basilio<\/strong><br \/>\n<em>Desde A Janela<\/em><\/p>\n<p>Tal y como cantan en \u00abLa Verbena de la Paloma\u00bb al t\u00e9rmino de la noche electoral no supimos qui\u00e9n fue el vencedor y hay que esperar unos d\u00edas hasta que se lleven a cabo los conteos de votos en estados que difirieron en su ley electoral el escrutinio de los votos emitidos con anticipaci\u00f3n para conocer el resultado de las elecciones presidenciales de los Estados Unidos de Am\u00e9rica.<br \/>\nEsta situaci\u00f3n es bastante inusual ya que normalmente durante la misma noche electoral se conocen los resultados y los discursos tanto de concesi\u00f3n como de victoria, as\u00ed se les llama en el argot electoral norteamericano a los discursos que dan el que pierde y el que gana, m\u00e1s esta vez no hubo ninguna de las tres cosas ya que contrario a lo que los medios de comunicaci\u00f3n y los analistas anunciaban la contienda se cerr\u00f3 en el \u00faltimo momento.<br \/>\nY as\u00ed es, despu\u00e9s de ver el aislamiento comercial y diplom\u00e1tico estadounidense, los disturbios raciales, los esc\u00e1ndalos personales y familiares del presidente, la crueldad migratoria, el manejo de la pandemia y hasta los insultos y el maltrato del presidente a la prensa y al final de la prensa al ejecutivo, la expectativa en las elecciones no era saber si hab\u00eda reelecci\u00f3n o no sino que era saber el margen por el que perd\u00eda el presidente y si daba para un conflicto postelectoral o era una barrida.<br \/>\nParafraseando a la Serie Mundial, la cuesti\u00f3n era saber si Biden ganaba en cuatro o en cinco juegos y result\u00f3 que la serie se fue hasta el s\u00e9ptimo y todav\u00eda est\u00e1 en extrainnings y si gana que es lo m\u00e1s probable, lo va a hacer por mucho menos que una nariz.<br \/>\nLas causas que llevaron a esta situaci\u00f3n que adem\u00e1s es bastante preocupante para la campa\u00f1a dem\u00f3crata son varias y muchas de ellas son muy conocidas.<br \/>\nEn primer lugar el candidato no era muy bueno que digamos, de hecho su ventaja la debe al rechazo que Trump genera, ya que no es muy carism\u00e1tico y principalmente no refleja la sangre nueva que la coyuntura requiere y no lo digo por su edad ,sino porque es un pol\u00edtico que ya ha ejercido casi todos los cargos por ejercer o sea que tiene un \u00abcursus honorum\u00bb muy amplio pero que por lo mismo representa a la generaci\u00f3n que ya se va y no a personajes nuevos; problema que adem\u00e1s el partido dem\u00f3crata no puede resolver y para ello basta ver tanto a los \u00faltimos candidatos que ha presentado como a los que perdieron las primarias con Biden.<br \/>\nOtro aspecto a resaltar es que la campa\u00f1a dem\u00f3crata nunca quiso o pudo contrarrestar las mentiras y la desinformaci\u00f3n que Trump y su campa\u00f1a propagaron a los cuatro vientos diciendo que Biden era un comunista y contrario a los valores de los creyentes cat\u00f3licos y protestantes fan\u00e1ticos que en Estados Unidos abundan, cuando los hechos son notoriamente diferentes a lo que se hizo creer, ya que nunca en la historia norteamericana un pol\u00edtico comunista ha estado en las grandes ligas ni siquiera a nivel local y Joe Biden en su vida personal es un cat\u00f3lico practicante y sin embargo los falsos rumores pulularon sin obtener ninguna respuesta.<br \/>\nPero para que este cierre tan apretado se diera no solo hizo falta que el candidato puntero no fuera lo suficientemente consistente para defender su ventaja, tambi\u00e9n el presidente en funciones tuvo sus aciertos y es que el \u00faltimo mes de campa\u00f1a lanz\u00f3 una ofensiva desesperada tipo pase Ave Mar\u00eda de futbol americano, que cuando lo escuch\u00e9 pens\u00e9 que si las condiciones se hubieran dado y la hubiera hecho unos dos meses antes, gana la elecci\u00f3n.<br \/>\nY es que esa \u00faltima ofensiva consisti\u00f3 en pasar al ataque en el frente en el que m\u00e1s duro le golpeaban y ese es precisamente el de la pandemia y hasta la fecha resuena el \u00ab\u00a1Covid, Covid, Covid, estamos hartos de escuchar la palabra Covid!\u00bb en la tele, en la radio, en los peri\u00f3dicos, en la calle, al trabajar, al irse de diversi\u00f3n, diciendo que si perd\u00eda iban a cerrar escuelas y centros de trabajo y todo para nada, ya que la enfermedad se va a propagar de la misma manera.<br \/>\nEso en pol\u00edtica es una jugada maestra que consiste en generar un golpe de efecto, ya que se apela a una coyuntura inmediata que causa zozobra en el potencial elector y se deja de lado otras cosas que a la larga dan mejores resultados y son pol\u00edticas p\u00fablicas m\u00e1s sensatas como el apostar por las energ\u00edas limpias o llevarse mejor con los socios comerciales pero lo que al elector estadounidense, y de cualquier parte del mundo, promedio lo que le importa en este momento es que le permitan trabajar en paz y llevar el sustento a su familia o salir de compras sin que lo molesten y m\u00e1s si se dan cuenta que en otros lados que han restringido todo, los resultados son pr\u00e1cticamente los mismos en cuanto a contagios y decesos pero aparte se causa pobreza.<br \/>\nEse argumento como todo en pol\u00edtica tiene su dosis de enga\u00f1o ya que, si bien es cierto que el planteamiento es correcto en cuanto a la l\u00f3gica y el sentido com\u00fan tambi\u00e9n lo es que tiene un defecto y ese en el caso particular de Estados Unidos radica en que esas medidas generalmente son locales y la autoridad federal es mera espectadora y por lo tanto no lo podr\u00eda cumplir.<br \/>\nPero m\u00e1s all\u00e1 de eso, le funcion\u00f3 de maravilla, ya que gracias a esa ofensiva ahora se encuentra todav\u00eda en la pelea y al menos puede intentar maniobras jur\u00eddicas para revertir resultados, a m\u00ed en lo particular eso no me gusta ya que el voto se debe de respetar siempre y entre menos se judicialicen las elecciones es mejor ya que un tribunal nunca debe de sustituir a una casilla electoral, pero obviamente los que van perdiendo y m\u00e1s si son malos perdedores como es el caso de Donald Trump, pues esa es su apuesta.<br \/>\nMas en el contexto general la elecci\u00f3n se va a resolver con el voto a distancia que fue enviado por correo incluso antes de la \u00faltima ofensiva de Trump y por eso no creo que le vaya a alcanzar para remontar la elecci\u00f3n y ahora lo que vamos a ver es una historia muy conocida en M\u00e9xico que va a ser el \u00abvoto por voto, casilla por casilla\u00bb que en este caso curiosamente es detener los conteos y sacar de la jugada muchos votos anticipados, los cuales son legales en los estados que lo permitieron y por lo mismo deben de contar por igual que los presenciales.<br \/>\nM\u00e1s si algo ha demostrado Donald Trump es que no sabe perder y va a hacer hasta lo imposible para sabotear el resultado de la elecci\u00f3n y cuando haya agotado todas las acciones legales, quiz\u00e1 transite a establecer un \u00abgobierno leg\u00edtimo\u00bb y a ser el presidente moral en el coraz\u00f3n de los estadounidenses.<\/p>\n<p>felfebas@gmail.com<br \/>\nTwitter: @FelipeFBasilio<\/p>\n","protected":false},"excerpt":{"rendered":"<p>Felipe de Jes\u00fas Fern\u00e1ndez Basilio Desde A Janela Tal y como cantan en \u00abLa Verbena de la Paloma\u00bb al t\u00e9rmino de la noche electoral no supimos qui\u00e9n fue el vencedor y hay que esperar unos d\u00edas hasta que se lleven a cabo los conteos de votos en estados que difirieron en su ley electoral el [&hellip;]<\/p>\n","protected":false},"author":2,"featured_media":0,"comment_status":"open","ping_status":"open","sticky":false,"template":"","format":"standard","meta":{"tdm_status":"","tdm_grid_status":"","footnotes":""},"categories":[70],"tags":[23179,23346,23343,17474],"class_list":{"0":"post-63471","1":"post","2":"type-post","3":"status-publish","4":"format-standard","6":"category-de-opinion","7":"tag-joe-biden","8":"tag-judicialicen-las-elecciones","9":"tag-la-verbena-de-la-paloma","10":"tag-trump"},"yoast_head":"<!-- This site is optimized with the Yoast SEO plugin v27.4 - https:\/\/yoast.com\/product\/yoast-seo-wordpress\/ -->\n<title>&quot;No sabemos ni quien ha ganado, ni quien ha perdido&quot; - Los pol\u00edticos Veracruz<\/title>\n<meta name=\"robots\" content=\"index, follow, max-snippet:-1, max-image-preview:large, max-video-preview:-1\" \/>\n<link rel=\"canonical\" href=\"https:\/\/lospoliticosveracruz.com\/?p=63471\" \/>\n<meta property=\"og:locale\" content=\"es_ES\" \/>\n<meta property=\"og:type\" content=\"article\" \/>\n<meta property=\"og:title\" content=\"&quot;No sabemos ni quien ha ganado, ni quien ha perdido&quot; - Los pol\u00edticos Veracruz\" \/>\n<meta property=\"og:description\" content=\"Felipe de Jes\u00fas Fern\u00e1ndez Basilio Desde A Janela Tal y como cantan en \u00abLa Verbena de la Paloma\u00bb al t\u00e9rmino de la noche electoral no supimos qui\u00e9n fue el vencedor y hay que esperar unos d\u00edas hasta que se lleven a cabo los conteos de votos en estados que difirieron en su ley electoral el [&hellip;]\" \/>\n<meta property=\"og:url\" content=\"https:\/\/lospoliticosveracruz.com\/?p=63471\" \/>\n<meta property=\"og:site_name\" content=\"Los pol\u00edticos Veracruz\" \/>\n<meta property=\"article:publisher\" content=\"https:\/\/www.facebook.com\/people\/Notimemes-de-los-Polticos\/61565672886568\/\" \/>\n<meta property=\"article:published_time\" content=\"2020-11-06T14:14:46+00:00\" \/>\n<meta property=\"og:image\" content=\"https:\/\/lospoliticosveracruz.com\/wp-content\/uploads\/2016\/07\/Logo-Dor.jpg\" \/>\n\t<meta property=\"og:image:width\" content=\"200\" \/>\n\t<meta property=\"og:image:height\" content=\"200\" \/>\n\t<meta property=\"og:image:type\" content=\"image\/jpeg\" \/>\n<meta name=\"author\" content=\"Lo viste en Los Pol\u00edticos\" \/>\n<meta name=\"twitter:card\" content=\"summary_large_image\" \/>\n<meta name=\"twitter:creator\" content=\"@LosPoliticosVer\" \/>\n<meta name=\"twitter:site\" content=\"@LosPoliticosVer\" \/>\n<meta name=\"twitter:label1\" content=\"Escrito por\" \/>\n\t<meta name=\"twitter:data1\" content=\"Lo viste en Los Pol\u00edticos\" \/>\n\t<meta name=\"twitter:label2\" content=\"Tiempo de lectura\" \/>\n\t<meta name=\"twitter:data2\" content=\"6 minutos\" \/>\n<script type=\"application\/ld+json\" class=\"yoast-schema-graph\">{\"@context\":\"https:\\\/\\\/schema.org\",\"@graph\":[{\"@type\":\"Article\",\"@id\":\"https:\\\/\\\/lospoliticosveracruz.com\\\/?p=63471#article\",\"isPartOf\":{\"@id\":\"https:\\\/\\\/lospoliticosveracruz.com\\\/?p=63471\"},\"author\":{\"name\":\"Lo viste en Los Pol\u00edticos\",\"@id\":\"https:\\\/\\\/lospoliticosveracruz.com\\\/#\\\/schema\\\/person\\\/b8702bb0e538456e6efd07080bf2a4a2\"},\"headline\":\"\u00abNo sabemos ni quien ha ganado, ni quien ha perdido\u00bb\",\"datePublished\":\"2020-11-06T14:14:46+00:00\",\"mainEntityOfPage\":{\"@id\":\"https:\\\/\\\/lospoliticosveracruz.com\\\/?p=63471\"},\"wordCount\":1257,\"commentCount\":0,\"publisher\":{\"@id\":\"https:\\\/\\\/lospoliticosveracruz.com\\\/#organization\"},\"keywords\":[\"Joe Biden\",\"Judicialicen las elecciones\",\"La Verbena de la Paloma\",\"Trump\"],\"articleSection\":[\"De Opini\u00f3n\"],\"inLanguage\":\"es\",\"potentialAction\":[{\"@type\":\"CommentAction\",\"name\":\"Comment\",\"target\":[\"https:\\\/\\\/lospoliticosveracruz.com\\\/?p=63471#respond\"]}]},{\"@type\":\"WebPage\",\"@id\":\"https:\\\/\\\/lospoliticosveracruz.com\\\/?p=63471\",\"url\":\"https:\\\/\\\/lospoliticosveracruz.com\\\/?p=63471\",\"name\":\"\\\"No sabemos ni quien ha ganado, ni quien ha perdido\\\" - Los pol\u00edticos Veracruz\",\"isPartOf\":{\"@id\":\"https:\\\/\\\/lospoliticosveracruz.com\\\/#website\"},\"datePublished\":\"2020-11-06T14:14:46+00:00\",\"breadcrumb\":{\"@id\":\"https:\\\/\\\/lospoliticosveracruz.com\\\/?p=63471#breadcrumb\"},\"inLanguage\":\"es\",\"potentialAction\":[{\"@type\":\"ReadAction\",\"target\":[\"https:\\\/\\\/lospoliticosveracruz.com\\\/?p=63471\"]}]},{\"@type\":\"BreadcrumbList\",\"@id\":\"https:\\\/\\\/lospoliticosveracruz.com\\\/?p=63471#breadcrumb\",\"itemListElement\":[{\"@type\":\"ListItem\",\"position\":1,\"name\":\"Portada\",\"item\":\"https:\\\/\\\/lospoliticosveracruz.com\\\/\"},{\"@type\":\"ListItem\",\"position\":2,\"name\":\"\u00abNo sabemos ni quien ha ganado, ni quien ha perdido\u00bb\"}]},{\"@type\":\"WebSite\",\"@id\":\"https:\\\/\\\/lospoliticosveracruz.com\\\/#website\",\"url\":\"https:\\\/\\\/lospoliticosveracruz.com\\\/\",\"name\":\"Los pol\u00edticos Veracruz\",\"description\":\"\",\"publisher\":{\"@id\":\"https:\\\/\\\/lospoliticosveracruz.com\\\/#organization\"},\"potentialAction\":[{\"@type\":\"SearchAction\",\"target\":{\"@type\":\"EntryPoint\",\"urlTemplate\":\"https:\\\/\\\/lospoliticosveracruz.com\\\/?s={search_term_string}\"},\"query-input\":{\"@type\":\"PropertyValueSpecification\",\"valueRequired\":true,\"valueName\":\"search_term_string\"}}],\"inLanguage\":\"es\"},{\"@type\":\"Organization\",\"@id\":\"https:\\\/\\\/lospoliticosveracruz.com\\\/#organization\",\"name\":\"Los pol\u00edticos Veracruz\",\"url\":\"https:\\\/\\\/lospoliticosveracruz.com\\\/\",\"logo\":{\"@type\":\"ImageObject\",\"inLanguage\":\"es\",\"@id\":\"https:\\\/\\\/lospoliticosveracruz.com\\\/#\\\/schema\\\/logo\\\/image\\\/\",\"url\":\"https:\\\/\\\/lospoliticosveracruz.com\\\/wp-content\\\/uploads\\\/2025\\\/12\\\/Logo-Nuevo-LOS-POLITICOS-1.jpg\",\"contentUrl\":\"https:\\\/\\\/lospoliticosveracruz.com\\\/wp-content\\\/uploads\\\/2025\\\/12\\\/Logo-Nuevo-LOS-POLITICOS-1.jpg\",\"width\":260,\"height\":70,\"caption\":\"Los pol\u00edticos Veracruz\"},\"image\":{\"@id\":\"https:\\\/\\\/lospoliticosveracruz.com\\\/#\\\/schema\\\/logo\\\/image\\\/\"},\"sameAs\":[\"https:\\\/\\\/www.facebook.com\\\/people\\\/Notimemes-de-los-Polticos\\\/61565672886568\\\/\",\"https:\\\/\\\/x.com\\\/LosPoliticosVer\"]},{\"@type\":\"Person\",\"@id\":\"https:\\\/\\\/lospoliticosveracruz.com\\\/#\\\/schema\\\/person\\\/b8702bb0e538456e6efd07080bf2a4a2\",\"name\":\"Lo viste en Los Pol\u00edticos\",\"image\":{\"@type\":\"ImageObject\",\"inLanguage\":\"es\",\"@id\":\"https:\\\/\\\/secure.gravatar.com\\\/avatar\\\/3a8de04a2656d44082be478bd6c086daa447c4651605818287b9532d3d0bd435?s=96&d=mm&r=g\",\"url\":\"https:\\\/\\\/secure.gravatar.com\\\/avatar\\\/3a8de04a2656d44082be478bd6c086daa447c4651605818287b9532d3d0bd435?s=96&d=mm&r=g\",\"contentUrl\":\"https:\\\/\\\/secure.gravatar.com\\\/avatar\\\/3a8de04a2656d44082be478bd6c086daa447c4651605818287b9532d3d0bd435?s=96&d=mm&r=g\",\"caption\":\"Lo viste en Los Pol\u00edticos\"},\"url\":\"https:\\\/\\\/lospoliticosveracruz.com\\\/?author=2\"}]}<\/script>\n<!-- \/ Yoast SEO plugin. -->","yoast_head_json":{"title":"\"No sabemos ni quien ha ganado, ni quien ha perdido\" - Los pol\u00edticos Veracruz","robots":{"index":"index","follow":"follow","max-snippet":"max-snippet:-1","max-image-preview":"max-image-preview:large","max-video-preview":"max-video-preview:-1"},"canonical":"https:\/\/lospoliticosveracruz.com\/?p=63471","og_locale":"es_ES","og_type":"article","og_title":"\"No sabemos ni quien ha ganado, ni quien ha perdido\" - Los pol\u00edticos Veracruz","og_description":"Felipe de Jes\u00fas Fern\u00e1ndez Basilio Desde A Janela Tal y como cantan en \u00abLa Verbena de la Paloma\u00bb al t\u00e9rmino de la noche electoral no supimos qui\u00e9n fue el vencedor y hay que esperar unos d\u00edas hasta que se lleven a cabo los conteos de votos en estados que difirieron en su ley electoral el [&hellip;]","og_url":"https:\/\/lospoliticosveracruz.com\/?p=63471","og_site_name":"Los pol\u00edticos Veracruz","article_publisher":"https:\/\/www.facebook.com\/people\/Notimemes-de-los-Polticos\/61565672886568\/","article_published_time":"2020-11-06T14:14:46+00:00","og_image":[{"width":200,"height":200,"url":"https:\/\/lospoliticosveracruz.com\/wp-content\/uploads\/2016\/07\/Logo-Dor.jpg","type":"image\/jpeg"}],"author":"Lo viste en Los Pol\u00edticos","twitter_card":"summary_large_image","twitter_creator":"@LosPoliticosVer","twitter_site":"@LosPoliticosVer","twitter_misc":{"Escrito por":"Lo viste en Los Pol\u00edticos","Tiempo de lectura":"6 minutos"},"schema":{"@context":"https:\/\/schema.org","@graph":[{"@type":"Article","@id":"https:\/\/lospoliticosveracruz.com\/?p=63471#article","isPartOf":{"@id":"https:\/\/lospoliticosveracruz.com\/?p=63471"},"author":{"name":"Lo viste en Los Pol\u00edticos","@id":"https:\/\/lospoliticosveracruz.com\/#\/schema\/person\/b8702bb0e538456e6efd07080bf2a4a2"},"headline":"\u00abNo sabemos ni quien ha ganado, ni quien ha perdido\u00bb","datePublished":"2020-11-06T14:14:46+00:00","mainEntityOfPage":{"@id":"https:\/\/lospoliticosveracruz.com\/?p=63471"},"wordCount":1257,"commentCount":0,"publisher":{"@id":"https:\/\/lospoliticosveracruz.com\/#organization"},"keywords":["Joe Biden","Judicialicen las elecciones","La Verbena de la Paloma","Trump"],"articleSection":["De Opini\u00f3n"],"inLanguage":"es","potentialAction":[{"@type":"CommentAction","name":"Comment","target":["https:\/\/lospoliticosveracruz.com\/?p=63471#respond"]}]},{"@type":"WebPage","@id":"https:\/\/lospoliticosveracruz.com\/?p=63471","url":"https:\/\/lospoliticosveracruz.com\/?p=63471","name":"\"No sabemos ni quien ha ganado, ni quien ha perdido\" - Los pol\u00edticos Veracruz","isPartOf":{"@id":"https:\/\/lospoliticosveracruz.com\/#website"},"datePublished":"2020-11-06T14:14:46+00:00","breadcrumb":{"@id":"https:\/\/lospoliticosveracruz.com\/?p=63471#breadcrumb"},"inLanguage":"es","potentialAction":[{"@type":"ReadAction","target":["https:\/\/lospoliticosveracruz.com\/?p=63471"]}]},{"@type":"BreadcrumbList","@id":"https:\/\/lospoliticosveracruz.com\/?p=63471#breadcrumb","itemListElement":[{"@type":"ListItem","position":1,"name":"Portada","item":"https:\/\/lospoliticosveracruz.com\/"},{"@type":"ListItem","position":2,"name":"\u00abNo sabemos ni quien ha ganado, ni quien ha perdido\u00bb"}]},{"@type":"WebSite","@id":"https:\/\/lospoliticosveracruz.com\/#website","url":"https:\/\/lospoliticosveracruz.com\/","name":"Los pol\u00edticos Veracruz","description":"","publisher":{"@id":"https:\/\/lospoliticosveracruz.com\/#organization"},"potentialAction":[{"@type":"SearchAction","target":{"@type":"EntryPoint","urlTemplate":"https:\/\/lospoliticosveracruz.com\/?s={search_term_string}"},"query-input":{"@type":"PropertyValueSpecification","valueRequired":true,"valueName":"search_term_string"}}],"inLanguage":"es"},{"@type":"Organization","@id":"https:\/\/lospoliticosveracruz.com\/#organization","name":"Los pol\u00edticos Veracruz","url":"https:\/\/lospoliticosveracruz.com\/","logo":{"@type":"ImageObject","inLanguage":"es","@id":"https:\/\/lospoliticosveracruz.com\/#\/schema\/logo\/image\/","url":"https:\/\/lospoliticosveracruz.com\/wp-content\/uploads\/2025\/12\/Logo-Nuevo-LOS-POLITICOS-1.jpg","contentUrl":"https:\/\/lospoliticosveracruz.com\/wp-content\/uploads\/2025\/12\/Logo-Nuevo-LOS-POLITICOS-1.jpg","width":260,"height":70,"caption":"Los pol\u00edticos Veracruz"},"image":{"@id":"https:\/\/lospoliticosveracruz.com\/#\/schema\/logo\/image\/"},"sameAs":["https:\/\/www.facebook.com\/people\/Notimemes-de-los-Polticos\/61565672886568\/","https:\/\/x.com\/LosPoliticosVer"]},{"@type":"Person","@id":"https:\/\/lospoliticosveracruz.com\/#\/schema\/person\/b8702bb0e538456e6efd07080bf2a4a2","name":"Lo viste en Los Pol\u00edticos","image":{"@type":"ImageObject","inLanguage":"es","@id":"https:\/\/secure.gravatar.com\/avatar\/3a8de04a2656d44082be478bd6c086daa447c4651605818287b9532d3d0bd435?s=96&d=mm&r=g","url":"https:\/\/secure.gravatar.com\/avatar\/3a8de04a2656d44082be478bd6c086daa447c4651605818287b9532d3d0bd435?s=96&d=mm&r=g","contentUrl":"https:\/\/secure.gravatar.com\/avatar\/3a8de04a2656d44082be478bd6c086daa447c4651605818287b9532d3d0bd435?s=96&d=mm&r=g","caption":"Lo viste en Los Pol\u00edticos"},"url":"https:\/\/lospoliticosveracruz.com\/?author=2"}]}},"_links":{"self":[{"href":"https:\/\/lospoliticosveracruz.com\/index.php?rest_route=\/wp\/v2\/posts\/63471","targetHints":{"allow":["GET"]}}],"collection":[{"href":"https:\/\/lospoliticosveracruz.com\/index.php?rest_route=\/wp\/v2\/posts"}],"about":[{"href":"https:\/\/lospoliticosveracruz.com\/index.php?rest_route=\/wp\/v2\/types\/post"}],"author":[{"embeddable":true,"href":"https:\/\/lospoliticosveracruz.com\/index.php?rest_route=\/wp\/v2\/users\/2"}],"replies":[{"embeddable":true,"href":"https:\/\/lospoliticosveracruz.com\/index.php?rest_route=%2Fwp%2Fv2%2Fcomments&post=63471"}],"version-history":[{"count":1,"href":"https:\/\/lospoliticosveracruz.com\/index.php?rest_route=\/wp\/v2\/posts\/63471\/revisions"}],"predecessor-version":[{"id":63473,"href":"https:\/\/lospoliticosveracruz.com\/index.php?rest_route=\/wp\/v2\/posts\/63471\/revisions\/63473"}],"wp:attachment":[{"href":"https:\/\/lospoliticosveracruz.com\/index.php?rest_route=%2Fwp%2Fv2%2Fmedia&parent=63471"}],"wp:term":[{"taxonomy":"category","embeddable":true,"href":"https:\/\/lospoliticosveracruz.com\/index.php?rest_route=%2Fwp%2Fv2%2Fcategories&post=63471"},{"taxonomy":"post_tag","embeddable":true,"href":"https:\/\/lospoliticosveracruz.com\/index.php?rest_route=%2Fwp%2Fv2%2Ftags&post=63471"}],"curies":[{"name":"wp","href":"https:\/\/api.w.org\/{rel}","templated":true}]}}