{"id":63483,"date":"2020-11-06T08:48:03","date_gmt":"2020-11-06T14:48:03","guid":{"rendered":"http:\/\/www.lospoliticosveracruz.com.mx\/?p=63483"},"modified":"2020-11-06T08:48:03","modified_gmt":"2020-11-06T14:48:03","slug":"como-demandar-a-tu-banco","status":"publish","type":"post","link":"https:\/\/lospoliticosveracruz.com\/?p=63483","title":{"rendered":"\u00bfC\u00f3mo demandar a tu Banco?"},"content":{"rendered":"<p><strong>Teresa Carbajal<\/strong><\/p>\n<p><em>Debo, no niego; pago, lo justo<\/em><\/p>\n<p>Derivado de las \u00faltimas noticias sobre fraudes cometidos por instituciones bancarias, pareciera que en los bancos es en donde menos seguro est\u00e1 nuestro dinero; un d\u00eda los acusan de retiros no autorizados, otro de cargos no reconocidos e incluso incipientes grupos de usuarios en facebook hacen p\u00fablica su molestia al denunciar que pr\u00e1cticamente \u00abvaciaron\u00bb sus cuentas y que les han negado el reembolso incluso una respuesta coherente sobre el destino de su dinero.<br \/>\nUno de los principales motivos que lleva a las v\u00edctimas a no demandar a su banco es pensar que es \u00abmuy caro\u00bb hacerlo o que nunca le \u00abvamos a ganar al Banco\u00bb.<br \/>\nDesafortunadamente en M\u00e9xico no se ha invertido mucho en nuestra formaci\u00f3n y conciencia sobre la cultura de la legalidad, que es el \u00fanico camino viable, pac\u00edfico y efectivo para ir de la denuncia social y ciudadana \u00f3 \u00abprotesta\u00bb a la acci\u00f3n concreta en los tribunales competentes para obtener sentencias que legitimen las causas justas.<br \/>\nPrecisamente hoy hace ocho d\u00edas que recib\u00ed uno de los mejores reconocimientos de mi carrera en la defensa de usuarios de servicios financieros, un banco (el de color azul) el de mayor presencia en la rep\u00fablica por el manejo que tiene de las n\u00f3minas, pag\u00f3 v\u00eda cheque dentro de juicio oral mercantil que se tramit\u00f3 en el Juzgado de Distrito en Materia Mercantil Federal en el Estado de Veracruz con residencia en esta ciudad a connotada empresaria xalape\u00f1a -cuyo derecho me toc\u00f3 defender- el reembolso de una cantidad que le fue sustra\u00edda de su cuenta bancaria mediante cheques robados durante un il\u00edcito cometido a su negociaci\u00f3n mercantil.<br \/>\nLos hechos acontecieron hace m\u00e1s de dos a\u00f1os pero en aquel entonces no tuvo orientaci\u00f3n legal adecuada, cambiando de abogados en diversas ocasiones pues ninguno le daba esperanzas; sin embargo no se rindi\u00f3 y sigui\u00f3 buscando ayuda, pues estaba segura de que ella ten\u00eda la raz\u00f3n y que iba a dar la pelea hasta lograr que le devolvieran su dinero, as\u00ed fue que lleg\u00f3 al Barz\u00f3n.<br \/>\nSiempre he estado segura que la convicci\u00f3n de las personas en congruencia de sus actos, cuando se conducen con verdad nunca nos llevar\u00e1 a mal puerto, as\u00ed que tomamos el caso e iniciamos aquella aventura legal de \u00abdemandar al banco\u00bb, a los que gusten de la ciencia jur\u00eddica les platico los detalles de la historia, por raz\u00f3n de espacio solo puedo decir que \u00a1ganamos!, logramos el sue\u00f1o de muchos o de todos, que es demandar al banco y ganarle.<br \/>\nEso me motiva para decirles que no es dif\u00edcil hacerlo (tampoco f\u00e1cil), pero hay que intentarlo, \u00a1no se rindan!, los servicios bancarios deben ser seguros, los bancos deben cuidar el dinero que les damos a guardar so pena de responder por su falta, y si no quieren hacerlo por las buenas hay que obligarlos, para eso est\u00e1n las leyes. Tenemos que enfrentarnos a lo que creemos invencible y venceremos, como David y Goliat.<br \/>\n\u00bfA\u00fan no te has inscrito a la Jornada Estatal de Defensa del Patrimonio Familiar? El Profr Tequiliquihua de Zongolica ya lo hizo en breve tendr\u00e1 resultados<br \/>\nLlama al 2281148502 visite www.elbarzonrc.org Contacte elbarzonrc@yahoo.com.mx, O s\u00edgame en @terecarbajal<\/p>\n","protected":false},"excerpt":{"rendered":"<p>Teresa Carbajal Debo, no niego; pago, lo justo Derivado de las \u00faltimas noticias sobre fraudes cometidos por instituciones bancarias, pareciera que en los bancos es en donde menos seguro est\u00e1 nuestro dinero; un d\u00eda los acusan de retiros no autorizados, otro de cargos no reconocidos e incluso incipientes grupos de usuarios en facebook hacen p\u00fablica [&hellip;]<\/p>\n","protected":false},"author":2,"featured_media":0,"comment_status":"open","ping_status":"open","sticky":false,"template":"","format":"standard","meta":{"tdm_status":"","tdm_grid_status":"","footnotes":""},"categories":[70],"tags":[18017,23359,6717,23361,22040],"class_list":{"0":"post-63483","1":"post","2":"type-post","3":"status-publish","4":"format-standard","6":"category-de-opinion","7":"tag-fraudes","8":"tag-instituciones-bancarias","9":"tag-legalidad","10":"tag-materia-mercantil-federal","11":"tag-servicios-bancarios"},"yoast_head":"<!-- This site is optimized with the Yoast SEO plugin v27.4 - https:\/\/yoast.com\/product\/yoast-seo-wordpress\/ -->\n<title>\u00bfC\u00f3mo demandar a tu Banco? - Los pol\u00edticos Veracruz<\/title>\n<meta name=\"robots\" content=\"index, follow, max-snippet:-1, max-image-preview:large, max-video-preview:-1\" \/>\n<link rel=\"canonical\" href=\"https:\/\/lospoliticosveracruz.com\/?p=63483\" \/>\n<meta property=\"og:locale\" content=\"es_ES\" \/>\n<meta property=\"og:type\" content=\"article\" \/>\n<meta property=\"og:title\" content=\"\u00bfC\u00f3mo demandar a tu Banco? - Los pol\u00edticos Veracruz\" \/>\n<meta property=\"og:description\" content=\"Teresa Carbajal Debo, no niego; pago, lo justo Derivado de las \u00faltimas noticias sobre fraudes cometidos por instituciones bancarias, pareciera que en los bancos es en donde menos seguro est\u00e1 nuestro dinero; un d\u00eda los acusan de retiros no autorizados, otro de cargos no reconocidos e incluso incipientes grupos de usuarios en facebook hacen p\u00fablica [&hellip;]\" \/>\n<meta property=\"og:url\" content=\"https:\/\/lospoliticosveracruz.com\/?p=63483\" \/>\n<meta property=\"og:site_name\" content=\"Los pol\u00edticos Veracruz\" \/>\n<meta property=\"article:publisher\" content=\"https:\/\/www.facebook.com\/people\/Notimemes-de-los-Polticos\/61565672886568\/\" \/>\n<meta property=\"article:published_time\" content=\"2020-11-06T14:48:03+00:00\" \/>\n<meta property=\"og:image\" content=\"https:\/\/lospoliticosveracruz.com\/wp-content\/uploads\/2016\/07\/Logo-Dor.jpg\" \/>\n\t<meta property=\"og:image:width\" content=\"200\" \/>\n\t<meta property=\"og:image:height\" content=\"200\" \/>\n\t<meta property=\"og:image:type\" content=\"image\/jpeg\" \/>\n<meta name=\"author\" content=\"Lo viste en Los Pol\u00edticos\" \/>\n<meta name=\"twitter:card\" content=\"summary_large_image\" \/>\n<meta name=\"twitter:creator\" content=\"@LosPoliticosVer\" \/>\n<meta name=\"twitter:site\" content=\"@LosPoliticosVer\" \/>\n<meta name=\"twitter:label1\" content=\"Escrito por\" \/>\n\t<meta name=\"twitter:data1\" content=\"Lo viste en Los Pol\u00edticos\" \/>\n\t<meta name=\"twitter:label2\" content=\"Tiempo de lectura\" \/>\n\t<meta name=\"twitter:data2\" content=\"3 minutos\" \/>\n<script type=\"application\/ld+json\" class=\"yoast-schema-graph\">{\"@context\":\"https:\\\/\\\/schema.org\",\"@graph\":[{\"@type\":\"Article\",\"@id\":\"https:\\\/\\\/lospoliticosveracruz.com\\\/?p=63483#article\",\"isPartOf\":{\"@id\":\"https:\\\/\\\/lospoliticosveracruz.com\\\/?p=63483\"},\"author\":{\"name\":\"Lo viste en Los Pol\u00edticos\",\"@id\":\"https:\\\/\\\/lospoliticosveracruz.com\\\/#\\\/schema\\\/person\\\/b8702bb0e538456e6efd07080bf2a4a2\"},\"headline\":\"\u00bfC\u00f3mo demandar a tu Banco?\",\"datePublished\":\"2020-11-06T14:48:03+00:00\",\"mainEntityOfPage\":{\"@id\":\"https:\\\/\\\/lospoliticosveracruz.com\\\/?p=63483\"},\"wordCount\":569,\"commentCount\":0,\"publisher\":{\"@id\":\"https:\\\/\\\/lospoliticosveracruz.com\\\/#organization\"},\"keywords\":[\"fraudes\",\"Instituciones bancarias\",\"legalidad\",\"Materia Mercantil Federal\",\"Servicios bancarios\"],\"articleSection\":[\"De Opini\u00f3n\"],\"inLanguage\":\"es\",\"potentialAction\":[{\"@type\":\"CommentAction\",\"name\":\"Comment\",\"target\":[\"https:\\\/\\\/lospoliticosveracruz.com\\\/?p=63483#respond\"]}]},{\"@type\":\"WebPage\",\"@id\":\"https:\\\/\\\/lospoliticosveracruz.com\\\/?p=63483\",\"url\":\"https:\\\/\\\/lospoliticosveracruz.com\\\/?p=63483\",\"name\":\"\u00bfC\u00f3mo demandar a tu Banco? - Los pol\u00edticos Veracruz\",\"isPartOf\":{\"@id\":\"https:\\\/\\\/lospoliticosveracruz.com\\\/#website\"},\"datePublished\":\"2020-11-06T14:48:03+00:00\",\"breadcrumb\":{\"@id\":\"https:\\\/\\\/lospoliticosveracruz.com\\\/?p=63483#breadcrumb\"},\"inLanguage\":\"es\",\"potentialAction\":[{\"@type\":\"ReadAction\",\"target\":[\"https:\\\/\\\/lospoliticosveracruz.com\\\/?p=63483\"]}]},{\"@type\":\"BreadcrumbList\",\"@id\":\"https:\\\/\\\/lospoliticosveracruz.com\\\/?p=63483#breadcrumb\",\"itemListElement\":[{\"@type\":\"ListItem\",\"position\":1,\"name\":\"Portada\",\"item\":\"https:\\\/\\\/lospoliticosveracruz.com\\\/\"},{\"@type\":\"ListItem\",\"position\":2,\"name\":\"\u00bfC\u00f3mo demandar a tu Banco?\"}]},{\"@type\":\"WebSite\",\"@id\":\"https:\\\/\\\/lospoliticosveracruz.com\\\/#website\",\"url\":\"https:\\\/\\\/lospoliticosveracruz.com\\\/\",\"name\":\"Los pol\u00edticos Veracruz\",\"description\":\"\",\"publisher\":{\"@id\":\"https:\\\/\\\/lospoliticosveracruz.com\\\/#organization\"},\"potentialAction\":[{\"@type\":\"SearchAction\",\"target\":{\"@type\":\"EntryPoint\",\"urlTemplate\":\"https:\\\/\\\/lospoliticosveracruz.com\\\/?s={search_term_string}\"},\"query-input\":{\"@type\":\"PropertyValueSpecification\",\"valueRequired\":true,\"valueName\":\"search_term_string\"}}],\"inLanguage\":\"es\"},{\"@type\":\"Organization\",\"@id\":\"https:\\\/\\\/lospoliticosveracruz.com\\\/#organization\",\"name\":\"Los pol\u00edticos Veracruz\",\"url\":\"https:\\\/\\\/lospoliticosveracruz.com\\\/\",\"logo\":{\"@type\":\"ImageObject\",\"inLanguage\":\"es\",\"@id\":\"https:\\\/\\\/lospoliticosveracruz.com\\\/#\\\/schema\\\/logo\\\/image\\\/\",\"url\":\"https:\\\/\\\/lospoliticosveracruz.com\\\/wp-content\\\/uploads\\\/2025\\\/12\\\/Logo-Nuevo-LOS-POLITICOS-1.jpg\",\"contentUrl\":\"https:\\\/\\\/lospoliticosveracruz.com\\\/wp-content\\\/uploads\\\/2025\\\/12\\\/Logo-Nuevo-LOS-POLITICOS-1.jpg\",\"width\":260,\"height\":70,\"caption\":\"Los pol\u00edticos Veracruz\"},\"image\":{\"@id\":\"https:\\\/\\\/lospoliticosveracruz.com\\\/#\\\/schema\\\/logo\\\/image\\\/\"},\"sameAs\":[\"https:\\\/\\\/www.facebook.com\\\/people\\\/Notimemes-de-los-Polticos\\\/61565672886568\\\/\",\"https:\\\/\\\/x.com\\\/LosPoliticosVer\"]},{\"@type\":\"Person\",\"@id\":\"https:\\\/\\\/lospoliticosveracruz.com\\\/#\\\/schema\\\/person\\\/b8702bb0e538456e6efd07080bf2a4a2\",\"name\":\"Lo viste en Los Pol\u00edticos\",\"image\":{\"@type\":\"ImageObject\",\"inLanguage\":\"es\",\"@id\":\"https:\\\/\\\/secure.gravatar.com\\\/avatar\\\/3a8de04a2656d44082be478bd6c086daa447c4651605818287b9532d3d0bd435?s=96&d=mm&r=g\",\"url\":\"https:\\\/\\\/secure.gravatar.com\\\/avatar\\\/3a8de04a2656d44082be478bd6c086daa447c4651605818287b9532d3d0bd435?s=96&d=mm&r=g\",\"contentUrl\":\"https:\\\/\\\/secure.gravatar.com\\\/avatar\\\/3a8de04a2656d44082be478bd6c086daa447c4651605818287b9532d3d0bd435?s=96&d=mm&r=g\",\"caption\":\"Lo viste en Los Pol\u00edticos\"},\"url\":\"https:\\\/\\\/lospoliticosveracruz.com\\\/?author=2\"}]}<\/script>\n<!-- \/ Yoast SEO plugin. -->","yoast_head_json":{"title":"\u00bfC\u00f3mo demandar a tu Banco? - Los pol\u00edticos Veracruz","robots":{"index":"index","follow":"follow","max-snippet":"max-snippet:-1","max-image-preview":"max-image-preview:large","max-video-preview":"max-video-preview:-1"},"canonical":"https:\/\/lospoliticosveracruz.com\/?p=63483","og_locale":"es_ES","og_type":"article","og_title":"\u00bfC\u00f3mo demandar a tu Banco? - Los pol\u00edticos Veracruz","og_description":"Teresa Carbajal Debo, no niego; pago, lo justo Derivado de las \u00faltimas noticias sobre fraudes cometidos por instituciones bancarias, pareciera que en los bancos es en donde menos seguro est\u00e1 nuestro dinero; un d\u00eda los acusan de retiros no autorizados, otro de cargos no reconocidos e incluso incipientes grupos de usuarios en facebook hacen p\u00fablica [&hellip;]","og_url":"https:\/\/lospoliticosveracruz.com\/?p=63483","og_site_name":"Los pol\u00edticos Veracruz","article_publisher":"https:\/\/www.facebook.com\/people\/Notimemes-de-los-Polticos\/61565672886568\/","article_published_time":"2020-11-06T14:48:03+00:00","og_image":[{"width":200,"height":200,"url":"https:\/\/lospoliticosveracruz.com\/wp-content\/uploads\/2016\/07\/Logo-Dor.jpg","type":"image\/jpeg"}],"author":"Lo viste en Los Pol\u00edticos","twitter_card":"summary_large_image","twitter_creator":"@LosPoliticosVer","twitter_site":"@LosPoliticosVer","twitter_misc":{"Escrito por":"Lo viste en Los Pol\u00edticos","Tiempo de lectura":"3 minutos"},"schema":{"@context":"https:\/\/schema.org","@graph":[{"@type":"Article","@id":"https:\/\/lospoliticosveracruz.com\/?p=63483#article","isPartOf":{"@id":"https:\/\/lospoliticosveracruz.com\/?p=63483"},"author":{"name":"Lo viste en Los Pol\u00edticos","@id":"https:\/\/lospoliticosveracruz.com\/#\/schema\/person\/b8702bb0e538456e6efd07080bf2a4a2"},"headline":"\u00bfC\u00f3mo demandar a tu Banco?","datePublished":"2020-11-06T14:48:03+00:00","mainEntityOfPage":{"@id":"https:\/\/lospoliticosveracruz.com\/?p=63483"},"wordCount":569,"commentCount":0,"publisher":{"@id":"https:\/\/lospoliticosveracruz.com\/#organization"},"keywords":["fraudes","Instituciones bancarias","legalidad","Materia Mercantil Federal","Servicios bancarios"],"articleSection":["De Opini\u00f3n"],"inLanguage":"es","potentialAction":[{"@type":"CommentAction","name":"Comment","target":["https:\/\/lospoliticosveracruz.com\/?p=63483#respond"]}]},{"@type":"WebPage","@id":"https:\/\/lospoliticosveracruz.com\/?p=63483","url":"https:\/\/lospoliticosveracruz.com\/?p=63483","name":"\u00bfC\u00f3mo demandar a tu Banco? - Los pol\u00edticos Veracruz","isPartOf":{"@id":"https:\/\/lospoliticosveracruz.com\/#website"},"datePublished":"2020-11-06T14:48:03+00:00","breadcrumb":{"@id":"https:\/\/lospoliticosveracruz.com\/?p=63483#breadcrumb"},"inLanguage":"es","potentialAction":[{"@type":"ReadAction","target":["https:\/\/lospoliticosveracruz.com\/?p=63483"]}]},{"@type":"BreadcrumbList","@id":"https:\/\/lospoliticosveracruz.com\/?p=63483#breadcrumb","itemListElement":[{"@type":"ListItem","position":1,"name":"Portada","item":"https:\/\/lospoliticosveracruz.com\/"},{"@type":"ListItem","position":2,"name":"\u00bfC\u00f3mo demandar a tu Banco?"}]},{"@type":"WebSite","@id":"https:\/\/lospoliticosveracruz.com\/#website","url":"https:\/\/lospoliticosveracruz.com\/","name":"Los pol\u00edticos Veracruz","description":"","publisher":{"@id":"https:\/\/lospoliticosveracruz.com\/#organization"},"potentialAction":[{"@type":"SearchAction","target":{"@type":"EntryPoint","urlTemplate":"https:\/\/lospoliticosveracruz.com\/?s={search_term_string}"},"query-input":{"@type":"PropertyValueSpecification","valueRequired":true,"valueName":"search_term_string"}}],"inLanguage":"es"},{"@type":"Organization","@id":"https:\/\/lospoliticosveracruz.com\/#organization","name":"Los pol\u00edticos Veracruz","url":"https:\/\/lospoliticosveracruz.com\/","logo":{"@type":"ImageObject","inLanguage":"es","@id":"https:\/\/lospoliticosveracruz.com\/#\/schema\/logo\/image\/","url":"https:\/\/lospoliticosveracruz.com\/wp-content\/uploads\/2025\/12\/Logo-Nuevo-LOS-POLITICOS-1.jpg","contentUrl":"https:\/\/lospoliticosveracruz.com\/wp-content\/uploads\/2025\/12\/Logo-Nuevo-LOS-POLITICOS-1.jpg","width":260,"height":70,"caption":"Los pol\u00edticos Veracruz"},"image":{"@id":"https:\/\/lospoliticosveracruz.com\/#\/schema\/logo\/image\/"},"sameAs":["https:\/\/www.facebook.com\/people\/Notimemes-de-los-Polticos\/61565672886568\/","https:\/\/x.com\/LosPoliticosVer"]},{"@type":"Person","@id":"https:\/\/lospoliticosveracruz.com\/#\/schema\/person\/b8702bb0e538456e6efd07080bf2a4a2","name":"Lo viste en Los Pol\u00edticos","image":{"@type":"ImageObject","inLanguage":"es","@id":"https:\/\/secure.gravatar.com\/avatar\/3a8de04a2656d44082be478bd6c086daa447c4651605818287b9532d3d0bd435?s=96&d=mm&r=g","url":"https:\/\/secure.gravatar.com\/avatar\/3a8de04a2656d44082be478bd6c086daa447c4651605818287b9532d3d0bd435?s=96&d=mm&r=g","contentUrl":"https:\/\/secure.gravatar.com\/avatar\/3a8de04a2656d44082be478bd6c086daa447c4651605818287b9532d3d0bd435?s=96&d=mm&r=g","caption":"Lo viste en Los Pol\u00edticos"},"url":"https:\/\/lospoliticosveracruz.com\/?author=2"}]}},"_links":{"self":[{"href":"https:\/\/lospoliticosveracruz.com\/index.php?rest_route=\/wp\/v2\/posts\/63483","targetHints":{"allow":["GET"]}}],"collection":[{"href":"https:\/\/lospoliticosveracruz.com\/index.php?rest_route=\/wp\/v2\/posts"}],"about":[{"href":"https:\/\/lospoliticosveracruz.com\/index.php?rest_route=\/wp\/v2\/types\/post"}],"author":[{"embeddable":true,"href":"https:\/\/lospoliticosveracruz.com\/index.php?rest_route=\/wp\/v2\/users\/2"}],"replies":[{"embeddable":true,"href":"https:\/\/lospoliticosveracruz.com\/index.php?rest_route=%2Fwp%2Fv2%2Fcomments&post=63483"}],"version-history":[{"count":1,"href":"https:\/\/lospoliticosveracruz.com\/index.php?rest_route=\/wp\/v2\/posts\/63483\/revisions"}],"predecessor-version":[{"id":63489,"href":"https:\/\/lospoliticosveracruz.com\/index.php?rest_route=\/wp\/v2\/posts\/63483\/revisions\/63489"}],"wp:attachment":[{"href":"https:\/\/lospoliticosveracruz.com\/index.php?rest_route=%2Fwp%2Fv2%2Fmedia&parent=63483"}],"wp:term":[{"taxonomy":"category","embeddable":true,"href":"https:\/\/lospoliticosveracruz.com\/index.php?rest_route=%2Fwp%2Fv2%2Fcategories&post=63483"},{"taxonomy":"post_tag","embeddable":true,"href":"https:\/\/lospoliticosveracruz.com\/index.php?rest_route=%2Fwp%2Fv2%2Ftags&post=63483"}],"curies":[{"name":"wp","href":"https:\/\/api.w.org\/{rel}","templated":true}]}}