{"id":63486,"date":"2020-11-06T08:43:30","date_gmt":"2020-11-06T14:43:30","guid":{"rendered":"http:\/\/www.lospoliticosveracruz.com.mx\/?p=63486"},"modified":"2020-11-06T08:48:51","modified_gmt":"2020-11-06T14:48:51","slug":"prd-ya-tiene-candidato","status":"publish","type":"post","link":"https:\/\/lospoliticosveracruz.com\/?p=63486","title":{"rendered":"PRD ya tiene candidato&#8230;"},"content":{"rendered":"<p>&nbsp;<\/p>\n<p><strong>Ricardo Ch\u00faa<\/strong><br \/>\n<em>Sale y Vale<\/em><\/p>\n<p>OJO&#8230; Esta \u00absalpicadera\u00bb desde redes sociales hecha por el ex gobernador de Veracruz, Javier Duarte contra el Ex Presidente de M\u00e9xico, Enrique Pe\u00f1a Nieto y la empresa transnacional, \u00abODEBRECHT\u00bb&#8230; No s\u00f3lo podr\u00eda tocar \u00abfibras sensibles\u00bb y de intereses dentro del PRI en la entidad&#8230; Sino tambi\u00e9n estar\u00eda \u00abembarrando\u00bb al PAN, PRD y si le \u00abrascan\u00bb un poco m\u00e1s al tema, se ir\u00eda tambi\u00e9n con unos personajes muy ligados a MORENA&#8230; El caso va a seguir y dar\u00e1 mucho que escribir y hablar&#8230; Duarte destap\u00f3 una \u00abcaja de Pandora\u00bb&#8230; AMEN&#8230;<\/p>\n<p>&nbsp;<br \/>\n<a href=\"https:\/\/www.facebook.com\/notaria61veracruz\/\"><img decoding=\"async\" src=\"http:\/\/www.lospoliticosveracruz.com.mx\/wp-content\/uploads\/2020\/07\/CINTILLO-Armando.jpg\" alt=\"\" \/><\/a><br \/>\n&nbsp;<\/p>\n<p>CAMBIOS EN APIVER&#8230;. Hay muy fuertes que en los pr\u00f3ximos d\u00edas de noviembre&#8230; Se anunciaran movimientos muy importantes dentro de la estructura de la Administraci\u00f3n Portuaria Integral de Veracruz (APIVER), que este momento se encuentra a cargo de su director General, el Almirante, Romel Eduardo Lezama Abaroa&#8230; Los cambios que vienen dentro de este organismo&#8230; Har\u00e1n \u00abcimbrar\u00bb algunas de las decisiones tomadas hace tiempo en el gobierno federal&#8230;<br \/>\nSe prev\u00e9 que estos cambios&#8230; Se den en este mes de noviembre, mismo que se encuentran ya aprobados desde Palacio Nacional&#8230; Dado la importancia que tiene para la federaci\u00f3n, todo lo que se maneja en el sistema portuario de la ciudad de Veracruz&#8230; Es decir, se van a mover muchas de sus \u00abfichas\u00bb y cargos de alto nivel para fortalecer la idea que trae L\u00f3pez Obrador sobre el tema portuario del pa\u00eds&#8230; Se dice que se van hasta muchos funcionarios que apenas acaban de entrar en funciones&#8230; La \u00absacudida\u00bb viene fuerte&#8230; Ya se ver\u00e1&#8230;<\/p>\n<p>LLAMARADAS DE PETATE&#8230; Se acuerdan hace alrededor de 10 d\u00edas&#8230; Se\u00f1alamos en este mismo espacio que el poderoso empresario xalape\u00f1o, ese que es miembro donde la familia est\u00e1 de acuerdo, David Velasco Chedraui ser\u00eda exonerado de toda acusaci\u00f3n en su contra por el famoso tema de los PRESUNTOS desv\u00edos de recursos que se presentaron durante la organizaci\u00f3n de los Juegos Centroamericanos del 2014&#8230; Y del cual, Velasco estuvo a cargo durante algunos a\u00f1os.. Pues, sucedi\u00f3, lo que ten\u00eda que suceder&#8230; NADA&#8230;<br \/>\nFinalmente tambi\u00e9n hay versiones de que el empresario, no tuvo responsabilidad alguna de esos presuntos desv\u00edos que hab\u00eda anunciado el gobierno federal&#8230; Y, como no hab\u00eda nada que perseguir al respecto&#8230; Ya no quisieron entrar en pol\u00e9mica y entablar una lucha pol\u00edtica con esta poderosa y millonaria familia asentada en Xalapa&#8230; As\u00ed que \u00abterminado\u00bb el tema&#8230; Este personaje sigue buscando la candidatura a la alcald\u00eda de Xalapa&#8230; Se habla que la postulaci\u00f3n m\u00e1s fuerte ser\u00eda por el PRD y que ir\u00edan en alianza con el PRI y PAN&#8230;<br \/>\nAs\u00ed que con esto, el PRD ya lo tiene apalabrado como su aspirante m\u00e1s fuerte para buscar ganar la alcald\u00eda de la capital del Estado.. Ya libre de cualquier culpa, no tiene problema de ilegibilidad como ciudadano&#8230; Ya s\u00f3lo falta que el PAN se ponga de acuerdo y vean la manera de darle una salida digna y pol\u00edtica a su diputado local, Sergio Hern\u00e1ndez, \u00abHe Man\u00bb, para que tenga otra oportunidad dentro de su partido pero en un sitio distinto a la alcald\u00eda&#8230; Se hab\u00eda dicho que la diputaci\u00f3n federal&#8230; Pero no se sabe, si el legislador hab\u00eda aceptado&#8230;<br \/>\nComo DATO hay que recordar que David Velasco Chedraui, qued\u00f3 muy \u00ablastimado\u00bb por el PAN-Yunes Azules&#8230; Cuando PapaYunes lleg\u00f3 a la gubernatura y el empresario xalape\u00f1o era diputado local saliente&#8230; Los apoy\u00f3 en varias cuestiones antes de que los Yunes tomar\u00e1n el poder del Estado&#8230; Pero algo sucedi\u00f3 en el camino, que Velasco Chedraui sostuvo sus diferencias, prefiri\u00f3 \u00abmarcar la raya\u00bb y decidi\u00f3 \u00abautoexiliarse\u00bb un tiempo de la entidad&#8230;. Pero ahora con el PAN no hay conflicto al no estar Pepe Mancha&#8230;<br \/>\nAl final de cuentas, el PRD busca de todas las formas posibles el formalizar la alianza opositora en Veracruz&#8230; Y el PAN era el \u00fanico \u00abescollo\u00bb para lograr impulsar a David Velasco, por el tema que ten\u00eda pendiente con Yunes-Mancha&#8230; Pero ahora con la presidencia de Joaqu\u00edn Guzm\u00e1n Avil\u00e9s, ese problema ha sido resuelto&#8230; Ya s\u00f3lo falta la \u00abbendici\u00f3n\u00bb de Marl\u00f3n Ram\u00edrez, en el PRI, para que la oposici\u00f3n logre tener un candidato de peso y de pesos contra MORENA e Hipo-Crito Rodr\u00edguez&#8230; CONSUMATUM EST&#8230;<\/p>\n","protected":false},"excerpt":{"rendered":"<p>&nbsp; Ricardo Ch\u00faa Sale y Vale OJO&#8230; Esta \u00absalpicadera\u00bb desde redes sociales hecha por el ex gobernador de Veracruz, Javier Duarte contra el Ex Presidente de M\u00e9xico, Enrique Pe\u00f1a Nieto y la empresa transnacional, \u00abODEBRECHT\u00bb&#8230; No s\u00f3lo podr\u00eda tocar \u00abfibras sensibles\u00bb y de intereses dentro del PRI en la entidad&#8230; Sino tambi\u00e9n estar\u00eda \u00abembarrando\u00bb al [&hellip;]<\/p>\n","protected":false},"author":2,"featured_media":0,"comment_status":"open","ping_status":"open","sticky":false,"template":"","format":"standard","meta":{"tdm_status":"","tdm_grid_status":"","footnotes":""},"categories":[70],"tags":[407,6694,162,3288,1003,1706,1026,8055,266,23270,107,251,6142,195],"class_list":{"0":"post-63486","1":"post","2":"type-post","3":"status-publish","4":"format-standard","6":"category-de-opinion","7":"tag-david-velasco-chedraui","8":"tag-desvios","9":"tag-javier-duarte","10":"tag-joaquin-guzman-aviles","11":"tag-lopez-obrador","12":"tag-marlon-ramirez","13":"tag-morena","14":"tag-odebrecht","15":"tag-pan","16":"tag-papayunes","17":"tag-prd","18":"tag-pri","19":"tag-sergio-hernandez","20":"tag-veracruz"},"yoast_head":"<!-- This site is optimized with the Yoast SEO plugin v27.4 - https:\/\/yoast.com\/product\/yoast-seo-wordpress\/ -->\n<title>PRD ya tiene candidato... - Los pol\u00edticos Veracruz<\/title>\n<meta name=\"robots\" content=\"index, follow, max-snippet:-1, max-image-preview:large, max-video-preview:-1\" \/>\n<link rel=\"canonical\" href=\"https:\/\/lospoliticosveracruz.com\/?p=63486\" \/>\n<meta property=\"og:locale\" content=\"es_ES\" \/>\n<meta property=\"og:type\" content=\"article\" \/>\n<meta property=\"og:title\" content=\"PRD ya tiene candidato... - Los pol\u00edticos Veracruz\" \/>\n<meta property=\"og:description\" content=\"&nbsp; Ricardo Ch\u00faa Sale y Vale OJO&#8230; Esta \u00absalpicadera\u00bb desde redes sociales hecha por el ex gobernador de Veracruz, Javier Duarte contra el Ex Presidente de M\u00e9xico, Enrique Pe\u00f1a Nieto y la empresa transnacional, \u00abODEBRECHT\u00bb&#8230; No s\u00f3lo podr\u00eda tocar \u00abfibras sensibles\u00bb y de intereses dentro del PRI en la entidad&#8230; Sino tambi\u00e9n estar\u00eda \u00abembarrando\u00bb al [&hellip;]\" \/>\n<meta property=\"og:url\" content=\"https:\/\/lospoliticosveracruz.com\/?p=63486\" \/>\n<meta property=\"og:site_name\" content=\"Los pol\u00edticos Veracruz\" \/>\n<meta property=\"article:publisher\" content=\"https:\/\/www.facebook.com\/people\/Notimemes-de-los-Polticos\/61565672886568\/\" \/>\n<meta property=\"article:published_time\" content=\"2020-11-06T14:43:30+00:00\" \/>\n<meta property=\"article:modified_time\" content=\"2020-11-06T14:48:51+00:00\" \/>\n<meta property=\"og:image\" content=\"http:\/\/www.lospoliticosveracruz.com.mx\/wp-content\/uploads\/2020\/07\/CINTILLO-Armando.jpg\" \/>\n<meta name=\"author\" content=\"Lo viste en Los Pol\u00edticos\" \/>\n<meta name=\"twitter:card\" content=\"summary_large_image\" \/>\n<meta name=\"twitter:creator\" content=\"@LosPoliticosVer\" \/>\n<meta name=\"twitter:site\" content=\"@LosPoliticosVer\" \/>\n<meta name=\"twitter:label1\" content=\"Escrito por\" \/>\n\t<meta name=\"twitter:data1\" content=\"Lo viste en Los Pol\u00edticos\" \/>\n\t<meta name=\"twitter:label2\" content=\"Tiempo de lectura\" \/>\n\t<meta name=\"twitter:data2\" content=\"4 minutos\" \/>\n<script type=\"application\/ld+json\" class=\"yoast-schema-graph\">{\"@context\":\"https:\\\/\\\/schema.org\",\"@graph\":[{\"@type\":\"Article\",\"@id\":\"https:\\\/\\\/lospoliticosveracruz.com\\\/?p=63486#article\",\"isPartOf\":{\"@id\":\"https:\\\/\\\/lospoliticosveracruz.com\\\/?p=63486\"},\"author\":{\"name\":\"Lo viste en Los Pol\u00edticos\",\"@id\":\"https:\\\/\\\/lospoliticosveracruz.com\\\/#\\\/schema\\\/person\\\/b8702bb0e538456e6efd07080bf2a4a2\"},\"headline\":\"PRD ya tiene candidato&#8230;\",\"datePublished\":\"2020-11-06T14:43:30+00:00\",\"dateModified\":\"2020-11-06T14:48:51+00:00\",\"mainEntityOfPage\":{\"@id\":\"https:\\\/\\\/lospoliticosveracruz.com\\\/?p=63486\"},\"wordCount\":754,\"commentCount\":0,\"publisher\":{\"@id\":\"https:\\\/\\\/lospoliticosveracruz.com\\\/#organization\"},\"image\":{\"@id\":\"https:\\\/\\\/lospoliticosveracruz.com\\\/?p=63486#primaryimage\"},\"thumbnailUrl\":\"http:\\\/\\\/www.lospoliticosveracruz.com.mx\\\/wp-content\\\/uploads\\\/2020\\\/07\\\/CINTILLO-Armando.jpg\",\"keywords\":[\"David Velasco Chedraui\",\"Desv\u00edos\",\"Javier Duarte\",\"Joaqu\u00edn Guzm\u00e1n Avil\u00e9s\",\"L\u00f3pez Obrador\",\"Marlon Ram\u00edrez\",\"Morena\",\"Odebrecht\",\"PAN\",\"PapaYunes\",\"PRD\",\"PRI\",\"Sergio Hern\u00e1ndez\",\"Veracruz\"],\"articleSection\":[\"De Opini\u00f3n\"],\"inLanguage\":\"es\",\"potentialAction\":[{\"@type\":\"CommentAction\",\"name\":\"Comment\",\"target\":[\"https:\\\/\\\/lospoliticosveracruz.com\\\/?p=63486#respond\"]}]},{\"@type\":\"WebPage\",\"@id\":\"https:\\\/\\\/lospoliticosveracruz.com\\\/?p=63486\",\"url\":\"https:\\\/\\\/lospoliticosveracruz.com\\\/?p=63486\",\"name\":\"PRD ya tiene candidato... - Los pol\u00edticos Veracruz\",\"isPartOf\":{\"@id\":\"https:\\\/\\\/lospoliticosveracruz.com\\\/#website\"},\"primaryImageOfPage\":{\"@id\":\"https:\\\/\\\/lospoliticosveracruz.com\\\/?p=63486#primaryimage\"},\"image\":{\"@id\":\"https:\\\/\\\/lospoliticosveracruz.com\\\/?p=63486#primaryimage\"},\"thumbnailUrl\":\"http:\\\/\\\/www.lospoliticosveracruz.com.mx\\\/wp-content\\\/uploads\\\/2020\\\/07\\\/CINTILLO-Armando.jpg\",\"datePublished\":\"2020-11-06T14:43:30+00:00\",\"dateModified\":\"2020-11-06T14:48:51+00:00\",\"breadcrumb\":{\"@id\":\"https:\\\/\\\/lospoliticosveracruz.com\\\/?p=63486#breadcrumb\"},\"inLanguage\":\"es\",\"potentialAction\":[{\"@type\":\"ReadAction\",\"target\":[\"https:\\\/\\\/lospoliticosveracruz.com\\\/?p=63486\"]}]},{\"@type\":\"ImageObject\",\"inLanguage\":\"es\",\"@id\":\"https:\\\/\\\/lospoliticosveracruz.com\\\/?p=63486#primaryimage\",\"url\":\"http:\\\/\\\/www.lospoliticosveracruz.com.mx\\\/wp-content\\\/uploads\\\/2020\\\/07\\\/CINTILLO-Armando.jpg\",\"contentUrl\":\"http:\\\/\\\/www.lospoliticosveracruz.com.mx\\\/wp-content\\\/uploads\\\/2020\\\/07\\\/CINTILLO-Armando.jpg\"},{\"@type\":\"BreadcrumbList\",\"@id\":\"https:\\\/\\\/lospoliticosveracruz.com\\\/?p=63486#breadcrumb\",\"itemListElement\":[{\"@type\":\"ListItem\",\"position\":1,\"name\":\"Portada\",\"item\":\"https:\\\/\\\/lospoliticosveracruz.com\\\/\"},{\"@type\":\"ListItem\",\"position\":2,\"name\":\"PRD ya tiene candidato&#8230;\"}]},{\"@type\":\"WebSite\",\"@id\":\"https:\\\/\\\/lospoliticosveracruz.com\\\/#website\",\"url\":\"https:\\\/\\\/lospoliticosveracruz.com\\\/\",\"name\":\"Los pol\u00edticos Veracruz\",\"description\":\"\",\"publisher\":{\"@id\":\"https:\\\/\\\/lospoliticosveracruz.com\\\/#organization\"},\"potentialAction\":[{\"@type\":\"SearchAction\",\"target\":{\"@type\":\"EntryPoint\",\"urlTemplate\":\"https:\\\/\\\/lospoliticosveracruz.com\\\/?s={search_term_string}\"},\"query-input\":{\"@type\":\"PropertyValueSpecification\",\"valueRequired\":true,\"valueName\":\"search_term_string\"}}],\"inLanguage\":\"es\"},{\"@type\":\"Organization\",\"@id\":\"https:\\\/\\\/lospoliticosveracruz.com\\\/#organization\",\"name\":\"Los pol\u00edticos Veracruz\",\"url\":\"https:\\\/\\\/lospoliticosveracruz.com\\\/\",\"logo\":{\"@type\":\"ImageObject\",\"inLanguage\":\"es\",\"@id\":\"https:\\\/\\\/lospoliticosveracruz.com\\\/#\\\/schema\\\/logo\\\/image\\\/\",\"url\":\"https:\\\/\\\/lospoliticosveracruz.com\\\/wp-content\\\/uploads\\\/2025\\\/12\\\/Logo-Nuevo-LOS-POLITICOS-1.jpg\",\"contentUrl\":\"https:\\\/\\\/lospoliticosveracruz.com\\\/wp-content\\\/uploads\\\/2025\\\/12\\\/Logo-Nuevo-LOS-POLITICOS-1.jpg\",\"width\":260,\"height\":70,\"caption\":\"Los pol\u00edticos Veracruz\"},\"image\":{\"@id\":\"https:\\\/\\\/lospoliticosveracruz.com\\\/#\\\/schema\\\/logo\\\/image\\\/\"},\"sameAs\":[\"https:\\\/\\\/www.facebook.com\\\/people\\\/Notimemes-de-los-Polticos\\\/61565672886568\\\/\",\"https:\\\/\\\/x.com\\\/LosPoliticosVer\"]},{\"@type\":\"Person\",\"@id\":\"https:\\\/\\\/lospoliticosveracruz.com\\\/#\\\/schema\\\/person\\\/b8702bb0e538456e6efd07080bf2a4a2\",\"name\":\"Lo viste en Los Pol\u00edticos\",\"image\":{\"@type\":\"ImageObject\",\"inLanguage\":\"es\",\"@id\":\"https:\\\/\\\/secure.gravatar.com\\\/avatar\\\/3a8de04a2656d44082be478bd6c086daa447c4651605818287b9532d3d0bd435?s=96&d=mm&r=g\",\"url\":\"https:\\\/\\\/secure.gravatar.com\\\/avatar\\\/3a8de04a2656d44082be478bd6c086daa447c4651605818287b9532d3d0bd435?s=96&d=mm&r=g\",\"contentUrl\":\"https:\\\/\\\/secure.gravatar.com\\\/avatar\\\/3a8de04a2656d44082be478bd6c086daa447c4651605818287b9532d3d0bd435?s=96&d=mm&r=g\",\"caption\":\"Lo viste en Los Pol\u00edticos\"},\"url\":\"https:\\\/\\\/lospoliticosveracruz.com\\\/?author=2\"}]}<\/script>\n<!-- \/ Yoast SEO plugin. -->","yoast_head_json":{"title":"PRD ya tiene candidato... - Los pol\u00edticos Veracruz","robots":{"index":"index","follow":"follow","max-snippet":"max-snippet:-1","max-image-preview":"max-image-preview:large","max-video-preview":"max-video-preview:-1"},"canonical":"https:\/\/lospoliticosveracruz.com\/?p=63486","og_locale":"es_ES","og_type":"article","og_title":"PRD ya tiene candidato... - Los pol\u00edticos Veracruz","og_description":"&nbsp; Ricardo Ch\u00faa Sale y Vale OJO&#8230; Esta \u00absalpicadera\u00bb desde redes sociales hecha por el ex gobernador de Veracruz, Javier Duarte contra el Ex Presidente de M\u00e9xico, Enrique Pe\u00f1a Nieto y la empresa transnacional, \u00abODEBRECHT\u00bb&#8230; No s\u00f3lo podr\u00eda tocar \u00abfibras sensibles\u00bb y de intereses dentro del PRI en la entidad&#8230; Sino tambi\u00e9n estar\u00eda \u00abembarrando\u00bb al [&hellip;]","og_url":"https:\/\/lospoliticosveracruz.com\/?p=63486","og_site_name":"Los pol\u00edticos Veracruz","article_publisher":"https:\/\/www.facebook.com\/people\/Notimemes-de-los-Polticos\/61565672886568\/","article_published_time":"2020-11-06T14:43:30+00:00","article_modified_time":"2020-11-06T14:48:51+00:00","og_image":[{"url":"http:\/\/www.lospoliticosveracruz.com.mx\/wp-content\/uploads\/2020\/07\/CINTILLO-Armando.jpg","type":"","width":"","height":""}],"author":"Lo viste en Los Pol\u00edticos","twitter_card":"summary_large_image","twitter_creator":"@LosPoliticosVer","twitter_site":"@LosPoliticosVer","twitter_misc":{"Escrito por":"Lo viste en Los Pol\u00edticos","Tiempo de lectura":"4 minutos"},"schema":{"@context":"https:\/\/schema.org","@graph":[{"@type":"Article","@id":"https:\/\/lospoliticosveracruz.com\/?p=63486#article","isPartOf":{"@id":"https:\/\/lospoliticosveracruz.com\/?p=63486"},"author":{"name":"Lo viste en Los Pol\u00edticos","@id":"https:\/\/lospoliticosveracruz.com\/#\/schema\/person\/b8702bb0e538456e6efd07080bf2a4a2"},"headline":"PRD ya tiene candidato&#8230;","datePublished":"2020-11-06T14:43:30+00:00","dateModified":"2020-11-06T14:48:51+00:00","mainEntityOfPage":{"@id":"https:\/\/lospoliticosveracruz.com\/?p=63486"},"wordCount":754,"commentCount":0,"publisher":{"@id":"https:\/\/lospoliticosveracruz.com\/#organization"},"image":{"@id":"https:\/\/lospoliticosveracruz.com\/?p=63486#primaryimage"},"thumbnailUrl":"http:\/\/www.lospoliticosveracruz.com.mx\/wp-content\/uploads\/2020\/07\/CINTILLO-Armando.jpg","keywords":["David Velasco Chedraui","Desv\u00edos","Javier Duarte","Joaqu\u00edn Guzm\u00e1n Avil\u00e9s","L\u00f3pez Obrador","Marlon Ram\u00edrez","Morena","Odebrecht","PAN","PapaYunes","PRD","PRI","Sergio Hern\u00e1ndez","Veracruz"],"articleSection":["De Opini\u00f3n"],"inLanguage":"es","potentialAction":[{"@type":"CommentAction","name":"Comment","target":["https:\/\/lospoliticosveracruz.com\/?p=63486#respond"]}]},{"@type":"WebPage","@id":"https:\/\/lospoliticosveracruz.com\/?p=63486","url":"https:\/\/lospoliticosveracruz.com\/?p=63486","name":"PRD ya tiene candidato... - Los pol\u00edticos Veracruz","isPartOf":{"@id":"https:\/\/lospoliticosveracruz.com\/#website"},"primaryImageOfPage":{"@id":"https:\/\/lospoliticosveracruz.com\/?p=63486#primaryimage"},"image":{"@id":"https:\/\/lospoliticosveracruz.com\/?p=63486#primaryimage"},"thumbnailUrl":"http:\/\/www.lospoliticosveracruz.com.mx\/wp-content\/uploads\/2020\/07\/CINTILLO-Armando.jpg","datePublished":"2020-11-06T14:43:30+00:00","dateModified":"2020-11-06T14:48:51+00:00","breadcrumb":{"@id":"https:\/\/lospoliticosveracruz.com\/?p=63486#breadcrumb"},"inLanguage":"es","potentialAction":[{"@type":"ReadAction","target":["https:\/\/lospoliticosveracruz.com\/?p=63486"]}]},{"@type":"ImageObject","inLanguage":"es","@id":"https:\/\/lospoliticosveracruz.com\/?p=63486#primaryimage","url":"http:\/\/www.lospoliticosveracruz.com.mx\/wp-content\/uploads\/2020\/07\/CINTILLO-Armando.jpg","contentUrl":"http:\/\/www.lospoliticosveracruz.com.mx\/wp-content\/uploads\/2020\/07\/CINTILLO-Armando.jpg"},{"@type":"BreadcrumbList","@id":"https:\/\/lospoliticosveracruz.com\/?p=63486#breadcrumb","itemListElement":[{"@type":"ListItem","position":1,"name":"Portada","item":"https:\/\/lospoliticosveracruz.com\/"},{"@type":"ListItem","position":2,"name":"PRD ya tiene candidato&#8230;"}]},{"@type":"WebSite","@id":"https:\/\/lospoliticosveracruz.com\/#website","url":"https:\/\/lospoliticosveracruz.com\/","name":"Los pol\u00edticos Veracruz","description":"","publisher":{"@id":"https:\/\/lospoliticosveracruz.com\/#organization"},"potentialAction":[{"@type":"SearchAction","target":{"@type":"EntryPoint","urlTemplate":"https:\/\/lospoliticosveracruz.com\/?s={search_term_string}"},"query-input":{"@type":"PropertyValueSpecification","valueRequired":true,"valueName":"search_term_string"}}],"inLanguage":"es"},{"@type":"Organization","@id":"https:\/\/lospoliticosveracruz.com\/#organization","name":"Los pol\u00edticos Veracruz","url":"https:\/\/lospoliticosveracruz.com\/","logo":{"@type":"ImageObject","inLanguage":"es","@id":"https:\/\/lospoliticosveracruz.com\/#\/schema\/logo\/image\/","url":"https:\/\/lospoliticosveracruz.com\/wp-content\/uploads\/2025\/12\/Logo-Nuevo-LOS-POLITICOS-1.jpg","contentUrl":"https:\/\/lospoliticosveracruz.com\/wp-content\/uploads\/2025\/12\/Logo-Nuevo-LOS-POLITICOS-1.jpg","width":260,"height":70,"caption":"Los pol\u00edticos Veracruz"},"image":{"@id":"https:\/\/lospoliticosveracruz.com\/#\/schema\/logo\/image\/"},"sameAs":["https:\/\/www.facebook.com\/people\/Notimemes-de-los-Polticos\/61565672886568\/","https:\/\/x.com\/LosPoliticosVer"]},{"@type":"Person","@id":"https:\/\/lospoliticosveracruz.com\/#\/schema\/person\/b8702bb0e538456e6efd07080bf2a4a2","name":"Lo viste en Los Pol\u00edticos","image":{"@type":"ImageObject","inLanguage":"es","@id":"https:\/\/secure.gravatar.com\/avatar\/3a8de04a2656d44082be478bd6c086daa447c4651605818287b9532d3d0bd435?s=96&d=mm&r=g","url":"https:\/\/secure.gravatar.com\/avatar\/3a8de04a2656d44082be478bd6c086daa447c4651605818287b9532d3d0bd435?s=96&d=mm&r=g","contentUrl":"https:\/\/secure.gravatar.com\/avatar\/3a8de04a2656d44082be478bd6c086daa447c4651605818287b9532d3d0bd435?s=96&d=mm&r=g","caption":"Lo viste en Los Pol\u00edticos"},"url":"https:\/\/lospoliticosveracruz.com\/?author=2"}]}},"_links":{"self":[{"href":"https:\/\/lospoliticosveracruz.com\/index.php?rest_route=\/wp\/v2\/posts\/63486","targetHints":{"allow":["GET"]}}],"collection":[{"href":"https:\/\/lospoliticosveracruz.com\/index.php?rest_route=\/wp\/v2\/posts"}],"about":[{"href":"https:\/\/lospoliticosveracruz.com\/index.php?rest_route=\/wp\/v2\/types\/post"}],"author":[{"embeddable":true,"href":"https:\/\/lospoliticosveracruz.com\/index.php?rest_route=\/wp\/v2\/users\/2"}],"replies":[{"embeddable":true,"href":"https:\/\/lospoliticosveracruz.com\/index.php?rest_route=%2Fwp%2Fv2%2Fcomments&post=63486"}],"version-history":[{"count":2,"href":"https:\/\/lospoliticosveracruz.com\/index.php?rest_route=\/wp\/v2\/posts\/63486\/revisions"}],"predecessor-version":[{"id":63492,"href":"https:\/\/lospoliticosveracruz.com\/index.php?rest_route=\/wp\/v2\/posts\/63486\/revisions\/63492"}],"wp:attachment":[{"href":"https:\/\/lospoliticosveracruz.com\/index.php?rest_route=%2Fwp%2Fv2%2Fmedia&parent=63486"}],"wp:term":[{"taxonomy":"category","embeddable":true,"href":"https:\/\/lospoliticosveracruz.com\/index.php?rest_route=%2Fwp%2Fv2%2Fcategories&post=63486"},{"taxonomy":"post_tag","embeddable":true,"href":"https:\/\/lospoliticosveracruz.com\/index.php?rest_route=%2Fwp%2Fv2%2Ftags&post=63486"}],"curies":[{"name":"wp","href":"https:\/\/api.w.org\/{rel}","templated":true}]}}