{"id":63516,"date":"2020-11-06T19:45:24","date_gmt":"2020-11-07T01:45:24","guid":{"rendered":"http:\/\/www.lospoliticosveracruz.com.mx\/?p=63516"},"modified":"2020-11-06T19:45:24","modified_gmt":"2020-11-07T01:45:24","slug":"trabajando-construyen","status":"publish","type":"post","link":"https:\/\/lospoliticosveracruz.com\/?p=63516","title":{"rendered":"Trabajando construyen"},"content":{"rendered":"<p><strong>Eduardo Venegas Naranjo<\/strong><\/p>\n<p><em>Aqu\u00ed Entre Nos\u2026<\/em><\/p>\n<p><em><strong>Tony Cruz le cumple a La Mixtequilla<\/strong><\/em><\/p>\n<p>Hoy qued\u00f3 demostrado en Ignacio de la Llave que el alcalde Ren\u00e9 Antonio Cruz Hermida es un buen gestor, es un hombre que tiene arraigo por su pueblo.<br \/>\nTony Cruz este viernes recibi\u00f3 al gobernador, Cuitl\u00e1huac Garc\u00eda Jim\u00e9nez, quien inaugur\u00f3 el Centro Regional de Rehabilitaci\u00f3n e Inclusi\u00f3n Social Mixtequilla, al lugar arrib\u00f3 tambi\u00e9n el Secretario de Gobierno, Eric Patrocinio Cisneros Burgos, diputados y alcaldes de la regi\u00f3n, este lugar representa un gran inversi\u00f3n, pero lo m\u00e1s importante el beneficio es para las personas con alguna discapacidad que podr\u00e1n tomar su rehabilitaci\u00f3n de manera gratuita, no solo del municipio podr\u00e1n acudir a recibir atenci\u00f3n tambi\u00e9n tendr\u00e1n oportunidad gente de toda la regi\u00f3n.<br \/>\nEl alcalde de la Mixtequilla es h\u00e1bil, sabe hacer pactos, es un hombre de palabra que trabaja a favor de sus ciudadanos, logrando la modernizaci\u00f3n del municipio.<br \/>\nIgnacio de la Llave tiene un buen alcalde, que sin duda cerrar\u00e1 bien el 2020 con m\u00e1s obras y acciones que marcan ese desarrollo, mientras que ya construye un 2021 con mayores beneficios a favor de la poblaci\u00f3n.<\/p>\n<p><a href=\"http:\/\/www.lospoliticosveracruz.com.mx\/wp-content\/uploads\/2020\/11\/21.jpg\"><img loading=\"lazy\" decoding=\"async\" class=\"aligncenter size-full wp-image-63519\" src=\"http:\/\/www.lospoliticosveracruz.com.mx\/wp-content\/uploads\/2020\/11\/21.jpg\" alt=\"2\" width=\"600\" height=\"320\" \/><\/a><\/p>\n<p><em><strong>Do\u00f1a Guadalupe querida en Isla<\/strong><\/em><\/p>\n<p>Isla es un municipio que ha crecido con el paso de los a\u00f1os, en estos \u00faltimos tres a\u00f1os se ha consolidado un buen desarrollo, y es que el Sistema DIF Municipal tiene al frente a la se\u00f1ora Guadalupe Sosa de Molina, que sabe trabajar mostrando sensibilidad y preocupaci\u00f3n por las clases m\u00e1s vulnerables.<br \/>\nDurante la pandemia ha estado puntual beneficiando a los m\u00e1s golpeados, es una mujer inclusiva, durante las \u00faltimas semanas ha entregado \u201capoyos funcionales\u201d (sillas de ruedas, muletas, bastones etc.) a las personas m\u00e1s vulnerables, as\u00ed como \u201capoyos alimenticios\u201d. De igual forma puesto en marcha una campa\u00f1a de lentes gratuitos para quienes lo requieran.<br \/>\nGuadalupe ha sido promotora para que se construya la Unidad B\u00e1sica de Rehabilitaci\u00f3n que es una realidad y presenta avances significativos, en este lugar dar\u00e1n atenci\u00f3n a personas con capacidades diferentes de la regi\u00f3n.<br \/>\nEl DIF Municipal Isle\u00f1o construye, es reconocido por la ciudadan\u00eda quienes respaldan el buen trabajo de la titular, una mujer de trabajo y comprometida con su pueblo.<\/p>\n<p><a href=\"http:\/\/www.lospoliticosveracruz.com.mx\/wp-content\/uploads\/2020\/11\/31.jpg\"><img loading=\"lazy\" decoding=\"async\" class=\"aligncenter size-full wp-image-63517\" src=\"http:\/\/www.lospoliticosveracruz.com.mx\/wp-content\/uploads\/2020\/11\/31.jpg\" alt=\"3\" width=\"600\" height=\"320\" \/><\/a><\/p>\n<p><em><strong>Anil\u00fa Ingram contra CFE<\/strong><\/em><\/p>\n<p>Quien desde hace unos d\u00edas trae una campa\u00f1a apoyando al pueblo veracruzano contra las altas tarifas de la Comisi\u00f3n Federal de Electricidad es la diputada Federal Anil\u00fa Ingram Vallines.<br \/>\nEn redes sociales y en conferencia de prensa la legisladora invita a la poblaci\u00f3n, a compartirle copia de sus recibos de luz en los que aparezcan incrementos antes y despu\u00e9s de la pandemia por SARS-Cov2 que ocasiona el Covid-19, y tener las evidencias de esta afectaci\u00f3n a la econom\u00eda de las familias.<br \/>\nIngram hace unos d\u00edas en la C\u00e1mara de diputados encar\u00f3 al director general de CFE, Manuel Bartlett D\u00edaz quien ha sido una nulidad en la dependencia, mostrando ineficacia y ha permitido abusos contra los mexicanos, durante su comparecencia en la C\u00e1mara de Diputados, la diputada le pregunto la raz\u00f3n de los recibos con incrementos, y le dijo que no era cierto el incremento, que, si fuera as\u00ed, le presentara los recibos y que lo iba a corregir.<br \/>\nLa Vicecoordinadora del Grupo Parlamentario del PRI en la C\u00e1mara de Diputados, ha resaltado que es importante aprovechar la oportunidad y entregar el mayor n\u00famero de evidencias, porque mientras m\u00e1s evidencias haya, m\u00e1s fuerte ser\u00e1 la petici\u00f3n.<\/p>\n","protected":false},"excerpt":{"rendered":"<p>Eduardo Venegas Naranjo Aqu\u00ed Entre Nos\u2026 Tony Cruz le cumple a La Mixtequilla Hoy qued\u00f3 demostrado en Ignacio de la Llave que el alcalde Ren\u00e9 Antonio Cruz Hermida es un buen gestor, es un hombre que tiene arraigo por su pueblo. Tony Cruz este viernes recibi\u00f3 al gobernador, Cuitl\u00e1huac Garc\u00eda Jim\u00e9nez, quien inaugur\u00f3 el Centro [&hellip;]<\/p>\n","protected":false},"author":2,"featured_media":0,"comment_status":"open","ping_status":"open","sticky":false,"template":"","format":"standard","meta":{"tdm_status":"","tdm_grid_status":"","footnotes":""},"categories":[70],"tags":[1872,2661,4973,13602,1563,6391,19753,3693,12280,18192,18190],"class_list":{"0":"post-63516","1":"post","2":"type-post","3":"status-publish","4":"format-standard","6":"category-de-opinion","7":"tag-anilu-ingram-vallines","8":"tag-camara-de-diputados","9":"tag-cfe","10":"tag-ciudad-isla","11":"tag-cuitlahuac-garcia-jimenez","12":"tag-diputada-federal","13":"tag-guadalupe-sosa-de-molina","14":"tag-ignacio-de-la-llave","15":"tag-manuel-bartlett-diaz","16":"tag-mixtequilla","17":"tag-rene-antonio-cruz-hermida"},"yoast_head":"<!-- This site is optimized with the Yoast SEO plugin v27.4 - https:\/\/yoast.com\/product\/yoast-seo-wordpress\/ -->\n<title>Trabajando construyen - Los pol\u00edticos Veracruz<\/title>\n<meta name=\"robots\" content=\"index, follow, max-snippet:-1, max-image-preview:large, max-video-preview:-1\" \/>\n<link rel=\"canonical\" href=\"https:\/\/lospoliticosveracruz.com\/?p=63516\" \/>\n<meta property=\"og:locale\" content=\"es_ES\" \/>\n<meta property=\"og:type\" content=\"article\" \/>\n<meta property=\"og:title\" content=\"Trabajando construyen - Los pol\u00edticos Veracruz\" \/>\n<meta property=\"og:description\" content=\"Eduardo Venegas Naranjo Aqu\u00ed Entre Nos\u2026 Tony Cruz le cumple a La Mixtequilla Hoy qued\u00f3 demostrado en Ignacio de la Llave que el alcalde Ren\u00e9 Antonio Cruz Hermida es un buen gestor, es un hombre que tiene arraigo por su pueblo. Tony Cruz este viernes recibi\u00f3 al gobernador, Cuitl\u00e1huac Garc\u00eda Jim\u00e9nez, quien inaugur\u00f3 el Centro [&hellip;]\" \/>\n<meta property=\"og:url\" content=\"https:\/\/lospoliticosveracruz.com\/?p=63516\" \/>\n<meta property=\"og:site_name\" content=\"Los pol\u00edticos Veracruz\" \/>\n<meta property=\"article:publisher\" content=\"https:\/\/www.facebook.com\/people\/Notimemes-de-los-Polticos\/61565672886568\/\" \/>\n<meta property=\"article:published_time\" content=\"2020-11-07T01:45:24+00:00\" \/>\n<meta property=\"og:image\" content=\"http:\/\/www.lospoliticosveracruz.com.mx\/wp-content\/uploads\/2020\/11\/21.jpg\" \/>\n<meta name=\"author\" content=\"Lo viste en Los Pol\u00edticos\" \/>\n<meta name=\"twitter:card\" content=\"summary_large_image\" \/>\n<meta name=\"twitter:creator\" content=\"@LosPoliticosVer\" \/>\n<meta name=\"twitter:site\" content=\"@LosPoliticosVer\" \/>\n<meta name=\"twitter:label1\" content=\"Escrito por\" \/>\n\t<meta name=\"twitter:data1\" content=\"Lo viste en Los Pol\u00edticos\" \/>\n\t<meta name=\"twitter:label2\" content=\"Tiempo de lectura\" \/>\n\t<meta name=\"twitter:data2\" content=\"3 minutos\" \/>\n<script type=\"application\/ld+json\" class=\"yoast-schema-graph\">{\"@context\":\"https:\\\/\\\/schema.org\",\"@graph\":[{\"@type\":\"Article\",\"@id\":\"https:\\\/\\\/lospoliticosveracruz.com\\\/?p=63516#article\",\"isPartOf\":{\"@id\":\"https:\\\/\\\/lospoliticosveracruz.com\\\/?p=63516\"},\"author\":{\"name\":\"Lo viste en Los Pol\u00edticos\",\"@id\":\"https:\\\/\\\/lospoliticosveracruz.com\\\/#\\\/schema\\\/person\\\/b8702bb0e538456e6efd07080bf2a4a2\"},\"headline\":\"Trabajando construyen\",\"datePublished\":\"2020-11-07T01:45:24+00:00\",\"mainEntityOfPage\":{\"@id\":\"https:\\\/\\\/lospoliticosveracruz.com\\\/?p=63516\"},\"wordCount\":613,\"commentCount\":0,\"publisher\":{\"@id\":\"https:\\\/\\\/lospoliticosveracruz.com\\\/#organization\"},\"image\":{\"@id\":\"https:\\\/\\\/lospoliticosveracruz.com\\\/?p=63516#primaryimage\"},\"thumbnailUrl\":\"http:\\\/\\\/www.lospoliticosveracruz.com.mx\\\/wp-content\\\/uploads\\\/2020\\\/11\\\/21.jpg\",\"keywords\":[\"Anil\u00fa Ingram Vallines\",\"C\u00e1mara de Diputados\",\"CFE\",\"Ciudad Isla\",\"Cuitl\u00e1huac Garc\u00eda Jim\u00e9nez\",\"Diputada Federal\",\"Guadalupe Sosa de Molina\",\"Ignacio de la Llave\",\"Manuel Bartlett D\u00edaz\",\"Mixtequilla\",\"Ren\u00e9 Antonio Cruz Hermida\"],\"articleSection\":[\"De Opini\u00f3n\"],\"inLanguage\":\"es\",\"potentialAction\":[{\"@type\":\"CommentAction\",\"name\":\"Comment\",\"target\":[\"https:\\\/\\\/lospoliticosveracruz.com\\\/?p=63516#respond\"]}]},{\"@type\":\"WebPage\",\"@id\":\"https:\\\/\\\/lospoliticosveracruz.com\\\/?p=63516\",\"url\":\"https:\\\/\\\/lospoliticosveracruz.com\\\/?p=63516\",\"name\":\"Trabajando construyen - Los pol\u00edticos Veracruz\",\"isPartOf\":{\"@id\":\"https:\\\/\\\/lospoliticosveracruz.com\\\/#website\"},\"primaryImageOfPage\":{\"@id\":\"https:\\\/\\\/lospoliticosveracruz.com\\\/?p=63516#primaryimage\"},\"image\":{\"@id\":\"https:\\\/\\\/lospoliticosveracruz.com\\\/?p=63516#primaryimage\"},\"thumbnailUrl\":\"http:\\\/\\\/www.lospoliticosveracruz.com.mx\\\/wp-content\\\/uploads\\\/2020\\\/11\\\/21.jpg\",\"datePublished\":\"2020-11-07T01:45:24+00:00\",\"breadcrumb\":{\"@id\":\"https:\\\/\\\/lospoliticosveracruz.com\\\/?p=63516#breadcrumb\"},\"inLanguage\":\"es\",\"potentialAction\":[{\"@type\":\"ReadAction\",\"target\":[\"https:\\\/\\\/lospoliticosveracruz.com\\\/?p=63516\"]}]},{\"@type\":\"ImageObject\",\"inLanguage\":\"es\",\"@id\":\"https:\\\/\\\/lospoliticosveracruz.com\\\/?p=63516#primaryimage\",\"url\":\"http:\\\/\\\/www.lospoliticosveracruz.com.mx\\\/wp-content\\\/uploads\\\/2020\\\/11\\\/21.jpg\",\"contentUrl\":\"http:\\\/\\\/www.lospoliticosveracruz.com.mx\\\/wp-content\\\/uploads\\\/2020\\\/11\\\/21.jpg\"},{\"@type\":\"BreadcrumbList\",\"@id\":\"https:\\\/\\\/lospoliticosveracruz.com\\\/?p=63516#breadcrumb\",\"itemListElement\":[{\"@type\":\"ListItem\",\"position\":1,\"name\":\"Portada\",\"item\":\"https:\\\/\\\/lospoliticosveracruz.com\\\/\"},{\"@type\":\"ListItem\",\"position\":2,\"name\":\"Trabajando construyen\"}]},{\"@type\":\"WebSite\",\"@id\":\"https:\\\/\\\/lospoliticosveracruz.com\\\/#website\",\"url\":\"https:\\\/\\\/lospoliticosveracruz.com\\\/\",\"name\":\"Los pol\u00edticos Veracruz\",\"description\":\"\",\"publisher\":{\"@id\":\"https:\\\/\\\/lospoliticosveracruz.com\\\/#organization\"},\"potentialAction\":[{\"@type\":\"SearchAction\",\"target\":{\"@type\":\"EntryPoint\",\"urlTemplate\":\"https:\\\/\\\/lospoliticosveracruz.com\\\/?s={search_term_string}\"},\"query-input\":{\"@type\":\"PropertyValueSpecification\",\"valueRequired\":true,\"valueName\":\"search_term_string\"}}],\"inLanguage\":\"es\"},{\"@type\":\"Organization\",\"@id\":\"https:\\\/\\\/lospoliticosveracruz.com\\\/#organization\",\"name\":\"Los pol\u00edticos Veracruz\",\"url\":\"https:\\\/\\\/lospoliticosveracruz.com\\\/\",\"logo\":{\"@type\":\"ImageObject\",\"inLanguage\":\"es\",\"@id\":\"https:\\\/\\\/lospoliticosveracruz.com\\\/#\\\/schema\\\/logo\\\/image\\\/\",\"url\":\"https:\\\/\\\/lospoliticosveracruz.com\\\/wp-content\\\/uploads\\\/2025\\\/12\\\/Logo-Nuevo-LOS-POLITICOS-1.jpg\",\"contentUrl\":\"https:\\\/\\\/lospoliticosveracruz.com\\\/wp-content\\\/uploads\\\/2025\\\/12\\\/Logo-Nuevo-LOS-POLITICOS-1.jpg\",\"width\":260,\"height\":70,\"caption\":\"Los pol\u00edticos Veracruz\"},\"image\":{\"@id\":\"https:\\\/\\\/lospoliticosveracruz.com\\\/#\\\/schema\\\/logo\\\/image\\\/\"},\"sameAs\":[\"https:\\\/\\\/www.facebook.com\\\/people\\\/Notimemes-de-los-Polticos\\\/61565672886568\\\/\",\"https:\\\/\\\/x.com\\\/LosPoliticosVer\"]},{\"@type\":\"Person\",\"@id\":\"https:\\\/\\\/lospoliticosveracruz.com\\\/#\\\/schema\\\/person\\\/b8702bb0e538456e6efd07080bf2a4a2\",\"name\":\"Lo viste en Los Pol\u00edticos\",\"image\":{\"@type\":\"ImageObject\",\"inLanguage\":\"es\",\"@id\":\"https:\\\/\\\/secure.gravatar.com\\\/avatar\\\/3a8de04a2656d44082be478bd6c086daa447c4651605818287b9532d3d0bd435?s=96&d=mm&r=g\",\"url\":\"https:\\\/\\\/secure.gravatar.com\\\/avatar\\\/3a8de04a2656d44082be478bd6c086daa447c4651605818287b9532d3d0bd435?s=96&d=mm&r=g\",\"contentUrl\":\"https:\\\/\\\/secure.gravatar.com\\\/avatar\\\/3a8de04a2656d44082be478bd6c086daa447c4651605818287b9532d3d0bd435?s=96&d=mm&r=g\",\"caption\":\"Lo viste en Los Pol\u00edticos\"},\"url\":\"https:\\\/\\\/lospoliticosveracruz.com\\\/?author=2\"}]}<\/script>\n<!-- \/ Yoast SEO plugin. -->","yoast_head_json":{"title":"Trabajando construyen - Los pol\u00edticos Veracruz","robots":{"index":"index","follow":"follow","max-snippet":"max-snippet:-1","max-image-preview":"max-image-preview:large","max-video-preview":"max-video-preview:-1"},"canonical":"https:\/\/lospoliticosveracruz.com\/?p=63516","og_locale":"es_ES","og_type":"article","og_title":"Trabajando construyen - Los pol\u00edticos Veracruz","og_description":"Eduardo Venegas Naranjo Aqu\u00ed Entre Nos\u2026 Tony Cruz le cumple a La Mixtequilla Hoy qued\u00f3 demostrado en Ignacio de la Llave que el alcalde Ren\u00e9 Antonio Cruz Hermida es un buen gestor, es un hombre que tiene arraigo por su pueblo. Tony Cruz este viernes recibi\u00f3 al gobernador, Cuitl\u00e1huac Garc\u00eda Jim\u00e9nez, quien inaugur\u00f3 el Centro [&hellip;]","og_url":"https:\/\/lospoliticosveracruz.com\/?p=63516","og_site_name":"Los pol\u00edticos Veracruz","article_publisher":"https:\/\/www.facebook.com\/people\/Notimemes-de-los-Polticos\/61565672886568\/","article_published_time":"2020-11-07T01:45:24+00:00","og_image":[{"url":"http:\/\/www.lospoliticosveracruz.com.mx\/wp-content\/uploads\/2020\/11\/21.jpg","type":"","width":"","height":""}],"author":"Lo viste en Los Pol\u00edticos","twitter_card":"summary_large_image","twitter_creator":"@LosPoliticosVer","twitter_site":"@LosPoliticosVer","twitter_misc":{"Escrito por":"Lo viste en Los Pol\u00edticos","Tiempo de lectura":"3 minutos"},"schema":{"@context":"https:\/\/schema.org","@graph":[{"@type":"Article","@id":"https:\/\/lospoliticosveracruz.com\/?p=63516#article","isPartOf":{"@id":"https:\/\/lospoliticosveracruz.com\/?p=63516"},"author":{"name":"Lo viste en Los Pol\u00edticos","@id":"https:\/\/lospoliticosveracruz.com\/#\/schema\/person\/b8702bb0e538456e6efd07080bf2a4a2"},"headline":"Trabajando construyen","datePublished":"2020-11-07T01:45:24+00:00","mainEntityOfPage":{"@id":"https:\/\/lospoliticosveracruz.com\/?p=63516"},"wordCount":613,"commentCount":0,"publisher":{"@id":"https:\/\/lospoliticosveracruz.com\/#organization"},"image":{"@id":"https:\/\/lospoliticosveracruz.com\/?p=63516#primaryimage"},"thumbnailUrl":"http:\/\/www.lospoliticosveracruz.com.mx\/wp-content\/uploads\/2020\/11\/21.jpg","keywords":["Anil\u00fa Ingram Vallines","C\u00e1mara de Diputados","CFE","Ciudad Isla","Cuitl\u00e1huac Garc\u00eda Jim\u00e9nez","Diputada Federal","Guadalupe Sosa de Molina","Ignacio de la Llave","Manuel Bartlett D\u00edaz","Mixtequilla","Ren\u00e9 Antonio Cruz Hermida"],"articleSection":["De Opini\u00f3n"],"inLanguage":"es","potentialAction":[{"@type":"CommentAction","name":"Comment","target":["https:\/\/lospoliticosveracruz.com\/?p=63516#respond"]}]},{"@type":"WebPage","@id":"https:\/\/lospoliticosveracruz.com\/?p=63516","url":"https:\/\/lospoliticosveracruz.com\/?p=63516","name":"Trabajando construyen - Los pol\u00edticos Veracruz","isPartOf":{"@id":"https:\/\/lospoliticosveracruz.com\/#website"},"primaryImageOfPage":{"@id":"https:\/\/lospoliticosveracruz.com\/?p=63516#primaryimage"},"image":{"@id":"https:\/\/lospoliticosveracruz.com\/?p=63516#primaryimage"},"thumbnailUrl":"http:\/\/www.lospoliticosveracruz.com.mx\/wp-content\/uploads\/2020\/11\/21.jpg","datePublished":"2020-11-07T01:45:24+00:00","breadcrumb":{"@id":"https:\/\/lospoliticosveracruz.com\/?p=63516#breadcrumb"},"inLanguage":"es","potentialAction":[{"@type":"ReadAction","target":["https:\/\/lospoliticosveracruz.com\/?p=63516"]}]},{"@type":"ImageObject","inLanguage":"es","@id":"https:\/\/lospoliticosveracruz.com\/?p=63516#primaryimage","url":"http:\/\/www.lospoliticosveracruz.com.mx\/wp-content\/uploads\/2020\/11\/21.jpg","contentUrl":"http:\/\/www.lospoliticosveracruz.com.mx\/wp-content\/uploads\/2020\/11\/21.jpg"},{"@type":"BreadcrumbList","@id":"https:\/\/lospoliticosveracruz.com\/?p=63516#breadcrumb","itemListElement":[{"@type":"ListItem","position":1,"name":"Portada","item":"https:\/\/lospoliticosveracruz.com\/"},{"@type":"ListItem","position":2,"name":"Trabajando construyen"}]},{"@type":"WebSite","@id":"https:\/\/lospoliticosveracruz.com\/#website","url":"https:\/\/lospoliticosveracruz.com\/","name":"Los pol\u00edticos Veracruz","description":"","publisher":{"@id":"https:\/\/lospoliticosveracruz.com\/#organization"},"potentialAction":[{"@type":"SearchAction","target":{"@type":"EntryPoint","urlTemplate":"https:\/\/lospoliticosveracruz.com\/?s={search_term_string}"},"query-input":{"@type":"PropertyValueSpecification","valueRequired":true,"valueName":"search_term_string"}}],"inLanguage":"es"},{"@type":"Organization","@id":"https:\/\/lospoliticosveracruz.com\/#organization","name":"Los pol\u00edticos Veracruz","url":"https:\/\/lospoliticosveracruz.com\/","logo":{"@type":"ImageObject","inLanguage":"es","@id":"https:\/\/lospoliticosveracruz.com\/#\/schema\/logo\/image\/","url":"https:\/\/lospoliticosveracruz.com\/wp-content\/uploads\/2025\/12\/Logo-Nuevo-LOS-POLITICOS-1.jpg","contentUrl":"https:\/\/lospoliticosveracruz.com\/wp-content\/uploads\/2025\/12\/Logo-Nuevo-LOS-POLITICOS-1.jpg","width":260,"height":70,"caption":"Los pol\u00edticos Veracruz"},"image":{"@id":"https:\/\/lospoliticosveracruz.com\/#\/schema\/logo\/image\/"},"sameAs":["https:\/\/www.facebook.com\/people\/Notimemes-de-los-Polticos\/61565672886568\/","https:\/\/x.com\/LosPoliticosVer"]},{"@type":"Person","@id":"https:\/\/lospoliticosveracruz.com\/#\/schema\/person\/b8702bb0e538456e6efd07080bf2a4a2","name":"Lo viste en Los Pol\u00edticos","image":{"@type":"ImageObject","inLanguage":"es","@id":"https:\/\/secure.gravatar.com\/avatar\/3a8de04a2656d44082be478bd6c086daa447c4651605818287b9532d3d0bd435?s=96&d=mm&r=g","url":"https:\/\/secure.gravatar.com\/avatar\/3a8de04a2656d44082be478bd6c086daa447c4651605818287b9532d3d0bd435?s=96&d=mm&r=g","contentUrl":"https:\/\/secure.gravatar.com\/avatar\/3a8de04a2656d44082be478bd6c086daa447c4651605818287b9532d3d0bd435?s=96&d=mm&r=g","caption":"Lo viste en Los Pol\u00edticos"},"url":"https:\/\/lospoliticosveracruz.com\/?author=2"}]}},"_links":{"self":[{"href":"https:\/\/lospoliticosveracruz.com\/index.php?rest_route=\/wp\/v2\/posts\/63516","targetHints":{"allow":["GET"]}}],"collection":[{"href":"https:\/\/lospoliticosveracruz.com\/index.php?rest_route=\/wp\/v2\/posts"}],"about":[{"href":"https:\/\/lospoliticosveracruz.com\/index.php?rest_route=\/wp\/v2\/types\/post"}],"author":[{"embeddable":true,"href":"https:\/\/lospoliticosveracruz.com\/index.php?rest_route=\/wp\/v2\/users\/2"}],"replies":[{"embeddable":true,"href":"https:\/\/lospoliticosveracruz.com\/index.php?rest_route=%2Fwp%2Fv2%2Fcomments&post=63516"}],"version-history":[{"count":1,"href":"https:\/\/lospoliticosveracruz.com\/index.php?rest_route=\/wp\/v2\/posts\/63516\/revisions"}],"predecessor-version":[{"id":63520,"href":"https:\/\/lospoliticosveracruz.com\/index.php?rest_route=\/wp\/v2\/posts\/63516\/revisions\/63520"}],"wp:attachment":[{"href":"https:\/\/lospoliticosveracruz.com\/index.php?rest_route=%2Fwp%2Fv2%2Fmedia&parent=63516"}],"wp:term":[{"taxonomy":"category","embeddable":true,"href":"https:\/\/lospoliticosveracruz.com\/index.php?rest_route=%2Fwp%2Fv2%2Fcategories&post=63516"},{"taxonomy":"post_tag","embeddable":true,"href":"https:\/\/lospoliticosveracruz.com\/index.php?rest_route=%2Fwp%2Fv2%2Ftags&post=63516"}],"curies":[{"name":"wp","href":"https:\/\/api.w.org\/{rel}","templated":true}]}}