{"id":63576,"date":"2020-11-09T08:22:36","date_gmt":"2020-11-09T14:22:36","guid":{"rendered":"http:\/\/www.lospoliticosveracruz.com.mx\/?p=63576"},"modified":"2020-11-09T08:23:44","modified_gmt":"2020-11-09T14:23:44","slug":"buganza-el-caballo-de-troya","status":"publish","type":"post","link":"https:\/\/lospoliticosveracruz.com\/?p=63576","title":{"rendered":"Buganza, el caballo de Troya"},"content":{"rendered":"<p>&nbsp;<\/p>\n<p><strong>Ricardo Ch\u00faa<\/strong><br \/>\n<em>Sale y Vale<\/em><\/p>\n<p>Todo parece indicar que despu\u00e9s del proceso interno de MORENA para elegir al nuevo dirigente nacional&#8230; Y salir seleccionado, Mario Delgado por encima de Porfirio Mu\u00f1oz Ledo&#8230; El nuevo Presidente del CEN de los Morenos, ha empezado una \u00abestrategia\u00bb para EVITAR que en los lugares, que les sea posible en el pa\u00eds, debilitar las alianzas estatales de partidos de oposici\u00f3n en su contra&#8230; Y, en Veracruz, ya tiene a una persona trabajando en ello, presuntamente, Gerardo Buganza Salmer\u00f3n&#8230;<\/p>\n<p>&nbsp;<br \/>\n<a href=\"https:\/\/www.facebook.com\/notaria61veracruz\/\"><img decoding=\"async\" src=\"http:\/\/www.lospoliticosveracruz.com.mx\/wp-content\/uploads\/2020\/07\/CINTILLO-Armando.jpg\" alt=\"\" \/><\/a><br \/>\n&nbsp;<\/p>\n<p>El ex diputado federal, ex senador y ex funcionario estatal del gobierno de Javier Duarte&#8230; Ya se encuentra TRABAJANDO para un proyecto de MORENA, donde PRESUNTAMENTE la intenci\u00f3n es DIVIDIR a la oposici\u00f3n para evitar a toda costa que en Veracruz, se CONCRETE la alianza opositora&#8230; Tal como ha pasado en Colima, que ayer el PAN la concret\u00f3 con el PRI y PRD&#8230; Y, en d\u00edas pasados, sucedi\u00f3 lo mismo en Zacatecas&#8230; Por eso, en \u00abJarochilandia\u00bb est\u00e1n ocupando los recursos que tienen para que esto no suceda&#8230;<br \/>\nAndr\u00e9s Manuel L\u00f3pez Obrador ya vio venir este escenario estatal&#8230; Al no tener a Mu\u00f1oz Ledo como un operador para su proyecto.. Ordena a Delgado Carrillo \u00abhaiga como haiga sido\u00bb EVITAR la conformaci\u00f3n de estas coaliciones en Estados, que mermen el voto de MORENA, en elecciones locales del 2021 y por ende en el proceso federal&#8230; Ya que AMLO tiene calculado su voto&#8230; De los 30 millones que sac\u00f3 en 2018&#8230; Quiere al menos, retener 25 millones, eso significa, el control de la c\u00e1mara de diputados federales&#8230;. \u00bfPodr\u00e1?&#8230; Es la duda&#8230;<br \/>\nPor eso, el papel de \u00aboperadores\u00bb por fuera de MORENA en los estados&#8230; Como Gerardo Buganza, son fundamentales, ya que con este tipo de personas, Mario Delgado quiere \u00abdescarrilar\u00bb que la oposici\u00f3n se quede con las 15 gubernaturas que estar\u00e1n en juego en 2021&#8230; Pero sobre todo que en los 7 estados del pa\u00eds, que gobiernan, los gobernadores pierdan el control de sus Congreso Local y no puedan seguir apoyando desde las entidades el proyecto de la 4T&#8230;. Esa es la raz\u00f3n de estas reapariciones&#8230;<br \/>\nSi algo hay que reconocerle a Buganza Salmer\u00f3n, es que a pesar que desde el 2009 abandono oficialmente al PAN&#8230; Pese a ser secretario de Gobierno y despu\u00e9s de Obras P\u00fablicas con Javier Duarte&#8230; Adem\u00e1s de haber llegado al Congreso Local&#8230; El nunca perdi\u00f3 el contacto con la clase panista de Veracruz, con los dirigentes oficiales y los de facto, que despechaban en las oficinas de la calle Zamora en Xalapa&#8230;<br \/>\nEs m\u00e1s, en 2018, se le vio en una cena en C\u00f3rdoba donde asistieron Ricardo Anaya y Miguel Yunes Junior, que organiz\u00f3 Leticia L\u00f3pez Landeros, la alcaldesa de aquel sitio, para \u00abagasajar\u00bb a los candidatos panistas a la Presidencia y gubernatura de Veracruz&#8230; Al final, Anaya y Yunes, perdieron&#8230; Pero en esa reuni\u00f3n, estaba Buganza sentado con la \u00abcrema y nata\u00bb de los \u00abricos y sabrosos\u00bb del panismo&#8230; Y, eso, que con los Yunes sostuvo fuertes desencuentros.. Pero hace 2 a\u00f1os, estuvo con ellos&#8230; Es decir, no ha perdido el contacto con el PAN..<br \/>\nAs\u00ed que no hay que darle m\u00e1s vueltas al asunto&#8230; La intenci\u00f3n que Buganza opere por \u00abfuera\u00bb para MORENA es para DIVIDIR Y ACELERAR a los panistas&#8230; Para que no se realice una alianza con PRI y PRD en Veracruz&#8230; El conoce bien la estructura del PAN, tanto de la de Guzm\u00e1n Avil\u00e9s, como la de Yunes Azules&#8230; Y, por ah\u00ed, va a tratar de mermar el asunto&#8230; Primero al interior y despu\u00e9s al exterior&#8230; OJO&#8230; Lo de Buganza, no es un decisi\u00f3n de la \u00abaldea\u00bb&#8230; Es de la c\u00e1mara de diputados federales con Mario Delgado&#8230; \u00bfFUNCIONAR\u00c1?&#8230;<\/p>\n<p>EL CELULAR DE AMLO&#8230; Desde hace semanas en los \u00abcirculo rojo\u00bb del poder pol\u00edtico en M\u00e9xico&#8230; Saben bien que el Presidente, Andr\u00e9s Manuel L\u00f3pez Obrador, ya trae consigo un tel\u00e9fono celular propio&#8230; Y eso, lo trae de arriba muy \u00abmovido\u00bb&#8230; Ya que el equipo no deja de sonar y quiz\u00e1s eso no lo deja concentrar&#8230; Ya que desde hace d\u00edas se le nota DESCONCERTADO, en estos \u00faltimos d\u00edas, se le nota tenso y ansioso&#8230; Hasta descontrolado en sus declaraciones&#8230; No han sido buenos d\u00edas para \u00e9l&#8230;<br \/>\nLa declaraci\u00f3n de las inundaciones en Tabasco han sido las m\u00e1s desafortunadas de los \u00faltimos d\u00edas&#8230; \u00c9l no dec\u00eda cosas como esas&#8230; \u00abDe que tiene otras cosas que hacer\u00bb en vez de recorrer las zonas inundadas en aquel sitio&#8230; Record\u00f3 a Murillo Karam en la PGR con el caso Ayotzinapa, cuando dijo que \u00abya no pod\u00eda m\u00e1s porque estaba muy agotado\u00bb&#8230;. Pero no fue lo \u00fanico, ah\u00ed est\u00e1n las contestaciones en Nayarit y el aeropuerto cuando no quiso reconocer el triunfo de Joe Biden&#8230; Y las criticas no cesaron&#8230;<br \/>\nLe vino tambi\u00e9n la \u00abexoneraci\u00f3n\u00bb de su hermano, Pio L\u00f3pez Obrador por parte de la Unidad de Inteligencia Financiera&#8230; Despu\u00e9s la beca a su esposa, Beatriz Guti\u00e9rrez Muller, como investigadora&#8230; El juicio en EU del General, Salvador Cienfuegos&#8230; Esos son los temas que lo deben traer cansado&#8230; Hasta se le ve en el semblante&#8230; Y aunado a todo esto, tiene encima la elecci\u00f3n federal del 2021 , donde todo indica que los n\u00fameros no le ser\u00e1n favorables a MORENA para la conformaci\u00f3n de la nueva c\u00e1mara de diputados federales&#8230; Le viene dura&#8230;<br \/>\nPara nadie es un secreto&#8230; Que precisamente el tema electoral es donde le pueden salir mal las cosas, para su gobierno y partido pol\u00edtico&#8230; Ya que \u00e9l ve el desmoronamiento de su proyecto porque su partido no est\u00e1 fuerte&#8230; A pesar que \u00e9l conf\u00eda en los 25 millones de mexicanos que tienen programas sociales, van a votar por MORENA en 2021&#8230; Pero el comportamiento del electorado en cada elecci\u00f3n es distinta&#8230; Y en M\u00e9xico ahora hay que sumarle las \u00absecuelas\u00bb del COVID y crisis econ\u00f3mica&#8230; Y ESO, AMLO LO PUEE PAGAR&#8230; CON VOTOS&#8230; AMEN&#8230;<\/p>\n","protected":false},"excerpt":{"rendered":"<p>&nbsp; Ricardo Ch\u00faa Sale y Vale Todo parece indicar que despu\u00e9s del proceso interno de MORENA para elegir al nuevo dirigente nacional&#8230; Y salir seleccionado, Mario Delgado por encima de Porfirio Mu\u00f1oz Ledo&#8230; El nuevo Presidente del CEN de los Morenos, ha empezado una \u00abestrategia\u00bb para EVITAR que en los lugares, que les sea posible [&hellip;]<\/p>\n","protected":false},"author":2,"featured_media":0,"comment_status":"open","ping_status":"open","sticky":false,"template":"","format":"standard","meta":{"tdm_status":"","tdm_grid_status":"","footnotes":""},"categories":[70],"tags":[618,8261,17829,854,23407,14730,12596,1026,266,20122,1025,107,251,10795],"class_list":{"0":"post-63576","1":"post","2":"type-post","3":"status-publish","4":"format-standard","6":"category-de-opinion","7":"tag-andres-manuel-lopez-obrador","8":"tag-beatriz-gutierrez-muller","9":"tag-covid","10":"tag-gerardo-buganza-salmeron","11":"tag-guzman-aviles","12":"tag-inteligencia-financiera","13":"tag-mario-delgado","14":"tag-morena","15":"tag-pan","16":"tag-pio-lopez-obrador","17":"tag-porfirio-munoz-ledo","18":"tag-prd","19":"tag-pri","20":"tag-salvador-cienfuegos"},"yoast_head":"<!-- This site is optimized with the Yoast SEO plugin v27.4 - https:\/\/yoast.com\/product\/yoast-seo-wordpress\/ -->\n<title>Buganza, el caballo de Troya - Los pol\u00edticos Veracruz<\/title>\n<meta name=\"robots\" content=\"index, follow, max-snippet:-1, max-image-preview:large, max-video-preview:-1\" \/>\n<link rel=\"canonical\" href=\"https:\/\/lospoliticosveracruz.com\/?p=63576\" \/>\n<meta property=\"og:locale\" content=\"es_ES\" \/>\n<meta property=\"og:type\" content=\"article\" \/>\n<meta property=\"og:title\" content=\"Buganza, el caballo de Troya - Los pol\u00edticos Veracruz\" \/>\n<meta property=\"og:description\" content=\"&nbsp; Ricardo Ch\u00faa Sale y Vale Todo parece indicar que despu\u00e9s del proceso interno de MORENA para elegir al nuevo dirigente nacional&#8230; Y salir seleccionado, Mario Delgado por encima de Porfirio Mu\u00f1oz Ledo&#8230; El nuevo Presidente del CEN de los Morenos, ha empezado una \u00abestrategia\u00bb para EVITAR que en los lugares, que les sea posible [&hellip;]\" \/>\n<meta property=\"og:url\" content=\"https:\/\/lospoliticosveracruz.com\/?p=63576\" \/>\n<meta property=\"og:site_name\" content=\"Los pol\u00edticos Veracruz\" \/>\n<meta property=\"article:publisher\" content=\"https:\/\/www.facebook.com\/people\/Notimemes-de-los-Polticos\/61565672886568\/\" \/>\n<meta property=\"article:published_time\" content=\"2020-11-09T14:22:36+00:00\" \/>\n<meta property=\"article:modified_time\" content=\"2020-11-09T14:23:44+00:00\" \/>\n<meta property=\"og:image\" content=\"http:\/\/www.lospoliticosveracruz.com.mx\/wp-content\/uploads\/2020\/07\/CINTILLO-Armando.jpg\" \/>\n<meta name=\"author\" content=\"Lo viste en Los Pol\u00edticos\" \/>\n<meta name=\"twitter:card\" content=\"summary_large_image\" \/>\n<meta name=\"twitter:creator\" content=\"@LosPoliticosVer\" \/>\n<meta name=\"twitter:site\" content=\"@LosPoliticosVer\" \/>\n<meta name=\"twitter:label1\" content=\"Escrito por\" \/>\n\t<meta name=\"twitter:data1\" content=\"Lo viste en Los Pol\u00edticos\" \/>\n\t<meta name=\"twitter:label2\" content=\"Tiempo de lectura\" \/>\n\t<meta name=\"twitter:data2\" content=\"5 minutos\" \/>\n<script type=\"application\/ld+json\" class=\"yoast-schema-graph\">{\"@context\":\"https:\\\/\\\/schema.org\",\"@graph\":[{\"@type\":\"Article\",\"@id\":\"https:\\\/\\\/lospoliticosveracruz.com\\\/?p=63576#article\",\"isPartOf\":{\"@id\":\"https:\\\/\\\/lospoliticosveracruz.com\\\/?p=63576\"},\"author\":{\"name\":\"Lo viste en Los Pol\u00edticos\",\"@id\":\"https:\\\/\\\/lospoliticosveracruz.com\\\/#\\\/schema\\\/person\\\/b8702bb0e538456e6efd07080bf2a4a2\"},\"headline\":\"Buganza, el caballo de Troya\",\"datePublished\":\"2020-11-09T14:22:36+00:00\",\"dateModified\":\"2020-11-09T14:23:44+00:00\",\"mainEntityOfPage\":{\"@id\":\"https:\\\/\\\/lospoliticosveracruz.com\\\/?p=63576\"},\"wordCount\":1029,\"commentCount\":0,\"publisher\":{\"@id\":\"https:\\\/\\\/lospoliticosveracruz.com\\\/#organization\"},\"image\":{\"@id\":\"https:\\\/\\\/lospoliticosveracruz.com\\\/?p=63576#primaryimage\"},\"thumbnailUrl\":\"http:\\\/\\\/www.lospoliticosveracruz.com.mx\\\/wp-content\\\/uploads\\\/2020\\\/07\\\/CINTILLO-Armando.jpg\",\"keywords\":[\"Andr\u00e9s Manuel L\u00f3pez Obrador\",\"Beatriz Guti\u00e9rrez M\u00fcller\",\"Covid\",\"Gerardo Buganza Salmer\u00f3n\",\"Guzm\u00e1n Avil\u00e9s\",\"inteligencia financiera\",\"Mario Delgado\",\"Morena\",\"PAN\",\"Pio L\u00f3pez Obrador\",\"Porfirio Mu\u00f1oz Ledo\",\"PRD\",\"PRI\",\"Salvador Cienfuegos\"],\"articleSection\":[\"De Opini\u00f3n\"],\"inLanguage\":\"es\",\"potentialAction\":[{\"@type\":\"CommentAction\",\"name\":\"Comment\",\"target\":[\"https:\\\/\\\/lospoliticosveracruz.com\\\/?p=63576#respond\"]}]},{\"@type\":\"WebPage\",\"@id\":\"https:\\\/\\\/lospoliticosveracruz.com\\\/?p=63576\",\"url\":\"https:\\\/\\\/lospoliticosveracruz.com\\\/?p=63576\",\"name\":\"Buganza, el caballo de Troya - Los pol\u00edticos Veracruz\",\"isPartOf\":{\"@id\":\"https:\\\/\\\/lospoliticosveracruz.com\\\/#website\"},\"primaryImageOfPage\":{\"@id\":\"https:\\\/\\\/lospoliticosveracruz.com\\\/?p=63576#primaryimage\"},\"image\":{\"@id\":\"https:\\\/\\\/lospoliticosveracruz.com\\\/?p=63576#primaryimage\"},\"thumbnailUrl\":\"http:\\\/\\\/www.lospoliticosveracruz.com.mx\\\/wp-content\\\/uploads\\\/2020\\\/07\\\/CINTILLO-Armando.jpg\",\"datePublished\":\"2020-11-09T14:22:36+00:00\",\"dateModified\":\"2020-11-09T14:23:44+00:00\",\"breadcrumb\":{\"@id\":\"https:\\\/\\\/lospoliticosveracruz.com\\\/?p=63576#breadcrumb\"},\"inLanguage\":\"es\",\"potentialAction\":[{\"@type\":\"ReadAction\",\"target\":[\"https:\\\/\\\/lospoliticosveracruz.com\\\/?p=63576\"]}]},{\"@type\":\"ImageObject\",\"inLanguage\":\"es\",\"@id\":\"https:\\\/\\\/lospoliticosveracruz.com\\\/?p=63576#primaryimage\",\"url\":\"http:\\\/\\\/www.lospoliticosveracruz.com.mx\\\/wp-content\\\/uploads\\\/2020\\\/07\\\/CINTILLO-Armando.jpg\",\"contentUrl\":\"http:\\\/\\\/www.lospoliticosveracruz.com.mx\\\/wp-content\\\/uploads\\\/2020\\\/07\\\/CINTILLO-Armando.jpg\"},{\"@type\":\"BreadcrumbList\",\"@id\":\"https:\\\/\\\/lospoliticosveracruz.com\\\/?p=63576#breadcrumb\",\"itemListElement\":[{\"@type\":\"ListItem\",\"position\":1,\"name\":\"Portada\",\"item\":\"https:\\\/\\\/lospoliticosveracruz.com\\\/\"},{\"@type\":\"ListItem\",\"position\":2,\"name\":\"Buganza, el caballo de Troya\"}]},{\"@type\":\"WebSite\",\"@id\":\"https:\\\/\\\/lospoliticosveracruz.com\\\/#website\",\"url\":\"https:\\\/\\\/lospoliticosveracruz.com\\\/\",\"name\":\"Los pol\u00edticos Veracruz\",\"description\":\"\",\"publisher\":{\"@id\":\"https:\\\/\\\/lospoliticosveracruz.com\\\/#organization\"},\"potentialAction\":[{\"@type\":\"SearchAction\",\"target\":{\"@type\":\"EntryPoint\",\"urlTemplate\":\"https:\\\/\\\/lospoliticosveracruz.com\\\/?s={search_term_string}\"},\"query-input\":{\"@type\":\"PropertyValueSpecification\",\"valueRequired\":true,\"valueName\":\"search_term_string\"}}],\"inLanguage\":\"es\"},{\"@type\":\"Organization\",\"@id\":\"https:\\\/\\\/lospoliticosveracruz.com\\\/#organization\",\"name\":\"Los pol\u00edticos Veracruz\",\"url\":\"https:\\\/\\\/lospoliticosveracruz.com\\\/\",\"logo\":{\"@type\":\"ImageObject\",\"inLanguage\":\"es\",\"@id\":\"https:\\\/\\\/lospoliticosveracruz.com\\\/#\\\/schema\\\/logo\\\/image\\\/\",\"url\":\"https:\\\/\\\/lospoliticosveracruz.com\\\/wp-content\\\/uploads\\\/2025\\\/12\\\/Logo-Nuevo-LOS-POLITICOS-1.jpg\",\"contentUrl\":\"https:\\\/\\\/lospoliticosveracruz.com\\\/wp-content\\\/uploads\\\/2025\\\/12\\\/Logo-Nuevo-LOS-POLITICOS-1.jpg\",\"width\":260,\"height\":70,\"caption\":\"Los pol\u00edticos Veracruz\"},\"image\":{\"@id\":\"https:\\\/\\\/lospoliticosveracruz.com\\\/#\\\/schema\\\/logo\\\/image\\\/\"},\"sameAs\":[\"https:\\\/\\\/www.facebook.com\\\/people\\\/Notimemes-de-los-Polticos\\\/61565672886568\\\/\",\"https:\\\/\\\/x.com\\\/LosPoliticosVer\"]},{\"@type\":\"Person\",\"@id\":\"https:\\\/\\\/lospoliticosveracruz.com\\\/#\\\/schema\\\/person\\\/b8702bb0e538456e6efd07080bf2a4a2\",\"name\":\"Lo viste en Los Pol\u00edticos\",\"image\":{\"@type\":\"ImageObject\",\"inLanguage\":\"es\",\"@id\":\"https:\\\/\\\/secure.gravatar.com\\\/avatar\\\/3a8de04a2656d44082be478bd6c086daa447c4651605818287b9532d3d0bd435?s=96&d=mm&r=g\",\"url\":\"https:\\\/\\\/secure.gravatar.com\\\/avatar\\\/3a8de04a2656d44082be478bd6c086daa447c4651605818287b9532d3d0bd435?s=96&d=mm&r=g\",\"contentUrl\":\"https:\\\/\\\/secure.gravatar.com\\\/avatar\\\/3a8de04a2656d44082be478bd6c086daa447c4651605818287b9532d3d0bd435?s=96&d=mm&r=g\",\"caption\":\"Lo viste en Los Pol\u00edticos\"},\"url\":\"https:\\\/\\\/lospoliticosveracruz.com\\\/?author=2\"}]}<\/script>\n<!-- \/ Yoast SEO plugin. -->","yoast_head_json":{"title":"Buganza, el caballo de Troya - Los pol\u00edticos Veracruz","robots":{"index":"index","follow":"follow","max-snippet":"max-snippet:-1","max-image-preview":"max-image-preview:large","max-video-preview":"max-video-preview:-1"},"canonical":"https:\/\/lospoliticosveracruz.com\/?p=63576","og_locale":"es_ES","og_type":"article","og_title":"Buganza, el caballo de Troya - Los pol\u00edticos Veracruz","og_description":"&nbsp; Ricardo Ch\u00faa Sale y Vale Todo parece indicar que despu\u00e9s del proceso interno de MORENA para elegir al nuevo dirigente nacional&#8230; Y salir seleccionado, Mario Delgado por encima de Porfirio Mu\u00f1oz Ledo&#8230; El nuevo Presidente del CEN de los Morenos, ha empezado una \u00abestrategia\u00bb para EVITAR que en los lugares, que les sea posible [&hellip;]","og_url":"https:\/\/lospoliticosveracruz.com\/?p=63576","og_site_name":"Los pol\u00edticos Veracruz","article_publisher":"https:\/\/www.facebook.com\/people\/Notimemes-de-los-Polticos\/61565672886568\/","article_published_time":"2020-11-09T14:22:36+00:00","article_modified_time":"2020-11-09T14:23:44+00:00","og_image":[{"url":"http:\/\/www.lospoliticosveracruz.com.mx\/wp-content\/uploads\/2020\/07\/CINTILLO-Armando.jpg","type":"","width":"","height":""}],"author":"Lo viste en Los Pol\u00edticos","twitter_card":"summary_large_image","twitter_creator":"@LosPoliticosVer","twitter_site":"@LosPoliticosVer","twitter_misc":{"Escrito por":"Lo viste en Los Pol\u00edticos","Tiempo de lectura":"5 minutos"},"schema":{"@context":"https:\/\/schema.org","@graph":[{"@type":"Article","@id":"https:\/\/lospoliticosveracruz.com\/?p=63576#article","isPartOf":{"@id":"https:\/\/lospoliticosveracruz.com\/?p=63576"},"author":{"name":"Lo viste en Los Pol\u00edticos","@id":"https:\/\/lospoliticosveracruz.com\/#\/schema\/person\/b8702bb0e538456e6efd07080bf2a4a2"},"headline":"Buganza, el caballo de Troya","datePublished":"2020-11-09T14:22:36+00:00","dateModified":"2020-11-09T14:23:44+00:00","mainEntityOfPage":{"@id":"https:\/\/lospoliticosveracruz.com\/?p=63576"},"wordCount":1029,"commentCount":0,"publisher":{"@id":"https:\/\/lospoliticosveracruz.com\/#organization"},"image":{"@id":"https:\/\/lospoliticosveracruz.com\/?p=63576#primaryimage"},"thumbnailUrl":"http:\/\/www.lospoliticosveracruz.com.mx\/wp-content\/uploads\/2020\/07\/CINTILLO-Armando.jpg","keywords":["Andr\u00e9s Manuel L\u00f3pez Obrador","Beatriz Guti\u00e9rrez M\u00fcller","Covid","Gerardo Buganza Salmer\u00f3n","Guzm\u00e1n Avil\u00e9s","inteligencia financiera","Mario Delgado","Morena","PAN","Pio L\u00f3pez Obrador","Porfirio Mu\u00f1oz Ledo","PRD","PRI","Salvador Cienfuegos"],"articleSection":["De Opini\u00f3n"],"inLanguage":"es","potentialAction":[{"@type":"CommentAction","name":"Comment","target":["https:\/\/lospoliticosveracruz.com\/?p=63576#respond"]}]},{"@type":"WebPage","@id":"https:\/\/lospoliticosveracruz.com\/?p=63576","url":"https:\/\/lospoliticosveracruz.com\/?p=63576","name":"Buganza, el caballo de Troya - Los pol\u00edticos Veracruz","isPartOf":{"@id":"https:\/\/lospoliticosveracruz.com\/#website"},"primaryImageOfPage":{"@id":"https:\/\/lospoliticosveracruz.com\/?p=63576#primaryimage"},"image":{"@id":"https:\/\/lospoliticosveracruz.com\/?p=63576#primaryimage"},"thumbnailUrl":"http:\/\/www.lospoliticosveracruz.com.mx\/wp-content\/uploads\/2020\/07\/CINTILLO-Armando.jpg","datePublished":"2020-11-09T14:22:36+00:00","dateModified":"2020-11-09T14:23:44+00:00","breadcrumb":{"@id":"https:\/\/lospoliticosveracruz.com\/?p=63576#breadcrumb"},"inLanguage":"es","potentialAction":[{"@type":"ReadAction","target":["https:\/\/lospoliticosveracruz.com\/?p=63576"]}]},{"@type":"ImageObject","inLanguage":"es","@id":"https:\/\/lospoliticosveracruz.com\/?p=63576#primaryimage","url":"http:\/\/www.lospoliticosveracruz.com.mx\/wp-content\/uploads\/2020\/07\/CINTILLO-Armando.jpg","contentUrl":"http:\/\/www.lospoliticosveracruz.com.mx\/wp-content\/uploads\/2020\/07\/CINTILLO-Armando.jpg"},{"@type":"BreadcrumbList","@id":"https:\/\/lospoliticosveracruz.com\/?p=63576#breadcrumb","itemListElement":[{"@type":"ListItem","position":1,"name":"Portada","item":"https:\/\/lospoliticosveracruz.com\/"},{"@type":"ListItem","position":2,"name":"Buganza, el caballo de Troya"}]},{"@type":"WebSite","@id":"https:\/\/lospoliticosveracruz.com\/#website","url":"https:\/\/lospoliticosveracruz.com\/","name":"Los pol\u00edticos Veracruz","description":"","publisher":{"@id":"https:\/\/lospoliticosveracruz.com\/#organization"},"potentialAction":[{"@type":"SearchAction","target":{"@type":"EntryPoint","urlTemplate":"https:\/\/lospoliticosveracruz.com\/?s={search_term_string}"},"query-input":{"@type":"PropertyValueSpecification","valueRequired":true,"valueName":"search_term_string"}}],"inLanguage":"es"},{"@type":"Organization","@id":"https:\/\/lospoliticosveracruz.com\/#organization","name":"Los pol\u00edticos Veracruz","url":"https:\/\/lospoliticosveracruz.com\/","logo":{"@type":"ImageObject","inLanguage":"es","@id":"https:\/\/lospoliticosveracruz.com\/#\/schema\/logo\/image\/","url":"https:\/\/lospoliticosveracruz.com\/wp-content\/uploads\/2025\/12\/Logo-Nuevo-LOS-POLITICOS-1.jpg","contentUrl":"https:\/\/lospoliticosveracruz.com\/wp-content\/uploads\/2025\/12\/Logo-Nuevo-LOS-POLITICOS-1.jpg","width":260,"height":70,"caption":"Los pol\u00edticos Veracruz"},"image":{"@id":"https:\/\/lospoliticosveracruz.com\/#\/schema\/logo\/image\/"},"sameAs":["https:\/\/www.facebook.com\/people\/Notimemes-de-los-Polticos\/61565672886568\/","https:\/\/x.com\/LosPoliticosVer"]},{"@type":"Person","@id":"https:\/\/lospoliticosveracruz.com\/#\/schema\/person\/b8702bb0e538456e6efd07080bf2a4a2","name":"Lo viste en Los Pol\u00edticos","image":{"@type":"ImageObject","inLanguage":"es","@id":"https:\/\/secure.gravatar.com\/avatar\/3a8de04a2656d44082be478bd6c086daa447c4651605818287b9532d3d0bd435?s=96&d=mm&r=g","url":"https:\/\/secure.gravatar.com\/avatar\/3a8de04a2656d44082be478bd6c086daa447c4651605818287b9532d3d0bd435?s=96&d=mm&r=g","contentUrl":"https:\/\/secure.gravatar.com\/avatar\/3a8de04a2656d44082be478bd6c086daa447c4651605818287b9532d3d0bd435?s=96&d=mm&r=g","caption":"Lo viste en Los Pol\u00edticos"},"url":"https:\/\/lospoliticosveracruz.com\/?author=2"}]}},"_links":{"self":[{"href":"https:\/\/lospoliticosveracruz.com\/index.php?rest_route=\/wp\/v2\/posts\/63576","targetHints":{"allow":["GET"]}}],"collection":[{"href":"https:\/\/lospoliticosveracruz.com\/index.php?rest_route=\/wp\/v2\/posts"}],"about":[{"href":"https:\/\/lospoliticosveracruz.com\/index.php?rest_route=\/wp\/v2\/types\/post"}],"author":[{"embeddable":true,"href":"https:\/\/lospoliticosveracruz.com\/index.php?rest_route=\/wp\/v2\/users\/2"}],"replies":[{"embeddable":true,"href":"https:\/\/lospoliticosveracruz.com\/index.php?rest_route=%2Fwp%2Fv2%2Fcomments&post=63576"}],"version-history":[{"count":2,"href":"https:\/\/lospoliticosveracruz.com\/index.php?rest_route=\/wp\/v2\/posts\/63576\/revisions"}],"predecessor-version":[{"id":63579,"href":"https:\/\/lospoliticosveracruz.com\/index.php?rest_route=\/wp\/v2\/posts\/63576\/revisions\/63579"}],"wp:attachment":[{"href":"https:\/\/lospoliticosveracruz.com\/index.php?rest_route=%2Fwp%2Fv2%2Fmedia&parent=63576"}],"wp:term":[{"taxonomy":"category","embeddable":true,"href":"https:\/\/lospoliticosveracruz.com\/index.php?rest_route=%2Fwp%2Fv2%2Fcategories&post=63576"},{"taxonomy":"post_tag","embeddable":true,"href":"https:\/\/lospoliticosveracruz.com\/index.php?rest_route=%2Fwp%2Fv2%2Ftags&post=63576"}],"curies":[{"name":"wp","href":"https:\/\/api.w.org\/{rel}","templated":true}]}}