{"id":63583,"date":"2020-11-09T08:48:35","date_gmt":"2020-11-09T14:48:35","guid":{"rendered":"http:\/\/www.lospoliticosveracruz.com.mx\/?p=63583"},"modified":"2020-11-09T08:48:35","modified_gmt":"2020-11-09T14:48:35","slug":"orgullo-y-poder-femenino","status":"publish","type":"post","link":"https:\/\/lospoliticosveracruz.com\/?p=63583","title":{"rendered":"Orgullo y poder femenino"},"content":{"rendered":"<p><strong>Lorena Pi\u00f1\u00f3n Rivera<\/strong><\/p>\n<p><em>Consummatum est:<\/em><\/p>\n<p>El PRI, es hist\u00f3ricamente el partido pol\u00edtico feminista de M\u00e9xico. Por esa raz\u00f3n compartimos el regocijo por la reciente determinaci\u00f3n del Instituto Nacional Electoral, referente a que durante los pr\u00f3ximos comicios para elegir ejecutivos estatales, los partidos est\u00e9n obligados a cumplir con el mandato constitucional de postular de manera paritaria a hombres y mujeres.<\/p>\n<p>Lorenzo C\u00f3rdova, Consejero Presidente del INE, afirma enfatiz\u00f3 que \u201cel INE no legisla, pero s\u00ed adopta medidas afirmativas que contribuyen a concretar en los hechos el mandato constitucional de una contienda electoral en condiciones de equidad, certeza, transparencia y legalidad. Estamos dando un paso adelante para cumplir con una demanda social muy importante, la demanda de paridad y equidad\u201d<\/p>\n<p>Todos los partidos sin excepci\u00f3n deben abanderar al menos 7 mujeres como candidatas a gobernadoras -no veo el escenario en que alguien se queje si finalmente son 8 mujeres y 7 hombres del total de 15 competencias gubernamentales del 2021-, lo cual viene a significar un justo reconocimiento a tres t\u00f3picos, el primero que es una decisi\u00f3n congruente con el perfil demogr\u00e1fico del pa\u00eds, pues m\u00e1s de la mitad de los habitantes somos mujeres.<\/p>\n<p>En segundo t\u00e9rmino, la maltrecha realidad nacional que padecemos. hace necesario que las mujeres incrementen su representaci\u00f3n en cargos responsables de la toma de decisiones sobre los grandes problemas nacionales. En tercer lugar, se encuentra la exigencia de amplios colectivos femeninos que rechazan cualquier vestigio de machismo en cualquier \u00e1mbito.<\/p>\n<p>En el PRI, las mujeres fueron por d\u00e9cadas las promotoras de causas femeninas que primero fueron concretadas en nuestra vida interna y posteriormente se convirtieron en beneficios plenos para todas las mexicanas, como el caso del sufragio femenino y recientemente la democracia paritaria que hoy se extiende tambi\u00e9n en la elecci\u00f3n de los ejecutivos estatales.<\/p>\n<p>El viernes en cuanto se dio a conocer esta excelente noticia, el Presidente del Partido Revolucionario Institucional, Alejandro Moreno C\u00e1rdenas expres\u00f3 de inmediato su benepl\u00e1cito: \u201cHoy el INE aprob\u00f3 la paridad en gubernaturas, un importante paso en beneficio de las mujeres y su participaci\u00f3n en pol\u00edtica. Siempre apoyar\u00e9 el fortalecimiento de la democracia y el impulso del liderazgo de las mujeres mexicanas\u201d.<\/p>\n<p>Esta medida vendr\u00e1 a reconfigurar el mapa pol\u00edtico del pa\u00eds y es indudablemente una sacudida hist\u00f3rica, pues apenas en 1979 fue electa Griselda \u00c1lvarez como la primera gobernadora y desde entonces s\u00f3lo Colima, Tlaxcala, Zacatecas, Sonora, Ciudad de M\u00e9xico y Yucat\u00e1n son las \u00fanicas entidades que han sido gobernadas por mujeres, \u00e9sta \u00faltima en dos oportunidades.<\/p>\n<p>Entre tanta tensi\u00f3n por la crisis multidimensional econ\u00f3mica, sanitaria, de seguridad y de un claro maltrato institucional del gobierno de MORENA hacia las mujeres, la paridad en las candidaturas a los gobiernos estatales es una noticia extraordinaria para todas las mujeres mexicanas, sin importar filiaciones o simpat\u00edas.<\/p>\n<p><strong>Consummatum: <\/strong>Las conductas descritas en la\u00a0Ley Olimpia\u00a0se sancionar\u00e1n con una pena de 3 a 6 a\u00f1os de prisi\u00f3n y una multa. Otra excelente noticia para castigar con severidad a los machos vengativos. Queremos estar seguras, que no haya impunidad. Tw: @lorenapignon<\/p>\n<p><strong>Secretaria Nacional de Gesti\u00f3n Social del PRI<\/strong><\/p>\n<p>&nbsp;<\/p>\n","protected":false},"excerpt":{"rendered":"<p>Lorena Pi\u00f1\u00f3n Rivera Consummatum est: El PRI, es hist\u00f3ricamente el partido pol\u00edtico feminista de M\u00e9xico. Por esa raz\u00f3n compartimos el regocijo por la reciente determinaci\u00f3n del Instituto Nacional Electoral, referente a que durante los pr\u00f3ximos comicios para elegir ejecutivos estatales, los partidos est\u00e9n obligados a cumplir con el mandato constitucional de postular de manera paritaria [&hellip;]<\/p>\n","protected":false},"author":2,"featured_media":0,"comment_status":"open","ping_status":"open","sticky":false,"template":"","format":"standard","meta":{"tdm_status":"","tdm_grid_status":"","footnotes":""},"categories":[70],"tags":[23413,2420,9796,554,23412,14674,5613,4842,23414,23411,251],"class_list":{"0":"post-63583","1":"post","2":"type-post","3":"status-publish","4":"format-standard","6":"category-de-opinion","7":"tag-contienda-electoral","8":"tag-equidad","9":"tag-feminista","10":"tag-ine","11":"tag-ine-no-legisla","12":"tag-ley-olimpia","13":"tag-lorenzo-cordova","14":"tag-paridad","15":"tag-paridad-en-gubernaturas","16":"tag-partido-politico-feminista","17":"tag-pri"},"yoast_head":"<!-- This site is optimized with the Yoast SEO plugin v27.4 - https:\/\/yoast.com\/product\/yoast-seo-wordpress\/ -->\n<title>Orgullo y poder femenino - Los pol\u00edticos Veracruz<\/title>\n<meta name=\"robots\" content=\"index, follow, max-snippet:-1, max-image-preview:large, max-video-preview:-1\" \/>\n<link rel=\"canonical\" href=\"https:\/\/lospoliticosveracruz.com\/?p=63583\" \/>\n<meta property=\"og:locale\" content=\"es_ES\" \/>\n<meta property=\"og:type\" content=\"article\" \/>\n<meta property=\"og:title\" content=\"Orgullo y poder femenino - Los pol\u00edticos Veracruz\" \/>\n<meta property=\"og:description\" content=\"Lorena Pi\u00f1\u00f3n Rivera Consummatum est: El PRI, es hist\u00f3ricamente el partido pol\u00edtico feminista de M\u00e9xico. Por esa raz\u00f3n compartimos el regocijo por la reciente determinaci\u00f3n del Instituto Nacional Electoral, referente a que durante los pr\u00f3ximos comicios para elegir ejecutivos estatales, los partidos est\u00e9n obligados a cumplir con el mandato constitucional de postular de manera paritaria [&hellip;]\" \/>\n<meta property=\"og:url\" content=\"https:\/\/lospoliticosveracruz.com\/?p=63583\" \/>\n<meta property=\"og:site_name\" content=\"Los pol\u00edticos Veracruz\" \/>\n<meta property=\"article:publisher\" content=\"https:\/\/www.facebook.com\/people\/Notimemes-de-los-Polticos\/61565672886568\/\" \/>\n<meta property=\"article:published_time\" content=\"2020-11-09T14:48:35+00:00\" \/>\n<meta property=\"og:image\" content=\"https:\/\/lospoliticosveracruz.com\/wp-content\/uploads\/2016\/07\/Logo-Dor.jpg\" \/>\n\t<meta property=\"og:image:width\" content=\"200\" \/>\n\t<meta property=\"og:image:height\" content=\"200\" \/>\n\t<meta property=\"og:image:type\" content=\"image\/jpeg\" \/>\n<meta name=\"author\" content=\"Lo viste en Los Pol\u00edticos\" \/>\n<meta name=\"twitter:card\" content=\"summary_large_image\" \/>\n<meta name=\"twitter:creator\" content=\"@LosPoliticosVer\" \/>\n<meta name=\"twitter:site\" content=\"@LosPoliticosVer\" \/>\n<meta name=\"twitter:label1\" content=\"Escrito por\" \/>\n\t<meta name=\"twitter:data1\" content=\"Lo viste en Los Pol\u00edticos\" \/>\n\t<meta name=\"twitter:label2\" content=\"Tiempo de lectura\" \/>\n\t<meta name=\"twitter:data2\" content=\"3 minutos\" \/>\n<script type=\"application\/ld+json\" class=\"yoast-schema-graph\">{\"@context\":\"https:\\\/\\\/schema.org\",\"@graph\":[{\"@type\":\"Article\",\"@id\":\"https:\\\/\\\/lospoliticosveracruz.com\\\/?p=63583#article\",\"isPartOf\":{\"@id\":\"https:\\\/\\\/lospoliticosveracruz.com\\\/?p=63583\"},\"author\":{\"name\":\"Lo viste en Los Pol\u00edticos\",\"@id\":\"https:\\\/\\\/lospoliticosveracruz.com\\\/#\\\/schema\\\/person\\\/b8702bb0e538456e6efd07080bf2a4a2\"},\"headline\":\"Orgullo y poder femenino\",\"datePublished\":\"2020-11-09T14:48:35+00:00\",\"mainEntityOfPage\":{\"@id\":\"https:\\\/\\\/lospoliticosveracruz.com\\\/?p=63583\"},\"wordCount\":547,\"commentCount\":0,\"publisher\":{\"@id\":\"https:\\\/\\\/lospoliticosveracruz.com\\\/#organization\"},\"keywords\":[\"Contienda electoral\",\"equidad\",\"feminista\",\"INE\",\"INE no legisla\",\"Ley Olimpia\",\"Lorenzo C\u00f3rdova\",\"paridad\",\"Paridad en gubernaturas\",\"Partido pol\u00edtico feminista\",\"PRI\"],\"articleSection\":[\"De Opini\u00f3n\"],\"inLanguage\":\"es\",\"potentialAction\":[{\"@type\":\"CommentAction\",\"name\":\"Comment\",\"target\":[\"https:\\\/\\\/lospoliticosveracruz.com\\\/?p=63583#respond\"]}]},{\"@type\":\"WebPage\",\"@id\":\"https:\\\/\\\/lospoliticosveracruz.com\\\/?p=63583\",\"url\":\"https:\\\/\\\/lospoliticosveracruz.com\\\/?p=63583\",\"name\":\"Orgullo y poder femenino - Los pol\u00edticos Veracruz\",\"isPartOf\":{\"@id\":\"https:\\\/\\\/lospoliticosveracruz.com\\\/#website\"},\"datePublished\":\"2020-11-09T14:48:35+00:00\",\"breadcrumb\":{\"@id\":\"https:\\\/\\\/lospoliticosveracruz.com\\\/?p=63583#breadcrumb\"},\"inLanguage\":\"es\",\"potentialAction\":[{\"@type\":\"ReadAction\",\"target\":[\"https:\\\/\\\/lospoliticosveracruz.com\\\/?p=63583\"]}]},{\"@type\":\"BreadcrumbList\",\"@id\":\"https:\\\/\\\/lospoliticosveracruz.com\\\/?p=63583#breadcrumb\",\"itemListElement\":[{\"@type\":\"ListItem\",\"position\":1,\"name\":\"Portada\",\"item\":\"https:\\\/\\\/lospoliticosveracruz.com\\\/\"},{\"@type\":\"ListItem\",\"position\":2,\"name\":\"Orgullo y poder femenino\"}]},{\"@type\":\"WebSite\",\"@id\":\"https:\\\/\\\/lospoliticosveracruz.com\\\/#website\",\"url\":\"https:\\\/\\\/lospoliticosveracruz.com\\\/\",\"name\":\"Los pol\u00edticos Veracruz\",\"description\":\"\",\"publisher\":{\"@id\":\"https:\\\/\\\/lospoliticosveracruz.com\\\/#organization\"},\"potentialAction\":[{\"@type\":\"SearchAction\",\"target\":{\"@type\":\"EntryPoint\",\"urlTemplate\":\"https:\\\/\\\/lospoliticosveracruz.com\\\/?s={search_term_string}\"},\"query-input\":{\"@type\":\"PropertyValueSpecification\",\"valueRequired\":true,\"valueName\":\"search_term_string\"}}],\"inLanguage\":\"es\"},{\"@type\":\"Organization\",\"@id\":\"https:\\\/\\\/lospoliticosveracruz.com\\\/#organization\",\"name\":\"Los pol\u00edticos Veracruz\",\"url\":\"https:\\\/\\\/lospoliticosveracruz.com\\\/\",\"logo\":{\"@type\":\"ImageObject\",\"inLanguage\":\"es\",\"@id\":\"https:\\\/\\\/lospoliticosveracruz.com\\\/#\\\/schema\\\/logo\\\/image\\\/\",\"url\":\"https:\\\/\\\/lospoliticosveracruz.com\\\/wp-content\\\/uploads\\\/2025\\\/12\\\/Logo-Nuevo-LOS-POLITICOS-1.jpg\",\"contentUrl\":\"https:\\\/\\\/lospoliticosveracruz.com\\\/wp-content\\\/uploads\\\/2025\\\/12\\\/Logo-Nuevo-LOS-POLITICOS-1.jpg\",\"width\":260,\"height\":70,\"caption\":\"Los pol\u00edticos Veracruz\"},\"image\":{\"@id\":\"https:\\\/\\\/lospoliticosveracruz.com\\\/#\\\/schema\\\/logo\\\/image\\\/\"},\"sameAs\":[\"https:\\\/\\\/www.facebook.com\\\/people\\\/Notimemes-de-los-Polticos\\\/61565672886568\\\/\",\"https:\\\/\\\/x.com\\\/LosPoliticosVer\"]},{\"@type\":\"Person\",\"@id\":\"https:\\\/\\\/lospoliticosveracruz.com\\\/#\\\/schema\\\/person\\\/b8702bb0e538456e6efd07080bf2a4a2\",\"name\":\"Lo viste en Los Pol\u00edticos\",\"image\":{\"@type\":\"ImageObject\",\"inLanguage\":\"es\",\"@id\":\"https:\\\/\\\/secure.gravatar.com\\\/avatar\\\/3a8de04a2656d44082be478bd6c086daa447c4651605818287b9532d3d0bd435?s=96&d=mm&r=g\",\"url\":\"https:\\\/\\\/secure.gravatar.com\\\/avatar\\\/3a8de04a2656d44082be478bd6c086daa447c4651605818287b9532d3d0bd435?s=96&d=mm&r=g\",\"contentUrl\":\"https:\\\/\\\/secure.gravatar.com\\\/avatar\\\/3a8de04a2656d44082be478bd6c086daa447c4651605818287b9532d3d0bd435?s=96&d=mm&r=g\",\"caption\":\"Lo viste en Los Pol\u00edticos\"},\"url\":\"https:\\\/\\\/lospoliticosveracruz.com\\\/?author=2\"}]}<\/script>\n<!-- \/ Yoast SEO plugin. -->","yoast_head_json":{"title":"Orgullo y poder femenino - Los pol\u00edticos Veracruz","robots":{"index":"index","follow":"follow","max-snippet":"max-snippet:-1","max-image-preview":"max-image-preview:large","max-video-preview":"max-video-preview:-1"},"canonical":"https:\/\/lospoliticosveracruz.com\/?p=63583","og_locale":"es_ES","og_type":"article","og_title":"Orgullo y poder femenino - Los pol\u00edticos Veracruz","og_description":"Lorena Pi\u00f1\u00f3n Rivera Consummatum est: El PRI, es hist\u00f3ricamente el partido pol\u00edtico feminista de M\u00e9xico. Por esa raz\u00f3n compartimos el regocijo por la reciente determinaci\u00f3n del Instituto Nacional Electoral, referente a que durante los pr\u00f3ximos comicios para elegir ejecutivos estatales, los partidos est\u00e9n obligados a cumplir con el mandato constitucional de postular de manera paritaria [&hellip;]","og_url":"https:\/\/lospoliticosveracruz.com\/?p=63583","og_site_name":"Los pol\u00edticos Veracruz","article_publisher":"https:\/\/www.facebook.com\/people\/Notimemes-de-los-Polticos\/61565672886568\/","article_published_time":"2020-11-09T14:48:35+00:00","og_image":[{"width":200,"height":200,"url":"https:\/\/lospoliticosveracruz.com\/wp-content\/uploads\/2016\/07\/Logo-Dor.jpg","type":"image\/jpeg"}],"author":"Lo viste en Los Pol\u00edticos","twitter_card":"summary_large_image","twitter_creator":"@LosPoliticosVer","twitter_site":"@LosPoliticosVer","twitter_misc":{"Escrito por":"Lo viste en Los Pol\u00edticos","Tiempo de lectura":"3 minutos"},"schema":{"@context":"https:\/\/schema.org","@graph":[{"@type":"Article","@id":"https:\/\/lospoliticosveracruz.com\/?p=63583#article","isPartOf":{"@id":"https:\/\/lospoliticosveracruz.com\/?p=63583"},"author":{"name":"Lo viste en Los Pol\u00edticos","@id":"https:\/\/lospoliticosveracruz.com\/#\/schema\/person\/b8702bb0e538456e6efd07080bf2a4a2"},"headline":"Orgullo y poder femenino","datePublished":"2020-11-09T14:48:35+00:00","mainEntityOfPage":{"@id":"https:\/\/lospoliticosveracruz.com\/?p=63583"},"wordCount":547,"commentCount":0,"publisher":{"@id":"https:\/\/lospoliticosveracruz.com\/#organization"},"keywords":["Contienda electoral","equidad","feminista","INE","INE no legisla","Ley Olimpia","Lorenzo C\u00f3rdova","paridad","Paridad en gubernaturas","Partido pol\u00edtico feminista","PRI"],"articleSection":["De Opini\u00f3n"],"inLanguage":"es","potentialAction":[{"@type":"CommentAction","name":"Comment","target":["https:\/\/lospoliticosveracruz.com\/?p=63583#respond"]}]},{"@type":"WebPage","@id":"https:\/\/lospoliticosveracruz.com\/?p=63583","url":"https:\/\/lospoliticosveracruz.com\/?p=63583","name":"Orgullo y poder femenino - Los pol\u00edticos Veracruz","isPartOf":{"@id":"https:\/\/lospoliticosveracruz.com\/#website"},"datePublished":"2020-11-09T14:48:35+00:00","breadcrumb":{"@id":"https:\/\/lospoliticosveracruz.com\/?p=63583#breadcrumb"},"inLanguage":"es","potentialAction":[{"@type":"ReadAction","target":["https:\/\/lospoliticosveracruz.com\/?p=63583"]}]},{"@type":"BreadcrumbList","@id":"https:\/\/lospoliticosveracruz.com\/?p=63583#breadcrumb","itemListElement":[{"@type":"ListItem","position":1,"name":"Portada","item":"https:\/\/lospoliticosveracruz.com\/"},{"@type":"ListItem","position":2,"name":"Orgullo y poder femenino"}]},{"@type":"WebSite","@id":"https:\/\/lospoliticosveracruz.com\/#website","url":"https:\/\/lospoliticosveracruz.com\/","name":"Los pol\u00edticos Veracruz","description":"","publisher":{"@id":"https:\/\/lospoliticosveracruz.com\/#organization"},"potentialAction":[{"@type":"SearchAction","target":{"@type":"EntryPoint","urlTemplate":"https:\/\/lospoliticosveracruz.com\/?s={search_term_string}"},"query-input":{"@type":"PropertyValueSpecification","valueRequired":true,"valueName":"search_term_string"}}],"inLanguage":"es"},{"@type":"Organization","@id":"https:\/\/lospoliticosveracruz.com\/#organization","name":"Los pol\u00edticos Veracruz","url":"https:\/\/lospoliticosveracruz.com\/","logo":{"@type":"ImageObject","inLanguage":"es","@id":"https:\/\/lospoliticosveracruz.com\/#\/schema\/logo\/image\/","url":"https:\/\/lospoliticosveracruz.com\/wp-content\/uploads\/2025\/12\/Logo-Nuevo-LOS-POLITICOS-1.jpg","contentUrl":"https:\/\/lospoliticosveracruz.com\/wp-content\/uploads\/2025\/12\/Logo-Nuevo-LOS-POLITICOS-1.jpg","width":260,"height":70,"caption":"Los pol\u00edticos Veracruz"},"image":{"@id":"https:\/\/lospoliticosveracruz.com\/#\/schema\/logo\/image\/"},"sameAs":["https:\/\/www.facebook.com\/people\/Notimemes-de-los-Polticos\/61565672886568\/","https:\/\/x.com\/LosPoliticosVer"]},{"@type":"Person","@id":"https:\/\/lospoliticosveracruz.com\/#\/schema\/person\/b8702bb0e538456e6efd07080bf2a4a2","name":"Lo viste en Los Pol\u00edticos","image":{"@type":"ImageObject","inLanguage":"es","@id":"https:\/\/secure.gravatar.com\/avatar\/3a8de04a2656d44082be478bd6c086daa447c4651605818287b9532d3d0bd435?s=96&d=mm&r=g","url":"https:\/\/secure.gravatar.com\/avatar\/3a8de04a2656d44082be478bd6c086daa447c4651605818287b9532d3d0bd435?s=96&d=mm&r=g","contentUrl":"https:\/\/secure.gravatar.com\/avatar\/3a8de04a2656d44082be478bd6c086daa447c4651605818287b9532d3d0bd435?s=96&d=mm&r=g","caption":"Lo viste en Los Pol\u00edticos"},"url":"https:\/\/lospoliticosveracruz.com\/?author=2"}]}},"_links":{"self":[{"href":"https:\/\/lospoliticosveracruz.com\/index.php?rest_route=\/wp\/v2\/posts\/63583","targetHints":{"allow":["GET"]}}],"collection":[{"href":"https:\/\/lospoliticosveracruz.com\/index.php?rest_route=\/wp\/v2\/posts"}],"about":[{"href":"https:\/\/lospoliticosveracruz.com\/index.php?rest_route=\/wp\/v2\/types\/post"}],"author":[{"embeddable":true,"href":"https:\/\/lospoliticosveracruz.com\/index.php?rest_route=\/wp\/v2\/users\/2"}],"replies":[{"embeddable":true,"href":"https:\/\/lospoliticosveracruz.com\/index.php?rest_route=%2Fwp%2Fv2%2Fcomments&post=63583"}],"version-history":[{"count":1,"href":"https:\/\/lospoliticosveracruz.com\/index.php?rest_route=\/wp\/v2\/posts\/63583\/revisions"}],"predecessor-version":[{"id":63585,"href":"https:\/\/lospoliticosveracruz.com\/index.php?rest_route=\/wp\/v2\/posts\/63583\/revisions\/63585"}],"wp:attachment":[{"href":"https:\/\/lospoliticosveracruz.com\/index.php?rest_route=%2Fwp%2Fv2%2Fmedia&parent=63583"}],"wp:term":[{"taxonomy":"category","embeddable":true,"href":"https:\/\/lospoliticosveracruz.com\/index.php?rest_route=%2Fwp%2Fv2%2Fcategories&post=63583"},{"taxonomy":"post_tag","embeddable":true,"href":"https:\/\/lospoliticosveracruz.com\/index.php?rest_route=%2Fwp%2Fv2%2Ftags&post=63583"}],"curies":[{"name":"wp","href":"https:\/\/api.w.org\/{rel}","templated":true}]}}