{"id":63586,"date":"2020-11-09T09:18:56","date_gmt":"2020-11-09T15:18:56","guid":{"rendered":"http:\/\/www.lospoliticosveracruz.com.mx\/?p=63586"},"modified":"2020-11-09T09:18:56","modified_gmt":"2020-11-09T15:18:56","slug":"los-crimenes-de-la-iglesia-y-el-origen-del-capitalismo","status":"publish","type":"post","link":"https:\/\/lospoliticosveracruz.com\/?p=63586","title":{"rendered":"Los cr\u00edmenes de la iglesia y el origen del capitalismo"},"content":{"rendered":"<p><strong>Jorge V\u00e1zquez Sangabriel<\/strong><\/p>\n<p><em>Palimpsesto<\/em><\/p>\n<p><em><strong>(1ra parte)<\/strong><\/em><br \/>\n\u201cLa muerte de Juan Hus, hiri\u00f3 de gravedad a toda la Iglesia Cat\u00f3lica y se deber\u00eda pedir perd\u00f3n por ella.\u201d As\u00ed se expres\u00f3 el Papa Francisco, el viernes 16 de junio del 2015, durante las celebraciones del Sagrado Coraz\u00f3n de Jes\u00fas, que tuvieron lugar en la Bas\u00edlica de San Juan de Letr\u00e1n, en Roma. En este marco, el Papa Sabio, Francisco, sostuvo acercamientos con representantes de la Iglesia Husita checoslava y de la Iglesia Evang\u00e9lica de los Hermanos Checos, quienes acudieron a Roma para conmemorar una liturgia de reconciliaci\u00f3n, justa, humana, con motivo de que en ese a\u00f1o, se conmemor\u00f3 el 600 aniversario de la muerte del reformador y rector de la Universidad de Praga, cuyo suplicio a manos de la iglesia cat\u00f3lica, tras el concilio de Constanza, hab\u00eda sido ya lamentado anteriormente por Juan Pablo II, en 1999, incluy\u00e9ndole entre los reformadores de la Iglesia. Francisco, el Sabio, en su mensaje, ese d\u00eda, dijo: \u201cA la luz de esa consideraci\u00f3n, es necesario continuar el estudio sobre la persona de Jan Hus, que ha sido durante mucho tiempo un tema de controversia entre los cristianos, mientras que hoy se ha convertido en un motivo para el di\u00e1logo. Esta investigaci\u00f3n, llevada a cabo sin condicionamientos ideol\u00f3gicos, brindar\u00e1 un importante servicio a la verdad hist\u00f3rica, a todos los cristianos y a la sociedad, incluso m\u00e1s all\u00e1 de las fronteras de vuestra naci\u00f3n\u201d.<br \/>\nEntre los presentes ese d\u00eda, se encontraba el historiador Jaroslav Sebek, quien valor\u00f3 as\u00ed la postura de Francisco: \u201cEs m\u00e1s revolucionario que las palabras de Juan Pablo II, el a\u00f1o 1999, cuando se disculp\u00f3 por la muerte de Juan Hus. El hecho de que pida perd\u00f3n es un avance mucho m\u00e1s radical. Muestra hacia donde se ha movido la Iglesia en los \u00faltimos 25 a\u00f1os, desde 1989. Juan Hus, ya no es percibido como un tema conflictivo, sino como un tema que puede reconciliar\u201d.<br \/>\nLa gloria de la literatura universal y de Francia, Alexandre Dumas, describe en su obra La Reina Margot, escrita en 1845, ubicada en Par\u00eds, los atroces acontecimientos de agosto de 1572, durante el reinado de Carlos IX y las guerras de religi\u00f3n en Francia, siendo la protagonista en esta novela con importantes hechos hist\u00f3rico-sociales-religiosos, Margarita de Valois, hija de la mal afamada Catalina de M\u00e9dici y el fallecido Rey, Enrique II, Dumas, se centra en la terrible matanza del D\u00eda de San Bartolom\u00e9, que comenz\u00f3 la noche del 23 al 24 de agosto de 1572, en Par\u00eds, con el asesinato en masa de hugonetes (cristianos protestantes franceses de doctrina calvinista), extendi\u00e9ndose durante meses por todo el pa\u00eds. La rivalidad pol\u00edtica religiosa entre cat\u00f3licos y protestantes franceses (hugonetes), provoc\u00f3 la matanza de San Bartolom\u00e9, uno de los hechos m\u00e1s sangrientos y deplorables en la historia de Francia y de las religiones. El rey Carlos IX, y su madre Catalina de M\u00e9dici, tem\u00edan, que los hugonetes encabezados por Gaspar de Coligny, a quien asesinaron, alcanzaran el poder. Por ese motivo, ordenaron la matanza.<br \/>\nAlexander Dumas, narra los acontecimientos detr\u00e1s de la infame Masacre de San Bartolom\u00e9, en la Francia del siglo XVI: Margot, comprometida por razones pol\u00edticas con un hombre a petici\u00f3n de su madre, a pesar de estar enamorada de otro, enfrenta conflictos pol\u00edticos y sociales que estallan dentro y fuera del poder Real, en un juego de manipulaci\u00f3n que lleva a cabo su perversa madre, para debilitar al pueblo franc\u00e9s e imponer su mandato a expensas de la verdad y la libertad.<br \/>\nEn 1530, diez a\u00f1os despu\u00e9s de la ruptura con Roma, en Alemania, los pr\u00edncipes alemanes suscriben las ideas de Mart\u00edn Lutero, Carlos quinto intenta preservar la unidad de su imperio mediante el di\u00e1logo en vez de las armas, ya que los turcos amenazaban sus fronteras, por lo que traslad\u00f3 a los pr\u00edncipes de los reinos alemanes a su castillo, que para repeler a los \u201cinfieles\u201d que se apelotonaban a las puertas de Viena, era necesario, unirse bajo una misma bandera y acallar a sus antagonistas religiosos, pero los soberanos alemanes, convertidos ya, tras las ideas de Lutero, rechazaron renegar de su buena fe\u2026Carlos V, viendo en riesgo el control geogr\u00e1fico y pol\u00edtico, les combate y les vence; esto en vano\u2026 porque: \u00bfpodr\u00eda acaso dirigir sus consciencias?.. Para evitar la desintegraci\u00f3n del Imperio, los grandes estados alemanes cat\u00f3licos acabaron por aceptar la divisi\u00f3n confesional de Alemania, acuerdo tomado en Habsburgo en 1555, con la diferencia de que los cat\u00f3licos ten\u00edan que ser tolerados en los estados protestantes, pero, los protestantes no lo ser\u00edan en los estados cat\u00f3licos\u2026Las migraciones agudizaron las diferencias entre la Alemania del Norte protestante y la Alemania del Sur cat\u00f3lica, espec\u00edficamente en Baviera y Austria, aun ampliamente cat\u00f3licas en la actualidad\u2026Debido a la p\u00e9rdida del norte de Alemania, la iglesia cat\u00f3lica se esmer\u00f3 mucho en convertir el nuevo continente de Am\u00e9rica al catolicismo\u2026Esta voluntad de cristianizar a los ind\u00edgenas, orquestada por la orden misionera de los jesuitas que acababa de crearse, provoc\u00f3 el encarnizamiento de lesa humanidad, y los refractarios al bautismo, fueron diezmados o expulsados, separados, confinados de sus comunidades.<br \/>\nLa reforma luterana, contribuy\u00f3 a florecer un prodigioso desarrollo de la educaci\u00f3n en toda Europa, tanto protestante como cat\u00f3lica, porque Lutero insisti\u00f3, que la iglesia cat\u00f3lica deb\u00eda de dar lectura y el servicio religioso en el idioma de las comunidades, de las regiones y de los pa\u00edses, por lo que la Biblia se imprimi\u00f3, contrario al pensamiento de la Iglesia de Roma, en el idioma de los pueblos, lo que impuls\u00f3 la pr\u00e1ctica de la lectura y el aprendizaje de las escrituras. Como la jerarqu\u00eda cat\u00f3lica toma consciencia de la insuficiencia notoria de la instrucci\u00f3n religiosa, el Vaticano, convoca a un concilio, que pasar\u00e1 a ser uno de los m\u00e1s importantes de la historia del catolicismo, el Concilio de Trenton. Este concilio de la contra reforma crear\u00e1 los seminarios. A partir de ese momento, ning\u00fan sacerdote ser\u00e1 ordenado si antes no se ha formado en un seminario donde estudie teolog\u00eda. El catequismo se establece obligatorio en las escuelas siendo indispensable en todas las parroquias\u2026Continuar\u00e1\u2026<\/p>\n<p>Sint\u00e1cticas<br \/>\nEl se\u00f1or Trump, acostumbrado como est\u00e1 a los berrinches, culpa de los resultados que le fueron adversos, al sistema electoral estadounidense, el que le dio el triunfo hace cuatro a\u00f1os.<br \/>\nMelania Trump, si entiende lo que est\u00e1 sucediendo, ha tenido que \u201caguantar\u201d al candidato presidente durante quince a\u00f1os.<br \/>\nEl se\u00f1or Donald Trump, practica la religi\u00f3n presbiteriana, su esposa, la se\u00f1ora Melania de origen yugoslavo, la religi\u00f3n cat\u00f3lica.<br \/>\nJoseph Robinette Biden, pr\u00f3ximo a ocupar el mandato presidencial de los EEUU, tiene por religi\u00f3n el catolicismo.<br \/>\nEn M\u00e9xico, hay entusiasmo por la llegada al poder estadounidense y del mundo del dem\u00f3crata Joseph Biden.<br \/>\nLos augurios con el triunfo de Biden, son que las tendencias y la pol\u00edtica global se destensar\u00e1 modificando con mejores y flexibles di\u00e1logos los acuerdos ambientales\u2026lo cual mantiene atentos a los intereses chinos.<\/p>\n<p>Bach. Magnificat BWV 243- Van Veldhoven. Netherlands Bach Society:<br \/>\n<em><strong><a href=\"https:\/\/www.youtube.com\/watch?v=EsUWG2axB3w\">https:\/\/www.youtube.com\/watch?v=EsUWG2axB3w<\/a><\/strong><\/em><\/p>\n","protected":false},"excerpt":{"rendered":"<p>Jorge V\u00e1zquez Sangabriel Palimpsesto (1ra parte) \u201cLa muerte de Juan Hus, hiri\u00f3 de gravedad a toda la Iglesia Cat\u00f3lica y se deber\u00eda pedir perd\u00f3n por ella.\u201d As\u00ed se expres\u00f3 el Papa Francisco, el viernes 16 de junio del 2015, durante las celebraciones del Sagrado Coraz\u00f3n de Jes\u00fas, que tuvieron lugar en la Bas\u00edlica de San [&hellip;]<\/p>\n","protected":false},"author":2,"featured_media":0,"comment_status":"open","ping_status":"open","sticky":false,"template":"","format":"video","meta":{"tdm_status":"","tdm_grid_status":"","footnotes":""},"categories":[70],"tags":[3055,23416,23415,23418,671,23417,17474],"class_list":{"0":"post-63586","1":"post","2":"type-post","3":"status-publish","4":"format-video","6":"category-de-opinion","7":"tag-iglesia-catolica","8":"tag-iglesia-evangelica","9":"tag-iglesia-husita-checoslava","10":"tag-joseph-robinette-biden","11":"tag-papa-francisco","12":"tag-sistema-electoral-estadounidense","13":"tag-trump","14":"post_format-post-format-video"},"yoast_head":"<!-- This site is optimized with the Yoast SEO plugin v27.4 - https:\/\/yoast.com\/product\/yoast-seo-wordpress\/ -->\n<title>Los cr\u00edmenes de la iglesia y el origen del capitalismo - Los pol\u00edticos Veracruz<\/title>\n<meta name=\"robots\" content=\"index, follow, max-snippet:-1, max-image-preview:large, max-video-preview:-1\" \/>\n<link rel=\"canonical\" href=\"https:\/\/lospoliticosveracruz.com\/?p=63586\" \/>\n<meta property=\"og:locale\" content=\"es_ES\" \/>\n<meta property=\"og:type\" content=\"article\" \/>\n<meta property=\"og:title\" content=\"Los cr\u00edmenes de la iglesia y el origen del capitalismo - Los pol\u00edticos Veracruz\" \/>\n<meta property=\"og:description\" content=\"Jorge V\u00e1zquez Sangabriel Palimpsesto (1ra parte) \u201cLa muerte de Juan Hus, hiri\u00f3 de gravedad a toda la Iglesia Cat\u00f3lica y se deber\u00eda pedir perd\u00f3n por ella.\u201d As\u00ed se expres\u00f3 el Papa Francisco, el viernes 16 de junio del 2015, durante las celebraciones del Sagrado Coraz\u00f3n de Jes\u00fas, que tuvieron lugar en la Bas\u00edlica de San [&hellip;]\" \/>\n<meta property=\"og:url\" content=\"https:\/\/lospoliticosveracruz.com\/?p=63586\" \/>\n<meta property=\"og:site_name\" content=\"Los pol\u00edticos Veracruz\" \/>\n<meta property=\"article:publisher\" content=\"https:\/\/www.facebook.com\/people\/Notimemes-de-los-Polticos\/61565672886568\/\" \/>\n<meta property=\"article:published_time\" content=\"2020-11-09T15:18:56+00:00\" \/>\n<meta property=\"og:image\" content=\"https:\/\/lospoliticosveracruz.com\/wp-content\/uploads\/2016\/07\/Logo-Dor.jpg\" \/>\n\t<meta property=\"og:image:width\" content=\"200\" \/>\n\t<meta property=\"og:image:height\" content=\"200\" \/>\n\t<meta property=\"og:image:type\" content=\"image\/jpeg\" \/>\n<meta name=\"author\" content=\"Lo viste en Los Pol\u00edticos\" \/>\n<meta name=\"twitter:card\" content=\"summary_large_image\" \/>\n<meta name=\"twitter:creator\" content=\"@LosPoliticosVer\" \/>\n<meta name=\"twitter:site\" content=\"@LosPoliticosVer\" \/>\n<meta name=\"twitter:label1\" content=\"Escrito por\" \/>\n\t<meta name=\"twitter:data1\" content=\"Lo viste en Los Pol\u00edticos\" \/>\n\t<meta name=\"twitter:label2\" content=\"Tiempo de lectura\" \/>\n\t<meta name=\"twitter:data2\" content=\"6 minutos\" \/>\n<script type=\"application\/ld+json\" class=\"yoast-schema-graph\">{\"@context\":\"https:\\\/\\\/schema.org\",\"@graph\":[{\"@type\":\"Article\",\"@id\":\"https:\\\/\\\/lospoliticosveracruz.com\\\/?p=63586#article\",\"isPartOf\":{\"@id\":\"https:\\\/\\\/lospoliticosveracruz.com\\\/?p=63586\"},\"author\":{\"name\":\"Lo viste en Los Pol\u00edticos\",\"@id\":\"https:\\\/\\\/lospoliticosveracruz.com\\\/#\\\/schema\\\/person\\\/b8702bb0e538456e6efd07080bf2a4a2\"},\"headline\":\"Los cr\u00edmenes de la iglesia y el origen del capitalismo\",\"datePublished\":\"2020-11-09T15:18:56+00:00\",\"mainEntityOfPage\":{\"@id\":\"https:\\\/\\\/lospoliticosveracruz.com\\\/?p=63586\"},\"wordCount\":1262,\"commentCount\":0,\"publisher\":{\"@id\":\"https:\\\/\\\/lospoliticosveracruz.com\\\/#organization\"},\"keywords\":[\"Iglesia Cat\u00f3lica\",\"Iglesia Evang\u00e9lica\",\"Iglesia Husita checoslava\",\"Joseph Robinette Biden\",\"Papa Francisco\",\"Sistema electoral estadounidense\",\"Trump\"],\"articleSection\":[\"De Opini\u00f3n\"],\"inLanguage\":\"es\",\"potentialAction\":[{\"@type\":\"CommentAction\",\"name\":\"Comment\",\"target\":[\"https:\\\/\\\/lospoliticosveracruz.com\\\/?p=63586#respond\"]}]},{\"@type\":\"WebPage\",\"@id\":\"https:\\\/\\\/lospoliticosveracruz.com\\\/?p=63586\",\"url\":\"https:\\\/\\\/lospoliticosveracruz.com\\\/?p=63586\",\"name\":\"Los cr\u00edmenes de la iglesia y el origen del capitalismo - Los pol\u00edticos Veracruz\",\"isPartOf\":{\"@id\":\"https:\\\/\\\/lospoliticosveracruz.com\\\/#website\"},\"datePublished\":\"2020-11-09T15:18:56+00:00\",\"breadcrumb\":{\"@id\":\"https:\\\/\\\/lospoliticosveracruz.com\\\/?p=63586#breadcrumb\"},\"inLanguage\":\"es\",\"potentialAction\":[{\"@type\":\"ReadAction\",\"target\":[\"https:\\\/\\\/lospoliticosveracruz.com\\\/?p=63586\"]}]},{\"@type\":\"BreadcrumbList\",\"@id\":\"https:\\\/\\\/lospoliticosveracruz.com\\\/?p=63586#breadcrumb\",\"itemListElement\":[{\"@type\":\"ListItem\",\"position\":1,\"name\":\"Portada\",\"item\":\"https:\\\/\\\/lospoliticosveracruz.com\\\/\"},{\"@type\":\"ListItem\",\"position\":2,\"name\":\"Los cr\u00edmenes de la iglesia y el origen del capitalismo\"}]},{\"@type\":\"WebSite\",\"@id\":\"https:\\\/\\\/lospoliticosveracruz.com\\\/#website\",\"url\":\"https:\\\/\\\/lospoliticosveracruz.com\\\/\",\"name\":\"Los pol\u00edticos Veracruz\",\"description\":\"\",\"publisher\":{\"@id\":\"https:\\\/\\\/lospoliticosveracruz.com\\\/#organization\"},\"potentialAction\":[{\"@type\":\"SearchAction\",\"target\":{\"@type\":\"EntryPoint\",\"urlTemplate\":\"https:\\\/\\\/lospoliticosveracruz.com\\\/?s={search_term_string}\"},\"query-input\":{\"@type\":\"PropertyValueSpecification\",\"valueRequired\":true,\"valueName\":\"search_term_string\"}}],\"inLanguage\":\"es\"},{\"@type\":\"Organization\",\"@id\":\"https:\\\/\\\/lospoliticosveracruz.com\\\/#organization\",\"name\":\"Los pol\u00edticos Veracruz\",\"url\":\"https:\\\/\\\/lospoliticosveracruz.com\\\/\",\"logo\":{\"@type\":\"ImageObject\",\"inLanguage\":\"es\",\"@id\":\"https:\\\/\\\/lospoliticosveracruz.com\\\/#\\\/schema\\\/logo\\\/image\\\/\",\"url\":\"https:\\\/\\\/lospoliticosveracruz.com\\\/wp-content\\\/uploads\\\/2025\\\/12\\\/Logo-Nuevo-LOS-POLITICOS-1.jpg\",\"contentUrl\":\"https:\\\/\\\/lospoliticosveracruz.com\\\/wp-content\\\/uploads\\\/2025\\\/12\\\/Logo-Nuevo-LOS-POLITICOS-1.jpg\",\"width\":260,\"height\":70,\"caption\":\"Los pol\u00edticos Veracruz\"},\"image\":{\"@id\":\"https:\\\/\\\/lospoliticosveracruz.com\\\/#\\\/schema\\\/logo\\\/image\\\/\"},\"sameAs\":[\"https:\\\/\\\/www.facebook.com\\\/people\\\/Notimemes-de-los-Polticos\\\/61565672886568\\\/\",\"https:\\\/\\\/x.com\\\/LosPoliticosVer\"]},{\"@type\":\"Person\",\"@id\":\"https:\\\/\\\/lospoliticosveracruz.com\\\/#\\\/schema\\\/person\\\/b8702bb0e538456e6efd07080bf2a4a2\",\"name\":\"Lo viste en Los Pol\u00edticos\",\"image\":{\"@type\":\"ImageObject\",\"inLanguage\":\"es\",\"@id\":\"https:\\\/\\\/secure.gravatar.com\\\/avatar\\\/3a8de04a2656d44082be478bd6c086daa447c4651605818287b9532d3d0bd435?s=96&d=mm&r=g\",\"url\":\"https:\\\/\\\/secure.gravatar.com\\\/avatar\\\/3a8de04a2656d44082be478bd6c086daa447c4651605818287b9532d3d0bd435?s=96&d=mm&r=g\",\"contentUrl\":\"https:\\\/\\\/secure.gravatar.com\\\/avatar\\\/3a8de04a2656d44082be478bd6c086daa447c4651605818287b9532d3d0bd435?s=96&d=mm&r=g\",\"caption\":\"Lo viste en Los Pol\u00edticos\"},\"url\":\"https:\\\/\\\/lospoliticosveracruz.com\\\/?author=2\"}]}<\/script>\n<!-- \/ Yoast SEO plugin. -->","yoast_head_json":{"title":"Los cr\u00edmenes de la iglesia y el origen del capitalismo - Los pol\u00edticos Veracruz","robots":{"index":"index","follow":"follow","max-snippet":"max-snippet:-1","max-image-preview":"max-image-preview:large","max-video-preview":"max-video-preview:-1"},"canonical":"https:\/\/lospoliticosveracruz.com\/?p=63586","og_locale":"es_ES","og_type":"article","og_title":"Los cr\u00edmenes de la iglesia y el origen del capitalismo - Los pol\u00edticos Veracruz","og_description":"Jorge V\u00e1zquez Sangabriel Palimpsesto (1ra parte) \u201cLa muerte de Juan Hus, hiri\u00f3 de gravedad a toda la Iglesia Cat\u00f3lica y se deber\u00eda pedir perd\u00f3n por ella.\u201d As\u00ed se expres\u00f3 el Papa Francisco, el viernes 16 de junio del 2015, durante las celebraciones del Sagrado Coraz\u00f3n de Jes\u00fas, que tuvieron lugar en la Bas\u00edlica de San [&hellip;]","og_url":"https:\/\/lospoliticosveracruz.com\/?p=63586","og_site_name":"Los pol\u00edticos Veracruz","article_publisher":"https:\/\/www.facebook.com\/people\/Notimemes-de-los-Polticos\/61565672886568\/","article_published_time":"2020-11-09T15:18:56+00:00","og_image":[{"width":200,"height":200,"url":"https:\/\/lospoliticosveracruz.com\/wp-content\/uploads\/2016\/07\/Logo-Dor.jpg","type":"image\/jpeg"}],"author":"Lo viste en Los Pol\u00edticos","twitter_card":"summary_large_image","twitter_creator":"@LosPoliticosVer","twitter_site":"@LosPoliticosVer","twitter_misc":{"Escrito por":"Lo viste en Los Pol\u00edticos","Tiempo de lectura":"6 minutos"},"schema":{"@context":"https:\/\/schema.org","@graph":[{"@type":"Article","@id":"https:\/\/lospoliticosveracruz.com\/?p=63586#article","isPartOf":{"@id":"https:\/\/lospoliticosveracruz.com\/?p=63586"},"author":{"name":"Lo viste en Los Pol\u00edticos","@id":"https:\/\/lospoliticosveracruz.com\/#\/schema\/person\/b8702bb0e538456e6efd07080bf2a4a2"},"headline":"Los cr\u00edmenes de la iglesia y el origen del capitalismo","datePublished":"2020-11-09T15:18:56+00:00","mainEntityOfPage":{"@id":"https:\/\/lospoliticosveracruz.com\/?p=63586"},"wordCount":1262,"commentCount":0,"publisher":{"@id":"https:\/\/lospoliticosveracruz.com\/#organization"},"keywords":["Iglesia Cat\u00f3lica","Iglesia Evang\u00e9lica","Iglesia Husita checoslava","Joseph Robinette Biden","Papa Francisco","Sistema electoral estadounidense","Trump"],"articleSection":["De Opini\u00f3n"],"inLanguage":"es","potentialAction":[{"@type":"CommentAction","name":"Comment","target":["https:\/\/lospoliticosveracruz.com\/?p=63586#respond"]}]},{"@type":"WebPage","@id":"https:\/\/lospoliticosveracruz.com\/?p=63586","url":"https:\/\/lospoliticosveracruz.com\/?p=63586","name":"Los cr\u00edmenes de la iglesia y el origen del capitalismo - Los pol\u00edticos Veracruz","isPartOf":{"@id":"https:\/\/lospoliticosveracruz.com\/#website"},"datePublished":"2020-11-09T15:18:56+00:00","breadcrumb":{"@id":"https:\/\/lospoliticosveracruz.com\/?p=63586#breadcrumb"},"inLanguage":"es","potentialAction":[{"@type":"ReadAction","target":["https:\/\/lospoliticosveracruz.com\/?p=63586"]}]},{"@type":"BreadcrumbList","@id":"https:\/\/lospoliticosveracruz.com\/?p=63586#breadcrumb","itemListElement":[{"@type":"ListItem","position":1,"name":"Portada","item":"https:\/\/lospoliticosveracruz.com\/"},{"@type":"ListItem","position":2,"name":"Los cr\u00edmenes de la iglesia y el origen del capitalismo"}]},{"@type":"WebSite","@id":"https:\/\/lospoliticosveracruz.com\/#website","url":"https:\/\/lospoliticosveracruz.com\/","name":"Los pol\u00edticos Veracruz","description":"","publisher":{"@id":"https:\/\/lospoliticosveracruz.com\/#organization"},"potentialAction":[{"@type":"SearchAction","target":{"@type":"EntryPoint","urlTemplate":"https:\/\/lospoliticosveracruz.com\/?s={search_term_string}"},"query-input":{"@type":"PropertyValueSpecification","valueRequired":true,"valueName":"search_term_string"}}],"inLanguage":"es"},{"@type":"Organization","@id":"https:\/\/lospoliticosveracruz.com\/#organization","name":"Los pol\u00edticos Veracruz","url":"https:\/\/lospoliticosveracruz.com\/","logo":{"@type":"ImageObject","inLanguage":"es","@id":"https:\/\/lospoliticosveracruz.com\/#\/schema\/logo\/image\/","url":"https:\/\/lospoliticosveracruz.com\/wp-content\/uploads\/2025\/12\/Logo-Nuevo-LOS-POLITICOS-1.jpg","contentUrl":"https:\/\/lospoliticosveracruz.com\/wp-content\/uploads\/2025\/12\/Logo-Nuevo-LOS-POLITICOS-1.jpg","width":260,"height":70,"caption":"Los pol\u00edticos Veracruz"},"image":{"@id":"https:\/\/lospoliticosveracruz.com\/#\/schema\/logo\/image\/"},"sameAs":["https:\/\/www.facebook.com\/people\/Notimemes-de-los-Polticos\/61565672886568\/","https:\/\/x.com\/LosPoliticosVer"]},{"@type":"Person","@id":"https:\/\/lospoliticosveracruz.com\/#\/schema\/person\/b8702bb0e538456e6efd07080bf2a4a2","name":"Lo viste en Los Pol\u00edticos","image":{"@type":"ImageObject","inLanguage":"es","@id":"https:\/\/secure.gravatar.com\/avatar\/3a8de04a2656d44082be478bd6c086daa447c4651605818287b9532d3d0bd435?s=96&d=mm&r=g","url":"https:\/\/secure.gravatar.com\/avatar\/3a8de04a2656d44082be478bd6c086daa447c4651605818287b9532d3d0bd435?s=96&d=mm&r=g","contentUrl":"https:\/\/secure.gravatar.com\/avatar\/3a8de04a2656d44082be478bd6c086daa447c4651605818287b9532d3d0bd435?s=96&d=mm&r=g","caption":"Lo viste en Los Pol\u00edticos"},"url":"https:\/\/lospoliticosveracruz.com\/?author=2"}]}},"_links":{"self":[{"href":"https:\/\/lospoliticosveracruz.com\/index.php?rest_route=\/wp\/v2\/posts\/63586","targetHints":{"allow":["GET"]}}],"collection":[{"href":"https:\/\/lospoliticosveracruz.com\/index.php?rest_route=\/wp\/v2\/posts"}],"about":[{"href":"https:\/\/lospoliticosveracruz.com\/index.php?rest_route=\/wp\/v2\/types\/post"}],"author":[{"embeddable":true,"href":"https:\/\/lospoliticosveracruz.com\/index.php?rest_route=\/wp\/v2\/users\/2"}],"replies":[{"embeddable":true,"href":"https:\/\/lospoliticosveracruz.com\/index.php?rest_route=%2Fwp%2Fv2%2Fcomments&post=63586"}],"version-history":[{"count":1,"href":"https:\/\/lospoliticosveracruz.com\/index.php?rest_route=\/wp\/v2\/posts\/63586\/revisions"}],"predecessor-version":[{"id":63588,"href":"https:\/\/lospoliticosveracruz.com\/index.php?rest_route=\/wp\/v2\/posts\/63586\/revisions\/63588"}],"wp:attachment":[{"href":"https:\/\/lospoliticosveracruz.com\/index.php?rest_route=%2Fwp%2Fv2%2Fmedia&parent=63586"}],"wp:term":[{"taxonomy":"category","embeddable":true,"href":"https:\/\/lospoliticosveracruz.com\/index.php?rest_route=%2Fwp%2Fv2%2Fcategories&post=63586"},{"taxonomy":"post_tag","embeddable":true,"href":"https:\/\/lospoliticosveracruz.com\/index.php?rest_route=%2Fwp%2Fv2%2Ftags&post=63586"}],"curies":[{"name":"wp","href":"https:\/\/api.w.org\/{rel}","templated":true}]}}