{"id":63593,"date":"2020-11-09T10:12:58","date_gmt":"2020-11-09T16:12:58","guid":{"rendered":"http:\/\/www.lospoliticosveracruz.com.mx\/?p=63593"},"modified":"2020-11-09T10:12:58","modified_gmt":"2020-11-09T16:12:58","slug":"en-el-limbo-de-hipolito-mas-de-100-mdp","status":"publish","type":"post","link":"https:\/\/lospoliticosveracruz.com\/?p=63593","title":{"rendered":"En el limbo de Hip\u00f3lito, m\u00e1s de 100 mdp"},"content":{"rendered":"<p>&nbsp;<\/p>\n<p>El Gobierno municipal de Xalapa oculta informaci\u00f3n sobre el incremento, en el presupuesto 2019 vs 2017, por m\u00e1s de 100 millones de pesos en el cap\u00edtulo de servicios personales, lo cual refleja que la Austeridad, que tanto repiten es una farsa y solo les ha servido para justificar ante la sociedad su mal desempe\u00f1o e incompetencia en la gesti\u00f3n administrativa, declar\u00f3 el legislador local Sergio Hern\u00e1ndez Hern\u00e1ndez.<br \/>\nLo anterior, al ofrecer detalles sobre las respuestas a las m\u00faltiples solicitudes, hechas ante la Coordinaci\u00f3n de Transparencia Municipal, para conocer el motivo de dicho incremento y toda vez que \u201csupuestamente\u201d se hab\u00eda anunciado una reducci\u00f3n de sueldos.<br \/>\n\u201cLa opacidad es sin\u00f3nimo de corrupci\u00f3n y ante la ausencia de una respuesta concreta se confirman dos cosas, la primera que dicha reducci\u00f3n salarial fue mentira y la segunda, qu\u00e9 est\u00e1n haciendo mal uso de la Ley de Transparencia del Estado\u201d.<br \/>\nAsimismo, el diputado xalape\u00f1o afirm\u00f3 que el gobierno municipal le ha remitido documentos escuetos solo para simular que cumplen con la Ley, pero nada concreto en relaci\u00f3n con numerosas preguntas planteadas sobre el presupuesto asignado a obras y servicios p\u00fablicos, como agua potable, pavimentaci\u00f3n de calles, modernizaci\u00f3n de la infraestructura urbana, entre otros.<br \/>\nActo seguido, Hern\u00e1ndez Hern\u00e1ndez dijo que el reclamo social es justo, ya que es conocido por las y los xalape\u00f1os que el morenista Hip\u00f3lito Rodr\u00edguez no ha sido un buen administrador de los recursos p\u00fablicos y lleva dos a\u00f1os devolviendo dinero a la Federaci\u00f3n, lo cual indigna a la sociedad y genera la sospecha que est\u00e1n haciendo mal uso de los recursos.<br \/>\nRecord\u00f3 que la funci\u00f3n de un diputado es legislar, representar y fiscalizar el adecuado uso de los recursos p\u00fablicos, por lo que anunci\u00f3 que, haciendo uso del derecho que la ley le confiere y ante la nula capacidad de respuesta del ayuntamiento de Xalapa, presentar\u00e1 ante el Instituto Veracruzano de Acceso de la Informaci\u00f3n y Protecci\u00f3n de Datos Personales (IVAI) un recurso de revisi\u00f3n para obligarlos a informar sobre esta situaci\u00f3n.<br \/>\nEl legislador indic\u00f3 que no se trata de responder lo que a Sergio Hern\u00e1ndez pida, sino de cumplir con la Ley y entregar la informaci\u00f3n real, con los datos precisos y puntuales, sin violentar la norma de transparencia. \u201cEst\u00e1n mintiendo, y no solo se lo hacen al diputado, sino a las y los ciudadanos que reclaman informaci\u00f3n debido a la carencia o deficiencia de acciones y obras de gobierno\u201d, concluy\u00f3.<\/p>\n","protected":false},"excerpt":{"rendered":"<p>&nbsp; El Gobierno municipal de Xalapa oculta informaci\u00f3n sobre el incremento, en el presupuesto 2019 vs 2017, por m\u00e1s de 100 millones de pesos en el cap\u00edtulo de servicios personales, lo cual refleja que la Austeridad, que tanto repiten es una farsa y solo les ha servido para justificar ante la sociedad su mal desempe\u00f1o [&hellip;]<\/p>\n","protected":false},"author":2,"featured_media":0,"comment_status":"open","ping_status":"open","sticky":false,"template":"","format":"standard","meta":{"tdm_status":"","tdm_grid_status":"","footnotes":""},"categories":[6446],"tags":[6154,23421,23419,7785,985,23422,1026,266,394,23420,6481],"class_list":{"0":"post-63593","1":"post","2":"type-post","3":"status-publish","4":"format-standard","6":"category-la-nota","7":"tag-austeridad","8":"tag-coordinacion-de-transparencia-municipal","9":"tag-gobierno-municipal-de-xalapa","10":"tag-hipolito-rodriguez","11":"tag-ivai","12":"tag-ley-de-transparencia-del-estado","13":"tag-morena","14":"tag-pan","15":"tag-presupuesto","16":"tag-presupuesto-2019-vs-2017","17":"tag-sergio-hernandez-hernandez"},"yoast_head":"<!-- This site is optimized with the Yoast SEO plugin v27.4 - https:\/\/yoast.com\/product\/yoast-seo-wordpress\/ -->\n<title>En el limbo de Hip\u00f3lito, m\u00e1s de 100 mdp - Los pol\u00edticos Veracruz<\/title>\n<meta name=\"robots\" content=\"index, follow, max-snippet:-1, max-image-preview:large, max-video-preview:-1\" \/>\n<link rel=\"canonical\" href=\"https:\/\/lospoliticosveracruz.com\/?p=63593\" \/>\n<meta property=\"og:locale\" content=\"es_ES\" \/>\n<meta property=\"og:type\" content=\"article\" \/>\n<meta property=\"og:title\" content=\"En el limbo de Hip\u00f3lito, m\u00e1s de 100 mdp - Los pol\u00edticos Veracruz\" \/>\n<meta property=\"og:description\" content=\"&nbsp; El Gobierno municipal de Xalapa oculta informaci\u00f3n sobre el incremento, en el presupuesto 2019 vs 2017, por m\u00e1s de 100 millones de pesos en el cap\u00edtulo de servicios personales, lo cual refleja que la Austeridad, que tanto repiten es una farsa y solo les ha servido para justificar ante la sociedad su mal desempe\u00f1o [&hellip;]\" \/>\n<meta property=\"og:url\" content=\"https:\/\/lospoliticosveracruz.com\/?p=63593\" \/>\n<meta property=\"og:site_name\" content=\"Los pol\u00edticos Veracruz\" \/>\n<meta property=\"article:publisher\" content=\"https:\/\/www.facebook.com\/people\/Notimemes-de-los-Polticos\/61565672886568\/\" \/>\n<meta property=\"article:published_time\" content=\"2020-11-09T16:12:58+00:00\" \/>\n<meta property=\"og:image\" content=\"https:\/\/lospoliticosveracruz.com\/wp-content\/uploads\/2016\/07\/Logo-Dor.jpg\" \/>\n\t<meta property=\"og:image:width\" content=\"200\" \/>\n\t<meta property=\"og:image:height\" content=\"200\" \/>\n\t<meta property=\"og:image:type\" content=\"image\/jpeg\" \/>\n<meta name=\"author\" content=\"Lo viste en Los Pol\u00edticos\" \/>\n<meta name=\"twitter:card\" content=\"summary_large_image\" \/>\n<meta name=\"twitter:creator\" content=\"@LosPoliticosVer\" \/>\n<meta name=\"twitter:site\" content=\"@LosPoliticosVer\" \/>\n<meta name=\"twitter:label1\" content=\"Escrito por\" \/>\n\t<meta name=\"twitter:data1\" content=\"Lo viste en Los Pol\u00edticos\" \/>\n\t<meta name=\"twitter:label2\" content=\"Tiempo de lectura\" \/>\n\t<meta name=\"twitter:data2\" content=\"2 minutos\" \/>\n<script type=\"application\/ld+json\" class=\"yoast-schema-graph\">{\"@context\":\"https:\\\/\\\/schema.org\",\"@graph\":[{\"@type\":\"Article\",\"@id\":\"https:\\\/\\\/lospoliticosveracruz.com\\\/?p=63593#article\",\"isPartOf\":{\"@id\":\"https:\\\/\\\/lospoliticosveracruz.com\\\/?p=63593\"},\"author\":{\"name\":\"Lo viste en Los Pol\u00edticos\",\"@id\":\"https:\\\/\\\/lospoliticosveracruz.com\\\/#\\\/schema\\\/person\\\/b8702bb0e538456e6efd07080bf2a4a2\"},\"headline\":\"En el limbo de Hip\u00f3lito, m\u00e1s de 100 mdp\",\"datePublished\":\"2020-11-09T16:12:58+00:00\",\"mainEntityOfPage\":{\"@id\":\"https:\\\/\\\/lospoliticosveracruz.com\\\/?p=63593\"},\"wordCount\":449,\"commentCount\":0,\"publisher\":{\"@id\":\"https:\\\/\\\/lospoliticosveracruz.com\\\/#organization\"},\"keywords\":[\"Austeridad\",\"Coordinaci\u00f3n de Transparencia Municipal\",\"Gobierno municipal de Xalapa\",\"H\u00edpolito Rodr\u00edguez\",\"IVAI\",\"Ley de Transparencia del Estado\",\"Morena\",\"PAN\",\"presupuesto\",\"presupuesto 2019 vs 2017\",\"Sergio Hern\u00e1ndez Hern\u00e1ndez\"],\"articleSection\":[\"La Nota\"],\"inLanguage\":\"es\",\"potentialAction\":[{\"@type\":\"CommentAction\",\"name\":\"Comment\",\"target\":[\"https:\\\/\\\/lospoliticosveracruz.com\\\/?p=63593#respond\"]}]},{\"@type\":\"WebPage\",\"@id\":\"https:\\\/\\\/lospoliticosveracruz.com\\\/?p=63593\",\"url\":\"https:\\\/\\\/lospoliticosveracruz.com\\\/?p=63593\",\"name\":\"En el limbo de Hip\u00f3lito, m\u00e1s de 100 mdp - Los pol\u00edticos Veracruz\",\"isPartOf\":{\"@id\":\"https:\\\/\\\/lospoliticosveracruz.com\\\/#website\"},\"datePublished\":\"2020-11-09T16:12:58+00:00\",\"breadcrumb\":{\"@id\":\"https:\\\/\\\/lospoliticosveracruz.com\\\/?p=63593#breadcrumb\"},\"inLanguage\":\"es\",\"potentialAction\":[{\"@type\":\"ReadAction\",\"target\":[\"https:\\\/\\\/lospoliticosveracruz.com\\\/?p=63593\"]}]},{\"@type\":\"BreadcrumbList\",\"@id\":\"https:\\\/\\\/lospoliticosveracruz.com\\\/?p=63593#breadcrumb\",\"itemListElement\":[{\"@type\":\"ListItem\",\"position\":1,\"name\":\"Portada\",\"item\":\"https:\\\/\\\/lospoliticosveracruz.com\\\/\"},{\"@type\":\"ListItem\",\"position\":2,\"name\":\"En el limbo de Hip\u00f3lito, m\u00e1s de 100 mdp\"}]},{\"@type\":\"WebSite\",\"@id\":\"https:\\\/\\\/lospoliticosveracruz.com\\\/#website\",\"url\":\"https:\\\/\\\/lospoliticosveracruz.com\\\/\",\"name\":\"Los pol\u00edticos Veracruz\",\"description\":\"\",\"publisher\":{\"@id\":\"https:\\\/\\\/lospoliticosveracruz.com\\\/#organization\"},\"potentialAction\":[{\"@type\":\"SearchAction\",\"target\":{\"@type\":\"EntryPoint\",\"urlTemplate\":\"https:\\\/\\\/lospoliticosveracruz.com\\\/?s={search_term_string}\"},\"query-input\":{\"@type\":\"PropertyValueSpecification\",\"valueRequired\":true,\"valueName\":\"search_term_string\"}}],\"inLanguage\":\"es\"},{\"@type\":\"Organization\",\"@id\":\"https:\\\/\\\/lospoliticosveracruz.com\\\/#organization\",\"name\":\"Los pol\u00edticos Veracruz\",\"url\":\"https:\\\/\\\/lospoliticosveracruz.com\\\/\",\"logo\":{\"@type\":\"ImageObject\",\"inLanguage\":\"es\",\"@id\":\"https:\\\/\\\/lospoliticosveracruz.com\\\/#\\\/schema\\\/logo\\\/image\\\/\",\"url\":\"https:\\\/\\\/lospoliticosveracruz.com\\\/wp-content\\\/uploads\\\/2025\\\/12\\\/Logo-Nuevo-LOS-POLITICOS-1.jpg\",\"contentUrl\":\"https:\\\/\\\/lospoliticosveracruz.com\\\/wp-content\\\/uploads\\\/2025\\\/12\\\/Logo-Nuevo-LOS-POLITICOS-1.jpg\",\"width\":260,\"height\":70,\"caption\":\"Los pol\u00edticos Veracruz\"},\"image\":{\"@id\":\"https:\\\/\\\/lospoliticosveracruz.com\\\/#\\\/schema\\\/logo\\\/image\\\/\"},\"sameAs\":[\"https:\\\/\\\/www.facebook.com\\\/people\\\/Notimemes-de-los-Polticos\\\/61565672886568\\\/\",\"https:\\\/\\\/x.com\\\/LosPoliticosVer\"]},{\"@type\":\"Person\",\"@id\":\"https:\\\/\\\/lospoliticosveracruz.com\\\/#\\\/schema\\\/person\\\/b8702bb0e538456e6efd07080bf2a4a2\",\"name\":\"Lo viste en Los Pol\u00edticos\",\"image\":{\"@type\":\"ImageObject\",\"inLanguage\":\"es\",\"@id\":\"https:\\\/\\\/secure.gravatar.com\\\/avatar\\\/3a8de04a2656d44082be478bd6c086daa447c4651605818287b9532d3d0bd435?s=96&d=mm&r=g\",\"url\":\"https:\\\/\\\/secure.gravatar.com\\\/avatar\\\/3a8de04a2656d44082be478bd6c086daa447c4651605818287b9532d3d0bd435?s=96&d=mm&r=g\",\"contentUrl\":\"https:\\\/\\\/secure.gravatar.com\\\/avatar\\\/3a8de04a2656d44082be478bd6c086daa447c4651605818287b9532d3d0bd435?s=96&d=mm&r=g\",\"caption\":\"Lo viste en Los Pol\u00edticos\"},\"url\":\"https:\\\/\\\/lospoliticosveracruz.com\\\/?author=2\"}]}<\/script>\n<!-- \/ Yoast SEO plugin. -->","yoast_head_json":{"title":"En el limbo de Hip\u00f3lito, m\u00e1s de 100 mdp - Los pol\u00edticos Veracruz","robots":{"index":"index","follow":"follow","max-snippet":"max-snippet:-1","max-image-preview":"max-image-preview:large","max-video-preview":"max-video-preview:-1"},"canonical":"https:\/\/lospoliticosveracruz.com\/?p=63593","og_locale":"es_ES","og_type":"article","og_title":"En el limbo de Hip\u00f3lito, m\u00e1s de 100 mdp - Los pol\u00edticos Veracruz","og_description":"&nbsp; El Gobierno municipal de Xalapa oculta informaci\u00f3n sobre el incremento, en el presupuesto 2019 vs 2017, por m\u00e1s de 100 millones de pesos en el cap\u00edtulo de servicios personales, lo cual refleja que la Austeridad, que tanto repiten es una farsa y solo les ha servido para justificar ante la sociedad su mal desempe\u00f1o [&hellip;]","og_url":"https:\/\/lospoliticosveracruz.com\/?p=63593","og_site_name":"Los pol\u00edticos Veracruz","article_publisher":"https:\/\/www.facebook.com\/people\/Notimemes-de-los-Polticos\/61565672886568\/","article_published_time":"2020-11-09T16:12:58+00:00","og_image":[{"width":200,"height":200,"url":"https:\/\/lospoliticosveracruz.com\/wp-content\/uploads\/2016\/07\/Logo-Dor.jpg","type":"image\/jpeg"}],"author":"Lo viste en Los Pol\u00edticos","twitter_card":"summary_large_image","twitter_creator":"@LosPoliticosVer","twitter_site":"@LosPoliticosVer","twitter_misc":{"Escrito por":"Lo viste en Los Pol\u00edticos","Tiempo de lectura":"2 minutos"},"schema":{"@context":"https:\/\/schema.org","@graph":[{"@type":"Article","@id":"https:\/\/lospoliticosveracruz.com\/?p=63593#article","isPartOf":{"@id":"https:\/\/lospoliticosveracruz.com\/?p=63593"},"author":{"name":"Lo viste en Los Pol\u00edticos","@id":"https:\/\/lospoliticosveracruz.com\/#\/schema\/person\/b8702bb0e538456e6efd07080bf2a4a2"},"headline":"En el limbo de Hip\u00f3lito, m\u00e1s de 100 mdp","datePublished":"2020-11-09T16:12:58+00:00","mainEntityOfPage":{"@id":"https:\/\/lospoliticosveracruz.com\/?p=63593"},"wordCount":449,"commentCount":0,"publisher":{"@id":"https:\/\/lospoliticosveracruz.com\/#organization"},"keywords":["Austeridad","Coordinaci\u00f3n de Transparencia Municipal","Gobierno municipal de Xalapa","H\u00edpolito Rodr\u00edguez","IVAI","Ley de Transparencia del Estado","Morena","PAN","presupuesto","presupuesto 2019 vs 2017","Sergio Hern\u00e1ndez Hern\u00e1ndez"],"articleSection":["La Nota"],"inLanguage":"es","potentialAction":[{"@type":"CommentAction","name":"Comment","target":["https:\/\/lospoliticosveracruz.com\/?p=63593#respond"]}]},{"@type":"WebPage","@id":"https:\/\/lospoliticosveracruz.com\/?p=63593","url":"https:\/\/lospoliticosveracruz.com\/?p=63593","name":"En el limbo de Hip\u00f3lito, m\u00e1s de 100 mdp - Los pol\u00edticos Veracruz","isPartOf":{"@id":"https:\/\/lospoliticosveracruz.com\/#website"},"datePublished":"2020-11-09T16:12:58+00:00","breadcrumb":{"@id":"https:\/\/lospoliticosveracruz.com\/?p=63593#breadcrumb"},"inLanguage":"es","potentialAction":[{"@type":"ReadAction","target":["https:\/\/lospoliticosveracruz.com\/?p=63593"]}]},{"@type":"BreadcrumbList","@id":"https:\/\/lospoliticosveracruz.com\/?p=63593#breadcrumb","itemListElement":[{"@type":"ListItem","position":1,"name":"Portada","item":"https:\/\/lospoliticosveracruz.com\/"},{"@type":"ListItem","position":2,"name":"En el limbo de Hip\u00f3lito, m\u00e1s de 100 mdp"}]},{"@type":"WebSite","@id":"https:\/\/lospoliticosveracruz.com\/#website","url":"https:\/\/lospoliticosveracruz.com\/","name":"Los pol\u00edticos Veracruz","description":"","publisher":{"@id":"https:\/\/lospoliticosveracruz.com\/#organization"},"potentialAction":[{"@type":"SearchAction","target":{"@type":"EntryPoint","urlTemplate":"https:\/\/lospoliticosveracruz.com\/?s={search_term_string}"},"query-input":{"@type":"PropertyValueSpecification","valueRequired":true,"valueName":"search_term_string"}}],"inLanguage":"es"},{"@type":"Organization","@id":"https:\/\/lospoliticosveracruz.com\/#organization","name":"Los pol\u00edticos Veracruz","url":"https:\/\/lospoliticosveracruz.com\/","logo":{"@type":"ImageObject","inLanguage":"es","@id":"https:\/\/lospoliticosveracruz.com\/#\/schema\/logo\/image\/","url":"https:\/\/lospoliticosveracruz.com\/wp-content\/uploads\/2025\/12\/Logo-Nuevo-LOS-POLITICOS-1.jpg","contentUrl":"https:\/\/lospoliticosveracruz.com\/wp-content\/uploads\/2025\/12\/Logo-Nuevo-LOS-POLITICOS-1.jpg","width":260,"height":70,"caption":"Los pol\u00edticos Veracruz"},"image":{"@id":"https:\/\/lospoliticosveracruz.com\/#\/schema\/logo\/image\/"},"sameAs":["https:\/\/www.facebook.com\/people\/Notimemes-de-los-Polticos\/61565672886568\/","https:\/\/x.com\/LosPoliticosVer"]},{"@type":"Person","@id":"https:\/\/lospoliticosveracruz.com\/#\/schema\/person\/b8702bb0e538456e6efd07080bf2a4a2","name":"Lo viste en Los Pol\u00edticos","image":{"@type":"ImageObject","inLanguage":"es","@id":"https:\/\/secure.gravatar.com\/avatar\/3a8de04a2656d44082be478bd6c086daa447c4651605818287b9532d3d0bd435?s=96&d=mm&r=g","url":"https:\/\/secure.gravatar.com\/avatar\/3a8de04a2656d44082be478bd6c086daa447c4651605818287b9532d3d0bd435?s=96&d=mm&r=g","contentUrl":"https:\/\/secure.gravatar.com\/avatar\/3a8de04a2656d44082be478bd6c086daa447c4651605818287b9532d3d0bd435?s=96&d=mm&r=g","caption":"Lo viste en Los Pol\u00edticos"},"url":"https:\/\/lospoliticosveracruz.com\/?author=2"}]}},"_links":{"self":[{"href":"https:\/\/lospoliticosveracruz.com\/index.php?rest_route=\/wp\/v2\/posts\/63593","targetHints":{"allow":["GET"]}}],"collection":[{"href":"https:\/\/lospoliticosveracruz.com\/index.php?rest_route=\/wp\/v2\/posts"}],"about":[{"href":"https:\/\/lospoliticosveracruz.com\/index.php?rest_route=\/wp\/v2\/types\/post"}],"author":[{"embeddable":true,"href":"https:\/\/lospoliticosveracruz.com\/index.php?rest_route=\/wp\/v2\/users\/2"}],"replies":[{"embeddable":true,"href":"https:\/\/lospoliticosveracruz.com\/index.php?rest_route=%2Fwp%2Fv2%2Fcomments&post=63593"}],"version-history":[{"count":1,"href":"https:\/\/lospoliticosveracruz.com\/index.php?rest_route=\/wp\/v2\/posts\/63593\/revisions"}],"predecessor-version":[{"id":63594,"href":"https:\/\/lospoliticosveracruz.com\/index.php?rest_route=\/wp\/v2\/posts\/63593\/revisions\/63594"}],"wp:attachment":[{"href":"https:\/\/lospoliticosveracruz.com\/index.php?rest_route=%2Fwp%2Fv2%2Fmedia&parent=63593"}],"wp:term":[{"taxonomy":"category","embeddable":true,"href":"https:\/\/lospoliticosveracruz.com\/index.php?rest_route=%2Fwp%2Fv2%2Fcategories&post=63593"},{"taxonomy":"post_tag","embeddable":true,"href":"https:\/\/lospoliticosveracruz.com\/index.php?rest_route=%2Fwp%2Fv2%2Ftags&post=63593"}],"curies":[{"name":"wp","href":"https:\/\/api.w.org\/{rel}","templated":true}]}}