{"id":63628,"date":"2020-11-10T08:22:49","date_gmt":"2020-11-10T14:22:49","guid":{"rendered":"http:\/\/www.lospoliticosveracruz.com.mx\/?p=63628"},"modified":"2020-11-10T08:22:49","modified_gmt":"2020-11-10T14:22:49","slug":"caceria-en-boca","status":"publish","type":"post","link":"https:\/\/lospoliticosveracruz.com\/?p=63628","title":{"rendered":"Cacer\u00eda en Boca!"},"content":{"rendered":"<p>&nbsp;<\/p>\n<p><strong>Ricardo Ch\u00faa<\/strong><br \/>\n<em>Sale y Vale<\/em><\/p>\n<p>OJO&#8230; Ser\u00e1 el sereno&#8230; Pero hasta el momento, ning\u00fan miembro de la dirigencia estatal o alg\u00fan delegado nacional del PRD en Veracruz&#8230; Ha salido a desmentir o enfrentar lo dicho por el alcalde de Sayula de Alem\u00e1n, Freddy Ayala, en el sentido de que altos funcionarios del gobierno estatal como Cuitl\u00e1huac Garc\u00eda o Eric Cisneros, andan presionando o \u00abamenazando\u00bb alcaldes del PRD para favorecer a la administraci\u00f3n estatal o al partido MORENA para la elecci\u00f3n del 2021&#8230;<\/p>\n<p>&nbsp;<a href=\"https:\/\/www.facebook.com\/notaria61veracruz\/\"><img decoding=\"async\" src=\"http:\/\/www.lospoliticosveracruz.com.mx\/wp-content\/uploads\/2020\/07\/CINTILLO-Armando.jpg\" alt=\"\" \/><\/a><\/p>\n<p>Aqu\u00ed no queda eso de \u00abexplicaciones no pedidas\u00bb&#8230; Ya que aqu\u00ed est\u00e1n se\u00f1alando de mentirosos tanto al comit\u00e9 nacional como estatal de este partido&#8230; Por uno de los personajes, que presuntamente, tambi\u00e9n es \u00abafectado\u00bb por esas \u00abamenazas\u00bb&#8230; Como es el alcalde de Sayula&#8230; Y para el colmo, todav\u00eda les dice en su cara a los dirigentes perredistas, que tanto El Cuit&#8230; C\u00f3mo Patrocinio&#8230; Lo han tratado a toda madre&#8230; Como dicen por esa zona&#8230;. Freddy Ayala \u00abYa les mat\u00f3 un pollo\u00bb&#8230; \u00bfLO CASTIGAR\u00c1 DIOS?&#8230;<\/p>\n<p>BOCA-GATE&#8230; A unas semanas de iniciar los procesos electorales locales en Veracruz&#8230; Nos cuenta el polifac\u00e9tico \u00abGarganta Profunda\u00bb, que despacha all\u00e1 en el municipio de Boca del R\u00edo, pues, que la m\u00e1xima autoridad de esa ciudad&#8230; En este momento, se encuentra m\u00e1s preocupado, por empezar a operar con su grupo de \u00abhacedores\u00bb en redes sociales, una labor directa para lograr quitarle \u00ablikes\u00bb en el facebook del diputado local panista que aspira a alcalde de esa ciudad, es decir, Juan Manuel Unanue, que por ponerse a chambear en tapar baches&#8230; ZUCUTUM&#8230;<br \/>\nYa que el tema de la aparici\u00f3n de tanto \u00abbache\u00bb en Boca del R\u00edo es uno de los reclamos principales de la ciudadan\u00eda a sus autoridades municipales&#8230; Adem\u00e1s de otras mejoras en los servicios municipales&#8230; Pero bueno las autoridades municipales, se ve que tiene otras \u00abprioridades\u00bb parecidas a las de la CIA y KGB de \u00abawuewenche\u00bb en andar queriendo \u00abtirar\u00bb las redes sociales y los mensajes que tienen sus \u00abcontrincantes\u00bb pol\u00edticos de la ciudadan\u00eda&#8230;<br \/>\nLo malo es que la situaci\u00f3n se les sali\u00f3 del control a las autoridades locales boque\u00f1as&#8230; Ya que son muchos los empleados municipales de confianza.. Que han comentado que tienen alg\u00fan tipo de hostigamiento que les aplica \u201cel jefe\u201d directo en cada uno de los cargos de confianza&#8230; Esto porque no les permiten y hasta sienten alg\u00fan tipo de \u00abamenazas\u00bb, si a ellos se les llegar\u00e1 a ocurrir darle \u201clike\u201d a las publicaciones de Juan Manuel Unanue&#8230;. As\u00ed de directo el mensaje&#8230;<br \/>\nCaso contrario es que la orden en las oficinas del gobierno municipal boque\u00f1o, son directas de que si el personal, quiere estar metido en redes sociales, entonces, que los \u00ablike\u00bb se les den al funcionario municipal, que \u00faltimamente, anda de arriba para abajo suspirando por la candidatura a la alcald\u00eda para ser el sucesor de su jefe&#8230; Pero empez\u00f3 a caminar muy tarde cuando Unanue, ya le lleva mucha ventaja al respecto&#8230; Sobre todo porque les pueden venir \u00abcalambres jur\u00eddicos\u201d por el tema de candidaturas anticipadas&#8230; DIOS LOS BENDIGA&#8230;<\/p>\n<p>EL INVITADO&#8230; Al que ya le pusieron \u00abojo\u00bb algunos partidos pol\u00edticos tradicionales, as\u00ed como de reciente creaci\u00f3n&#8230; Es al presidente del Consejo del Comit\u00e9 de Participaci\u00f3n Ciudadana en Veracruz, Angello Matiello, con la finalidad de invitarlo a que sea parte de los personajes, que podr\u00edan ser incluidos en sus listas como aspirantes a un cargo de elecci\u00f3n popular&#8230; Estas invitaciones vienen basadas con encuestas y sobre todo sabiendo, que la sociedad est\u00e1 pidiendo figuras nuevas, pero con formaci\u00f3n&#8230; Ya no pol\u00edticos de \u00abt\u00f3mbola\u00bb&#8230;<br \/>\nEl crecimiento exponencial y medi\u00e1tico del empresario-acad\u00e9mico universitario ha sido intenso en los \u00faltimos meses, m\u00e1s que particip\u00f3 en programas de radio de opini\u00f3n&#8230; Sobre todo tocando los temas de educaci\u00f3n, inversi\u00f3n, desarrollo econ\u00f3mico y de seguridad p\u00fablica en la zona conurbada de Veracruz-Boca del R\u00edo&#8230; Donde se ha \u00abaventado\u00bb serios y fuertes debates por estos asuntos con algunos funcionarios del Gobierno del Estado y con alcaldes de esa regi\u00f3n..<br \/>\nEs un hecho, quiz\u00e1s, por todas estas razones&#8230; Es que los partidos pol\u00edticos hasta de reciente creaci\u00f3n han intentado \u00abtentar\u00bb pol\u00edticamente a Mattiello II para que se anime con ellos en la contienda electoral venidera del 2021&#8230; Lo que no se sabe a\u00fan es a d\u00f3nde lo podr\u00edan encauzar, si este personaje aceptar\u00e1 la invitaci\u00f3n, si a la alcald\u00eda, diputaci\u00f3n local o ser aspirante a legislador federal&#8230; Es lo que estar\u00eda en veremos&#8230; Situaci\u00f3n que se definir\u00eda en las pr\u00f3ximas semanas&#8230; Por lo pronto, ya le \u00abtiraron el anzuelo\u00bb&#8230; Hay que ver si lo \u00abpescan\u00bb&#8230;<\/p>\n<p>PD&#8230; No se ve que el tema de la venta del \u00abBuen Fin\u00bb vaya a tener buenos n\u00famero en los comercios, negocios y todas las tiendas departamentales que participan en este programa de ofertas en Veracruz&#8230; Y es que el problema no son las ofertas&#8230; Es la demanda del p\u00fablico consumidor, que en estas \u00faltimas semanas en la entidad, volvi\u00f3 a \u00abrecaer\u00bb en una crisis econ\u00f3mica, como la que se tuvo en abril, mayo y junio de este a\u00f1o&#8230;. Por la pandemia del COVID y porque no hab\u00eda circulante de dinero&#8230;.<br \/>\nAhora el problema, no es precisamente el circulante de dinero&#8230; Sino ya es directamente la crisis econ\u00f3mica que ya est\u00e1 afectando a todos los sectores de la poblaci\u00f3n veracruzana.. La gente no est\u00e1 saliendo a gastar&#8230; Hasta los \u00abmillonetas\u00bb de la conurbaci\u00f3n, mejor se la pasan en caf\u00e9s y acudiendo ah\u00ed gradualmente a uno que otro restaurante con su familia para \u00absacarlos a pasear\u00bb de fin de semana, pero sin comprar nada&#8230; La falta de dinero est\u00e1 pegando mucho en Veracruz y eso har\u00e1 que no haya \u00abBUEN FIN\u00bb&#8230; Ojal\u00e1 nos equivoquemos&#8230;<\/p>\n","protected":false},"excerpt":{"rendered":"<p>&nbsp; Ricardo Ch\u00faa Sale y Vale OJO&#8230; Ser\u00e1 el sereno&#8230; Pero hasta el momento, ning\u00fan miembro de la dirigencia estatal o alg\u00fan delegado nacional del PRD en Veracruz&#8230; Ha salido a desmentir o enfrentar lo dicho por el alcalde de Sayula de Alem\u00e1n, Freddy Ayala, en el sentido de que altos funcionarios del gobierno estatal [&hellip;]<\/p>\n","protected":false},"author":2,"featured_media":0,"comment_status":"open","ping_status":"open","sticky":false,"template":"","format":"standard","meta":{"tdm_status":"","tdm_grid_status":"","footnotes":""},"categories":[70],"tags":[601,862,1681,23367,12686,17579,1026,107,21731,195],"class_list":{"0":"post-63628","1":"post","2":"type-post","3":"status-publish","4":"format-standard","6":"category-de-opinion","7":"tag-boca-del-rio","8":"tag-buen-fin","9":"tag-cuitlahuac-garcia","10":"tag-eleccion-del-2021","11":"tag-eric-cisneros","12":"tag-juan-manuel-unanue","13":"tag-morena","14":"tag-prd","15":"tag-procesos-electorales","16":"tag-veracruz"},"yoast_head":"<!-- This site is optimized with the Yoast SEO plugin v27.4 - https:\/\/yoast.com\/product\/yoast-seo-wordpress\/ -->\n<title>Cacer\u00eda en Boca! - Los pol\u00edticos Veracruz<\/title>\n<meta name=\"robots\" content=\"index, follow, max-snippet:-1, max-image-preview:large, max-video-preview:-1\" \/>\n<link rel=\"canonical\" href=\"https:\/\/lospoliticosveracruz.com\/?p=63628\" \/>\n<meta property=\"og:locale\" content=\"es_ES\" \/>\n<meta property=\"og:type\" content=\"article\" \/>\n<meta property=\"og:title\" content=\"Cacer\u00eda en Boca! - Los pol\u00edticos Veracruz\" \/>\n<meta property=\"og:description\" content=\"&nbsp; Ricardo Ch\u00faa Sale y Vale OJO&#8230; Ser\u00e1 el sereno&#8230; Pero hasta el momento, ning\u00fan miembro de la dirigencia estatal o alg\u00fan delegado nacional del PRD en Veracruz&#8230; Ha salido a desmentir o enfrentar lo dicho por el alcalde de Sayula de Alem\u00e1n, Freddy Ayala, en el sentido de que altos funcionarios del gobierno estatal [&hellip;]\" \/>\n<meta property=\"og:url\" content=\"https:\/\/lospoliticosveracruz.com\/?p=63628\" \/>\n<meta property=\"og:site_name\" content=\"Los pol\u00edticos Veracruz\" \/>\n<meta property=\"article:publisher\" content=\"https:\/\/www.facebook.com\/people\/Notimemes-de-los-Polticos\/61565672886568\/\" \/>\n<meta property=\"article:published_time\" content=\"2020-11-10T14:22:49+00:00\" \/>\n<meta property=\"og:image\" content=\"http:\/\/www.lospoliticosveracruz.com.mx\/wp-content\/uploads\/2020\/07\/CINTILLO-Armando.jpg\" \/>\n<meta name=\"author\" content=\"Lo viste en Los Pol\u00edticos\" \/>\n<meta name=\"twitter:card\" content=\"summary_large_image\" \/>\n<meta name=\"twitter:creator\" content=\"@LosPoliticosVer\" \/>\n<meta name=\"twitter:site\" content=\"@LosPoliticosVer\" \/>\n<meta name=\"twitter:label1\" content=\"Escrito por\" \/>\n\t<meta name=\"twitter:data1\" content=\"Lo viste en Los Pol\u00edticos\" \/>\n\t<meta name=\"twitter:label2\" content=\"Tiempo de lectura\" \/>\n\t<meta name=\"twitter:data2\" content=\"5 minutos\" \/>\n<script type=\"application\/ld+json\" class=\"yoast-schema-graph\">{\"@context\":\"https:\\\/\\\/schema.org\",\"@graph\":[{\"@type\":\"Article\",\"@id\":\"https:\\\/\\\/lospoliticosveracruz.com\\\/?p=63628#article\",\"isPartOf\":{\"@id\":\"https:\\\/\\\/lospoliticosveracruz.com\\\/?p=63628\"},\"author\":{\"name\":\"Lo viste en Los Pol\u00edticos\",\"@id\":\"https:\\\/\\\/lospoliticosveracruz.com\\\/#\\\/schema\\\/person\\\/b8702bb0e538456e6efd07080bf2a4a2\"},\"headline\":\"Cacer\u00eda en Boca!\",\"datePublished\":\"2020-11-10T14:22:49+00:00\",\"mainEntityOfPage\":{\"@id\":\"https:\\\/\\\/lospoliticosveracruz.com\\\/?p=63628\"},\"wordCount\":1007,\"commentCount\":0,\"publisher\":{\"@id\":\"https:\\\/\\\/lospoliticosveracruz.com\\\/#organization\"},\"image\":{\"@id\":\"https:\\\/\\\/lospoliticosveracruz.com\\\/?p=63628#primaryimage\"},\"thumbnailUrl\":\"http:\\\/\\\/www.lospoliticosveracruz.com.mx\\\/wp-content\\\/uploads\\\/2020\\\/07\\\/CINTILLO-Armando.jpg\",\"keywords\":[\"Boca del R\u00edo\",\"Buen Fin\",\"Cuitl\u00e1huac Garc\u00eda\",\"Elecci\u00f3n del 2021\",\"Eric Cisneros\",\"Juan Manuel Unanue\",\"Morena\",\"PRD\",\"Procesos electorales\",\"Veracruz\"],\"articleSection\":[\"De Opini\u00f3n\"],\"inLanguage\":\"es\",\"potentialAction\":[{\"@type\":\"CommentAction\",\"name\":\"Comment\",\"target\":[\"https:\\\/\\\/lospoliticosveracruz.com\\\/?p=63628#respond\"]}]},{\"@type\":\"WebPage\",\"@id\":\"https:\\\/\\\/lospoliticosveracruz.com\\\/?p=63628\",\"url\":\"https:\\\/\\\/lospoliticosveracruz.com\\\/?p=63628\",\"name\":\"Cacer\u00eda en Boca! - Los pol\u00edticos Veracruz\",\"isPartOf\":{\"@id\":\"https:\\\/\\\/lospoliticosveracruz.com\\\/#website\"},\"primaryImageOfPage\":{\"@id\":\"https:\\\/\\\/lospoliticosveracruz.com\\\/?p=63628#primaryimage\"},\"image\":{\"@id\":\"https:\\\/\\\/lospoliticosveracruz.com\\\/?p=63628#primaryimage\"},\"thumbnailUrl\":\"http:\\\/\\\/www.lospoliticosveracruz.com.mx\\\/wp-content\\\/uploads\\\/2020\\\/07\\\/CINTILLO-Armando.jpg\",\"datePublished\":\"2020-11-10T14:22:49+00:00\",\"breadcrumb\":{\"@id\":\"https:\\\/\\\/lospoliticosveracruz.com\\\/?p=63628#breadcrumb\"},\"inLanguage\":\"es\",\"potentialAction\":[{\"@type\":\"ReadAction\",\"target\":[\"https:\\\/\\\/lospoliticosveracruz.com\\\/?p=63628\"]}]},{\"@type\":\"ImageObject\",\"inLanguage\":\"es\",\"@id\":\"https:\\\/\\\/lospoliticosveracruz.com\\\/?p=63628#primaryimage\",\"url\":\"http:\\\/\\\/www.lospoliticosveracruz.com.mx\\\/wp-content\\\/uploads\\\/2020\\\/07\\\/CINTILLO-Armando.jpg\",\"contentUrl\":\"http:\\\/\\\/www.lospoliticosveracruz.com.mx\\\/wp-content\\\/uploads\\\/2020\\\/07\\\/CINTILLO-Armando.jpg\"},{\"@type\":\"BreadcrumbList\",\"@id\":\"https:\\\/\\\/lospoliticosveracruz.com\\\/?p=63628#breadcrumb\",\"itemListElement\":[{\"@type\":\"ListItem\",\"position\":1,\"name\":\"Portada\",\"item\":\"https:\\\/\\\/lospoliticosveracruz.com\\\/\"},{\"@type\":\"ListItem\",\"position\":2,\"name\":\"Cacer\u00eda en Boca!\"}]},{\"@type\":\"WebSite\",\"@id\":\"https:\\\/\\\/lospoliticosveracruz.com\\\/#website\",\"url\":\"https:\\\/\\\/lospoliticosveracruz.com\\\/\",\"name\":\"Los pol\u00edticos Veracruz\",\"description\":\"\",\"publisher\":{\"@id\":\"https:\\\/\\\/lospoliticosveracruz.com\\\/#organization\"},\"potentialAction\":[{\"@type\":\"SearchAction\",\"target\":{\"@type\":\"EntryPoint\",\"urlTemplate\":\"https:\\\/\\\/lospoliticosveracruz.com\\\/?s={search_term_string}\"},\"query-input\":{\"@type\":\"PropertyValueSpecification\",\"valueRequired\":true,\"valueName\":\"search_term_string\"}}],\"inLanguage\":\"es\"},{\"@type\":\"Organization\",\"@id\":\"https:\\\/\\\/lospoliticosveracruz.com\\\/#organization\",\"name\":\"Los pol\u00edticos Veracruz\",\"url\":\"https:\\\/\\\/lospoliticosveracruz.com\\\/\",\"logo\":{\"@type\":\"ImageObject\",\"inLanguage\":\"es\",\"@id\":\"https:\\\/\\\/lospoliticosveracruz.com\\\/#\\\/schema\\\/logo\\\/image\\\/\",\"url\":\"https:\\\/\\\/lospoliticosveracruz.com\\\/wp-content\\\/uploads\\\/2025\\\/12\\\/Logo-Nuevo-LOS-POLITICOS-1.jpg\",\"contentUrl\":\"https:\\\/\\\/lospoliticosveracruz.com\\\/wp-content\\\/uploads\\\/2025\\\/12\\\/Logo-Nuevo-LOS-POLITICOS-1.jpg\",\"width\":260,\"height\":70,\"caption\":\"Los pol\u00edticos Veracruz\"},\"image\":{\"@id\":\"https:\\\/\\\/lospoliticosveracruz.com\\\/#\\\/schema\\\/logo\\\/image\\\/\"},\"sameAs\":[\"https:\\\/\\\/www.facebook.com\\\/people\\\/Notimemes-de-los-Polticos\\\/61565672886568\\\/\",\"https:\\\/\\\/x.com\\\/LosPoliticosVer\"]},{\"@type\":\"Person\",\"@id\":\"https:\\\/\\\/lospoliticosveracruz.com\\\/#\\\/schema\\\/person\\\/b8702bb0e538456e6efd07080bf2a4a2\",\"name\":\"Lo viste en Los Pol\u00edticos\",\"image\":{\"@type\":\"ImageObject\",\"inLanguage\":\"es\",\"@id\":\"https:\\\/\\\/secure.gravatar.com\\\/avatar\\\/3a8de04a2656d44082be478bd6c086daa447c4651605818287b9532d3d0bd435?s=96&d=mm&r=g\",\"url\":\"https:\\\/\\\/secure.gravatar.com\\\/avatar\\\/3a8de04a2656d44082be478bd6c086daa447c4651605818287b9532d3d0bd435?s=96&d=mm&r=g\",\"contentUrl\":\"https:\\\/\\\/secure.gravatar.com\\\/avatar\\\/3a8de04a2656d44082be478bd6c086daa447c4651605818287b9532d3d0bd435?s=96&d=mm&r=g\",\"caption\":\"Lo viste en Los Pol\u00edticos\"},\"url\":\"https:\\\/\\\/lospoliticosveracruz.com\\\/?author=2\"}]}<\/script>\n<!-- \/ Yoast SEO plugin. -->","yoast_head_json":{"title":"Cacer\u00eda en Boca! - Los pol\u00edticos Veracruz","robots":{"index":"index","follow":"follow","max-snippet":"max-snippet:-1","max-image-preview":"max-image-preview:large","max-video-preview":"max-video-preview:-1"},"canonical":"https:\/\/lospoliticosveracruz.com\/?p=63628","og_locale":"es_ES","og_type":"article","og_title":"Cacer\u00eda en Boca! - Los pol\u00edticos Veracruz","og_description":"&nbsp; Ricardo Ch\u00faa Sale y Vale OJO&#8230; Ser\u00e1 el sereno&#8230; Pero hasta el momento, ning\u00fan miembro de la dirigencia estatal o alg\u00fan delegado nacional del PRD en Veracruz&#8230; Ha salido a desmentir o enfrentar lo dicho por el alcalde de Sayula de Alem\u00e1n, Freddy Ayala, en el sentido de que altos funcionarios del gobierno estatal [&hellip;]","og_url":"https:\/\/lospoliticosveracruz.com\/?p=63628","og_site_name":"Los pol\u00edticos Veracruz","article_publisher":"https:\/\/www.facebook.com\/people\/Notimemes-de-los-Polticos\/61565672886568\/","article_published_time":"2020-11-10T14:22:49+00:00","og_image":[{"url":"http:\/\/www.lospoliticosveracruz.com.mx\/wp-content\/uploads\/2020\/07\/CINTILLO-Armando.jpg","type":"","width":"","height":""}],"author":"Lo viste en Los Pol\u00edticos","twitter_card":"summary_large_image","twitter_creator":"@LosPoliticosVer","twitter_site":"@LosPoliticosVer","twitter_misc":{"Escrito por":"Lo viste en Los Pol\u00edticos","Tiempo de lectura":"5 minutos"},"schema":{"@context":"https:\/\/schema.org","@graph":[{"@type":"Article","@id":"https:\/\/lospoliticosveracruz.com\/?p=63628#article","isPartOf":{"@id":"https:\/\/lospoliticosveracruz.com\/?p=63628"},"author":{"name":"Lo viste en Los Pol\u00edticos","@id":"https:\/\/lospoliticosveracruz.com\/#\/schema\/person\/b8702bb0e538456e6efd07080bf2a4a2"},"headline":"Cacer\u00eda en Boca!","datePublished":"2020-11-10T14:22:49+00:00","mainEntityOfPage":{"@id":"https:\/\/lospoliticosveracruz.com\/?p=63628"},"wordCount":1007,"commentCount":0,"publisher":{"@id":"https:\/\/lospoliticosveracruz.com\/#organization"},"image":{"@id":"https:\/\/lospoliticosveracruz.com\/?p=63628#primaryimage"},"thumbnailUrl":"http:\/\/www.lospoliticosveracruz.com.mx\/wp-content\/uploads\/2020\/07\/CINTILLO-Armando.jpg","keywords":["Boca del R\u00edo","Buen Fin","Cuitl\u00e1huac Garc\u00eda","Elecci\u00f3n del 2021","Eric Cisneros","Juan Manuel Unanue","Morena","PRD","Procesos electorales","Veracruz"],"articleSection":["De Opini\u00f3n"],"inLanguage":"es","potentialAction":[{"@type":"CommentAction","name":"Comment","target":["https:\/\/lospoliticosveracruz.com\/?p=63628#respond"]}]},{"@type":"WebPage","@id":"https:\/\/lospoliticosveracruz.com\/?p=63628","url":"https:\/\/lospoliticosveracruz.com\/?p=63628","name":"Cacer\u00eda en Boca! - Los pol\u00edticos Veracruz","isPartOf":{"@id":"https:\/\/lospoliticosveracruz.com\/#website"},"primaryImageOfPage":{"@id":"https:\/\/lospoliticosveracruz.com\/?p=63628#primaryimage"},"image":{"@id":"https:\/\/lospoliticosveracruz.com\/?p=63628#primaryimage"},"thumbnailUrl":"http:\/\/www.lospoliticosveracruz.com.mx\/wp-content\/uploads\/2020\/07\/CINTILLO-Armando.jpg","datePublished":"2020-11-10T14:22:49+00:00","breadcrumb":{"@id":"https:\/\/lospoliticosveracruz.com\/?p=63628#breadcrumb"},"inLanguage":"es","potentialAction":[{"@type":"ReadAction","target":["https:\/\/lospoliticosveracruz.com\/?p=63628"]}]},{"@type":"ImageObject","inLanguage":"es","@id":"https:\/\/lospoliticosveracruz.com\/?p=63628#primaryimage","url":"http:\/\/www.lospoliticosveracruz.com.mx\/wp-content\/uploads\/2020\/07\/CINTILLO-Armando.jpg","contentUrl":"http:\/\/www.lospoliticosveracruz.com.mx\/wp-content\/uploads\/2020\/07\/CINTILLO-Armando.jpg"},{"@type":"BreadcrumbList","@id":"https:\/\/lospoliticosveracruz.com\/?p=63628#breadcrumb","itemListElement":[{"@type":"ListItem","position":1,"name":"Portada","item":"https:\/\/lospoliticosveracruz.com\/"},{"@type":"ListItem","position":2,"name":"Cacer\u00eda en Boca!"}]},{"@type":"WebSite","@id":"https:\/\/lospoliticosveracruz.com\/#website","url":"https:\/\/lospoliticosveracruz.com\/","name":"Los pol\u00edticos Veracruz","description":"","publisher":{"@id":"https:\/\/lospoliticosveracruz.com\/#organization"},"potentialAction":[{"@type":"SearchAction","target":{"@type":"EntryPoint","urlTemplate":"https:\/\/lospoliticosveracruz.com\/?s={search_term_string}"},"query-input":{"@type":"PropertyValueSpecification","valueRequired":true,"valueName":"search_term_string"}}],"inLanguage":"es"},{"@type":"Organization","@id":"https:\/\/lospoliticosveracruz.com\/#organization","name":"Los pol\u00edticos Veracruz","url":"https:\/\/lospoliticosveracruz.com\/","logo":{"@type":"ImageObject","inLanguage":"es","@id":"https:\/\/lospoliticosveracruz.com\/#\/schema\/logo\/image\/","url":"https:\/\/lospoliticosveracruz.com\/wp-content\/uploads\/2025\/12\/Logo-Nuevo-LOS-POLITICOS-1.jpg","contentUrl":"https:\/\/lospoliticosveracruz.com\/wp-content\/uploads\/2025\/12\/Logo-Nuevo-LOS-POLITICOS-1.jpg","width":260,"height":70,"caption":"Los pol\u00edticos Veracruz"},"image":{"@id":"https:\/\/lospoliticosveracruz.com\/#\/schema\/logo\/image\/"},"sameAs":["https:\/\/www.facebook.com\/people\/Notimemes-de-los-Polticos\/61565672886568\/","https:\/\/x.com\/LosPoliticosVer"]},{"@type":"Person","@id":"https:\/\/lospoliticosveracruz.com\/#\/schema\/person\/b8702bb0e538456e6efd07080bf2a4a2","name":"Lo viste en Los Pol\u00edticos","image":{"@type":"ImageObject","inLanguage":"es","@id":"https:\/\/secure.gravatar.com\/avatar\/3a8de04a2656d44082be478bd6c086daa447c4651605818287b9532d3d0bd435?s=96&d=mm&r=g","url":"https:\/\/secure.gravatar.com\/avatar\/3a8de04a2656d44082be478bd6c086daa447c4651605818287b9532d3d0bd435?s=96&d=mm&r=g","contentUrl":"https:\/\/secure.gravatar.com\/avatar\/3a8de04a2656d44082be478bd6c086daa447c4651605818287b9532d3d0bd435?s=96&d=mm&r=g","caption":"Lo viste en Los Pol\u00edticos"},"url":"https:\/\/lospoliticosveracruz.com\/?author=2"}]}},"_links":{"self":[{"href":"https:\/\/lospoliticosveracruz.com\/index.php?rest_route=\/wp\/v2\/posts\/63628","targetHints":{"allow":["GET"]}}],"collection":[{"href":"https:\/\/lospoliticosveracruz.com\/index.php?rest_route=\/wp\/v2\/posts"}],"about":[{"href":"https:\/\/lospoliticosveracruz.com\/index.php?rest_route=\/wp\/v2\/types\/post"}],"author":[{"embeddable":true,"href":"https:\/\/lospoliticosveracruz.com\/index.php?rest_route=\/wp\/v2\/users\/2"}],"replies":[{"embeddable":true,"href":"https:\/\/lospoliticosveracruz.com\/index.php?rest_route=%2Fwp%2Fv2%2Fcomments&post=63628"}],"version-history":[{"count":1,"href":"https:\/\/lospoliticosveracruz.com\/index.php?rest_route=\/wp\/v2\/posts\/63628\/revisions"}],"predecessor-version":[{"id":63630,"href":"https:\/\/lospoliticosveracruz.com\/index.php?rest_route=\/wp\/v2\/posts\/63628\/revisions\/63630"}],"wp:attachment":[{"href":"https:\/\/lospoliticosveracruz.com\/index.php?rest_route=%2Fwp%2Fv2%2Fmedia&parent=63628"}],"wp:term":[{"taxonomy":"category","embeddable":true,"href":"https:\/\/lospoliticosveracruz.com\/index.php?rest_route=%2Fwp%2Fv2%2Fcategories&post=63628"},{"taxonomy":"post_tag","embeddable":true,"href":"https:\/\/lospoliticosveracruz.com\/index.php?rest_route=%2Fwp%2Fv2%2Ftags&post=63628"}],"curies":[{"name":"wp","href":"https:\/\/api.w.org\/{rel}","templated":true}]}}