{"id":63631,"date":"2020-11-10T08:47:16","date_gmt":"2020-11-10T14:47:16","guid":{"rendered":"http:\/\/www.lospoliticosveracruz.com.mx\/?p=63631"},"modified":"2020-11-13T10:49:47","modified_gmt":"2020-11-13T16:49:47","slug":"de-molcajetes-y-licuadoras","status":"publish","type":"post","link":"https:\/\/lospoliticosveracruz.com\/?p=63631","title":{"rendered":"De molcajetes y licuadoras"},"content":{"rendered":"<p><strong>Rafael Arias Hern\u00e1ndez<\/strong><\/p>\n<p><em>Mutatis mutandis<\/em><\/p>\n<p><a href=\"http:\/\/www.lospoliticosveracruz.com.mx\/wp-content\/uploads\/2020\/11\/Consume-C\u00f3rdoba-A.jpg\"><img loading=\"lazy\" decoding=\"async\" class=\"alignleft size-full wp-image-63719\" src=\"http:\/\/www.lospoliticosveracruz.com.mx\/wp-content\/uploads\/2020\/11\/Consume-C\u00f3rdoba-A.jpg\" alt=\"Consume C\u00f3rdoba A\" width=\"375\" height=\"627\" \/><\/a>Pobre Veracruz y otros estados. El \u00faltimo informe de la Auditoria Superior de la Federaci\u00f3n (ASF), sobre 2019, confirma, que la realidad se impone.<br \/>\nEl gobierno estatal, en un a\u00f1o casi alcanzo, al monto de los posibles desv\u00edos reportados por el bienio de gobierno anterior,\u00bb\u2026 Cuitl\u00e1huac Garc\u00eda tiene pendientes por aclarar un monto por 2 mil 413 millones de pesos, s\u00f3lo en el Cap\u00edtulo de Gasto Federalizado. ..Cabe recordar que el gobierno de Miguel \u00c1ngel Yunes, en 2017 y 2018 sum\u00f3 un desfalco de 2 mil 714 millones de pesos de fondos federales, los cuales tambi\u00e9n siguen en proceso de solvataci\u00f3n\u00bb (Palabras Claras. 021120).<br \/>\nLas noticias as\u00ed lo comprueban. Innecesario viajar al pasado a buscar lo que en el presente se repite y encuentra. En los hechos actuales, se comprueba y padece, la cara y cuestionada administraci\u00f3n p\u00fablica y su pol\u00edtica de finanzas p\u00fablicas. Crecen las crisis de las finanzas estatales, encabezadas por: Ciudad de M\u00e9xico, Veracruz, Morelos, Oaxaca, Coahuila y Puebla.<br \/>\nVeracruz, en la auditor\u00eda de desempe\u00f1o de 2019, tan solo del fondo del Seguro Popular, la ASF, detect\u00f3 un posible quebranto de casi 2 mil millones de pesos.<br \/>\nPara los ineficientes y omisos, llama la atenci\u00f3n que \u00abotra de las anomal\u00edas detectadas es referente a la falta de transparencia, pues el gobierno de Veracruz no puso a disposici\u00f3n del p\u00fablico en general informaci\u00f3n referente a las coberturas y servicios ofrecidos\u2026La Auditor\u00eda solicit\u00f3 que se inicien 20 promociones de responsabilidad administrativa sancionatoria en contra de diversos funcionarios para castigar las irregularidades\u00bb (Raziel Zedryk. Animal Politico.091120)<br \/>\nRespecto a estas y muchas otras afectaciones, errores, horrores y delitos, surgen preguntas simples y directas: \u00bfQu\u00e9 hacen los caros e in\u00fatiles fiscalizadores? \u00bfQu\u00e9 han dicho y consignado al respecto los responsables de supervisar y fiscalizar?<br \/>\nContralor\u00edas internas, externas y extraterrestres. \u00d3rgano de simulaci\u00f3n superior ORFIS, Y el Sistema Zombi Anticorrupci\u00f3n; ni qu\u00e9 decir del cementerio, del siempre ausente No-poder Legislativo.<br \/>\n\u00bfUnos y otros, lo sab\u00edan y no lo denunciaron? \u00bfO nunca vieron, ni encontraron causa y raz\u00f3n de tanta corrupci\u00f3n?<\/p>\n<p>El orden de los factores, si altera el producto; y tambi\u00e9n, el tipo de contexto que se vive.<br \/>\nPreocupa y alerta, la demasiada costumbre y pr\u00e1ctica, del mal y peor administrar: gasto antes que ingreso; subejercicio, para presumir regreso de recursos; alardear ahorro, para acabar con falta de liquidez; austeridad, para generar rapacidad; fiscalizadores, expertos en simular y encubrir; y seguimos en m\u00e1s de lo mismo, , vamos bien y no pasa nada.<br \/>\n\u00bfIncapacidad y estupidez encubridoras, para m\u00e1s bien, asegurarse utilidades y beneficios, a costa de la desgracia social? Las mafias en el poder crean ineficiencia y delincuencia. Saben que aunque se\u00f1alados y denunciados, no todos ser\u00e1n procesados y sancionados. \u00bfImpunidad, hasta donde nos vas a llevar?<br \/>\nUna vez m\u00e1s, el coro repite. \u00bfCu\u00e1les finanzas sanas o firmes? Si se gasta sin control y, en el colmo de la abyecci\u00f3n, se festejan ineptitud y ocurrencias, y se simula y enga\u00f1a (abusando de imprecisiones y onanismo discursivo, medias verdades y mentiras sin medias)<br \/>\nTotal, salvo verdaderas excepciones, los gobiernos estatales prueban y comprueban su penosa modernizaci\u00f3n, al pasar del molcajete a la licuadora; y de la transparencia y simulaci\u00f3n, a la magia y brujeria. Desaparecen todo, hasta lo que no hay.<br \/>\nY hay que insistir y repetirlo. Para empezar, no se entiende, que no se entiende que se vive una nueva realidad; que no es posible seguir y i sostener viejas pr\u00e1cticas de conocidos, padecidos y costosos resultados. Pr\u00e1cticas, basadas en improvisaciones, ocurrencias y absurdos, como gastar lo que no se tiene, presumir lo que se pierde, decir que hay finanzas sanas y fuertes cuando sigue y aumenta el endeudamiento; y se compromete lo que es de otros.<br \/>\nCon estos genios, toda l\u00e1mpara se apaga: la empe\u00f1an, desaparecen o roban. Demuestran, que la vida es hoy, no ayer. Se determina en el presente que se enfrenta, aprendiendo del pasado que fue.<br \/>\nPor tradici\u00f3n y costumbre, la lecci\u00f3n se repite, el que manda, manda y si se equivoca, vuelve a endeudar.<br \/>\nTotal, para la inmensa mayor\u00eda de quienes gobiernan, no informar, es deformar y acomodar, crear onanistas fantas\u00edas y simular. En su lugar r\u00e1pido aprenden, lo f\u00e1cil que es distraer y entretener, hacer como que hace; y provocar o facilitar alharacas, esc\u00e1ndalos y alborotos p\u00fablicos.<br \/>\nAnte un mundo de carencias y sacrificios sociales. Injustificable, la simulaci\u00f3n y el enga\u00f1o, mucho m\u00e1s los respaldagos con publicidad, propaganda y comunicaci\u00f3n oficial, inundada de autopromoci\u00f3n, autoelogio, y auto justificaci\u00f3n, con cargo al presupuesto oficial.<br \/>\nLo cierto es que, en 2019, miles de millones de pesos deben comprobarse. Desatendi\u00e9ndose crecientes necesidades sociales, y dej\u00e1ndose de resolver viejos y nuevos problemas.<br \/>\nComo siempre, se ejercen sin observar las reglas de operaci\u00f3n; se para sus fines y terminan en otras bolsas.<br \/>\nSe desaparecieron incluso, en el sector salud y educaci\u00f3n que tanto los necesitan. Por meses, gastaron sin comprobar; asignaron directa y arbitrariamente; pagaron sobreprecios, aviadores y privilegiados sueldos: gastaron sin comprobar y asignaron contratos sin concursar.<br \/>\nLa situaci\u00f3n se complica y las instituciones financieras, espec\u00edficamente los bancos, est\u00e1n reaccionando en contra.<br \/>\nSaben de la sostenida crisis de las finanzas p\u00fablicas estatales; y que la situaci\u00f3n se agrava, porque para variar, se recurre al caro endeudamiento y su reestructuraci\u00f3n, que aprovechan gestores y funcionarios para beneficiarse. Por cierto: \u00bfCu\u00e1l es el monto total de la deuda p\u00fablica estatal? \u00bfC\u00f3mo anda la licuadora de montos, tiempos, intereses y gastos de gesti\u00f3n?<br \/>\nEn este y otros temas, urge transformaci\u00f3n real, responsable y de resultados positivos. No deformaci\u00f3n persistente.<br \/>\nImprescindibles, di\u00e1logo y debate, an\u00e1lisis y evaluaci\u00f3n ciudadana y social; participaci\u00f3n p\u00fablica que no se debe negar, ni posponer; escamotear o suplantar, simular o inventar.<br \/>\nLa buena pol\u00edtica considera, auditar permanentemente desempe\u00f1o y realizar la evaluaci\u00f3n social. Urge mejorar gobernanza. Indispensable fiscalizar y evaluar, medir, analizar, ajustar y regular a todo gobierno. Comprobar resultados, logros y pendientes; asegurar el cumplimiento de objetivos y metas. No m\u00e1s rollo del desarrollo.<\/p>\n<p>-Acad\u00e9mico.IIESESUV. Twitter@RafaelAriasH, Facebook:VeracruzHoydeRafaelAriasH<\/p>\n","protected":false},"excerpt":{"rendered":"<p>Rafael Arias Hern\u00e1ndez Mutatis mutandis Pobre Veracruz y otros estados. El \u00faltimo informe de la Auditoria Superior de la Federaci\u00f3n (ASF), sobre 2019, confirma, que la realidad se impone. El gobierno estatal, en un a\u00f1o casi alcanzo, al monto de los posibles desv\u00edos reportados por el bienio de gobierno anterior,\u00bb\u2026 Cuitl\u00e1huac Garc\u00eda tiene pendientes por [&hellip;]<\/p>\n","protected":false},"author":2,"featured_media":0,"comment_status":"open","ping_status":"open","sticky":false,"template":"","format":"standard","meta":{"tdm_status":"","tdm_grid_status":"","footnotes":""},"categories":[70],"tags":[1917,23196,282,1681,23455,23454,1510,135,15806],"class_list":{"0":"post-63631","1":"post","2":"type-post","3":"status-publish","4":"format-standard","6":"category-de-opinion","7":"tag-auditoria-superior-de-la-federacion","8":"tag-contralorias-internas","9":"tag-corrupcion","10":"tag-cuitlahuac-garcia","11":"tag-finanzas-sanas","12":"tag-gasto-federalizado","13":"tag-miguel-angel-yunes","14":"tag-orfis","15":"tag-subejercicio"},"yoast_head":"<!-- This site is optimized with the Yoast SEO plugin v27.4 - https:\/\/yoast.com\/product\/yoast-seo-wordpress\/ -->\n<title>De molcajetes y licuadoras - Los pol\u00edticos Veracruz<\/title>\n<meta name=\"robots\" content=\"index, follow, max-snippet:-1, max-image-preview:large, max-video-preview:-1\" \/>\n<link rel=\"canonical\" href=\"https:\/\/lospoliticosveracruz.com\/?p=63631\" \/>\n<meta property=\"og:locale\" content=\"es_ES\" \/>\n<meta property=\"og:type\" content=\"article\" \/>\n<meta property=\"og:title\" content=\"De molcajetes y licuadoras - Los pol\u00edticos Veracruz\" \/>\n<meta property=\"og:description\" content=\"Rafael Arias Hern\u00e1ndez Mutatis mutandis Pobre Veracruz y otros estados. El \u00faltimo informe de la Auditoria Superior de la Federaci\u00f3n (ASF), sobre 2019, confirma, que la realidad se impone. El gobierno estatal, en un a\u00f1o casi alcanzo, al monto de los posibles desv\u00edos reportados por el bienio de gobierno anterior,\u00bb\u2026 Cuitl\u00e1huac Garc\u00eda tiene pendientes por [&hellip;]\" \/>\n<meta property=\"og:url\" content=\"https:\/\/lospoliticosveracruz.com\/?p=63631\" \/>\n<meta property=\"og:site_name\" content=\"Los pol\u00edticos Veracruz\" \/>\n<meta property=\"article:publisher\" content=\"https:\/\/www.facebook.com\/people\/Notimemes-de-los-Polticos\/61565672886568\/\" \/>\n<meta property=\"article:published_time\" content=\"2020-11-10T14:47:16+00:00\" \/>\n<meta property=\"article:modified_time\" content=\"2020-11-13T16:49:47+00:00\" \/>\n<meta property=\"og:image\" content=\"https:\/\/lospoliticosveracruz.com\/wp-content\/uploads\/2016\/07\/Logo-Dor.jpg\" \/>\n\t<meta property=\"og:image:width\" content=\"200\" \/>\n\t<meta property=\"og:image:height\" content=\"200\" \/>\n\t<meta property=\"og:image:type\" content=\"image\/jpeg\" \/>\n<meta name=\"author\" content=\"Lo viste en Los Pol\u00edticos\" \/>\n<meta name=\"twitter:card\" content=\"summary_large_image\" \/>\n<meta name=\"twitter:creator\" content=\"@LosPoliticosVer\" \/>\n<meta name=\"twitter:site\" content=\"@LosPoliticosVer\" \/>\n<meta name=\"twitter:label1\" content=\"Escrito por\" \/>\n\t<meta name=\"twitter:data1\" content=\"Lo viste en Los Pol\u00edticos\" \/>\n\t<meta name=\"twitter:label2\" content=\"Tiempo de lectura\" \/>\n\t<meta name=\"twitter:data2\" content=\"5 minutos\" \/>\n<script type=\"application\/ld+json\" class=\"yoast-schema-graph\">{\"@context\":\"https:\\\/\\\/schema.org\",\"@graph\":[{\"@type\":\"Article\",\"@id\":\"https:\\\/\\\/lospoliticosveracruz.com\\\/?p=63631#article\",\"isPartOf\":{\"@id\":\"https:\\\/\\\/lospoliticosveracruz.com\\\/?p=63631\"},\"author\":{\"name\":\"Lo viste en Los Pol\u00edticos\",\"@id\":\"https:\\\/\\\/lospoliticosveracruz.com\\\/#\\\/schema\\\/person\\\/b8702bb0e538456e6efd07080bf2a4a2\"},\"headline\":\"De molcajetes y licuadoras\",\"datePublished\":\"2020-11-10T14:47:16+00:00\",\"dateModified\":\"2020-11-13T16:49:47+00:00\",\"mainEntityOfPage\":{\"@id\":\"https:\\\/\\\/lospoliticosveracruz.com\\\/?p=63631\"},\"wordCount\":1074,\"commentCount\":0,\"publisher\":{\"@id\":\"https:\\\/\\\/lospoliticosveracruz.com\\\/#organization\"},\"keywords\":[\"Auditor\u00eda Superior de la Federaci\u00f3n\",\"Contralor\u00edas Internas\",\"corrupci\u00f3n\",\"Cuitl\u00e1huac Garc\u00eda\",\"Finanzas sanas\",\"Gasto Federalizado\",\"Miguel \u00c1ngel Yunes\",\"Orfis\",\"subejercicio\"],\"articleSection\":[\"De Opini\u00f3n\"],\"inLanguage\":\"es\",\"potentialAction\":[{\"@type\":\"CommentAction\",\"name\":\"Comment\",\"target\":[\"https:\\\/\\\/lospoliticosveracruz.com\\\/?p=63631#respond\"]}]},{\"@type\":\"WebPage\",\"@id\":\"https:\\\/\\\/lospoliticosveracruz.com\\\/?p=63631\",\"url\":\"https:\\\/\\\/lospoliticosveracruz.com\\\/?p=63631\",\"name\":\"De molcajetes y licuadoras - Los pol\u00edticos Veracruz\",\"isPartOf\":{\"@id\":\"https:\\\/\\\/lospoliticosveracruz.com\\\/#website\"},\"datePublished\":\"2020-11-10T14:47:16+00:00\",\"dateModified\":\"2020-11-13T16:49:47+00:00\",\"breadcrumb\":{\"@id\":\"https:\\\/\\\/lospoliticosveracruz.com\\\/?p=63631#breadcrumb\"},\"inLanguage\":\"es\",\"potentialAction\":[{\"@type\":\"ReadAction\",\"target\":[\"https:\\\/\\\/lospoliticosveracruz.com\\\/?p=63631\"]}]},{\"@type\":\"BreadcrumbList\",\"@id\":\"https:\\\/\\\/lospoliticosveracruz.com\\\/?p=63631#breadcrumb\",\"itemListElement\":[{\"@type\":\"ListItem\",\"position\":1,\"name\":\"Portada\",\"item\":\"https:\\\/\\\/lospoliticosveracruz.com\\\/\"},{\"@type\":\"ListItem\",\"position\":2,\"name\":\"De molcajetes y licuadoras\"}]},{\"@type\":\"WebSite\",\"@id\":\"https:\\\/\\\/lospoliticosveracruz.com\\\/#website\",\"url\":\"https:\\\/\\\/lospoliticosveracruz.com\\\/\",\"name\":\"Los pol\u00edticos Veracruz\",\"description\":\"\",\"publisher\":{\"@id\":\"https:\\\/\\\/lospoliticosveracruz.com\\\/#organization\"},\"potentialAction\":[{\"@type\":\"SearchAction\",\"target\":{\"@type\":\"EntryPoint\",\"urlTemplate\":\"https:\\\/\\\/lospoliticosveracruz.com\\\/?s={search_term_string}\"},\"query-input\":{\"@type\":\"PropertyValueSpecification\",\"valueRequired\":true,\"valueName\":\"search_term_string\"}}],\"inLanguage\":\"es\"},{\"@type\":\"Organization\",\"@id\":\"https:\\\/\\\/lospoliticosveracruz.com\\\/#organization\",\"name\":\"Los pol\u00edticos Veracruz\",\"url\":\"https:\\\/\\\/lospoliticosveracruz.com\\\/\",\"logo\":{\"@type\":\"ImageObject\",\"inLanguage\":\"es\",\"@id\":\"https:\\\/\\\/lospoliticosveracruz.com\\\/#\\\/schema\\\/logo\\\/image\\\/\",\"url\":\"https:\\\/\\\/lospoliticosveracruz.com\\\/wp-content\\\/uploads\\\/2025\\\/12\\\/Logo-Nuevo-LOS-POLITICOS-1.jpg\",\"contentUrl\":\"https:\\\/\\\/lospoliticosveracruz.com\\\/wp-content\\\/uploads\\\/2025\\\/12\\\/Logo-Nuevo-LOS-POLITICOS-1.jpg\",\"width\":260,\"height\":70,\"caption\":\"Los pol\u00edticos Veracruz\"},\"image\":{\"@id\":\"https:\\\/\\\/lospoliticosveracruz.com\\\/#\\\/schema\\\/logo\\\/image\\\/\"},\"sameAs\":[\"https:\\\/\\\/www.facebook.com\\\/people\\\/Notimemes-de-los-Polticos\\\/61565672886568\\\/\",\"https:\\\/\\\/x.com\\\/LosPoliticosVer\"]},{\"@type\":\"Person\",\"@id\":\"https:\\\/\\\/lospoliticosveracruz.com\\\/#\\\/schema\\\/person\\\/b8702bb0e538456e6efd07080bf2a4a2\",\"name\":\"Lo viste en Los Pol\u00edticos\",\"image\":{\"@type\":\"ImageObject\",\"inLanguage\":\"es\",\"@id\":\"https:\\\/\\\/secure.gravatar.com\\\/avatar\\\/3a8de04a2656d44082be478bd6c086daa447c4651605818287b9532d3d0bd435?s=96&d=mm&r=g\",\"url\":\"https:\\\/\\\/secure.gravatar.com\\\/avatar\\\/3a8de04a2656d44082be478bd6c086daa447c4651605818287b9532d3d0bd435?s=96&d=mm&r=g\",\"contentUrl\":\"https:\\\/\\\/secure.gravatar.com\\\/avatar\\\/3a8de04a2656d44082be478bd6c086daa447c4651605818287b9532d3d0bd435?s=96&d=mm&r=g\",\"caption\":\"Lo viste en Los Pol\u00edticos\"},\"url\":\"https:\\\/\\\/lospoliticosveracruz.com\\\/?author=2\"}]}<\/script>\n<!-- \/ Yoast SEO plugin. -->","yoast_head_json":{"title":"De molcajetes y licuadoras - Los pol\u00edticos Veracruz","robots":{"index":"index","follow":"follow","max-snippet":"max-snippet:-1","max-image-preview":"max-image-preview:large","max-video-preview":"max-video-preview:-1"},"canonical":"https:\/\/lospoliticosveracruz.com\/?p=63631","og_locale":"es_ES","og_type":"article","og_title":"De molcajetes y licuadoras - Los pol\u00edticos Veracruz","og_description":"Rafael Arias Hern\u00e1ndez Mutatis mutandis Pobre Veracruz y otros estados. El \u00faltimo informe de la Auditoria Superior de la Federaci\u00f3n (ASF), sobre 2019, confirma, que la realidad se impone. El gobierno estatal, en un a\u00f1o casi alcanzo, al monto de los posibles desv\u00edos reportados por el bienio de gobierno anterior,\u00bb\u2026 Cuitl\u00e1huac Garc\u00eda tiene pendientes por [&hellip;]","og_url":"https:\/\/lospoliticosveracruz.com\/?p=63631","og_site_name":"Los pol\u00edticos Veracruz","article_publisher":"https:\/\/www.facebook.com\/people\/Notimemes-de-los-Polticos\/61565672886568\/","article_published_time":"2020-11-10T14:47:16+00:00","article_modified_time":"2020-11-13T16:49:47+00:00","og_image":[{"width":200,"height":200,"url":"https:\/\/lospoliticosveracruz.com\/wp-content\/uploads\/2016\/07\/Logo-Dor.jpg","type":"image\/jpeg"}],"author":"Lo viste en Los Pol\u00edticos","twitter_card":"summary_large_image","twitter_creator":"@LosPoliticosVer","twitter_site":"@LosPoliticosVer","twitter_misc":{"Escrito por":"Lo viste en Los Pol\u00edticos","Tiempo de lectura":"5 minutos"},"schema":{"@context":"https:\/\/schema.org","@graph":[{"@type":"Article","@id":"https:\/\/lospoliticosveracruz.com\/?p=63631#article","isPartOf":{"@id":"https:\/\/lospoliticosveracruz.com\/?p=63631"},"author":{"name":"Lo viste en Los Pol\u00edticos","@id":"https:\/\/lospoliticosveracruz.com\/#\/schema\/person\/b8702bb0e538456e6efd07080bf2a4a2"},"headline":"De molcajetes y licuadoras","datePublished":"2020-11-10T14:47:16+00:00","dateModified":"2020-11-13T16:49:47+00:00","mainEntityOfPage":{"@id":"https:\/\/lospoliticosveracruz.com\/?p=63631"},"wordCount":1074,"commentCount":0,"publisher":{"@id":"https:\/\/lospoliticosveracruz.com\/#organization"},"keywords":["Auditor\u00eda Superior de la Federaci\u00f3n","Contralor\u00edas Internas","corrupci\u00f3n","Cuitl\u00e1huac Garc\u00eda","Finanzas sanas","Gasto Federalizado","Miguel \u00c1ngel Yunes","Orfis","subejercicio"],"articleSection":["De Opini\u00f3n"],"inLanguage":"es","potentialAction":[{"@type":"CommentAction","name":"Comment","target":["https:\/\/lospoliticosveracruz.com\/?p=63631#respond"]}]},{"@type":"WebPage","@id":"https:\/\/lospoliticosveracruz.com\/?p=63631","url":"https:\/\/lospoliticosveracruz.com\/?p=63631","name":"De molcajetes y licuadoras - Los pol\u00edticos Veracruz","isPartOf":{"@id":"https:\/\/lospoliticosveracruz.com\/#website"},"datePublished":"2020-11-10T14:47:16+00:00","dateModified":"2020-11-13T16:49:47+00:00","breadcrumb":{"@id":"https:\/\/lospoliticosveracruz.com\/?p=63631#breadcrumb"},"inLanguage":"es","potentialAction":[{"@type":"ReadAction","target":["https:\/\/lospoliticosveracruz.com\/?p=63631"]}]},{"@type":"BreadcrumbList","@id":"https:\/\/lospoliticosveracruz.com\/?p=63631#breadcrumb","itemListElement":[{"@type":"ListItem","position":1,"name":"Portada","item":"https:\/\/lospoliticosveracruz.com\/"},{"@type":"ListItem","position":2,"name":"De molcajetes y licuadoras"}]},{"@type":"WebSite","@id":"https:\/\/lospoliticosveracruz.com\/#website","url":"https:\/\/lospoliticosveracruz.com\/","name":"Los pol\u00edticos Veracruz","description":"","publisher":{"@id":"https:\/\/lospoliticosveracruz.com\/#organization"},"potentialAction":[{"@type":"SearchAction","target":{"@type":"EntryPoint","urlTemplate":"https:\/\/lospoliticosveracruz.com\/?s={search_term_string}"},"query-input":{"@type":"PropertyValueSpecification","valueRequired":true,"valueName":"search_term_string"}}],"inLanguage":"es"},{"@type":"Organization","@id":"https:\/\/lospoliticosveracruz.com\/#organization","name":"Los pol\u00edticos Veracruz","url":"https:\/\/lospoliticosveracruz.com\/","logo":{"@type":"ImageObject","inLanguage":"es","@id":"https:\/\/lospoliticosveracruz.com\/#\/schema\/logo\/image\/","url":"https:\/\/lospoliticosveracruz.com\/wp-content\/uploads\/2025\/12\/Logo-Nuevo-LOS-POLITICOS-1.jpg","contentUrl":"https:\/\/lospoliticosveracruz.com\/wp-content\/uploads\/2025\/12\/Logo-Nuevo-LOS-POLITICOS-1.jpg","width":260,"height":70,"caption":"Los pol\u00edticos Veracruz"},"image":{"@id":"https:\/\/lospoliticosveracruz.com\/#\/schema\/logo\/image\/"},"sameAs":["https:\/\/www.facebook.com\/people\/Notimemes-de-los-Polticos\/61565672886568\/","https:\/\/x.com\/LosPoliticosVer"]},{"@type":"Person","@id":"https:\/\/lospoliticosveracruz.com\/#\/schema\/person\/b8702bb0e538456e6efd07080bf2a4a2","name":"Lo viste en Los Pol\u00edticos","image":{"@type":"ImageObject","inLanguage":"es","@id":"https:\/\/secure.gravatar.com\/avatar\/3a8de04a2656d44082be478bd6c086daa447c4651605818287b9532d3d0bd435?s=96&d=mm&r=g","url":"https:\/\/secure.gravatar.com\/avatar\/3a8de04a2656d44082be478bd6c086daa447c4651605818287b9532d3d0bd435?s=96&d=mm&r=g","contentUrl":"https:\/\/secure.gravatar.com\/avatar\/3a8de04a2656d44082be478bd6c086daa447c4651605818287b9532d3d0bd435?s=96&d=mm&r=g","caption":"Lo viste en Los Pol\u00edticos"},"url":"https:\/\/lospoliticosveracruz.com\/?author=2"}]}},"_links":{"self":[{"href":"https:\/\/lospoliticosveracruz.com\/index.php?rest_route=\/wp\/v2\/posts\/63631","targetHints":{"allow":["GET"]}}],"collection":[{"href":"https:\/\/lospoliticosveracruz.com\/index.php?rest_route=\/wp\/v2\/posts"}],"about":[{"href":"https:\/\/lospoliticosveracruz.com\/index.php?rest_route=\/wp\/v2\/types\/post"}],"author":[{"embeddable":true,"href":"https:\/\/lospoliticosveracruz.com\/index.php?rest_route=\/wp\/v2\/users\/2"}],"replies":[{"embeddable":true,"href":"https:\/\/lospoliticosveracruz.com\/index.php?rest_route=%2Fwp%2Fv2%2Fcomments&post=63631"}],"version-history":[{"count":2,"href":"https:\/\/lospoliticosveracruz.com\/index.php?rest_route=\/wp\/v2\/posts\/63631\/revisions"}],"predecessor-version":[{"id":63872,"href":"https:\/\/lospoliticosveracruz.com\/index.php?rest_route=\/wp\/v2\/posts\/63631\/revisions\/63872"}],"wp:attachment":[{"href":"https:\/\/lospoliticosveracruz.com\/index.php?rest_route=%2Fwp%2Fv2%2Fmedia&parent=63631"}],"wp:term":[{"taxonomy":"category","embeddable":true,"href":"https:\/\/lospoliticosveracruz.com\/index.php?rest_route=%2Fwp%2Fv2%2Fcategories&post=63631"},{"taxonomy":"post_tag","embeddable":true,"href":"https:\/\/lospoliticosveracruz.com\/index.php?rest_route=%2Fwp%2Fv2%2Ftags&post=63631"}],"curies":[{"name":"wp","href":"https:\/\/api.w.org\/{rel}","templated":true}]}}