{"id":63702,"date":"2020-11-11T10:39:00","date_gmt":"2020-11-11T16:39:00","guid":{"rendered":"http:\/\/www.lospoliticosveracruz.com.mx\/?p=63702"},"modified":"2020-11-11T10:39:00","modified_gmt":"2020-11-11T16:39:00","slug":"obesidad-asunto-igual-de-educacion-alimenticia-imss","status":"publish","type":"post","link":"https:\/\/lospoliticosveracruz.com\/?p=63702","title":{"rendered":"Obesidad, asunto igual de educaci\u00f3n&#8230; alimenticia: IMSS"},"content":{"rendered":"<p>&nbsp;<\/p>\n<p>En el marco del D\u00eda Mundial de la Obesidad, el Instituto Mexicano del Seguro Social (IMSS) en Veracruz Norte invita a los padres de familia a cuidar la alimentaci\u00f3n de los ni\u00f1os, para ayudarlos a tener un sano desarrollo.<br \/>\nLa obesidad es la acumulaci\u00f3n anormal o excesiva de grasa corporal que deteriora la salud de las personas, explic\u00f3 la especialista en Nutrici\u00f3n y Diet\u00e9tica, del Hospital General de Zona (HGZ) No 11, Mar\u00eda Magdalena Gonz\u00e1lez Mu\u00f1oz.<br \/>\nUna adecuada alimentaci\u00f3n cumple con las necesidades energ\u00e9ticas que el cuerpo requiere para funcionar correctamente; la obesidad se obtiene cuando se pierde el equilibrio entre calor\u00edas consumidas y gastadas.<br \/>\nEl control de la obesidad comienza con la educaci\u00f3n alimenticia de las personas para seguir una dieta sana y equilibrada; deben estar informadas sobre los errores nutricionales frecuentes y fomentar la actividad f\u00edsica; debe desincentivarse el consumo de productos ultra procesados por su alto contenido de az\u00facar, sal y grasa.<br \/>\nLa prevenci\u00f3n de la obesidad inicia desde el embarazo, y contin\u00faa con la lactancia materna exclusiva durante los primeros a\u00f1os de vida; es importante fomentar patrones que favorezcan una alimentaci\u00f3n saludable.<br \/>\nLos s\u00edntomas m\u00e1s importantes de la obesidad son: cansancio y dificultad para el desarrollo de tareas cotidianas, complicaciones metab\u00f3licas, como la diabetes mellitus, aumento de triglic\u00e9ridos, colesterol o \u00e1cido \u00farico, as\u00ed como la disminuci\u00f3n a la tolerancia del esfuerzo.<br \/>\nLa obesidad favorece la aparici\u00f3n de la hipertensi\u00f3n arterial, un factor de riesgo vascular para el desarrollo de insuficiencia coronaria y accidentes cerebrovasculares, as\u00ed como complicaciones articulares, especialmente en cadera y rodillas, lo que limita la actividad f\u00edsica.<br \/>\nOtras complicaciones de la obesidad son: el s\u00edndrome de apnea del sue\u00f1o, que reduce el nivel de ox\u00edgeno en la sangre y provoca sufrimiento de los tejidos del organismo; infecciones en los pliegues cut\u00e1neos; y trastornos psicosociales, como aislamiento, discriminaci\u00f3n y sentimiento de inferioridad.<br \/>\nPor \u00faltimo, el especialista apunt\u00f3 que en caso de padecer problemas de obesidad, se debe solicitar atenci\u00f3n de un profesional de nutrici\u00f3n en su Unidad de medicina Familiar (UMF) correspondiente, para tener un control de peso, tener horarios fijos de comida con preparaciones sencillas, como asado hervido o al vapor, as\u00ed como aumentar el consumo de frutas verduras, legumbres, cereales integrales y frutos secos.<\/p>\n","protected":false},"excerpt":{"rendered":"<p>&nbsp; En el marco del D\u00eda Mundial de la Obesidad, el Instituto Mexicano del Seguro Social (IMSS) en Veracruz Norte invita a los padres de familia a cuidar la alimentaci\u00f3n de los ni\u00f1os, para ayudarlos a tener un sano desarrollo. La obesidad es la acumulaci\u00f3n anormal o excesiva de grasa corporal que deteriora la salud [&hellip;]<\/p>\n","protected":false},"author":2,"featured_media":0,"comment_status":"open","ping_status":"open","sticky":false,"template":"","format":"standard","meta":{"tdm_status":"","tdm_grid_status":"","footnotes":""},"categories":[73],"tags":[23498,23499,21675,1208,22553,6140,6252,11159],"class_list":{"0":"post-63702","1":"post","2":"type-post","3":"status-publish","4":"format-standard","6":"category-de-boleto","7":"tag-dia-mundial-de-la-obesidad","8":"tag-dieta-sana","9":"tag-hgz","10":"tag-imss","11":"tag-maria-magdalena-gonzalez-munoz","12":"tag-obesidad","13":"tag-unidad-de-medicina-familiar","14":"tag-veracruz-norte"},"yoast_head":"<!-- This site is optimized with the Yoast SEO plugin v27.4 - https:\/\/yoast.com\/product\/yoast-seo-wordpress\/ -->\n<title>Obesidad, asunto igual de educaci\u00f3n... alimenticia: IMSS - Los pol\u00edticos Veracruz<\/title>\n<meta name=\"robots\" content=\"index, follow, max-snippet:-1, max-image-preview:large, max-video-preview:-1\" \/>\n<link rel=\"canonical\" href=\"https:\/\/lospoliticosveracruz.com\/?p=63702\" \/>\n<meta property=\"og:locale\" content=\"es_ES\" \/>\n<meta property=\"og:type\" content=\"article\" \/>\n<meta property=\"og:title\" content=\"Obesidad, asunto igual de educaci\u00f3n... alimenticia: IMSS - Los pol\u00edticos Veracruz\" \/>\n<meta property=\"og:description\" content=\"&nbsp; En el marco del D\u00eda Mundial de la Obesidad, el Instituto Mexicano del Seguro Social (IMSS) en Veracruz Norte invita a los padres de familia a cuidar la alimentaci\u00f3n de los ni\u00f1os, para ayudarlos a tener un sano desarrollo. La obesidad es la acumulaci\u00f3n anormal o excesiva de grasa corporal que deteriora la salud [&hellip;]\" \/>\n<meta property=\"og:url\" content=\"https:\/\/lospoliticosveracruz.com\/?p=63702\" \/>\n<meta property=\"og:site_name\" content=\"Los pol\u00edticos Veracruz\" \/>\n<meta property=\"article:publisher\" content=\"https:\/\/www.facebook.com\/people\/Notimemes-de-los-Polticos\/61565672886568\/\" \/>\n<meta property=\"article:published_time\" content=\"2020-11-11T16:39:00+00:00\" \/>\n<meta property=\"og:image\" content=\"https:\/\/lospoliticosveracruz.com\/wp-content\/uploads\/2016\/07\/Logo-Dor.jpg\" \/>\n\t<meta property=\"og:image:width\" content=\"200\" \/>\n\t<meta property=\"og:image:height\" content=\"200\" \/>\n\t<meta property=\"og:image:type\" content=\"image\/jpeg\" \/>\n<meta name=\"author\" content=\"Lo viste en Los Pol\u00edticos\" \/>\n<meta name=\"twitter:card\" content=\"summary_large_image\" \/>\n<meta name=\"twitter:creator\" content=\"@LosPoliticosVer\" \/>\n<meta name=\"twitter:site\" content=\"@LosPoliticosVer\" \/>\n<meta name=\"twitter:label1\" content=\"Escrito por\" \/>\n\t<meta name=\"twitter:data1\" content=\"Lo viste en Los Pol\u00edticos\" \/>\n\t<meta name=\"twitter:label2\" content=\"Tiempo de lectura\" \/>\n\t<meta name=\"twitter:data2\" content=\"2 minutos\" \/>\n<script type=\"application\/ld+json\" class=\"yoast-schema-graph\">{\"@context\":\"https:\\\/\\\/schema.org\",\"@graph\":[{\"@type\":\"Article\",\"@id\":\"https:\\\/\\\/lospoliticosveracruz.com\\\/?p=63702#article\",\"isPartOf\":{\"@id\":\"https:\\\/\\\/lospoliticosveracruz.com\\\/?p=63702\"},\"author\":{\"name\":\"Lo viste en Los Pol\u00edticos\",\"@id\":\"https:\\\/\\\/lospoliticosveracruz.com\\\/#\\\/schema\\\/person\\\/b8702bb0e538456e6efd07080bf2a4a2\"},\"headline\":\"Obesidad, asunto igual de educaci\u00f3n&#8230; alimenticia: IMSS\",\"datePublished\":\"2020-11-11T16:39:00+00:00\",\"mainEntityOfPage\":{\"@id\":\"https:\\\/\\\/lospoliticosveracruz.com\\\/?p=63702\"},\"wordCount\":413,\"commentCount\":0,\"publisher\":{\"@id\":\"https:\\\/\\\/lospoliticosveracruz.com\\\/#organization\"},\"keywords\":[\"D\u00eda Mundial de la Obesidad\",\"Dieta sana\",\"HGZ\",\"IMSS\",\"Mar\u00eda Magdalena Gonz\u00e1lez Mu\u00f1oz.\",\"Obesidad\",\"Unidad de Medicina Familiar\",\"Veracruz Norte\"],\"articleSection\":[\"De Boleto\"],\"inLanguage\":\"es\",\"potentialAction\":[{\"@type\":\"CommentAction\",\"name\":\"Comment\",\"target\":[\"https:\\\/\\\/lospoliticosveracruz.com\\\/?p=63702#respond\"]}]},{\"@type\":\"WebPage\",\"@id\":\"https:\\\/\\\/lospoliticosveracruz.com\\\/?p=63702\",\"url\":\"https:\\\/\\\/lospoliticosveracruz.com\\\/?p=63702\",\"name\":\"Obesidad, asunto igual de educaci\u00f3n... alimenticia: IMSS - Los pol\u00edticos Veracruz\",\"isPartOf\":{\"@id\":\"https:\\\/\\\/lospoliticosveracruz.com\\\/#website\"},\"datePublished\":\"2020-11-11T16:39:00+00:00\",\"breadcrumb\":{\"@id\":\"https:\\\/\\\/lospoliticosveracruz.com\\\/?p=63702#breadcrumb\"},\"inLanguage\":\"es\",\"potentialAction\":[{\"@type\":\"ReadAction\",\"target\":[\"https:\\\/\\\/lospoliticosveracruz.com\\\/?p=63702\"]}]},{\"@type\":\"BreadcrumbList\",\"@id\":\"https:\\\/\\\/lospoliticosveracruz.com\\\/?p=63702#breadcrumb\",\"itemListElement\":[{\"@type\":\"ListItem\",\"position\":1,\"name\":\"Portada\",\"item\":\"https:\\\/\\\/lospoliticosveracruz.com\\\/\"},{\"@type\":\"ListItem\",\"position\":2,\"name\":\"Obesidad, asunto igual de educaci\u00f3n&#8230; alimenticia: IMSS\"}]},{\"@type\":\"WebSite\",\"@id\":\"https:\\\/\\\/lospoliticosveracruz.com\\\/#website\",\"url\":\"https:\\\/\\\/lospoliticosveracruz.com\\\/\",\"name\":\"Los pol\u00edticos Veracruz\",\"description\":\"\",\"publisher\":{\"@id\":\"https:\\\/\\\/lospoliticosveracruz.com\\\/#organization\"},\"potentialAction\":[{\"@type\":\"SearchAction\",\"target\":{\"@type\":\"EntryPoint\",\"urlTemplate\":\"https:\\\/\\\/lospoliticosveracruz.com\\\/?s={search_term_string}\"},\"query-input\":{\"@type\":\"PropertyValueSpecification\",\"valueRequired\":true,\"valueName\":\"search_term_string\"}}],\"inLanguage\":\"es\"},{\"@type\":\"Organization\",\"@id\":\"https:\\\/\\\/lospoliticosveracruz.com\\\/#organization\",\"name\":\"Los pol\u00edticos Veracruz\",\"url\":\"https:\\\/\\\/lospoliticosveracruz.com\\\/\",\"logo\":{\"@type\":\"ImageObject\",\"inLanguage\":\"es\",\"@id\":\"https:\\\/\\\/lospoliticosveracruz.com\\\/#\\\/schema\\\/logo\\\/image\\\/\",\"url\":\"https:\\\/\\\/lospoliticosveracruz.com\\\/wp-content\\\/uploads\\\/2025\\\/12\\\/Logo-Nuevo-LOS-POLITICOS-1.jpg\",\"contentUrl\":\"https:\\\/\\\/lospoliticosveracruz.com\\\/wp-content\\\/uploads\\\/2025\\\/12\\\/Logo-Nuevo-LOS-POLITICOS-1.jpg\",\"width\":260,\"height\":70,\"caption\":\"Los pol\u00edticos Veracruz\"},\"image\":{\"@id\":\"https:\\\/\\\/lospoliticosveracruz.com\\\/#\\\/schema\\\/logo\\\/image\\\/\"},\"sameAs\":[\"https:\\\/\\\/www.facebook.com\\\/people\\\/Notimemes-de-los-Polticos\\\/61565672886568\\\/\",\"https:\\\/\\\/x.com\\\/LosPoliticosVer\"]},{\"@type\":\"Person\",\"@id\":\"https:\\\/\\\/lospoliticosveracruz.com\\\/#\\\/schema\\\/person\\\/b8702bb0e538456e6efd07080bf2a4a2\",\"name\":\"Lo viste en Los Pol\u00edticos\",\"image\":{\"@type\":\"ImageObject\",\"inLanguage\":\"es\",\"@id\":\"https:\\\/\\\/secure.gravatar.com\\\/avatar\\\/3a8de04a2656d44082be478bd6c086daa447c4651605818287b9532d3d0bd435?s=96&d=mm&r=g\",\"url\":\"https:\\\/\\\/secure.gravatar.com\\\/avatar\\\/3a8de04a2656d44082be478bd6c086daa447c4651605818287b9532d3d0bd435?s=96&d=mm&r=g\",\"contentUrl\":\"https:\\\/\\\/secure.gravatar.com\\\/avatar\\\/3a8de04a2656d44082be478bd6c086daa447c4651605818287b9532d3d0bd435?s=96&d=mm&r=g\",\"caption\":\"Lo viste en Los Pol\u00edticos\"},\"url\":\"https:\\\/\\\/lospoliticosveracruz.com\\\/?author=2\"}]}<\/script>\n<!-- \/ Yoast SEO plugin. -->","yoast_head_json":{"title":"Obesidad, asunto igual de educaci\u00f3n... alimenticia: IMSS - Los pol\u00edticos Veracruz","robots":{"index":"index","follow":"follow","max-snippet":"max-snippet:-1","max-image-preview":"max-image-preview:large","max-video-preview":"max-video-preview:-1"},"canonical":"https:\/\/lospoliticosveracruz.com\/?p=63702","og_locale":"es_ES","og_type":"article","og_title":"Obesidad, asunto igual de educaci\u00f3n... alimenticia: IMSS - Los pol\u00edticos Veracruz","og_description":"&nbsp; En el marco del D\u00eda Mundial de la Obesidad, el Instituto Mexicano del Seguro Social (IMSS) en Veracruz Norte invita a los padres de familia a cuidar la alimentaci\u00f3n de los ni\u00f1os, para ayudarlos a tener un sano desarrollo. La obesidad es la acumulaci\u00f3n anormal o excesiva de grasa corporal que deteriora la salud [&hellip;]","og_url":"https:\/\/lospoliticosveracruz.com\/?p=63702","og_site_name":"Los pol\u00edticos Veracruz","article_publisher":"https:\/\/www.facebook.com\/people\/Notimemes-de-los-Polticos\/61565672886568\/","article_published_time":"2020-11-11T16:39:00+00:00","og_image":[{"width":200,"height":200,"url":"https:\/\/lospoliticosveracruz.com\/wp-content\/uploads\/2016\/07\/Logo-Dor.jpg","type":"image\/jpeg"}],"author":"Lo viste en Los Pol\u00edticos","twitter_card":"summary_large_image","twitter_creator":"@LosPoliticosVer","twitter_site":"@LosPoliticosVer","twitter_misc":{"Escrito por":"Lo viste en Los Pol\u00edticos","Tiempo de lectura":"2 minutos"},"schema":{"@context":"https:\/\/schema.org","@graph":[{"@type":"Article","@id":"https:\/\/lospoliticosveracruz.com\/?p=63702#article","isPartOf":{"@id":"https:\/\/lospoliticosveracruz.com\/?p=63702"},"author":{"name":"Lo viste en Los Pol\u00edticos","@id":"https:\/\/lospoliticosveracruz.com\/#\/schema\/person\/b8702bb0e538456e6efd07080bf2a4a2"},"headline":"Obesidad, asunto igual de educaci\u00f3n&#8230; alimenticia: IMSS","datePublished":"2020-11-11T16:39:00+00:00","mainEntityOfPage":{"@id":"https:\/\/lospoliticosveracruz.com\/?p=63702"},"wordCount":413,"commentCount":0,"publisher":{"@id":"https:\/\/lospoliticosveracruz.com\/#organization"},"keywords":["D\u00eda Mundial de la Obesidad","Dieta sana","HGZ","IMSS","Mar\u00eda Magdalena Gonz\u00e1lez Mu\u00f1oz.","Obesidad","Unidad de Medicina Familiar","Veracruz Norte"],"articleSection":["De Boleto"],"inLanguage":"es","potentialAction":[{"@type":"CommentAction","name":"Comment","target":["https:\/\/lospoliticosveracruz.com\/?p=63702#respond"]}]},{"@type":"WebPage","@id":"https:\/\/lospoliticosveracruz.com\/?p=63702","url":"https:\/\/lospoliticosveracruz.com\/?p=63702","name":"Obesidad, asunto igual de educaci\u00f3n... alimenticia: IMSS - Los pol\u00edticos Veracruz","isPartOf":{"@id":"https:\/\/lospoliticosveracruz.com\/#website"},"datePublished":"2020-11-11T16:39:00+00:00","breadcrumb":{"@id":"https:\/\/lospoliticosveracruz.com\/?p=63702#breadcrumb"},"inLanguage":"es","potentialAction":[{"@type":"ReadAction","target":["https:\/\/lospoliticosveracruz.com\/?p=63702"]}]},{"@type":"BreadcrumbList","@id":"https:\/\/lospoliticosveracruz.com\/?p=63702#breadcrumb","itemListElement":[{"@type":"ListItem","position":1,"name":"Portada","item":"https:\/\/lospoliticosveracruz.com\/"},{"@type":"ListItem","position":2,"name":"Obesidad, asunto igual de educaci\u00f3n&#8230; alimenticia: IMSS"}]},{"@type":"WebSite","@id":"https:\/\/lospoliticosveracruz.com\/#website","url":"https:\/\/lospoliticosveracruz.com\/","name":"Los pol\u00edticos Veracruz","description":"","publisher":{"@id":"https:\/\/lospoliticosveracruz.com\/#organization"},"potentialAction":[{"@type":"SearchAction","target":{"@type":"EntryPoint","urlTemplate":"https:\/\/lospoliticosveracruz.com\/?s={search_term_string}"},"query-input":{"@type":"PropertyValueSpecification","valueRequired":true,"valueName":"search_term_string"}}],"inLanguage":"es"},{"@type":"Organization","@id":"https:\/\/lospoliticosveracruz.com\/#organization","name":"Los pol\u00edticos Veracruz","url":"https:\/\/lospoliticosveracruz.com\/","logo":{"@type":"ImageObject","inLanguage":"es","@id":"https:\/\/lospoliticosveracruz.com\/#\/schema\/logo\/image\/","url":"https:\/\/lospoliticosveracruz.com\/wp-content\/uploads\/2025\/12\/Logo-Nuevo-LOS-POLITICOS-1.jpg","contentUrl":"https:\/\/lospoliticosveracruz.com\/wp-content\/uploads\/2025\/12\/Logo-Nuevo-LOS-POLITICOS-1.jpg","width":260,"height":70,"caption":"Los pol\u00edticos Veracruz"},"image":{"@id":"https:\/\/lospoliticosveracruz.com\/#\/schema\/logo\/image\/"},"sameAs":["https:\/\/www.facebook.com\/people\/Notimemes-de-los-Polticos\/61565672886568\/","https:\/\/x.com\/LosPoliticosVer"]},{"@type":"Person","@id":"https:\/\/lospoliticosveracruz.com\/#\/schema\/person\/b8702bb0e538456e6efd07080bf2a4a2","name":"Lo viste en Los Pol\u00edticos","image":{"@type":"ImageObject","inLanguage":"es","@id":"https:\/\/secure.gravatar.com\/avatar\/3a8de04a2656d44082be478bd6c086daa447c4651605818287b9532d3d0bd435?s=96&d=mm&r=g","url":"https:\/\/secure.gravatar.com\/avatar\/3a8de04a2656d44082be478bd6c086daa447c4651605818287b9532d3d0bd435?s=96&d=mm&r=g","contentUrl":"https:\/\/secure.gravatar.com\/avatar\/3a8de04a2656d44082be478bd6c086daa447c4651605818287b9532d3d0bd435?s=96&d=mm&r=g","caption":"Lo viste en Los Pol\u00edticos"},"url":"https:\/\/lospoliticosveracruz.com\/?author=2"}]}},"_links":{"self":[{"href":"https:\/\/lospoliticosveracruz.com\/index.php?rest_route=\/wp\/v2\/posts\/63702","targetHints":{"allow":["GET"]}}],"collection":[{"href":"https:\/\/lospoliticosveracruz.com\/index.php?rest_route=\/wp\/v2\/posts"}],"about":[{"href":"https:\/\/lospoliticosveracruz.com\/index.php?rest_route=\/wp\/v2\/types\/post"}],"author":[{"embeddable":true,"href":"https:\/\/lospoliticosveracruz.com\/index.php?rest_route=\/wp\/v2\/users\/2"}],"replies":[{"embeddable":true,"href":"https:\/\/lospoliticosveracruz.com\/index.php?rest_route=%2Fwp%2Fv2%2Fcomments&post=63702"}],"version-history":[{"count":1,"href":"https:\/\/lospoliticosveracruz.com\/index.php?rest_route=\/wp\/v2\/posts\/63702\/revisions"}],"predecessor-version":[{"id":63704,"href":"https:\/\/lospoliticosveracruz.com\/index.php?rest_route=\/wp\/v2\/posts\/63702\/revisions\/63704"}],"wp:attachment":[{"href":"https:\/\/lospoliticosveracruz.com\/index.php?rest_route=%2Fwp%2Fv2%2Fmedia&parent=63702"}],"wp:term":[{"taxonomy":"category","embeddable":true,"href":"https:\/\/lospoliticosveracruz.com\/index.php?rest_route=%2Fwp%2Fv2%2Fcategories&post=63702"},{"taxonomy":"post_tag","embeddable":true,"href":"https:\/\/lospoliticosveracruz.com\/index.php?rest_route=%2Fwp%2Fv2%2Ftags&post=63702"}],"curies":[{"name":"wp","href":"https:\/\/api.w.org\/{rel}","templated":true}]}}