{"id":63728,"date":"2020-11-11T16:30:38","date_gmt":"2020-11-11T22:30:38","guid":{"rendered":"http:\/\/www.lospoliticosveracruz.com.mx\/?p=63728"},"modified":"2020-11-11T16:30:38","modified_gmt":"2020-11-11T22:30:38","slug":"mexico-esta-de-luto","status":"publish","type":"post","link":"https:\/\/lospoliticosveracruz.com\/?p=63728","title":{"rendered":"M\u00e9xico est\u00e1 de luto"},"content":{"rendered":"<p><strong>Mariana Dunyaska Garc\u00eda Rojas<\/strong><\/p>\n<p>En M\u00e9xico, el salario m\u00ednimo equivale a poco m\u00e1s de 3,700 pesos al mes en los deciles m\u00e1s bajos. En promedio, una persona que padece COVID, durante un mes tiene que gastar 1,000 pesos inicialmente para realizar la prueba, 2,000 pesos de cita con Doctor Particular y 500 pesos aproximadamente de medicinas, dando un aproximado inicial de 3,500 pesos. Ya desde este momento, una persona que vive con el salario m\u00ednimo no tendr\u00eda los recursos necesarios para solventar esta enfermedad, as\u00ed como los gastos para subsistir.<br \/>\nEn este caso, la mayor\u00eda de las personas intentar\u00edan atenderse en alguna de las instituciones de salud p\u00fablica, pero esto desde el inicio ha sido desmotivado por el mismo Gobierno, quien desde en la voz L\u00f3pez Gatell, han pedido a la poblaci\u00f3n no s\u00f3lo que no se hagan la prueba sino que se mantengan en casa al menos de que \u00abempeoren los s\u00edntomas\u00bb; mientras que por otro lado, la falta de insumos y de inversi\u00f3n por parte del Gobierno en Salud, ha hecho que atenderse en Hospitales del IMSS tenga una mortalidad del 45%.<br \/>\nEl Gobierno en su criminal negligencia, ha abandonado a las personas que lamentablemente no cuentan con los recursos para atenderse, oblig\u00e1ndolos a decidir entre endeudarse para atender la enfermedad por su cuenta o ser tratados en un sistema de salud que se ha vuelto sin\u00f3nimo de muerte para quienes atraviesan el COVID.<br \/>\nAgradecemos infinitamente la labor del personal m\u00e9dico, quien ha sido la primera l\u00ednea de defensa frente a la pandemia, pero esto ha tenido un costo, ya que la insensibilidad del Gobierno con los propios trabajadores de salud, nos ha convertido en el pa\u00eds con la mayor cantidad de muertes de personal m\u00e9dico. Igualmente, las familias han tomado un rol inconmensurable frente a la pandemia, atendiendo y cuidando a los enfermos mientras el sistema de salud se encuentra olvidado y sin las herramientas necesarias para atender a quienes padecen esta enfermedad.<br \/>\nDesde Diciembre de 2019 ya hab\u00eda advertencias de lo que este virus pod\u00eda significar, el camino a tomar para atender a este virus fue se\u00f1alado por pa\u00edses como Taiw\u00e1n y Corea del Sur que lograron contener en su momento el brote, pero M\u00e9xico no s\u00f3lo ignor\u00f3 las advertencias, sino que con su falta de pol\u00edtica p\u00fablica para contener la pandemia dej\u00f3 a los trabajadores sin apoyo, orill\u00e1ndolos a una terrible disyuntiva: morir por COVID o por no tener comida en la mesa.<br \/>\nCuando se publique este texto ya habr\u00e1n muerto 100 mil personas por COVID, 100 mil personas cuya voz fue callada por un Gobierno indolente e insensible. Familias destrozadas por la p\u00e9rdida de un padre, una madre, un hijo, una hija, un abuelo; viviendo en la incertidumbre de la deuda y el dolor de ya no tener a un ser querido con ellos, mientras Andr\u00e9s y Hugo se regodean en su impunidad. No olvidemos jam\u00e1s a quienes abandonaron al pueblo de M\u00e9xico frente a esta horrible tragedia.<\/p>\n","protected":false},"excerpt":{"rendered":"<p>Mariana Dunyaska Garc\u00eda Rojas En M\u00e9xico, el salario m\u00ednimo equivale a poco m\u00e1s de 3,700 pesos al mes en los deciles m\u00e1s bajos. En promedio, una persona que padece COVID, durante un mes tiene que gastar 1,000 pesos inicialmente para realizar la prueba, 2,000 pesos de cita con Doctor Particular y 500 pesos aproximadamente de [&hellip;]<\/p>\n","protected":false},"author":2,"featured_media":0,"comment_status":"open","ping_status":"open","sticky":false,"template":"","format":"standard","meta":{"tdm_status":"","tdm_grid_status":"","footnotes":""},"categories":[70],"tags":[17829,11187,1208,17499,395,559,3535],"class_list":{"0":"post-63728","1":"post","2":"type-post","3":"status-publish","4":"format-standard","6":"category-de-opinion","7":"tag-covid","8":"tag-hospitales","9":"tag-imss","10":"tag-lopez-gatell","11":"tag-mexico","12":"tag-muerte","13":"tag-salario-minimo"},"yoast_head":"<!-- This site is optimized with the Yoast SEO plugin v27.4 - https:\/\/yoast.com\/product\/yoast-seo-wordpress\/ -->\n<title>M\u00e9xico est\u00e1 de luto - Los pol\u00edticos Veracruz<\/title>\n<meta name=\"robots\" content=\"index, follow, max-snippet:-1, max-image-preview:large, max-video-preview:-1\" \/>\n<link rel=\"canonical\" href=\"https:\/\/lospoliticosveracruz.com\/?p=63728\" \/>\n<meta property=\"og:locale\" content=\"es_ES\" \/>\n<meta property=\"og:type\" content=\"article\" \/>\n<meta property=\"og:title\" content=\"M\u00e9xico est\u00e1 de luto - Los pol\u00edticos Veracruz\" \/>\n<meta property=\"og:description\" content=\"Mariana Dunyaska Garc\u00eda Rojas En M\u00e9xico, el salario m\u00ednimo equivale a poco m\u00e1s de 3,700 pesos al mes en los deciles m\u00e1s bajos. En promedio, una persona que padece COVID, durante un mes tiene que gastar 1,000 pesos inicialmente para realizar la prueba, 2,000 pesos de cita con Doctor Particular y 500 pesos aproximadamente de [&hellip;]\" \/>\n<meta property=\"og:url\" content=\"https:\/\/lospoliticosveracruz.com\/?p=63728\" \/>\n<meta property=\"og:site_name\" content=\"Los pol\u00edticos Veracruz\" \/>\n<meta property=\"article:publisher\" content=\"https:\/\/www.facebook.com\/people\/Notimemes-de-los-Polticos\/61565672886568\/\" \/>\n<meta property=\"article:published_time\" content=\"2020-11-11T22:30:38+00:00\" \/>\n<meta property=\"og:image\" content=\"https:\/\/lospoliticosveracruz.com\/wp-content\/uploads\/2016\/07\/Logo-Dor.jpg\" \/>\n\t<meta property=\"og:image:width\" content=\"200\" \/>\n\t<meta property=\"og:image:height\" content=\"200\" \/>\n\t<meta property=\"og:image:type\" content=\"image\/jpeg\" \/>\n<meta name=\"author\" content=\"Lo viste en Los Pol\u00edticos\" \/>\n<meta name=\"twitter:card\" content=\"summary_large_image\" \/>\n<meta name=\"twitter:creator\" content=\"@LosPoliticosVer\" \/>\n<meta name=\"twitter:site\" content=\"@LosPoliticosVer\" \/>\n<meta name=\"twitter:label1\" content=\"Escrito por\" \/>\n\t<meta name=\"twitter:data1\" content=\"Lo viste en Los Pol\u00edticos\" \/>\n\t<meta name=\"twitter:label2\" content=\"Tiempo de lectura\" \/>\n\t<meta name=\"twitter:data2\" content=\"3 minutos\" \/>\n<script type=\"application\/ld+json\" class=\"yoast-schema-graph\">{\"@context\":\"https:\\\/\\\/schema.org\",\"@graph\":[{\"@type\":\"Article\",\"@id\":\"https:\\\/\\\/lospoliticosveracruz.com\\\/?p=63728#article\",\"isPartOf\":{\"@id\":\"https:\\\/\\\/lospoliticosveracruz.com\\\/?p=63728\"},\"author\":{\"name\":\"Lo viste en Los Pol\u00edticos\",\"@id\":\"https:\\\/\\\/lospoliticosveracruz.com\\\/#\\\/schema\\\/person\\\/b8702bb0e538456e6efd07080bf2a4a2\"},\"headline\":\"M\u00e9xico est\u00e1 de luto\",\"datePublished\":\"2020-11-11T22:30:38+00:00\",\"mainEntityOfPage\":{\"@id\":\"https:\\\/\\\/lospoliticosveracruz.com\\\/?p=63728\"},\"wordCount\":526,\"commentCount\":0,\"publisher\":{\"@id\":\"https:\\\/\\\/lospoliticosveracruz.com\\\/#organization\"},\"keywords\":[\"Covid\",\"Hospitales\",\"IMSS\",\"L\u00f3pez Gatell\",\"M\u00e9xico\",\"Muerte\",\"salario m\u00ednimo\"],\"articleSection\":[\"De Opini\u00f3n\"],\"inLanguage\":\"es\",\"potentialAction\":[{\"@type\":\"CommentAction\",\"name\":\"Comment\",\"target\":[\"https:\\\/\\\/lospoliticosveracruz.com\\\/?p=63728#respond\"]}]},{\"@type\":\"WebPage\",\"@id\":\"https:\\\/\\\/lospoliticosveracruz.com\\\/?p=63728\",\"url\":\"https:\\\/\\\/lospoliticosveracruz.com\\\/?p=63728\",\"name\":\"M\u00e9xico est\u00e1 de luto - Los pol\u00edticos Veracruz\",\"isPartOf\":{\"@id\":\"https:\\\/\\\/lospoliticosveracruz.com\\\/#website\"},\"datePublished\":\"2020-11-11T22:30:38+00:00\",\"breadcrumb\":{\"@id\":\"https:\\\/\\\/lospoliticosveracruz.com\\\/?p=63728#breadcrumb\"},\"inLanguage\":\"es\",\"potentialAction\":[{\"@type\":\"ReadAction\",\"target\":[\"https:\\\/\\\/lospoliticosveracruz.com\\\/?p=63728\"]}]},{\"@type\":\"BreadcrumbList\",\"@id\":\"https:\\\/\\\/lospoliticosveracruz.com\\\/?p=63728#breadcrumb\",\"itemListElement\":[{\"@type\":\"ListItem\",\"position\":1,\"name\":\"Portada\",\"item\":\"https:\\\/\\\/lospoliticosveracruz.com\\\/\"},{\"@type\":\"ListItem\",\"position\":2,\"name\":\"M\u00e9xico est\u00e1 de luto\"}]},{\"@type\":\"WebSite\",\"@id\":\"https:\\\/\\\/lospoliticosveracruz.com\\\/#website\",\"url\":\"https:\\\/\\\/lospoliticosveracruz.com\\\/\",\"name\":\"Los pol\u00edticos Veracruz\",\"description\":\"\",\"publisher\":{\"@id\":\"https:\\\/\\\/lospoliticosveracruz.com\\\/#organization\"},\"potentialAction\":[{\"@type\":\"SearchAction\",\"target\":{\"@type\":\"EntryPoint\",\"urlTemplate\":\"https:\\\/\\\/lospoliticosveracruz.com\\\/?s={search_term_string}\"},\"query-input\":{\"@type\":\"PropertyValueSpecification\",\"valueRequired\":true,\"valueName\":\"search_term_string\"}}],\"inLanguage\":\"es\"},{\"@type\":\"Organization\",\"@id\":\"https:\\\/\\\/lospoliticosveracruz.com\\\/#organization\",\"name\":\"Los pol\u00edticos Veracruz\",\"url\":\"https:\\\/\\\/lospoliticosveracruz.com\\\/\",\"logo\":{\"@type\":\"ImageObject\",\"inLanguage\":\"es\",\"@id\":\"https:\\\/\\\/lospoliticosveracruz.com\\\/#\\\/schema\\\/logo\\\/image\\\/\",\"url\":\"https:\\\/\\\/lospoliticosveracruz.com\\\/wp-content\\\/uploads\\\/2025\\\/12\\\/Logo-Nuevo-LOS-POLITICOS-1.jpg\",\"contentUrl\":\"https:\\\/\\\/lospoliticosveracruz.com\\\/wp-content\\\/uploads\\\/2025\\\/12\\\/Logo-Nuevo-LOS-POLITICOS-1.jpg\",\"width\":260,\"height\":70,\"caption\":\"Los pol\u00edticos Veracruz\"},\"image\":{\"@id\":\"https:\\\/\\\/lospoliticosveracruz.com\\\/#\\\/schema\\\/logo\\\/image\\\/\"},\"sameAs\":[\"https:\\\/\\\/www.facebook.com\\\/people\\\/Notimemes-de-los-Polticos\\\/61565672886568\\\/\",\"https:\\\/\\\/x.com\\\/LosPoliticosVer\"]},{\"@type\":\"Person\",\"@id\":\"https:\\\/\\\/lospoliticosveracruz.com\\\/#\\\/schema\\\/person\\\/b8702bb0e538456e6efd07080bf2a4a2\",\"name\":\"Lo viste en Los Pol\u00edticos\",\"image\":{\"@type\":\"ImageObject\",\"inLanguage\":\"es\",\"@id\":\"https:\\\/\\\/secure.gravatar.com\\\/avatar\\\/3a8de04a2656d44082be478bd6c086daa447c4651605818287b9532d3d0bd435?s=96&d=mm&r=g\",\"url\":\"https:\\\/\\\/secure.gravatar.com\\\/avatar\\\/3a8de04a2656d44082be478bd6c086daa447c4651605818287b9532d3d0bd435?s=96&d=mm&r=g\",\"contentUrl\":\"https:\\\/\\\/secure.gravatar.com\\\/avatar\\\/3a8de04a2656d44082be478bd6c086daa447c4651605818287b9532d3d0bd435?s=96&d=mm&r=g\",\"caption\":\"Lo viste en Los Pol\u00edticos\"},\"url\":\"https:\\\/\\\/lospoliticosveracruz.com\\\/?author=2\"}]}<\/script>\n<!-- \/ Yoast SEO plugin. -->","yoast_head_json":{"title":"M\u00e9xico est\u00e1 de luto - Los pol\u00edticos Veracruz","robots":{"index":"index","follow":"follow","max-snippet":"max-snippet:-1","max-image-preview":"max-image-preview:large","max-video-preview":"max-video-preview:-1"},"canonical":"https:\/\/lospoliticosveracruz.com\/?p=63728","og_locale":"es_ES","og_type":"article","og_title":"M\u00e9xico est\u00e1 de luto - Los pol\u00edticos Veracruz","og_description":"Mariana Dunyaska Garc\u00eda Rojas En M\u00e9xico, el salario m\u00ednimo equivale a poco m\u00e1s de 3,700 pesos al mes en los deciles m\u00e1s bajos. En promedio, una persona que padece COVID, durante un mes tiene que gastar 1,000 pesos inicialmente para realizar la prueba, 2,000 pesos de cita con Doctor Particular y 500 pesos aproximadamente de [&hellip;]","og_url":"https:\/\/lospoliticosveracruz.com\/?p=63728","og_site_name":"Los pol\u00edticos Veracruz","article_publisher":"https:\/\/www.facebook.com\/people\/Notimemes-de-los-Polticos\/61565672886568\/","article_published_time":"2020-11-11T22:30:38+00:00","og_image":[{"width":200,"height":200,"url":"https:\/\/lospoliticosveracruz.com\/wp-content\/uploads\/2016\/07\/Logo-Dor.jpg","type":"image\/jpeg"}],"author":"Lo viste en Los Pol\u00edticos","twitter_card":"summary_large_image","twitter_creator":"@LosPoliticosVer","twitter_site":"@LosPoliticosVer","twitter_misc":{"Escrito por":"Lo viste en Los Pol\u00edticos","Tiempo de lectura":"3 minutos"},"schema":{"@context":"https:\/\/schema.org","@graph":[{"@type":"Article","@id":"https:\/\/lospoliticosveracruz.com\/?p=63728#article","isPartOf":{"@id":"https:\/\/lospoliticosveracruz.com\/?p=63728"},"author":{"name":"Lo viste en Los Pol\u00edticos","@id":"https:\/\/lospoliticosveracruz.com\/#\/schema\/person\/b8702bb0e538456e6efd07080bf2a4a2"},"headline":"M\u00e9xico est\u00e1 de luto","datePublished":"2020-11-11T22:30:38+00:00","mainEntityOfPage":{"@id":"https:\/\/lospoliticosveracruz.com\/?p=63728"},"wordCount":526,"commentCount":0,"publisher":{"@id":"https:\/\/lospoliticosveracruz.com\/#organization"},"keywords":["Covid","Hospitales","IMSS","L\u00f3pez Gatell","M\u00e9xico","Muerte","salario m\u00ednimo"],"articleSection":["De Opini\u00f3n"],"inLanguage":"es","potentialAction":[{"@type":"CommentAction","name":"Comment","target":["https:\/\/lospoliticosveracruz.com\/?p=63728#respond"]}]},{"@type":"WebPage","@id":"https:\/\/lospoliticosveracruz.com\/?p=63728","url":"https:\/\/lospoliticosveracruz.com\/?p=63728","name":"M\u00e9xico est\u00e1 de luto - Los pol\u00edticos Veracruz","isPartOf":{"@id":"https:\/\/lospoliticosveracruz.com\/#website"},"datePublished":"2020-11-11T22:30:38+00:00","breadcrumb":{"@id":"https:\/\/lospoliticosveracruz.com\/?p=63728#breadcrumb"},"inLanguage":"es","potentialAction":[{"@type":"ReadAction","target":["https:\/\/lospoliticosveracruz.com\/?p=63728"]}]},{"@type":"BreadcrumbList","@id":"https:\/\/lospoliticosveracruz.com\/?p=63728#breadcrumb","itemListElement":[{"@type":"ListItem","position":1,"name":"Portada","item":"https:\/\/lospoliticosveracruz.com\/"},{"@type":"ListItem","position":2,"name":"M\u00e9xico est\u00e1 de luto"}]},{"@type":"WebSite","@id":"https:\/\/lospoliticosveracruz.com\/#website","url":"https:\/\/lospoliticosveracruz.com\/","name":"Los pol\u00edticos Veracruz","description":"","publisher":{"@id":"https:\/\/lospoliticosveracruz.com\/#organization"},"potentialAction":[{"@type":"SearchAction","target":{"@type":"EntryPoint","urlTemplate":"https:\/\/lospoliticosveracruz.com\/?s={search_term_string}"},"query-input":{"@type":"PropertyValueSpecification","valueRequired":true,"valueName":"search_term_string"}}],"inLanguage":"es"},{"@type":"Organization","@id":"https:\/\/lospoliticosveracruz.com\/#organization","name":"Los pol\u00edticos Veracruz","url":"https:\/\/lospoliticosveracruz.com\/","logo":{"@type":"ImageObject","inLanguage":"es","@id":"https:\/\/lospoliticosveracruz.com\/#\/schema\/logo\/image\/","url":"https:\/\/lospoliticosveracruz.com\/wp-content\/uploads\/2025\/12\/Logo-Nuevo-LOS-POLITICOS-1.jpg","contentUrl":"https:\/\/lospoliticosveracruz.com\/wp-content\/uploads\/2025\/12\/Logo-Nuevo-LOS-POLITICOS-1.jpg","width":260,"height":70,"caption":"Los pol\u00edticos Veracruz"},"image":{"@id":"https:\/\/lospoliticosveracruz.com\/#\/schema\/logo\/image\/"},"sameAs":["https:\/\/www.facebook.com\/people\/Notimemes-de-los-Polticos\/61565672886568\/","https:\/\/x.com\/LosPoliticosVer"]},{"@type":"Person","@id":"https:\/\/lospoliticosveracruz.com\/#\/schema\/person\/b8702bb0e538456e6efd07080bf2a4a2","name":"Lo viste en Los Pol\u00edticos","image":{"@type":"ImageObject","inLanguage":"es","@id":"https:\/\/secure.gravatar.com\/avatar\/3a8de04a2656d44082be478bd6c086daa447c4651605818287b9532d3d0bd435?s=96&d=mm&r=g","url":"https:\/\/secure.gravatar.com\/avatar\/3a8de04a2656d44082be478bd6c086daa447c4651605818287b9532d3d0bd435?s=96&d=mm&r=g","contentUrl":"https:\/\/secure.gravatar.com\/avatar\/3a8de04a2656d44082be478bd6c086daa447c4651605818287b9532d3d0bd435?s=96&d=mm&r=g","caption":"Lo viste en Los Pol\u00edticos"},"url":"https:\/\/lospoliticosveracruz.com\/?author=2"}]}},"_links":{"self":[{"href":"https:\/\/lospoliticosveracruz.com\/index.php?rest_route=\/wp\/v2\/posts\/63728","targetHints":{"allow":["GET"]}}],"collection":[{"href":"https:\/\/lospoliticosveracruz.com\/index.php?rest_route=\/wp\/v2\/posts"}],"about":[{"href":"https:\/\/lospoliticosveracruz.com\/index.php?rest_route=\/wp\/v2\/types\/post"}],"author":[{"embeddable":true,"href":"https:\/\/lospoliticosveracruz.com\/index.php?rest_route=\/wp\/v2\/users\/2"}],"replies":[{"embeddable":true,"href":"https:\/\/lospoliticosveracruz.com\/index.php?rest_route=%2Fwp%2Fv2%2Fcomments&post=63728"}],"version-history":[{"count":1,"href":"https:\/\/lospoliticosveracruz.com\/index.php?rest_route=\/wp\/v2\/posts\/63728\/revisions"}],"predecessor-version":[{"id":63731,"href":"https:\/\/lospoliticosveracruz.com\/index.php?rest_route=\/wp\/v2\/posts\/63728\/revisions\/63731"}],"wp:attachment":[{"href":"https:\/\/lospoliticosveracruz.com\/index.php?rest_route=%2Fwp%2Fv2%2Fmedia&parent=63728"}],"wp:term":[{"taxonomy":"category","embeddable":true,"href":"https:\/\/lospoliticosveracruz.com\/index.php?rest_route=%2Fwp%2Fv2%2Fcategories&post=63728"},{"taxonomy":"post_tag","embeddable":true,"href":"https:\/\/lospoliticosveracruz.com\/index.php?rest_route=%2Fwp%2Fv2%2Ftags&post=63728"}],"curies":[{"name":"wp","href":"https:\/\/api.w.org\/{rel}","templated":true}]}}