{"id":63734,"date":"2020-11-11T17:54:13","date_gmt":"2020-11-11T23:54:13","guid":{"rendered":"http:\/\/www.lospoliticosveracruz.com.mx\/?p=63734"},"modified":"2020-11-11T17:54:13","modified_gmt":"2020-11-11T23:54:13","slug":"tanto-nadar-para-morir-en-la-orilla","status":"publish","type":"post","link":"https:\/\/lospoliticosveracruz.com\/?p=63734","title":{"rendered":"Tanto nadar para morir en la orilla"},"content":{"rendered":"<p><strong>Jorge Arturo Rodr\u00edguez<\/strong><\/p>\n<p><em>Tierra de Babel<\/em><\/p>\n<p>&nbsp;<\/p>\n<p>\u201cCuando el odio se acobarda, sale a la calle enmascarado y se hace llamar justicia\u201d. (Arthur Schnitzler).<\/p>\n<p>\u00bfCu\u00e1nto dura un instante?, pregunta poco frecuente que nos planteamos, inmersos en la cotidianidad avasalladora que nos arroja a sobrevivir sin pensarlo siquiera, porque antes est\u00e1, para muchos, la b\u00fasqueda del pan de todos los d\u00edas, si se tiene suerte, y nos olvidamos de los instantes, quiz\u00e1s s\u00f3lo nos detenemos a reflexionar cuando nos aplasta la desgracia sufrida por alg\u00fan ser querido. Sin contar, aunque deber\u00edamos hacerlo, las desdichas provocadas por la violencia que se acrecienta en M\u00e9xico, para ya no referirnos al mundo entero. Para qu\u00e9 m\u00e1s si con nosotros mismo tenemos, incluso aqu\u00ed en Veracruz, donde la calma reina y los cr\u00edmenes, asaltos, secuestros y dem\u00e1s est\u00e1n bajo control. Con lo del asesinato de la alcaldesa de Jamapa \u2013no es el primero ni el \u00fanico; ojal\u00e1 no se incrementen-, sabemos de antemano que las autoridades correspondientes \u2013\u00bfcompetentes?- esclarecer\u00e1n los hechos, har\u00e1n justicia y llegar\u00e1n hasta las \u00faltimas consecuencias, caiga quien caiga. \u00bfO no? Porque es f\u00e1cil echarse la bolita y darle tiempo al tiempo, m\u00e1s tiempo del debido, aunque no sepamos cu\u00e1nto dura un instante.<br \/>\nEn la novela Como polvo en el viento, de Leonardo Padura, hay una pregunta recurrente a lo largo de la historia: \u201c\u00bfQu\u00e9 nos ha pasado?\u201d. En una de sus p\u00e1ginas dice: \u201cPor eso Horacio se iba hacia el malec\u00f3n, miraba y miraba el mar y siempre, siempre se preguntaba: \u00bfqu\u00e9 nos ha pasado? Miraba m\u00e1s hacia el mar y luego observaba a su alrededor y ve\u00eda c\u00f3mo la ciudad se quebraba, se oscurec\u00eda, se degradaba. Contemplaba de nuevo el mar y apenas encontraba un vac\u00edo tenebroso, lo dominaba un des\u00e1nimo c\u00f3smico (del griego kosmos; universo concebido como un todo ordenado, por oposici\u00f3n al caos)\u201d.<br \/>\nCierto, \u00bfqu\u00e9 nos est\u00e1 pasando? Al final, \u00bfqu\u00e9 ser\u00e1 de M\u00e9xico? Y todo est\u00e1 pasando frente a nuestras narices. \u00bfCr\u00f3nica de un caos anunciado? No s\u00e9 qui\u00e9n me coment\u00f3 que estamos pronto a resbalar en un abismo, lo que me hizo recordar las palabras del detective Mario Conde, en la serie \u201cCuatro estaciones en La Habana\u201d, basada en novelas de Leonardo Padura (Neflix, la recomiendo): \u201cTanto nadar para morir en la orilla\u201d.<br \/>\nEl caso es que, desde tiempos inmemoriales, vivimos o sobrevivimos los unos contra los otros, pele\u00e1ndonos vaya usted por qu\u00e9 tantos motivos. Como la pel\u00edcula La guerra del fuego, del director Jean-Jacques Annaud, que no es m\u00e1s que la guerra por el poder y el sometimiento y a chingar porque atr\u00e1s te vienen chingando. Adem\u00e1s de otras reliquias humanas, como el odio. Ay, nanita.<br \/>\nJos\u00e9 Lu\u00eds Peixoto, en su colaboraci\u00f3n \u201cEstar bien\u201d, escribi\u00f3 que frente a la intolerancia hay que apelar al entendimiento, y mencion\u00f3 que \u201cquienes disienten de nosotros, decidieron dedicar su vida a combatir aquello que consideramos verdadero. Ese punto de vista nos cuesta porque al final estimamos su opini\u00f3n. Tienen importancia para nosotros. Admitirlo no es una se\u00f1al de nuestra debilidad, sino de nuestra fuerza. \u00bfTenemos que odiar a aquellos con quienes discrepamos? Claro que no, \u00fanicamente tenemos que odiar al odio\u201d. Ah\u00ed est\u00e1 lo cabr\u00f3n, porque muchos aman el odio. Por eso estamos como estamos.<br \/>\nEl detective Mario Conde, en la serie \u201cCuatro estaciones en la Habana\u201d ya mencionada, expres\u00f3: \u201cEl odio no es biodegradable\u201d. Ah\u00ed \u2018ta. Quien entendi\u00f3, entendi\u00f3. Yo me quedo con la canci\u00f3n \u201c\u00d3diame\u201d, de Julio Jaramillo, interpretada por V\u00edctor Iturbe \u201cEl Pirul\u00ed\u201d. Va una parte:<\/p>\n<p>\u201cSi t\u00fa me odias quedar\u00e9 yo convencido<br \/>\nDe que me amaste mujer con insistencia<br \/>\nPero ten presente de acuerdo a la experiencia<br \/>\nQue tan s\u00f3lo se odia lo querido.\u201d<\/p>\n<p><em><strong>Los d\u00edas y los temas<\/strong><\/em><\/p>\n<p>Cuando me entregan tr\u00edpticos o cuadernillos de cualquier tema, lo que hago es tirarlo al cesto de la basura. Y seg\u00fan s\u00e9, muchos hacemos lo mismo. Tons, \u00bfpara qu\u00e9 el gasto en esas impresiones que dizque est\u00e1n distribuyendo los gobiernos federal y estatal, que exhortan a no ser un trag\u00f3n, a cuidar la salud, contrarrestar la obesidad, sobrepeso, hipertensi\u00f3n?<br \/>\nEl gobernador inform\u00f3 que se distribuir\u00e1 el manual \u201cVida Saludable para Todos\u201d. Ta g\u00fceno. Pero ni para la canasta b\u00e1sica alcanza. Y Amlo anunci\u00f3 que ya inici\u00f3 la campa\u00f1a de informaci\u00f3n nutricional, la cual se apoyar\u00e1 con la distribuci\u00f3n casa por casa de 30 millones de ejemplares de una historieta titulada \u201c\u00bfQu\u00e9 te est\u00e1s tragando?\u201d, dibujada por Rafael Barajas \u201cEl Fisg\u00f3n\u201d. Ah, cabr\u00f3n. Habr\u00e1 que leerla, porque traer\u00e1 monigotes y chance hasta nos haga re\u00edr, como \u201cLa familia Burr\u00f3n\u201d.<br \/>\n\u00bfY cu\u00e1ntas mentiras nos tragamos al a\u00f1o o sexenalmente?<\/p>\n<p><em><strong>De cinismo y anexas<\/strong><\/em><\/p>\n<p>Con eso del Buen Fin, que es de dos semanas, les comparto lo siguiente, de la novela El mundo de Sof\u00eda, de Jostein Gaarder: \u201cDe S\u00f3crates se cuenta que una vez se qued\u00f3 parado delante de un puesto donde hab\u00eda un mont\u00f3n de art\u00edculos expuestos. Al final exclam\u00f3: \u201c\u00a1Cu\u00e1ntas cosas que no me hacen falta!\u201d.<br \/>\nAh\u00ed se ven.<\/p>\n","protected":false},"excerpt":{"rendered":"<p>Jorge Arturo Rodr\u00edguez Tierra de Babel &nbsp; \u201cCuando el odio se acobarda, sale a la calle enmascarado y se hace llamar justicia\u201d. (Arthur Schnitzler). \u00bfCu\u00e1nto dura un instante?, pregunta poco frecuente que nos planteamos, inmersos en la cotidianidad avasalladora que nos arroja a sobrevivir sin pensarlo siquiera, porque antes est\u00e1, para muchos, la b\u00fasqueda del [&hellip;]<\/p>\n","protected":false},"author":2,"featured_media":0,"comment_status":"open","ping_status":"open","sticky":false,"template":"","format":"standard","meta":{"tdm_status":"","tdm_grid_status":"","footnotes":""},"categories":[70],"tags":[11321,395,195],"class_list":{"0":"post-63734","1":"post","2":"type-post","3":"status-publish","4":"format-standard","6":"category-de-opinion","7":"tag-jamapa","8":"tag-mexico","9":"tag-veracruz"},"yoast_head":"<!-- This site is optimized with the Yoast SEO plugin v27.4 - https:\/\/yoast.com\/product\/yoast-seo-wordpress\/ -->\n<title>Tanto nadar para morir en la orilla - Los pol\u00edticos Veracruz<\/title>\n<meta name=\"robots\" content=\"index, follow, max-snippet:-1, max-image-preview:large, max-video-preview:-1\" \/>\n<link rel=\"canonical\" href=\"https:\/\/lospoliticosveracruz.com\/?p=63734\" \/>\n<meta property=\"og:locale\" content=\"es_ES\" \/>\n<meta property=\"og:type\" content=\"article\" \/>\n<meta property=\"og:title\" content=\"Tanto nadar para morir en la orilla - Los pol\u00edticos Veracruz\" \/>\n<meta property=\"og:description\" content=\"Jorge Arturo Rodr\u00edguez Tierra de Babel &nbsp; \u201cCuando el odio se acobarda, sale a la calle enmascarado y se hace llamar justicia\u201d. (Arthur Schnitzler). \u00bfCu\u00e1nto dura un instante?, pregunta poco frecuente que nos planteamos, inmersos en la cotidianidad avasalladora que nos arroja a sobrevivir sin pensarlo siquiera, porque antes est\u00e1, para muchos, la b\u00fasqueda del [&hellip;]\" \/>\n<meta property=\"og:url\" content=\"https:\/\/lospoliticosveracruz.com\/?p=63734\" \/>\n<meta property=\"og:site_name\" content=\"Los pol\u00edticos Veracruz\" \/>\n<meta property=\"article:publisher\" content=\"https:\/\/www.facebook.com\/people\/Notimemes-de-los-Polticos\/61565672886568\/\" \/>\n<meta property=\"article:published_time\" content=\"2020-11-11T23:54:13+00:00\" \/>\n<meta property=\"og:image\" content=\"https:\/\/lospoliticosveracruz.com\/wp-content\/uploads\/2016\/07\/Logo-Dor.jpg\" \/>\n\t<meta property=\"og:image:width\" content=\"200\" \/>\n\t<meta property=\"og:image:height\" content=\"200\" \/>\n\t<meta property=\"og:image:type\" content=\"image\/jpeg\" \/>\n<meta name=\"author\" content=\"Lo viste en Los Pol\u00edticos\" \/>\n<meta name=\"twitter:card\" content=\"summary_large_image\" \/>\n<meta name=\"twitter:creator\" content=\"@LosPoliticosVer\" \/>\n<meta name=\"twitter:site\" content=\"@LosPoliticosVer\" \/>\n<meta name=\"twitter:label1\" content=\"Escrito por\" \/>\n\t<meta name=\"twitter:data1\" content=\"Lo viste en Los Pol\u00edticos\" \/>\n\t<meta name=\"twitter:label2\" content=\"Tiempo de lectura\" \/>\n\t<meta name=\"twitter:data2\" content=\"4 minutos\" \/>\n<script type=\"application\/ld+json\" class=\"yoast-schema-graph\">{\"@context\":\"https:\\\/\\\/schema.org\",\"@graph\":[{\"@type\":\"Article\",\"@id\":\"https:\\\/\\\/lospoliticosveracruz.com\\\/?p=63734#article\",\"isPartOf\":{\"@id\":\"https:\\\/\\\/lospoliticosveracruz.com\\\/?p=63734\"},\"author\":{\"name\":\"Lo viste en Los Pol\u00edticos\",\"@id\":\"https:\\\/\\\/lospoliticosveracruz.com\\\/#\\\/schema\\\/person\\\/b8702bb0e538456e6efd07080bf2a4a2\"},\"headline\":\"Tanto nadar para morir en la orilla\",\"datePublished\":\"2020-11-11T23:54:13+00:00\",\"mainEntityOfPage\":{\"@id\":\"https:\\\/\\\/lospoliticosveracruz.com\\\/?p=63734\"},\"wordCount\":899,\"commentCount\":0,\"publisher\":{\"@id\":\"https:\\\/\\\/lospoliticosveracruz.com\\\/#organization\"},\"keywords\":[\"Jamapa\",\"M\u00e9xico\",\"Veracruz\"],\"articleSection\":[\"De Opini\u00f3n\"],\"inLanguage\":\"es\",\"potentialAction\":[{\"@type\":\"CommentAction\",\"name\":\"Comment\",\"target\":[\"https:\\\/\\\/lospoliticosveracruz.com\\\/?p=63734#respond\"]}]},{\"@type\":\"WebPage\",\"@id\":\"https:\\\/\\\/lospoliticosveracruz.com\\\/?p=63734\",\"url\":\"https:\\\/\\\/lospoliticosveracruz.com\\\/?p=63734\",\"name\":\"Tanto nadar para morir en la orilla - Los pol\u00edticos Veracruz\",\"isPartOf\":{\"@id\":\"https:\\\/\\\/lospoliticosveracruz.com\\\/#website\"},\"datePublished\":\"2020-11-11T23:54:13+00:00\",\"breadcrumb\":{\"@id\":\"https:\\\/\\\/lospoliticosveracruz.com\\\/?p=63734#breadcrumb\"},\"inLanguage\":\"es\",\"potentialAction\":[{\"@type\":\"ReadAction\",\"target\":[\"https:\\\/\\\/lospoliticosveracruz.com\\\/?p=63734\"]}]},{\"@type\":\"BreadcrumbList\",\"@id\":\"https:\\\/\\\/lospoliticosveracruz.com\\\/?p=63734#breadcrumb\",\"itemListElement\":[{\"@type\":\"ListItem\",\"position\":1,\"name\":\"Portada\",\"item\":\"https:\\\/\\\/lospoliticosveracruz.com\\\/\"},{\"@type\":\"ListItem\",\"position\":2,\"name\":\"Tanto nadar para morir en la orilla\"}]},{\"@type\":\"WebSite\",\"@id\":\"https:\\\/\\\/lospoliticosveracruz.com\\\/#website\",\"url\":\"https:\\\/\\\/lospoliticosveracruz.com\\\/\",\"name\":\"Los pol\u00edticos Veracruz\",\"description\":\"\",\"publisher\":{\"@id\":\"https:\\\/\\\/lospoliticosveracruz.com\\\/#organization\"},\"potentialAction\":[{\"@type\":\"SearchAction\",\"target\":{\"@type\":\"EntryPoint\",\"urlTemplate\":\"https:\\\/\\\/lospoliticosveracruz.com\\\/?s={search_term_string}\"},\"query-input\":{\"@type\":\"PropertyValueSpecification\",\"valueRequired\":true,\"valueName\":\"search_term_string\"}}],\"inLanguage\":\"es\"},{\"@type\":\"Organization\",\"@id\":\"https:\\\/\\\/lospoliticosveracruz.com\\\/#organization\",\"name\":\"Los pol\u00edticos Veracruz\",\"url\":\"https:\\\/\\\/lospoliticosveracruz.com\\\/\",\"logo\":{\"@type\":\"ImageObject\",\"inLanguage\":\"es\",\"@id\":\"https:\\\/\\\/lospoliticosveracruz.com\\\/#\\\/schema\\\/logo\\\/image\\\/\",\"url\":\"https:\\\/\\\/lospoliticosveracruz.com\\\/wp-content\\\/uploads\\\/2025\\\/12\\\/Logo-Nuevo-LOS-POLITICOS-1.jpg\",\"contentUrl\":\"https:\\\/\\\/lospoliticosveracruz.com\\\/wp-content\\\/uploads\\\/2025\\\/12\\\/Logo-Nuevo-LOS-POLITICOS-1.jpg\",\"width\":260,\"height\":70,\"caption\":\"Los pol\u00edticos Veracruz\"},\"image\":{\"@id\":\"https:\\\/\\\/lospoliticosveracruz.com\\\/#\\\/schema\\\/logo\\\/image\\\/\"},\"sameAs\":[\"https:\\\/\\\/www.facebook.com\\\/people\\\/Notimemes-de-los-Polticos\\\/61565672886568\\\/\",\"https:\\\/\\\/x.com\\\/LosPoliticosVer\"]},{\"@type\":\"Person\",\"@id\":\"https:\\\/\\\/lospoliticosveracruz.com\\\/#\\\/schema\\\/person\\\/b8702bb0e538456e6efd07080bf2a4a2\",\"name\":\"Lo viste en Los Pol\u00edticos\",\"image\":{\"@type\":\"ImageObject\",\"inLanguage\":\"es\",\"@id\":\"https:\\\/\\\/secure.gravatar.com\\\/avatar\\\/3a8de04a2656d44082be478bd6c086daa447c4651605818287b9532d3d0bd435?s=96&d=mm&r=g\",\"url\":\"https:\\\/\\\/secure.gravatar.com\\\/avatar\\\/3a8de04a2656d44082be478bd6c086daa447c4651605818287b9532d3d0bd435?s=96&d=mm&r=g\",\"contentUrl\":\"https:\\\/\\\/secure.gravatar.com\\\/avatar\\\/3a8de04a2656d44082be478bd6c086daa447c4651605818287b9532d3d0bd435?s=96&d=mm&r=g\",\"caption\":\"Lo viste en Los Pol\u00edticos\"},\"url\":\"https:\\\/\\\/lospoliticosveracruz.com\\\/?author=2\"}]}<\/script>\n<!-- \/ Yoast SEO plugin. -->","yoast_head_json":{"title":"Tanto nadar para morir en la orilla - Los pol\u00edticos Veracruz","robots":{"index":"index","follow":"follow","max-snippet":"max-snippet:-1","max-image-preview":"max-image-preview:large","max-video-preview":"max-video-preview:-1"},"canonical":"https:\/\/lospoliticosveracruz.com\/?p=63734","og_locale":"es_ES","og_type":"article","og_title":"Tanto nadar para morir en la orilla - Los pol\u00edticos Veracruz","og_description":"Jorge Arturo Rodr\u00edguez Tierra de Babel &nbsp; \u201cCuando el odio se acobarda, sale a la calle enmascarado y se hace llamar justicia\u201d. (Arthur Schnitzler). \u00bfCu\u00e1nto dura un instante?, pregunta poco frecuente que nos planteamos, inmersos en la cotidianidad avasalladora que nos arroja a sobrevivir sin pensarlo siquiera, porque antes est\u00e1, para muchos, la b\u00fasqueda del [&hellip;]","og_url":"https:\/\/lospoliticosveracruz.com\/?p=63734","og_site_name":"Los pol\u00edticos Veracruz","article_publisher":"https:\/\/www.facebook.com\/people\/Notimemes-de-los-Polticos\/61565672886568\/","article_published_time":"2020-11-11T23:54:13+00:00","og_image":[{"width":200,"height":200,"url":"https:\/\/lospoliticosveracruz.com\/wp-content\/uploads\/2016\/07\/Logo-Dor.jpg","type":"image\/jpeg"}],"author":"Lo viste en Los Pol\u00edticos","twitter_card":"summary_large_image","twitter_creator":"@LosPoliticosVer","twitter_site":"@LosPoliticosVer","twitter_misc":{"Escrito por":"Lo viste en Los Pol\u00edticos","Tiempo de lectura":"4 minutos"},"schema":{"@context":"https:\/\/schema.org","@graph":[{"@type":"Article","@id":"https:\/\/lospoliticosveracruz.com\/?p=63734#article","isPartOf":{"@id":"https:\/\/lospoliticosveracruz.com\/?p=63734"},"author":{"name":"Lo viste en Los Pol\u00edticos","@id":"https:\/\/lospoliticosveracruz.com\/#\/schema\/person\/b8702bb0e538456e6efd07080bf2a4a2"},"headline":"Tanto nadar para morir en la orilla","datePublished":"2020-11-11T23:54:13+00:00","mainEntityOfPage":{"@id":"https:\/\/lospoliticosveracruz.com\/?p=63734"},"wordCount":899,"commentCount":0,"publisher":{"@id":"https:\/\/lospoliticosveracruz.com\/#organization"},"keywords":["Jamapa","M\u00e9xico","Veracruz"],"articleSection":["De Opini\u00f3n"],"inLanguage":"es","potentialAction":[{"@type":"CommentAction","name":"Comment","target":["https:\/\/lospoliticosveracruz.com\/?p=63734#respond"]}]},{"@type":"WebPage","@id":"https:\/\/lospoliticosveracruz.com\/?p=63734","url":"https:\/\/lospoliticosveracruz.com\/?p=63734","name":"Tanto nadar para morir en la orilla - Los pol\u00edticos Veracruz","isPartOf":{"@id":"https:\/\/lospoliticosveracruz.com\/#website"},"datePublished":"2020-11-11T23:54:13+00:00","breadcrumb":{"@id":"https:\/\/lospoliticosveracruz.com\/?p=63734#breadcrumb"},"inLanguage":"es","potentialAction":[{"@type":"ReadAction","target":["https:\/\/lospoliticosveracruz.com\/?p=63734"]}]},{"@type":"BreadcrumbList","@id":"https:\/\/lospoliticosveracruz.com\/?p=63734#breadcrumb","itemListElement":[{"@type":"ListItem","position":1,"name":"Portada","item":"https:\/\/lospoliticosveracruz.com\/"},{"@type":"ListItem","position":2,"name":"Tanto nadar para morir en la orilla"}]},{"@type":"WebSite","@id":"https:\/\/lospoliticosveracruz.com\/#website","url":"https:\/\/lospoliticosveracruz.com\/","name":"Los pol\u00edticos Veracruz","description":"","publisher":{"@id":"https:\/\/lospoliticosveracruz.com\/#organization"},"potentialAction":[{"@type":"SearchAction","target":{"@type":"EntryPoint","urlTemplate":"https:\/\/lospoliticosveracruz.com\/?s={search_term_string}"},"query-input":{"@type":"PropertyValueSpecification","valueRequired":true,"valueName":"search_term_string"}}],"inLanguage":"es"},{"@type":"Organization","@id":"https:\/\/lospoliticosveracruz.com\/#organization","name":"Los pol\u00edticos Veracruz","url":"https:\/\/lospoliticosveracruz.com\/","logo":{"@type":"ImageObject","inLanguage":"es","@id":"https:\/\/lospoliticosveracruz.com\/#\/schema\/logo\/image\/","url":"https:\/\/lospoliticosveracruz.com\/wp-content\/uploads\/2025\/12\/Logo-Nuevo-LOS-POLITICOS-1.jpg","contentUrl":"https:\/\/lospoliticosveracruz.com\/wp-content\/uploads\/2025\/12\/Logo-Nuevo-LOS-POLITICOS-1.jpg","width":260,"height":70,"caption":"Los pol\u00edticos Veracruz"},"image":{"@id":"https:\/\/lospoliticosveracruz.com\/#\/schema\/logo\/image\/"},"sameAs":["https:\/\/www.facebook.com\/people\/Notimemes-de-los-Polticos\/61565672886568\/","https:\/\/x.com\/LosPoliticosVer"]},{"@type":"Person","@id":"https:\/\/lospoliticosveracruz.com\/#\/schema\/person\/b8702bb0e538456e6efd07080bf2a4a2","name":"Lo viste en Los Pol\u00edticos","image":{"@type":"ImageObject","inLanguage":"es","@id":"https:\/\/secure.gravatar.com\/avatar\/3a8de04a2656d44082be478bd6c086daa447c4651605818287b9532d3d0bd435?s=96&d=mm&r=g","url":"https:\/\/secure.gravatar.com\/avatar\/3a8de04a2656d44082be478bd6c086daa447c4651605818287b9532d3d0bd435?s=96&d=mm&r=g","contentUrl":"https:\/\/secure.gravatar.com\/avatar\/3a8de04a2656d44082be478bd6c086daa447c4651605818287b9532d3d0bd435?s=96&d=mm&r=g","caption":"Lo viste en Los Pol\u00edticos"},"url":"https:\/\/lospoliticosveracruz.com\/?author=2"}]}},"_links":{"self":[{"href":"https:\/\/lospoliticosveracruz.com\/index.php?rest_route=\/wp\/v2\/posts\/63734","targetHints":{"allow":["GET"]}}],"collection":[{"href":"https:\/\/lospoliticosveracruz.com\/index.php?rest_route=\/wp\/v2\/posts"}],"about":[{"href":"https:\/\/lospoliticosveracruz.com\/index.php?rest_route=\/wp\/v2\/types\/post"}],"author":[{"embeddable":true,"href":"https:\/\/lospoliticosveracruz.com\/index.php?rest_route=\/wp\/v2\/users\/2"}],"replies":[{"embeddable":true,"href":"https:\/\/lospoliticosveracruz.com\/index.php?rest_route=%2Fwp%2Fv2%2Fcomments&post=63734"}],"version-history":[{"count":1,"href":"https:\/\/lospoliticosveracruz.com\/index.php?rest_route=\/wp\/v2\/posts\/63734\/revisions"}],"predecessor-version":[{"id":63736,"href":"https:\/\/lospoliticosveracruz.com\/index.php?rest_route=\/wp\/v2\/posts\/63734\/revisions\/63736"}],"wp:attachment":[{"href":"https:\/\/lospoliticosveracruz.com\/index.php?rest_route=%2Fwp%2Fv2%2Fmedia&parent=63734"}],"wp:term":[{"taxonomy":"category","embeddable":true,"href":"https:\/\/lospoliticosveracruz.com\/index.php?rest_route=%2Fwp%2Fv2%2Fcategories&post=63734"},{"taxonomy":"post_tag","embeddable":true,"href":"https:\/\/lospoliticosveracruz.com\/index.php?rest_route=%2Fwp%2Fv2%2Ftags&post=63734"}],"curies":[{"name":"wp","href":"https:\/\/api.w.org\/{rel}","templated":true}]}}