{"id":63792,"date":"2020-11-12T13:17:39","date_gmt":"2020-11-12T19:17:39","guid":{"rendered":"http:\/\/www.lospoliticosveracruz.com.mx\/?p=63792"},"modified":"2020-11-12T13:17:39","modified_gmt":"2020-11-12T19:17:39","slug":"prd-pide-cabeza-de-bola-8","status":"publish","type":"post","link":"https:\/\/lospoliticosveracruz.com\/?p=63792","title":{"rendered":"PRD pide cabeza de Bola 8!"},"content":{"rendered":"<p>&nbsp;<\/p>\n<p>Las direcciones nacional y estatal a cargo de Jes\u00fas Zambrano Grijalva y Sergio Cadena Mart\u00ednez preparan denuncias contra funcionarios<br \/>\nPiden separaci\u00f3n de Eric Patrocinio Cisneros Burgos como Secretario de Gobierno, debido a se\u00f1alamientos en audio de alcaldesa<br \/>\nEste feminicidio a sangre fr\u00eda es un hecho miserable e impregnado de irregularidades en su contexto, adem\u00e1s, resulta un referente del nivel de violencia que inunda al estado, que se encuentra inmerso en un ambiente de terror y crisis en detrimento de las y los veracruzanos, se\u00f1al\u00f3 el Presidente de la Direcci\u00f3n Estatal Ejecutiva del Partido de la Revoluci\u00f3n Democr\u00e1tica en Veracruz, Sergio Cadena Mart\u00ednez.<br \/>\nEn conferencia de prensa, acompa\u00f1ado por el dirigente nacional perredista Jes\u00fas Zambrano Grijalva, diputados federales y miembros de su direcci\u00f3n estatal, as\u00ed como por alcaldes emanados de su partido, destac\u00f3 que Florisel no fue una v\u00edctima de un caso aislado; La politizaci\u00f3n de su muerte, as\u00ed como las versiones oficiales ofrecidas, tienen como finalidad enrarecer el ambiente y confundir a la poblaci\u00f3n.<br \/>\n\u201cNo tenemos ninguna duda: el gobierno de Cuitl\u00e1huac Garc\u00eda Jim\u00e9nez es responsable de este lamentable feminicidio, en vista de lo anterior, rechazamos y condenamos de manera contundente las palabras y demagogia que se promueve desde el gobierno del estado, para catalogar este feminicidio como un acto m\u00e1s de la delincuencia, pretendiendo criminalizar a la v\u00edctima y a su familia con el objeto de dejar impunes los hechos\u201d, apunt\u00f3.<br \/>\nAgreg\u00f3 que no se debe perder de vista que existen evidencias de la violencia pol\u00edtica que sufri\u00f3 Florisel, lo cual ahora est\u00e1 catalogado como delito, como tampoco deben omitirse las amenazas en contra de R\u00edos Delf\u00edn, por parte de funcionarios del gabinete estatal, particularmente desde la Secretar\u00eda de Gobierno.<br \/>\n\u201cHay acciones ilegales de funcionarios estatales, que con su soberbia y prepotencia pusieron en indefensi\u00f3n a la v\u00edctima, incurriendo en incumplimientos de su deber legal, ejerciendo abuso de autoridad, desprecio pol\u00edtico y actitudes d\u00e9spotas hicieron vulnerable a nuestra compa\u00f1era. Ayer, un medio de circulaci\u00f3n nacional dio a conocer un audio de Florisel, donde se\u00f1alaba directamente a personajes involucrados con el gobierno estatal por presuntos maltratos, amenazas e imposici\u00f3n de condiciones ajenas a su competencia legal, incluso para atender a la alcaldesa en su oficina\u201d, detall\u00f3.<br \/>\nAsimismo, dijo que se se\u00f1alan las omisiones del Secretario de Seguridad P\u00fablica, responsable de desarmar a la polic\u00eda municipal, dejando sin protecci\u00f3n a toda la poblaci\u00f3n de Jamapa, en un acto violatorio de la autonom\u00eda municipal, esto por \u00f3rdenes de Cuitl\u00e1huac Garc\u00eda, lo que es un ejemplo del maltrato del gobierno hacia a las autoridades municipales perredistas, s\u00f3lo por pertenecer a una fuerza pol\u00edtica ajena y distinta a la que gobierna el estado, lo que desde hace varias semanas se ha denunciado y exhibido tanto en la entidad como en el Congreso de la Uni\u00f3n.<br \/>\n\u201cBasta de mentiras, intimidaci\u00f3n, ilegalidad e impunidad. Lo anterior, consideramos, son razones suficientes para exigir enf\u00e1ticamente la separaci\u00f3n de Erick Patrocinio Cisneros Burgos como secretario de gobierno, para que sea investigado por la Fiscal\u00eda General del Estado sin un fuero que lo proteja y tomando en cuenta las declaraciones directas que Florisel hizo sobre \u00e9l, pues aunque sabemos que la actual Fiscal, Ver\u00f3nica Hern\u00e1ndez Gi\u00e1dans, es su ex colaboradora, esto no debe ser impedimento para aplicar la ley y buscar que se haga justicia plena y en apego a Derecho con este cruel y cobarde crimen\u201d, se\u00f1al\u00f3.<br \/>\nFinalmente, manifest\u00f3 que la incompetencia en el poder no debe ser el distintivo de un Estado atemorizado e indefenso, ya que un secretario de gobierno que promueve el encono, el desprecio y que es generador de violencia pol\u00edtica, es insostenible, pidiendo que se investigue y enfrente su proceso como cualquier ciudadano, para deslindar responsabilidades derivadas de su comportamiento en los hechos se\u00f1alados.<br \/>\n\u201cVeracruz no puede ser reh\u00e9n del autoritarismo, ni puede tener sus instituciones secuestradas por intereses pol\u00edticos que abusan del poder y que favorecen la violencia que hoy da\u00f1a a las y los veracruzanos. Reiteramos nuestras condolencias a la familia de Florisel y refrendamos el compromiso del Partido de la Revoluci\u00f3n Democr\u00e1tica de demandar justicia y de llegar hasta las \u00faltimas consecuencias\u201d, finaliz\u00f3.<\/p>\n","protected":false},"excerpt":{"rendered":"<p>&nbsp; Las direcciones nacional y estatal a cargo de Jes\u00fas Zambrano Grijalva y Sergio Cadena Mart\u00ednez preparan denuncias contra funcionarios Piden separaci\u00f3n de Eric Patrocinio Cisneros Burgos como Secretario de Gobierno, debido a se\u00f1alamientos en audio de alcaldesa Este feminicidio a sangre fr\u00eda es un hecho miserable e impregnado de irregularidades en su contexto, adem\u00e1s, [&hellip;]<\/p>\n","protected":false},"author":2,"featured_media":0,"comment_status":"open","ping_status":"open","sticky":false,"template":"","format":"standard","meta":{"tdm_status":"","tdm_grid_status":"","footnotes":""},"categories":[73],"tags":[1563,23547,13461,1257,19776,23548,23546,21651,1055,23545,107,5854,7887],"class_list":{"0":"post-63792","1":"post","2":"type-post","3":"status-publish","4":"format-standard","6":"category-de-boleto","7":"tag-cuitlahuac-garcia-jimenez","8":"tag-desarmar","9":"tag-eric-patrocinio-cisneros-burgos","10":"tag-feminicidio","11":"tag-florisel-rios-delfin","12":"tag-fuerza-politica","13":"tag-indefension-a-la-victima","14":"tag-jesus-zambrano-grijalva","15":"tag-policia-municipal","16":"tag-politizacion","17":"tag-prd","18":"tag-secretario-de-seguridad-publica","19":"tag-sergio-cadena-martinez"},"yoast_head":"<!-- This site is optimized with the Yoast SEO plugin v27.4 - https:\/\/yoast.com\/product\/yoast-seo-wordpress\/ -->\n<title>PRD pide cabeza de Bola 8! - Los pol\u00edticos Veracruz<\/title>\n<meta name=\"robots\" content=\"index, follow, max-snippet:-1, max-image-preview:large, max-video-preview:-1\" \/>\n<link rel=\"canonical\" href=\"https:\/\/lospoliticosveracruz.com\/?p=63792\" \/>\n<meta property=\"og:locale\" content=\"es_ES\" \/>\n<meta property=\"og:type\" content=\"article\" \/>\n<meta property=\"og:title\" content=\"PRD pide cabeza de Bola 8! - Los pol\u00edticos Veracruz\" \/>\n<meta property=\"og:description\" content=\"&nbsp; Las direcciones nacional y estatal a cargo de Jes\u00fas Zambrano Grijalva y Sergio Cadena Mart\u00ednez preparan denuncias contra funcionarios Piden separaci\u00f3n de Eric Patrocinio Cisneros Burgos como Secretario de Gobierno, debido a se\u00f1alamientos en audio de alcaldesa Este feminicidio a sangre fr\u00eda es un hecho miserable e impregnado de irregularidades en su contexto, adem\u00e1s, [&hellip;]\" \/>\n<meta property=\"og:url\" content=\"https:\/\/lospoliticosveracruz.com\/?p=63792\" \/>\n<meta property=\"og:site_name\" content=\"Los pol\u00edticos Veracruz\" \/>\n<meta property=\"article:publisher\" content=\"https:\/\/www.facebook.com\/people\/Notimemes-de-los-Polticos\/61565672886568\/\" \/>\n<meta property=\"article:published_time\" content=\"2020-11-12T19:17:39+00:00\" \/>\n<meta property=\"og:image\" content=\"https:\/\/lospoliticosveracruz.com\/wp-content\/uploads\/2016\/07\/Logo-Dor.jpg\" \/>\n\t<meta property=\"og:image:width\" content=\"200\" \/>\n\t<meta property=\"og:image:height\" content=\"200\" \/>\n\t<meta property=\"og:image:type\" content=\"image\/jpeg\" \/>\n<meta name=\"author\" content=\"Lo viste en Los Pol\u00edticos\" \/>\n<meta name=\"twitter:card\" content=\"summary_large_image\" \/>\n<meta name=\"twitter:creator\" content=\"@LosPoliticosVer\" \/>\n<meta name=\"twitter:site\" content=\"@LosPoliticosVer\" \/>\n<meta name=\"twitter:label1\" content=\"Escrito por\" \/>\n\t<meta name=\"twitter:data1\" content=\"Lo viste en Los Pol\u00edticos\" \/>\n\t<meta name=\"twitter:label2\" content=\"Tiempo de lectura\" \/>\n\t<meta name=\"twitter:data2\" content=\"4 minutos\" \/>\n<script type=\"application\/ld+json\" class=\"yoast-schema-graph\">{\"@context\":\"https:\\\/\\\/schema.org\",\"@graph\":[{\"@type\":\"Article\",\"@id\":\"https:\\\/\\\/lospoliticosveracruz.com\\\/?p=63792#article\",\"isPartOf\":{\"@id\":\"https:\\\/\\\/lospoliticosveracruz.com\\\/?p=63792\"},\"author\":{\"name\":\"Lo viste en Los Pol\u00edticos\",\"@id\":\"https:\\\/\\\/lospoliticosveracruz.com\\\/#\\\/schema\\\/person\\\/b8702bb0e538456e6efd07080bf2a4a2\"},\"headline\":\"PRD pide cabeza de Bola 8!\",\"datePublished\":\"2020-11-12T19:17:39+00:00\",\"mainEntityOfPage\":{\"@id\":\"https:\\\/\\\/lospoliticosveracruz.com\\\/?p=63792\"},\"wordCount\":748,\"commentCount\":0,\"publisher\":{\"@id\":\"https:\\\/\\\/lospoliticosveracruz.com\\\/#organization\"},\"keywords\":[\"Cuitl\u00e1huac Garc\u00eda Jim\u00e9nez\",\"Desarmar\",\"Eric Patrocinio Cisneros Burgos\",\"feminicidio\",\"Florisel R\u00edos Delf\u00edn\",\"Fuerza pol\u00edtica\",\"Indefensi\u00f3n a la v\u00edctima\",\"Jes\u00fas Zambrano Grijalva\",\"polic\u00eda municipal\",\"Politizaci\u00f3n\",\"PRD\",\"Secretario de Seguridad P\u00fablica\",\"Sergio Cadena Mart\u00ednez\"],\"articleSection\":[\"De Boleto\"],\"inLanguage\":\"es\",\"potentialAction\":[{\"@type\":\"CommentAction\",\"name\":\"Comment\",\"target\":[\"https:\\\/\\\/lospoliticosveracruz.com\\\/?p=63792#respond\"]}]},{\"@type\":\"WebPage\",\"@id\":\"https:\\\/\\\/lospoliticosveracruz.com\\\/?p=63792\",\"url\":\"https:\\\/\\\/lospoliticosveracruz.com\\\/?p=63792\",\"name\":\"PRD pide cabeza de Bola 8! - Los pol\u00edticos Veracruz\",\"isPartOf\":{\"@id\":\"https:\\\/\\\/lospoliticosveracruz.com\\\/#website\"},\"datePublished\":\"2020-11-12T19:17:39+00:00\",\"breadcrumb\":{\"@id\":\"https:\\\/\\\/lospoliticosveracruz.com\\\/?p=63792#breadcrumb\"},\"inLanguage\":\"es\",\"potentialAction\":[{\"@type\":\"ReadAction\",\"target\":[\"https:\\\/\\\/lospoliticosveracruz.com\\\/?p=63792\"]}]},{\"@type\":\"BreadcrumbList\",\"@id\":\"https:\\\/\\\/lospoliticosveracruz.com\\\/?p=63792#breadcrumb\",\"itemListElement\":[{\"@type\":\"ListItem\",\"position\":1,\"name\":\"Portada\",\"item\":\"https:\\\/\\\/lospoliticosveracruz.com\\\/\"},{\"@type\":\"ListItem\",\"position\":2,\"name\":\"PRD pide cabeza de Bola 8!\"}]},{\"@type\":\"WebSite\",\"@id\":\"https:\\\/\\\/lospoliticosveracruz.com\\\/#website\",\"url\":\"https:\\\/\\\/lospoliticosveracruz.com\\\/\",\"name\":\"Los pol\u00edticos Veracruz\",\"description\":\"\",\"publisher\":{\"@id\":\"https:\\\/\\\/lospoliticosveracruz.com\\\/#organization\"},\"potentialAction\":[{\"@type\":\"SearchAction\",\"target\":{\"@type\":\"EntryPoint\",\"urlTemplate\":\"https:\\\/\\\/lospoliticosveracruz.com\\\/?s={search_term_string}\"},\"query-input\":{\"@type\":\"PropertyValueSpecification\",\"valueRequired\":true,\"valueName\":\"search_term_string\"}}],\"inLanguage\":\"es\"},{\"@type\":\"Organization\",\"@id\":\"https:\\\/\\\/lospoliticosveracruz.com\\\/#organization\",\"name\":\"Los pol\u00edticos Veracruz\",\"url\":\"https:\\\/\\\/lospoliticosveracruz.com\\\/\",\"logo\":{\"@type\":\"ImageObject\",\"inLanguage\":\"es\",\"@id\":\"https:\\\/\\\/lospoliticosveracruz.com\\\/#\\\/schema\\\/logo\\\/image\\\/\",\"url\":\"https:\\\/\\\/lospoliticosveracruz.com\\\/wp-content\\\/uploads\\\/2025\\\/12\\\/Logo-Nuevo-LOS-POLITICOS-1.jpg\",\"contentUrl\":\"https:\\\/\\\/lospoliticosveracruz.com\\\/wp-content\\\/uploads\\\/2025\\\/12\\\/Logo-Nuevo-LOS-POLITICOS-1.jpg\",\"width\":260,\"height\":70,\"caption\":\"Los pol\u00edticos Veracruz\"},\"image\":{\"@id\":\"https:\\\/\\\/lospoliticosveracruz.com\\\/#\\\/schema\\\/logo\\\/image\\\/\"},\"sameAs\":[\"https:\\\/\\\/www.facebook.com\\\/people\\\/Notimemes-de-los-Polticos\\\/61565672886568\\\/\",\"https:\\\/\\\/x.com\\\/LosPoliticosVer\"]},{\"@type\":\"Person\",\"@id\":\"https:\\\/\\\/lospoliticosveracruz.com\\\/#\\\/schema\\\/person\\\/b8702bb0e538456e6efd07080bf2a4a2\",\"name\":\"Lo viste en Los Pol\u00edticos\",\"image\":{\"@type\":\"ImageObject\",\"inLanguage\":\"es\",\"@id\":\"https:\\\/\\\/secure.gravatar.com\\\/avatar\\\/3a8de04a2656d44082be478bd6c086daa447c4651605818287b9532d3d0bd435?s=96&d=mm&r=g\",\"url\":\"https:\\\/\\\/secure.gravatar.com\\\/avatar\\\/3a8de04a2656d44082be478bd6c086daa447c4651605818287b9532d3d0bd435?s=96&d=mm&r=g\",\"contentUrl\":\"https:\\\/\\\/secure.gravatar.com\\\/avatar\\\/3a8de04a2656d44082be478bd6c086daa447c4651605818287b9532d3d0bd435?s=96&d=mm&r=g\",\"caption\":\"Lo viste en Los Pol\u00edticos\"},\"url\":\"https:\\\/\\\/lospoliticosveracruz.com\\\/?author=2\"}]}<\/script>\n<!-- \/ Yoast SEO plugin. -->","yoast_head_json":{"title":"PRD pide cabeza de Bola 8! - Los pol\u00edticos Veracruz","robots":{"index":"index","follow":"follow","max-snippet":"max-snippet:-1","max-image-preview":"max-image-preview:large","max-video-preview":"max-video-preview:-1"},"canonical":"https:\/\/lospoliticosveracruz.com\/?p=63792","og_locale":"es_ES","og_type":"article","og_title":"PRD pide cabeza de Bola 8! - Los pol\u00edticos Veracruz","og_description":"&nbsp; Las direcciones nacional y estatal a cargo de Jes\u00fas Zambrano Grijalva y Sergio Cadena Mart\u00ednez preparan denuncias contra funcionarios Piden separaci\u00f3n de Eric Patrocinio Cisneros Burgos como Secretario de Gobierno, debido a se\u00f1alamientos en audio de alcaldesa Este feminicidio a sangre fr\u00eda es un hecho miserable e impregnado de irregularidades en su contexto, adem\u00e1s, [&hellip;]","og_url":"https:\/\/lospoliticosveracruz.com\/?p=63792","og_site_name":"Los pol\u00edticos Veracruz","article_publisher":"https:\/\/www.facebook.com\/people\/Notimemes-de-los-Polticos\/61565672886568\/","article_published_time":"2020-11-12T19:17:39+00:00","og_image":[{"width":200,"height":200,"url":"https:\/\/lospoliticosveracruz.com\/wp-content\/uploads\/2016\/07\/Logo-Dor.jpg","type":"image\/jpeg"}],"author":"Lo viste en Los Pol\u00edticos","twitter_card":"summary_large_image","twitter_creator":"@LosPoliticosVer","twitter_site":"@LosPoliticosVer","twitter_misc":{"Escrito por":"Lo viste en Los Pol\u00edticos","Tiempo de lectura":"4 minutos"},"schema":{"@context":"https:\/\/schema.org","@graph":[{"@type":"Article","@id":"https:\/\/lospoliticosveracruz.com\/?p=63792#article","isPartOf":{"@id":"https:\/\/lospoliticosveracruz.com\/?p=63792"},"author":{"name":"Lo viste en Los Pol\u00edticos","@id":"https:\/\/lospoliticosveracruz.com\/#\/schema\/person\/b8702bb0e538456e6efd07080bf2a4a2"},"headline":"PRD pide cabeza de Bola 8!","datePublished":"2020-11-12T19:17:39+00:00","mainEntityOfPage":{"@id":"https:\/\/lospoliticosveracruz.com\/?p=63792"},"wordCount":748,"commentCount":0,"publisher":{"@id":"https:\/\/lospoliticosveracruz.com\/#organization"},"keywords":["Cuitl\u00e1huac Garc\u00eda Jim\u00e9nez","Desarmar","Eric Patrocinio Cisneros Burgos","feminicidio","Florisel R\u00edos Delf\u00edn","Fuerza pol\u00edtica","Indefensi\u00f3n a la v\u00edctima","Jes\u00fas Zambrano Grijalva","polic\u00eda municipal","Politizaci\u00f3n","PRD","Secretario de Seguridad P\u00fablica","Sergio Cadena Mart\u00ednez"],"articleSection":["De Boleto"],"inLanguage":"es","potentialAction":[{"@type":"CommentAction","name":"Comment","target":["https:\/\/lospoliticosveracruz.com\/?p=63792#respond"]}]},{"@type":"WebPage","@id":"https:\/\/lospoliticosveracruz.com\/?p=63792","url":"https:\/\/lospoliticosveracruz.com\/?p=63792","name":"PRD pide cabeza de Bola 8! - Los pol\u00edticos Veracruz","isPartOf":{"@id":"https:\/\/lospoliticosveracruz.com\/#website"},"datePublished":"2020-11-12T19:17:39+00:00","breadcrumb":{"@id":"https:\/\/lospoliticosveracruz.com\/?p=63792#breadcrumb"},"inLanguage":"es","potentialAction":[{"@type":"ReadAction","target":["https:\/\/lospoliticosveracruz.com\/?p=63792"]}]},{"@type":"BreadcrumbList","@id":"https:\/\/lospoliticosveracruz.com\/?p=63792#breadcrumb","itemListElement":[{"@type":"ListItem","position":1,"name":"Portada","item":"https:\/\/lospoliticosveracruz.com\/"},{"@type":"ListItem","position":2,"name":"PRD pide cabeza de Bola 8!"}]},{"@type":"WebSite","@id":"https:\/\/lospoliticosveracruz.com\/#website","url":"https:\/\/lospoliticosveracruz.com\/","name":"Los pol\u00edticos Veracruz","description":"","publisher":{"@id":"https:\/\/lospoliticosveracruz.com\/#organization"},"potentialAction":[{"@type":"SearchAction","target":{"@type":"EntryPoint","urlTemplate":"https:\/\/lospoliticosveracruz.com\/?s={search_term_string}"},"query-input":{"@type":"PropertyValueSpecification","valueRequired":true,"valueName":"search_term_string"}}],"inLanguage":"es"},{"@type":"Organization","@id":"https:\/\/lospoliticosveracruz.com\/#organization","name":"Los pol\u00edticos Veracruz","url":"https:\/\/lospoliticosveracruz.com\/","logo":{"@type":"ImageObject","inLanguage":"es","@id":"https:\/\/lospoliticosveracruz.com\/#\/schema\/logo\/image\/","url":"https:\/\/lospoliticosveracruz.com\/wp-content\/uploads\/2025\/12\/Logo-Nuevo-LOS-POLITICOS-1.jpg","contentUrl":"https:\/\/lospoliticosveracruz.com\/wp-content\/uploads\/2025\/12\/Logo-Nuevo-LOS-POLITICOS-1.jpg","width":260,"height":70,"caption":"Los pol\u00edticos Veracruz"},"image":{"@id":"https:\/\/lospoliticosveracruz.com\/#\/schema\/logo\/image\/"},"sameAs":["https:\/\/www.facebook.com\/people\/Notimemes-de-los-Polticos\/61565672886568\/","https:\/\/x.com\/LosPoliticosVer"]},{"@type":"Person","@id":"https:\/\/lospoliticosveracruz.com\/#\/schema\/person\/b8702bb0e538456e6efd07080bf2a4a2","name":"Lo viste en Los Pol\u00edticos","image":{"@type":"ImageObject","inLanguage":"es","@id":"https:\/\/secure.gravatar.com\/avatar\/3a8de04a2656d44082be478bd6c086daa447c4651605818287b9532d3d0bd435?s=96&d=mm&r=g","url":"https:\/\/secure.gravatar.com\/avatar\/3a8de04a2656d44082be478bd6c086daa447c4651605818287b9532d3d0bd435?s=96&d=mm&r=g","contentUrl":"https:\/\/secure.gravatar.com\/avatar\/3a8de04a2656d44082be478bd6c086daa447c4651605818287b9532d3d0bd435?s=96&d=mm&r=g","caption":"Lo viste en Los Pol\u00edticos"},"url":"https:\/\/lospoliticosveracruz.com\/?author=2"}]}},"_links":{"self":[{"href":"https:\/\/lospoliticosveracruz.com\/index.php?rest_route=\/wp\/v2\/posts\/63792","targetHints":{"allow":["GET"]}}],"collection":[{"href":"https:\/\/lospoliticosveracruz.com\/index.php?rest_route=\/wp\/v2\/posts"}],"about":[{"href":"https:\/\/lospoliticosveracruz.com\/index.php?rest_route=\/wp\/v2\/types\/post"}],"author":[{"embeddable":true,"href":"https:\/\/lospoliticosveracruz.com\/index.php?rest_route=\/wp\/v2\/users\/2"}],"replies":[{"embeddable":true,"href":"https:\/\/lospoliticosveracruz.com\/index.php?rest_route=%2Fwp%2Fv2%2Fcomments&post=63792"}],"version-history":[{"count":1,"href":"https:\/\/lospoliticosveracruz.com\/index.php?rest_route=\/wp\/v2\/posts\/63792\/revisions"}],"predecessor-version":[{"id":63794,"href":"https:\/\/lospoliticosveracruz.com\/index.php?rest_route=\/wp\/v2\/posts\/63792\/revisions\/63794"}],"wp:attachment":[{"href":"https:\/\/lospoliticosveracruz.com\/index.php?rest_route=%2Fwp%2Fv2%2Fmedia&parent=63792"}],"wp:term":[{"taxonomy":"category","embeddable":true,"href":"https:\/\/lospoliticosveracruz.com\/index.php?rest_route=%2Fwp%2Fv2%2Fcategories&post=63792"},{"taxonomy":"post_tag","embeddable":true,"href":"https:\/\/lospoliticosveracruz.com\/index.php?rest_route=%2Fwp%2Fv2%2Ftags&post=63792"}],"curies":[{"name":"wp","href":"https:\/\/api.w.org\/{rel}","templated":true}]}}