{"id":63795,"date":"2020-11-12T13:25:57","date_gmt":"2020-11-12T19:25:57","guid":{"rendered":"http:\/\/www.lospoliticosveracruz.com.mx\/?p=63795"},"modified":"2020-11-12T13:25:57","modified_gmt":"2020-11-12T19:25:57","slug":"hay-chamba-en-coatepec","status":"publish","type":"post","link":"https:\/\/lospoliticosveracruz.com\/?p=63795","title":{"rendered":"Hay chamba en Coatepec!"},"content":{"rendered":"<p>&nbsp;<\/p>\n<p>En compa\u00f1\u00eda de la diputada Adriana Esther Mart\u00ednez S\u00e1nchez, presidenta de la Comisi\u00f3n Permanente de Trabajo y Previsi\u00f3n Social de la LXV Legislatura, del Congreso del Estado, el diputado Raymundo Andrade atestigu\u00f3 la instalaci\u00f3n del primer m\u00f3dulo de informaci\u00f3n, en el Municipio de Coatepec, de la Estrategia de Apoyo Temporal, para quienes a causa de la emergencia sanitaria generada por el COVID19, quedaron desempleadas y que el Gobierno del Estado promueve en toda la entidad.<br \/>\nDurante la instalaci\u00f3n del m\u00f3dulo, el legislador Raymundo Andrade,agradeci\u00f3 la presencia de la titular de la Secretar\u00eda de Trabajo,Previsi\u00f3n Social y Productividad, la licenciada Diana Ar\u00f3stegui Carballo, as\u00ed como su inter\u00e9s por acercar a los habitantes del Distrito XII que representa en el Congreso local, esta oportunidad para obtener un ingreso que vendr\u00e1 a mejorar la econom\u00eda de las familias de la regi\u00f3n, en tanto se supera la contingencia por la pandemia en la entidad veracruzana.<\/p>\n<p>Asimismo, el diputado Andrade reconoci\u00f3 la preocupaci\u00f3n del Gobernador del Estado, ingeniero Cuitl\u00e1huac Garc\u00eda Jim\u00e9nez, por llevar a todo el territorio estatal este importante programa de apoyo con la participaci\u00f3n de la Secretar\u00eda del Trabajo estatal y del Servicio Nacional de Empleo &#8211; Veracruz, a trav\u00e9s de la instalaci\u00f3n de m\u00f3dulos como el ubicado en la escuela primaria \u00abBenito Ju\u00e1rez Garc\u00eda\u00bb, ubicada en la calle de \u00abMelchor Ocampo\u00bb, n\u00famero 2; en la ciudad de Coatepec, donde se atender\u00e1 a los interesados en un horario de 9:00 a 16:00 horas, los d\u00edas mi\u00e9rcoles, jueves y viernes.<\/p>\n<p>En dicho sitio, en el horario se\u00f1alado, se les brindar\u00e1 dijo Ar\u00f3stegui Carballo, toda la informaci\u00f3n necesaria para poder verse beneficiados con los apoyos econ\u00f3micos destinados a esa Estrategia, como los requisitos para participar y que para quienes no puedan asistir al m\u00f3dulo, agreg\u00f3, podr\u00e1n hacerlo de manera electr\u00f3nica, desde esta fecha y hasta el 15 de noviembre del a\u00f1o en curso, a trav\u00e9s de la p\u00e1gina oficial de la Secretaria de Trabajo y Previsi\u00f3n Social y Productividad; con el enlace: <a href=\"https:\/\/bit.ly\/3ePpQmw\"><em><strong>https:\/\/bit.ly\/3ePpQmw<\/strong><\/em><\/a>.<\/p>\n","protected":false},"excerpt":{"rendered":"<p>&nbsp; En compa\u00f1\u00eda de la diputada Adriana Esther Mart\u00ednez S\u00e1nchez, presidenta de la Comisi\u00f3n Permanente de Trabajo y Previsi\u00f3n Social de la LXV Legislatura, del Congreso del Estado, el diputado Raymundo Andrade atestigu\u00f3 la instalaci\u00f3n del primer m\u00f3dulo de informaci\u00f3n, en el Municipio de Coatepec, de la Estrategia de Apoyo Temporal, para quienes a causa [&hellip;]<\/p>\n","protected":false},"author":2,"featured_media":0,"comment_status":"open","ping_status":"open","sticky":false,"template":"","format":"standard","meta":{"tdm_status":"","tdm_grid_status":"","footnotes":""},"categories":[73],"tags":[13249,277,331,19057,1563,19050,13124,13213],"class_list":{"0":"post-63795","1":"post","2":"type-post","3":"status-publish","4":"format-standard","6":"category-de-boleto","7":"tag-adriana-esther-martinez-sanchez","8":"tag-coatepec","9":"tag-congreso-del-estado","10":"tag-covid19","11":"tag-cuitlahuac-garcia-jimenez","12":"tag-diana-arostegui-carballo","13":"tag-raymundo-andrade","14":"tag-trabajo-y-prevision-social"},"yoast_head":"<!-- This site is optimized with the Yoast SEO plugin v27.4 - https:\/\/yoast.com\/product\/yoast-seo-wordpress\/ -->\n<title>Hay chamba en Coatepec! - Los pol\u00edticos Veracruz<\/title>\n<meta name=\"robots\" content=\"index, follow, max-snippet:-1, max-image-preview:large, max-video-preview:-1\" \/>\n<link rel=\"canonical\" href=\"https:\/\/lospoliticosveracruz.com\/?p=63795\" \/>\n<meta property=\"og:locale\" content=\"es_ES\" \/>\n<meta property=\"og:type\" content=\"article\" \/>\n<meta property=\"og:title\" content=\"Hay chamba en Coatepec! - Los pol\u00edticos Veracruz\" \/>\n<meta property=\"og:description\" content=\"&nbsp; En compa\u00f1\u00eda de la diputada Adriana Esther Mart\u00ednez S\u00e1nchez, presidenta de la Comisi\u00f3n Permanente de Trabajo y Previsi\u00f3n Social de la LXV Legislatura, del Congreso del Estado, el diputado Raymundo Andrade atestigu\u00f3 la instalaci\u00f3n del primer m\u00f3dulo de informaci\u00f3n, en el Municipio de Coatepec, de la Estrategia de Apoyo Temporal, para quienes a causa [&hellip;]\" \/>\n<meta property=\"og:url\" content=\"https:\/\/lospoliticosveracruz.com\/?p=63795\" \/>\n<meta property=\"og:site_name\" content=\"Los pol\u00edticos Veracruz\" \/>\n<meta property=\"article:publisher\" content=\"https:\/\/www.facebook.com\/people\/Notimemes-de-los-Polticos\/61565672886568\/\" \/>\n<meta property=\"article:published_time\" content=\"2020-11-12T19:25:57+00:00\" \/>\n<meta property=\"og:image\" content=\"https:\/\/lospoliticosveracruz.com\/wp-content\/uploads\/2016\/07\/Logo-Dor.jpg\" \/>\n\t<meta property=\"og:image:width\" content=\"200\" \/>\n\t<meta property=\"og:image:height\" content=\"200\" \/>\n\t<meta property=\"og:image:type\" content=\"image\/jpeg\" \/>\n<meta name=\"author\" content=\"Lo viste en Los Pol\u00edticos\" \/>\n<meta name=\"twitter:card\" content=\"summary_large_image\" \/>\n<meta name=\"twitter:creator\" content=\"@LosPoliticosVer\" \/>\n<meta name=\"twitter:site\" content=\"@LosPoliticosVer\" \/>\n<meta name=\"twitter:label1\" content=\"Escrito por\" \/>\n\t<meta name=\"twitter:data1\" content=\"Lo viste en Los Pol\u00edticos\" \/>\n\t<meta name=\"twitter:label2\" content=\"Tiempo de lectura\" \/>\n\t<meta name=\"twitter:data2\" content=\"2 minutos\" \/>\n<script type=\"application\/ld+json\" class=\"yoast-schema-graph\">{\"@context\":\"https:\\\/\\\/schema.org\",\"@graph\":[{\"@type\":\"Article\",\"@id\":\"https:\\\/\\\/lospoliticosveracruz.com\\\/?p=63795#article\",\"isPartOf\":{\"@id\":\"https:\\\/\\\/lospoliticosveracruz.com\\\/?p=63795\"},\"author\":{\"name\":\"Lo viste en Los Pol\u00edticos\",\"@id\":\"https:\\\/\\\/lospoliticosveracruz.com\\\/#\\\/schema\\\/person\\\/b8702bb0e538456e6efd07080bf2a4a2\"},\"headline\":\"Hay chamba en Coatepec!\",\"datePublished\":\"2020-11-12T19:25:57+00:00\",\"mainEntityOfPage\":{\"@id\":\"https:\\\/\\\/lospoliticosveracruz.com\\\/?p=63795\"},\"wordCount\":375,\"commentCount\":0,\"publisher\":{\"@id\":\"https:\\\/\\\/lospoliticosveracruz.com\\\/#organization\"},\"keywords\":[\"Adriana Esther Mart\u00ednez S\u00e1nchez\",\"Coatepec\",\"Congreso del Estado\",\"Covid19\",\"Cuitl\u00e1huac Garc\u00eda Jim\u00e9nez\",\"Diana Ar\u00f3stegui Carballo\",\"Raymundo Andrade\",\"Trabajo y Previsi\u00f3n Social\"],\"articleSection\":[\"De Boleto\"],\"inLanguage\":\"es\",\"potentialAction\":[{\"@type\":\"CommentAction\",\"name\":\"Comment\",\"target\":[\"https:\\\/\\\/lospoliticosveracruz.com\\\/?p=63795#respond\"]}]},{\"@type\":\"WebPage\",\"@id\":\"https:\\\/\\\/lospoliticosveracruz.com\\\/?p=63795\",\"url\":\"https:\\\/\\\/lospoliticosveracruz.com\\\/?p=63795\",\"name\":\"Hay chamba en Coatepec! - Los pol\u00edticos Veracruz\",\"isPartOf\":{\"@id\":\"https:\\\/\\\/lospoliticosveracruz.com\\\/#website\"},\"datePublished\":\"2020-11-12T19:25:57+00:00\",\"breadcrumb\":{\"@id\":\"https:\\\/\\\/lospoliticosveracruz.com\\\/?p=63795#breadcrumb\"},\"inLanguage\":\"es\",\"potentialAction\":[{\"@type\":\"ReadAction\",\"target\":[\"https:\\\/\\\/lospoliticosveracruz.com\\\/?p=63795\"]}]},{\"@type\":\"BreadcrumbList\",\"@id\":\"https:\\\/\\\/lospoliticosveracruz.com\\\/?p=63795#breadcrumb\",\"itemListElement\":[{\"@type\":\"ListItem\",\"position\":1,\"name\":\"Portada\",\"item\":\"https:\\\/\\\/lospoliticosveracruz.com\\\/\"},{\"@type\":\"ListItem\",\"position\":2,\"name\":\"Hay chamba en Coatepec!\"}]},{\"@type\":\"WebSite\",\"@id\":\"https:\\\/\\\/lospoliticosveracruz.com\\\/#website\",\"url\":\"https:\\\/\\\/lospoliticosveracruz.com\\\/\",\"name\":\"Los pol\u00edticos Veracruz\",\"description\":\"\",\"publisher\":{\"@id\":\"https:\\\/\\\/lospoliticosveracruz.com\\\/#organization\"},\"potentialAction\":[{\"@type\":\"SearchAction\",\"target\":{\"@type\":\"EntryPoint\",\"urlTemplate\":\"https:\\\/\\\/lospoliticosveracruz.com\\\/?s={search_term_string}\"},\"query-input\":{\"@type\":\"PropertyValueSpecification\",\"valueRequired\":true,\"valueName\":\"search_term_string\"}}],\"inLanguage\":\"es\"},{\"@type\":\"Organization\",\"@id\":\"https:\\\/\\\/lospoliticosveracruz.com\\\/#organization\",\"name\":\"Los pol\u00edticos Veracruz\",\"url\":\"https:\\\/\\\/lospoliticosveracruz.com\\\/\",\"logo\":{\"@type\":\"ImageObject\",\"inLanguage\":\"es\",\"@id\":\"https:\\\/\\\/lospoliticosveracruz.com\\\/#\\\/schema\\\/logo\\\/image\\\/\",\"url\":\"https:\\\/\\\/lospoliticosveracruz.com\\\/wp-content\\\/uploads\\\/2025\\\/12\\\/Logo-Nuevo-LOS-POLITICOS-1.jpg\",\"contentUrl\":\"https:\\\/\\\/lospoliticosveracruz.com\\\/wp-content\\\/uploads\\\/2025\\\/12\\\/Logo-Nuevo-LOS-POLITICOS-1.jpg\",\"width\":260,\"height\":70,\"caption\":\"Los pol\u00edticos Veracruz\"},\"image\":{\"@id\":\"https:\\\/\\\/lospoliticosveracruz.com\\\/#\\\/schema\\\/logo\\\/image\\\/\"},\"sameAs\":[\"https:\\\/\\\/www.facebook.com\\\/people\\\/Notimemes-de-los-Polticos\\\/61565672886568\\\/\",\"https:\\\/\\\/x.com\\\/LosPoliticosVer\"]},{\"@type\":\"Person\",\"@id\":\"https:\\\/\\\/lospoliticosveracruz.com\\\/#\\\/schema\\\/person\\\/b8702bb0e538456e6efd07080bf2a4a2\",\"name\":\"Lo viste en Los Pol\u00edticos\",\"image\":{\"@type\":\"ImageObject\",\"inLanguage\":\"es\",\"@id\":\"https:\\\/\\\/secure.gravatar.com\\\/avatar\\\/3a8de04a2656d44082be478bd6c086daa447c4651605818287b9532d3d0bd435?s=96&d=mm&r=g\",\"url\":\"https:\\\/\\\/secure.gravatar.com\\\/avatar\\\/3a8de04a2656d44082be478bd6c086daa447c4651605818287b9532d3d0bd435?s=96&d=mm&r=g\",\"contentUrl\":\"https:\\\/\\\/secure.gravatar.com\\\/avatar\\\/3a8de04a2656d44082be478bd6c086daa447c4651605818287b9532d3d0bd435?s=96&d=mm&r=g\",\"caption\":\"Lo viste en Los Pol\u00edticos\"},\"url\":\"https:\\\/\\\/lospoliticosveracruz.com\\\/?author=2\"}]}<\/script>\n<!-- \/ Yoast SEO plugin. -->","yoast_head_json":{"title":"Hay chamba en Coatepec! - Los pol\u00edticos Veracruz","robots":{"index":"index","follow":"follow","max-snippet":"max-snippet:-1","max-image-preview":"max-image-preview:large","max-video-preview":"max-video-preview:-1"},"canonical":"https:\/\/lospoliticosveracruz.com\/?p=63795","og_locale":"es_ES","og_type":"article","og_title":"Hay chamba en Coatepec! - Los pol\u00edticos Veracruz","og_description":"&nbsp; En compa\u00f1\u00eda de la diputada Adriana Esther Mart\u00ednez S\u00e1nchez, presidenta de la Comisi\u00f3n Permanente de Trabajo y Previsi\u00f3n Social de la LXV Legislatura, del Congreso del Estado, el diputado Raymundo Andrade atestigu\u00f3 la instalaci\u00f3n del primer m\u00f3dulo de informaci\u00f3n, en el Municipio de Coatepec, de la Estrategia de Apoyo Temporal, para quienes a causa [&hellip;]","og_url":"https:\/\/lospoliticosveracruz.com\/?p=63795","og_site_name":"Los pol\u00edticos Veracruz","article_publisher":"https:\/\/www.facebook.com\/people\/Notimemes-de-los-Polticos\/61565672886568\/","article_published_time":"2020-11-12T19:25:57+00:00","og_image":[{"width":200,"height":200,"url":"https:\/\/lospoliticosveracruz.com\/wp-content\/uploads\/2016\/07\/Logo-Dor.jpg","type":"image\/jpeg"}],"author":"Lo viste en Los Pol\u00edticos","twitter_card":"summary_large_image","twitter_creator":"@LosPoliticosVer","twitter_site":"@LosPoliticosVer","twitter_misc":{"Escrito por":"Lo viste en Los Pol\u00edticos","Tiempo de lectura":"2 minutos"},"schema":{"@context":"https:\/\/schema.org","@graph":[{"@type":"Article","@id":"https:\/\/lospoliticosveracruz.com\/?p=63795#article","isPartOf":{"@id":"https:\/\/lospoliticosveracruz.com\/?p=63795"},"author":{"name":"Lo viste en Los Pol\u00edticos","@id":"https:\/\/lospoliticosveracruz.com\/#\/schema\/person\/b8702bb0e538456e6efd07080bf2a4a2"},"headline":"Hay chamba en Coatepec!","datePublished":"2020-11-12T19:25:57+00:00","mainEntityOfPage":{"@id":"https:\/\/lospoliticosveracruz.com\/?p=63795"},"wordCount":375,"commentCount":0,"publisher":{"@id":"https:\/\/lospoliticosveracruz.com\/#organization"},"keywords":["Adriana Esther Mart\u00ednez S\u00e1nchez","Coatepec","Congreso del Estado","Covid19","Cuitl\u00e1huac Garc\u00eda Jim\u00e9nez","Diana Ar\u00f3stegui Carballo","Raymundo Andrade","Trabajo y Previsi\u00f3n Social"],"articleSection":["De Boleto"],"inLanguage":"es","potentialAction":[{"@type":"CommentAction","name":"Comment","target":["https:\/\/lospoliticosveracruz.com\/?p=63795#respond"]}]},{"@type":"WebPage","@id":"https:\/\/lospoliticosveracruz.com\/?p=63795","url":"https:\/\/lospoliticosveracruz.com\/?p=63795","name":"Hay chamba en Coatepec! - Los pol\u00edticos Veracruz","isPartOf":{"@id":"https:\/\/lospoliticosveracruz.com\/#website"},"datePublished":"2020-11-12T19:25:57+00:00","breadcrumb":{"@id":"https:\/\/lospoliticosveracruz.com\/?p=63795#breadcrumb"},"inLanguage":"es","potentialAction":[{"@type":"ReadAction","target":["https:\/\/lospoliticosveracruz.com\/?p=63795"]}]},{"@type":"BreadcrumbList","@id":"https:\/\/lospoliticosveracruz.com\/?p=63795#breadcrumb","itemListElement":[{"@type":"ListItem","position":1,"name":"Portada","item":"https:\/\/lospoliticosveracruz.com\/"},{"@type":"ListItem","position":2,"name":"Hay chamba en Coatepec!"}]},{"@type":"WebSite","@id":"https:\/\/lospoliticosveracruz.com\/#website","url":"https:\/\/lospoliticosveracruz.com\/","name":"Los pol\u00edticos Veracruz","description":"","publisher":{"@id":"https:\/\/lospoliticosveracruz.com\/#organization"},"potentialAction":[{"@type":"SearchAction","target":{"@type":"EntryPoint","urlTemplate":"https:\/\/lospoliticosveracruz.com\/?s={search_term_string}"},"query-input":{"@type":"PropertyValueSpecification","valueRequired":true,"valueName":"search_term_string"}}],"inLanguage":"es"},{"@type":"Organization","@id":"https:\/\/lospoliticosveracruz.com\/#organization","name":"Los pol\u00edticos Veracruz","url":"https:\/\/lospoliticosveracruz.com\/","logo":{"@type":"ImageObject","inLanguage":"es","@id":"https:\/\/lospoliticosveracruz.com\/#\/schema\/logo\/image\/","url":"https:\/\/lospoliticosveracruz.com\/wp-content\/uploads\/2025\/12\/Logo-Nuevo-LOS-POLITICOS-1.jpg","contentUrl":"https:\/\/lospoliticosveracruz.com\/wp-content\/uploads\/2025\/12\/Logo-Nuevo-LOS-POLITICOS-1.jpg","width":260,"height":70,"caption":"Los pol\u00edticos Veracruz"},"image":{"@id":"https:\/\/lospoliticosveracruz.com\/#\/schema\/logo\/image\/"},"sameAs":["https:\/\/www.facebook.com\/people\/Notimemes-de-los-Polticos\/61565672886568\/","https:\/\/x.com\/LosPoliticosVer"]},{"@type":"Person","@id":"https:\/\/lospoliticosveracruz.com\/#\/schema\/person\/b8702bb0e538456e6efd07080bf2a4a2","name":"Lo viste en Los Pol\u00edticos","image":{"@type":"ImageObject","inLanguage":"es","@id":"https:\/\/secure.gravatar.com\/avatar\/3a8de04a2656d44082be478bd6c086daa447c4651605818287b9532d3d0bd435?s=96&d=mm&r=g","url":"https:\/\/secure.gravatar.com\/avatar\/3a8de04a2656d44082be478bd6c086daa447c4651605818287b9532d3d0bd435?s=96&d=mm&r=g","contentUrl":"https:\/\/secure.gravatar.com\/avatar\/3a8de04a2656d44082be478bd6c086daa447c4651605818287b9532d3d0bd435?s=96&d=mm&r=g","caption":"Lo viste en Los Pol\u00edticos"},"url":"https:\/\/lospoliticosveracruz.com\/?author=2"}]}},"_links":{"self":[{"href":"https:\/\/lospoliticosveracruz.com\/index.php?rest_route=\/wp\/v2\/posts\/63795","targetHints":{"allow":["GET"]}}],"collection":[{"href":"https:\/\/lospoliticosveracruz.com\/index.php?rest_route=\/wp\/v2\/posts"}],"about":[{"href":"https:\/\/lospoliticosveracruz.com\/index.php?rest_route=\/wp\/v2\/types\/post"}],"author":[{"embeddable":true,"href":"https:\/\/lospoliticosveracruz.com\/index.php?rest_route=\/wp\/v2\/users\/2"}],"replies":[{"embeddable":true,"href":"https:\/\/lospoliticosveracruz.com\/index.php?rest_route=%2Fwp%2Fv2%2Fcomments&post=63795"}],"version-history":[{"count":1,"href":"https:\/\/lospoliticosveracruz.com\/index.php?rest_route=\/wp\/v2\/posts\/63795\/revisions"}],"predecessor-version":[{"id":63797,"href":"https:\/\/lospoliticosveracruz.com\/index.php?rest_route=\/wp\/v2\/posts\/63795\/revisions\/63797"}],"wp:attachment":[{"href":"https:\/\/lospoliticosveracruz.com\/index.php?rest_route=%2Fwp%2Fv2%2Fmedia&parent=63795"}],"wp:term":[{"taxonomy":"category","embeddable":true,"href":"https:\/\/lospoliticosveracruz.com\/index.php?rest_route=%2Fwp%2Fv2%2Fcategories&post=63795"},{"taxonomy":"post_tag","embeddable":true,"href":"https:\/\/lospoliticosveracruz.com\/index.php?rest_route=%2Fwp%2Fv2%2Ftags&post=63795"}],"curies":[{"name":"wp","href":"https:\/\/api.w.org\/{rel}","templated":true}]}}