{"id":63809,"date":"2020-11-12T16:57:53","date_gmt":"2020-11-12T22:57:53","guid":{"rendered":"http:\/\/www.lospoliticosveracruz.com.mx\/?p=63809"},"modified":"2020-11-13T08:08:43","modified_gmt":"2020-11-13T14:08:43","slug":"el-apuntador-de-cuic","status":"publish","type":"post","link":"https:\/\/lospoliticosveracruz.com\/?p=63809","title":{"rendered":"El apuntador de Cuic"},"content":{"rendered":"<p><strong>Salvador Mu\u00f1oz<\/strong><\/p>\n<p><em>Los Pol\u00edticos<\/em><\/p>\n<p><span style=\"font-weight: 400;\">\u00a1Huy! \u00a1Qu\u00e9 emoci\u00f3n! Este domingo ha de entregar su II Informe Cuitl\u00e1huac Garc\u00eda Jim\u00e9nez y de acuerdo a lo comentado por la misma Waltraud, \u00a1va a estar bonito! \u00a1Claro! Sin tomar en cuenta los hechos cruentos, la crisis econ\u00f3mica y sanitaria que reina en el estado; los desempleos, la ausencia de desarrollo e inversiones, y la presencia de una pol\u00edtica del garrote, que se ve, le gusta al mandatario estatal\u2026<\/span><\/p>\n<p>&nbsp;<br \/>\n<a href=\"https:\/\/www.facebook.com\/notaria61veracruz\/\"><img decoding=\"async\" src=\"http:\/\/www.lospoliticosveracruz.com.mx\/wp-content\/uploads\/2020\/07\/CINTILLO-Armando.jpg\" alt=\"\" \/><\/a><br \/>\n&nbsp;<\/p>\n<p><span style=\"font-weight: 400;\">Por eso, es seguro que para que salga algo a la perfecci\u00f3n en este gobierno, al menos ese d\u00eda, para cuando llegue el momento, Garc\u00eda Jim\u00e9nez ha estado ensayando su discurso \u00a1hasta con apuntador! Digo, para no errarle\u2026 y aqu\u00ed, en la febril redacci\u00f3n de esta columna, damos cuenta de ello:<\/span><\/p>\n<p><b>Cuic\u2013 En este segundo a\u00f1o, como en el primero, nuestra pol\u00edtica ha sido \u00e1spera!<\/b><\/p>\n<p><span style=\"font-weight: 400;\">Apuntador\u2013 \u00a1Austera! Se\u00f1or\u2026 \u00a1Austera!<\/span><\/p>\n<p><b>Cuic\u2013 \u00a1Y tambi\u00e9n con eficiente embriaguez!<\/b><\/p>\n<p><span style=\"font-weight: 400;\">Apuntador\u2013 \u00a1Eficiencia y honradez! Se\u00f1or, \u00a1Eficiencia y honradez!<\/span><\/p>\n<p><b>Cuic\u2013 \u00a1Ah, pens\u00e9 que habl\u00e1bamos del trabajo de Elio Guti\u00e9rrez\u2026 proseguimos: A dos a\u00f1os, y todav\u00eda podemos seguir culpando a las administraciones anteriores del poco avance que hemos logrado\u2026<\/b><\/p>\n<p><span style=\"font-weight: 400;\">Apuntador\u2013 \u00a1Muy bien, Se\u00f1or!<\/span><\/p>\n<p><b>Cuic\u2013 \u00a1Muy bien, Se\u00f1or!<\/b><\/p>\n<p><span style=\"font-weight: 400;\">Apuntador\u2013 No, Se\u00f1or\u2026 lo estaba felicitando por esas l\u00edneas que se ech\u00f3 de corridito\u2026<\/span><\/p>\n<p><b>Cuic\u2013 \u00a1Ah! Pues av\u00edsame porque me apejendas\u2026 continuamos mejor\u2026 \u00bfen qu\u00e9 nos quedamos? \u00bfMe estaban aplaudiendo? \u00bfO echando porras?<\/b><\/p>\n<p><span style=\"font-weight: 400;\">Apuntador\u2013 Puede continuar con el tema de la pandemia\u2026<\/span><\/p>\n<p><b>Cuic\u2013 \u00a1Ah, cierto! \u00a1Nos cay\u00f3 como anillo al dedo!<\/b><\/p>\n<p><span style=\"font-weight: 400;\">Apuntador\u2013 \u00a1Eso no est\u00e1 en el discurso! No se le vaya a ocurrir decirlo\u2026<\/span><\/p>\n<p><b>Cuic\u2013 \u00a1C\u00f3mo crees! Nos curamos en Salud con el titular que tenemos\u2026<\/b><\/p>\n<p><span style=\"font-weight: 400;\">Apuntador\u2013 \u00a1No! \u00a1Cuidamos la salud con las recomendaciones de su titular\u2026<\/span><\/p>\n<p><b>Cuic\u2013 \u00a1Nos robamos lo de los medicamentos\u2026!<\/b><\/p>\n<p><span style=\"font-weight: 400;\">Apuntador\u2013 \u00a1Nos ahorramos en medicamentos!<\/span><\/p>\n<p><b>Cuic\u2013 \u00bfEn serio? \u00bfY c\u00f3mo fue eso?<\/b><\/p>\n<p><span style=\"font-weight: 400;\">Apuntador\u2013 \u00a1Ah, bueno! Al bloquear la federaci\u00f3n la compra de medicamentos contra el c\u00e1ncer, lo presupuestado se hizo ojo de hormiga\u2026<\/span><\/p>\n<p><b>Cuic\u2013 Mejor contin\u00fao\u2026 en seguridad, nos hemos protegido bien de los malosos, tanto que ni se nos acercan\u2026 bueno, son tan buenos nuestros guardaespaldas, que ni la prensa fif\u00ed, la que me hace preguntas bien dif\u00edciles, son capaces de romper el cerco de seguridad\u2026<\/b><\/p>\n<p><span style=\"font-weight: 400;\">Apuntador\u2013 Y los ciudadanos\u2026<\/span><\/p>\n<p><b>Cuic\u2013 S\u00ed, tampoco se nos pueden acercar los ciudadanos con sus demandas\u2026 \u00a1seguro los mandan los prianistas!<\/b><\/p>\n<p><span style=\"font-weight: 400;\">Apuntador\u2013 No, se\u00f1or\u2026 \u00a1debe decir que los ciudadanos igual gozan de seguridad!<\/span><\/p>\n<p><b>Cuic\u2013 \u00a1Ah, bueno! \u00a1Eso s\u00ed! Est\u00e1n m\u00e1s seguros que los alcaldes y los diputados de oposici\u00f3n\u2026 pero bueno, \u00e9sos tienen dinero para cuidarse solos\u2026<\/b><\/p>\n<p><span style=\"font-weight: 400;\">Apuntador\u2013 \u00a1Se\u00f1or! Su promesa de campa\u00f1a\u2026 su promesa de campa\u00f1a\u2026<\/span><\/p>\n<p><b>Cuic\u2013 \u00bfCu\u00e1l? \u00a1Ah! \u00bfLa de acabar con la inseguridad en dos a\u00f1os? Como lo dije\u2026 en dos a\u00f1os acabar\u00eda con la inseguridad\u2026 de acuerdo a Seguridad P\u00fablica en el estado, se redujo de manera considerable en este a\u00f1o, el robo a casa-habitaci\u00f3n, a peat\u00f3n, por ejemplo\u2026<\/b><\/p>\n<p><span style=\"font-weight: 400;\">Apuntador\u2013 Se\u00f1or\u2026 pero eso se debi\u00f3 a la pandemia\u2026 la gente estaba m\u00e1s tiempo en su casa\u2026<\/span><\/p>\n<p><b>Cuic\u2013 Y en mi gobierno, ya no habr\u00e1 m\u00e1s privilegios reduciendo hasta donde podamos la n\u00f3mina\u2026 \u00a1queda despedido, se\u00f1or Apuntador!<\/b><\/p>\n<p><span style=\"font-weight: 400;\">\u00a1Nos vemos el domingo!<\/span><\/p>\n<p>&nbsp;<\/p>\n<p><span style=\"font-weight: 400;\">smcainito@gmail.com<\/span><\/p>\n<p>&nbsp;<\/p>\n","protected":false},"excerpt":{"rendered":"<p>Salvador Mu\u00f1oz Los Pol\u00edticos \u00a1Huy! \u00a1Qu\u00e9 emoci\u00f3n! Este domingo ha de entregar su II Informe Cuitl\u00e1huac Garc\u00eda Jim\u00e9nez y de acuerdo a lo comentado por la misma Waltraud, \u00a1va a estar bonito! \u00a1Claro! Sin tomar en cuenta los hechos cruentos, la crisis econ\u00f3mica y sanitaria que reina en el estado; los desempleos, la ausencia de [&hellip;]<\/p>\n","protected":false},"author":2,"featured_media":0,"comment_status":"open","ping_status":"open","sticky":false,"template":"","format":"standard","meta":{"tdm_status":"","tdm_grid_status":"","footnotes":""},"categories":[70],"tags":[1563,196,16929,90,2646,4353,360,195],"class_list":{"0":"post-63809","1":"post","2":"type-post","3":"status-publish","4":"format-standard","6":"category-de-opinion","7":"tag-cuitlahuac-garcia-jimenez","8":"tag-inseguridad","9":"tag-pandemia","10":"tag-salud","11":"tag-salvador-munoz","12":"tag-segundo-informe","13":"tag-seguridad","14":"tag-veracruz"},"yoast_head":"<!-- This site is optimized with the Yoast SEO plugin v27.4 - https:\/\/yoast.com\/product\/yoast-seo-wordpress\/ -->\n<title>El apuntador de Cuic - Los pol\u00edticos Veracruz<\/title>\n<meta name=\"robots\" content=\"index, follow, max-snippet:-1, max-image-preview:large, max-video-preview:-1\" \/>\n<link rel=\"canonical\" href=\"https:\/\/lospoliticosveracruz.com\/?p=63809\" \/>\n<meta property=\"og:locale\" content=\"es_ES\" \/>\n<meta property=\"og:type\" content=\"article\" \/>\n<meta property=\"og:title\" content=\"El apuntador de Cuic - Los pol\u00edticos Veracruz\" \/>\n<meta property=\"og:description\" content=\"Salvador Mu\u00f1oz Los Pol\u00edticos \u00a1Huy! \u00a1Qu\u00e9 emoci\u00f3n! Este domingo ha de entregar su II Informe Cuitl\u00e1huac Garc\u00eda Jim\u00e9nez y de acuerdo a lo comentado por la misma Waltraud, \u00a1va a estar bonito! \u00a1Claro! Sin tomar en cuenta los hechos cruentos, la crisis econ\u00f3mica y sanitaria que reina en el estado; los desempleos, la ausencia de [&hellip;]\" \/>\n<meta property=\"og:url\" content=\"https:\/\/lospoliticosveracruz.com\/?p=63809\" \/>\n<meta property=\"og:site_name\" content=\"Los pol\u00edticos Veracruz\" \/>\n<meta property=\"article:publisher\" content=\"https:\/\/www.facebook.com\/people\/Notimemes-de-los-Polticos\/61565672886568\/\" \/>\n<meta property=\"article:published_time\" content=\"2020-11-12T22:57:53+00:00\" \/>\n<meta property=\"article:modified_time\" content=\"2020-11-13T14:08:43+00:00\" \/>\n<meta property=\"og:image\" content=\"http:\/\/www.lospoliticosveracruz.com.mx\/wp-content\/uploads\/2020\/07\/CINTILLO-Armando.jpg\" \/>\n<meta name=\"author\" content=\"Lo viste en Los Pol\u00edticos\" \/>\n<meta name=\"twitter:card\" content=\"summary_large_image\" \/>\n<meta name=\"twitter:creator\" content=\"@LosPoliticosVer\" \/>\n<meta name=\"twitter:site\" content=\"@LosPoliticosVer\" \/>\n<meta name=\"twitter:label1\" content=\"Escrito por\" \/>\n\t<meta name=\"twitter:data1\" content=\"Lo viste en Los Pol\u00edticos\" \/>\n\t<meta name=\"twitter:label2\" content=\"Tiempo de lectura\" \/>\n\t<meta name=\"twitter:data2\" content=\"3 minutos\" \/>\n<script type=\"application\/ld+json\" class=\"yoast-schema-graph\">{\"@context\":\"https:\\\/\\\/schema.org\",\"@graph\":[{\"@type\":\"Article\",\"@id\":\"https:\\\/\\\/lospoliticosveracruz.com\\\/?p=63809#article\",\"isPartOf\":{\"@id\":\"https:\\\/\\\/lospoliticosveracruz.com\\\/?p=63809\"},\"author\":{\"name\":\"Lo viste en Los Pol\u00edticos\",\"@id\":\"https:\\\/\\\/lospoliticosveracruz.com\\\/#\\\/schema\\\/person\\\/b8702bb0e538456e6efd07080bf2a4a2\"},\"headline\":\"El apuntador de Cuic\",\"datePublished\":\"2020-11-12T22:57:53+00:00\",\"dateModified\":\"2020-11-13T14:08:43+00:00\",\"mainEntityOfPage\":{\"@id\":\"https:\\\/\\\/lospoliticosveracruz.com\\\/?p=63809\"},\"wordCount\":584,\"commentCount\":0,\"publisher\":{\"@id\":\"https:\\\/\\\/lospoliticosveracruz.com\\\/#organization\"},\"image\":{\"@id\":\"https:\\\/\\\/lospoliticosveracruz.com\\\/?p=63809#primaryimage\"},\"thumbnailUrl\":\"http:\\\/\\\/www.lospoliticosveracruz.com.mx\\\/wp-content\\\/uploads\\\/2020\\\/07\\\/CINTILLO-Armando.jpg\",\"keywords\":[\"Cuitl\u00e1huac Garc\u00eda Jim\u00e9nez\",\"inseguridad\",\"pandemia\",\"Salud\",\"Salvador Mu\u00f1oz\",\"Segundo Informe\",\"Seguridad\",\"Veracruz\"],\"articleSection\":[\"De Opini\u00f3n\"],\"inLanguage\":\"es\",\"potentialAction\":[{\"@type\":\"CommentAction\",\"name\":\"Comment\",\"target\":[\"https:\\\/\\\/lospoliticosveracruz.com\\\/?p=63809#respond\"]}]},{\"@type\":\"WebPage\",\"@id\":\"https:\\\/\\\/lospoliticosveracruz.com\\\/?p=63809\",\"url\":\"https:\\\/\\\/lospoliticosveracruz.com\\\/?p=63809\",\"name\":\"El apuntador de Cuic - Los pol\u00edticos Veracruz\",\"isPartOf\":{\"@id\":\"https:\\\/\\\/lospoliticosveracruz.com\\\/#website\"},\"primaryImageOfPage\":{\"@id\":\"https:\\\/\\\/lospoliticosveracruz.com\\\/?p=63809#primaryimage\"},\"image\":{\"@id\":\"https:\\\/\\\/lospoliticosveracruz.com\\\/?p=63809#primaryimage\"},\"thumbnailUrl\":\"http:\\\/\\\/www.lospoliticosveracruz.com.mx\\\/wp-content\\\/uploads\\\/2020\\\/07\\\/CINTILLO-Armando.jpg\",\"datePublished\":\"2020-11-12T22:57:53+00:00\",\"dateModified\":\"2020-11-13T14:08:43+00:00\",\"breadcrumb\":{\"@id\":\"https:\\\/\\\/lospoliticosveracruz.com\\\/?p=63809#breadcrumb\"},\"inLanguage\":\"es\",\"potentialAction\":[{\"@type\":\"ReadAction\",\"target\":[\"https:\\\/\\\/lospoliticosveracruz.com\\\/?p=63809\"]}]},{\"@type\":\"ImageObject\",\"inLanguage\":\"es\",\"@id\":\"https:\\\/\\\/lospoliticosveracruz.com\\\/?p=63809#primaryimage\",\"url\":\"http:\\\/\\\/www.lospoliticosveracruz.com.mx\\\/wp-content\\\/uploads\\\/2020\\\/07\\\/CINTILLO-Armando.jpg\",\"contentUrl\":\"http:\\\/\\\/www.lospoliticosveracruz.com.mx\\\/wp-content\\\/uploads\\\/2020\\\/07\\\/CINTILLO-Armando.jpg\"},{\"@type\":\"BreadcrumbList\",\"@id\":\"https:\\\/\\\/lospoliticosveracruz.com\\\/?p=63809#breadcrumb\",\"itemListElement\":[{\"@type\":\"ListItem\",\"position\":1,\"name\":\"Portada\",\"item\":\"https:\\\/\\\/lospoliticosveracruz.com\\\/\"},{\"@type\":\"ListItem\",\"position\":2,\"name\":\"El apuntador de Cuic\"}]},{\"@type\":\"WebSite\",\"@id\":\"https:\\\/\\\/lospoliticosveracruz.com\\\/#website\",\"url\":\"https:\\\/\\\/lospoliticosveracruz.com\\\/\",\"name\":\"Los pol\u00edticos Veracruz\",\"description\":\"\",\"publisher\":{\"@id\":\"https:\\\/\\\/lospoliticosveracruz.com\\\/#organization\"},\"potentialAction\":[{\"@type\":\"SearchAction\",\"target\":{\"@type\":\"EntryPoint\",\"urlTemplate\":\"https:\\\/\\\/lospoliticosveracruz.com\\\/?s={search_term_string}\"},\"query-input\":{\"@type\":\"PropertyValueSpecification\",\"valueRequired\":true,\"valueName\":\"search_term_string\"}}],\"inLanguage\":\"es\"},{\"@type\":\"Organization\",\"@id\":\"https:\\\/\\\/lospoliticosveracruz.com\\\/#organization\",\"name\":\"Los pol\u00edticos Veracruz\",\"url\":\"https:\\\/\\\/lospoliticosveracruz.com\\\/\",\"logo\":{\"@type\":\"ImageObject\",\"inLanguage\":\"es\",\"@id\":\"https:\\\/\\\/lospoliticosveracruz.com\\\/#\\\/schema\\\/logo\\\/image\\\/\",\"url\":\"https:\\\/\\\/lospoliticosveracruz.com\\\/wp-content\\\/uploads\\\/2025\\\/12\\\/Logo-Nuevo-LOS-POLITICOS-1.jpg\",\"contentUrl\":\"https:\\\/\\\/lospoliticosveracruz.com\\\/wp-content\\\/uploads\\\/2025\\\/12\\\/Logo-Nuevo-LOS-POLITICOS-1.jpg\",\"width\":260,\"height\":70,\"caption\":\"Los pol\u00edticos Veracruz\"},\"image\":{\"@id\":\"https:\\\/\\\/lospoliticosveracruz.com\\\/#\\\/schema\\\/logo\\\/image\\\/\"},\"sameAs\":[\"https:\\\/\\\/www.facebook.com\\\/people\\\/Notimemes-de-los-Polticos\\\/61565672886568\\\/\",\"https:\\\/\\\/x.com\\\/LosPoliticosVer\"]},{\"@type\":\"Person\",\"@id\":\"https:\\\/\\\/lospoliticosveracruz.com\\\/#\\\/schema\\\/person\\\/b8702bb0e538456e6efd07080bf2a4a2\",\"name\":\"Lo viste en Los Pol\u00edticos\",\"image\":{\"@type\":\"ImageObject\",\"inLanguage\":\"es\",\"@id\":\"https:\\\/\\\/secure.gravatar.com\\\/avatar\\\/3a8de04a2656d44082be478bd6c086daa447c4651605818287b9532d3d0bd435?s=96&d=mm&r=g\",\"url\":\"https:\\\/\\\/secure.gravatar.com\\\/avatar\\\/3a8de04a2656d44082be478bd6c086daa447c4651605818287b9532d3d0bd435?s=96&d=mm&r=g\",\"contentUrl\":\"https:\\\/\\\/secure.gravatar.com\\\/avatar\\\/3a8de04a2656d44082be478bd6c086daa447c4651605818287b9532d3d0bd435?s=96&d=mm&r=g\",\"caption\":\"Lo viste en Los Pol\u00edticos\"},\"url\":\"https:\\\/\\\/lospoliticosveracruz.com\\\/?author=2\"}]}<\/script>\n<!-- \/ Yoast SEO plugin. -->","yoast_head_json":{"title":"El apuntador de Cuic - Los pol\u00edticos Veracruz","robots":{"index":"index","follow":"follow","max-snippet":"max-snippet:-1","max-image-preview":"max-image-preview:large","max-video-preview":"max-video-preview:-1"},"canonical":"https:\/\/lospoliticosveracruz.com\/?p=63809","og_locale":"es_ES","og_type":"article","og_title":"El apuntador de Cuic - Los pol\u00edticos Veracruz","og_description":"Salvador Mu\u00f1oz Los Pol\u00edticos \u00a1Huy! \u00a1Qu\u00e9 emoci\u00f3n! Este domingo ha de entregar su II Informe Cuitl\u00e1huac Garc\u00eda Jim\u00e9nez y de acuerdo a lo comentado por la misma Waltraud, \u00a1va a estar bonito! \u00a1Claro! Sin tomar en cuenta los hechos cruentos, la crisis econ\u00f3mica y sanitaria que reina en el estado; los desempleos, la ausencia de [&hellip;]","og_url":"https:\/\/lospoliticosveracruz.com\/?p=63809","og_site_name":"Los pol\u00edticos Veracruz","article_publisher":"https:\/\/www.facebook.com\/people\/Notimemes-de-los-Polticos\/61565672886568\/","article_published_time":"2020-11-12T22:57:53+00:00","article_modified_time":"2020-11-13T14:08:43+00:00","og_image":[{"url":"http:\/\/www.lospoliticosveracruz.com.mx\/wp-content\/uploads\/2020\/07\/CINTILLO-Armando.jpg","type":"","width":"","height":""}],"author":"Lo viste en Los Pol\u00edticos","twitter_card":"summary_large_image","twitter_creator":"@LosPoliticosVer","twitter_site":"@LosPoliticosVer","twitter_misc":{"Escrito por":"Lo viste en Los Pol\u00edticos","Tiempo de lectura":"3 minutos"},"schema":{"@context":"https:\/\/schema.org","@graph":[{"@type":"Article","@id":"https:\/\/lospoliticosveracruz.com\/?p=63809#article","isPartOf":{"@id":"https:\/\/lospoliticosveracruz.com\/?p=63809"},"author":{"name":"Lo viste en Los Pol\u00edticos","@id":"https:\/\/lospoliticosveracruz.com\/#\/schema\/person\/b8702bb0e538456e6efd07080bf2a4a2"},"headline":"El apuntador de Cuic","datePublished":"2020-11-12T22:57:53+00:00","dateModified":"2020-11-13T14:08:43+00:00","mainEntityOfPage":{"@id":"https:\/\/lospoliticosveracruz.com\/?p=63809"},"wordCount":584,"commentCount":0,"publisher":{"@id":"https:\/\/lospoliticosveracruz.com\/#organization"},"image":{"@id":"https:\/\/lospoliticosveracruz.com\/?p=63809#primaryimage"},"thumbnailUrl":"http:\/\/www.lospoliticosveracruz.com.mx\/wp-content\/uploads\/2020\/07\/CINTILLO-Armando.jpg","keywords":["Cuitl\u00e1huac Garc\u00eda Jim\u00e9nez","inseguridad","pandemia","Salud","Salvador Mu\u00f1oz","Segundo Informe","Seguridad","Veracruz"],"articleSection":["De Opini\u00f3n"],"inLanguage":"es","potentialAction":[{"@type":"CommentAction","name":"Comment","target":["https:\/\/lospoliticosveracruz.com\/?p=63809#respond"]}]},{"@type":"WebPage","@id":"https:\/\/lospoliticosveracruz.com\/?p=63809","url":"https:\/\/lospoliticosveracruz.com\/?p=63809","name":"El apuntador de Cuic - Los pol\u00edticos Veracruz","isPartOf":{"@id":"https:\/\/lospoliticosveracruz.com\/#website"},"primaryImageOfPage":{"@id":"https:\/\/lospoliticosveracruz.com\/?p=63809#primaryimage"},"image":{"@id":"https:\/\/lospoliticosveracruz.com\/?p=63809#primaryimage"},"thumbnailUrl":"http:\/\/www.lospoliticosveracruz.com.mx\/wp-content\/uploads\/2020\/07\/CINTILLO-Armando.jpg","datePublished":"2020-11-12T22:57:53+00:00","dateModified":"2020-11-13T14:08:43+00:00","breadcrumb":{"@id":"https:\/\/lospoliticosveracruz.com\/?p=63809#breadcrumb"},"inLanguage":"es","potentialAction":[{"@type":"ReadAction","target":["https:\/\/lospoliticosveracruz.com\/?p=63809"]}]},{"@type":"ImageObject","inLanguage":"es","@id":"https:\/\/lospoliticosveracruz.com\/?p=63809#primaryimage","url":"http:\/\/www.lospoliticosveracruz.com.mx\/wp-content\/uploads\/2020\/07\/CINTILLO-Armando.jpg","contentUrl":"http:\/\/www.lospoliticosveracruz.com.mx\/wp-content\/uploads\/2020\/07\/CINTILLO-Armando.jpg"},{"@type":"BreadcrumbList","@id":"https:\/\/lospoliticosveracruz.com\/?p=63809#breadcrumb","itemListElement":[{"@type":"ListItem","position":1,"name":"Portada","item":"https:\/\/lospoliticosveracruz.com\/"},{"@type":"ListItem","position":2,"name":"El apuntador de Cuic"}]},{"@type":"WebSite","@id":"https:\/\/lospoliticosveracruz.com\/#website","url":"https:\/\/lospoliticosveracruz.com\/","name":"Los pol\u00edticos Veracruz","description":"","publisher":{"@id":"https:\/\/lospoliticosveracruz.com\/#organization"},"potentialAction":[{"@type":"SearchAction","target":{"@type":"EntryPoint","urlTemplate":"https:\/\/lospoliticosveracruz.com\/?s={search_term_string}"},"query-input":{"@type":"PropertyValueSpecification","valueRequired":true,"valueName":"search_term_string"}}],"inLanguage":"es"},{"@type":"Organization","@id":"https:\/\/lospoliticosveracruz.com\/#organization","name":"Los pol\u00edticos Veracruz","url":"https:\/\/lospoliticosveracruz.com\/","logo":{"@type":"ImageObject","inLanguage":"es","@id":"https:\/\/lospoliticosveracruz.com\/#\/schema\/logo\/image\/","url":"https:\/\/lospoliticosveracruz.com\/wp-content\/uploads\/2025\/12\/Logo-Nuevo-LOS-POLITICOS-1.jpg","contentUrl":"https:\/\/lospoliticosveracruz.com\/wp-content\/uploads\/2025\/12\/Logo-Nuevo-LOS-POLITICOS-1.jpg","width":260,"height":70,"caption":"Los pol\u00edticos Veracruz"},"image":{"@id":"https:\/\/lospoliticosveracruz.com\/#\/schema\/logo\/image\/"},"sameAs":["https:\/\/www.facebook.com\/people\/Notimemes-de-los-Polticos\/61565672886568\/","https:\/\/x.com\/LosPoliticosVer"]},{"@type":"Person","@id":"https:\/\/lospoliticosveracruz.com\/#\/schema\/person\/b8702bb0e538456e6efd07080bf2a4a2","name":"Lo viste en Los Pol\u00edticos","image":{"@type":"ImageObject","inLanguage":"es","@id":"https:\/\/secure.gravatar.com\/avatar\/3a8de04a2656d44082be478bd6c086daa447c4651605818287b9532d3d0bd435?s=96&d=mm&r=g","url":"https:\/\/secure.gravatar.com\/avatar\/3a8de04a2656d44082be478bd6c086daa447c4651605818287b9532d3d0bd435?s=96&d=mm&r=g","contentUrl":"https:\/\/secure.gravatar.com\/avatar\/3a8de04a2656d44082be478bd6c086daa447c4651605818287b9532d3d0bd435?s=96&d=mm&r=g","caption":"Lo viste en Los Pol\u00edticos"},"url":"https:\/\/lospoliticosveracruz.com\/?author=2"}]}},"_links":{"self":[{"href":"https:\/\/lospoliticosveracruz.com\/index.php?rest_route=\/wp\/v2\/posts\/63809","targetHints":{"allow":["GET"]}}],"collection":[{"href":"https:\/\/lospoliticosveracruz.com\/index.php?rest_route=\/wp\/v2\/posts"}],"about":[{"href":"https:\/\/lospoliticosveracruz.com\/index.php?rest_route=\/wp\/v2\/types\/post"}],"author":[{"embeddable":true,"href":"https:\/\/lospoliticosveracruz.com\/index.php?rest_route=\/wp\/v2\/users\/2"}],"replies":[{"embeddable":true,"href":"https:\/\/lospoliticosveracruz.com\/index.php?rest_route=%2Fwp%2Fv2%2Fcomments&post=63809"}],"version-history":[{"count":2,"href":"https:\/\/lospoliticosveracruz.com\/index.php?rest_route=\/wp\/v2\/posts\/63809\/revisions"}],"predecessor-version":[{"id":63822,"href":"https:\/\/lospoliticosveracruz.com\/index.php?rest_route=\/wp\/v2\/posts\/63809\/revisions\/63822"}],"wp:attachment":[{"href":"https:\/\/lospoliticosveracruz.com\/index.php?rest_route=%2Fwp%2Fv2%2Fmedia&parent=63809"}],"wp:term":[{"taxonomy":"category","embeddable":true,"href":"https:\/\/lospoliticosveracruz.com\/index.php?rest_route=%2Fwp%2Fv2%2Fcategories&post=63809"},{"taxonomy":"post_tag","embeddable":true,"href":"https:\/\/lospoliticosveracruz.com\/index.php?rest_route=%2Fwp%2Fv2%2Ftags&post=63809"}],"curies":[{"name":"wp","href":"https:\/\/api.w.org\/{rel}","templated":true}]}}