{"id":64002,"date":"2020-11-16T08:58:56","date_gmt":"2020-11-16T14:58:56","guid":{"rendered":"http:\/\/www.lospoliticosveracruz.com.mx\/?p=64002"},"modified":"2020-11-16T11:59:37","modified_gmt":"2020-11-16T17:59:37","slug":"los-crimenes-de-la-iglesia-y-el-origen-del-capitalismo-2","status":"publish","type":"post","link":"https:\/\/lospoliticosveracruz.com\/?p=64002","title":{"rendered":"Los cr\u00edmenes de la iglesia y el origen del capitalismo"},"content":{"rendered":"<p><strong>Jorge V\u00e1zquez Sangabriel<\/strong><\/p>\n<p><em>Palimpsesto<\/em><\/p>\n<p><strong>(2da parte)<\/strong><\/p>\n<p>A trav\u00e9s de la acci\u00f3n pol\u00edtica se puede cambiar la naturaleza humana. La Revoluci\u00f3n francesa, tuvo consciencia de ello. Siendo as\u00ed, que se establece un nuevo orden en la sociedad, imit\u00e1ndose estas acciones en las diferentes poblaciones del orbe.<br \/>\nCalvino y Lutero motivaron el movimiento de consciencia religiosa-social, liberando los pensamientos que mantuvieron a estas sociedades en el oscurantismo; estos movimientos pusieron fin a las presiones recaudatorias y a la opresi\u00f3n espiritual en las comunidades que se rebelaban, permitiendo nuevas formas de evoluci\u00f3n, entre ellas, el ahorro que propici\u00f3 la inversi\u00f3n econ\u00f3mica.<br \/>\nLa doctrina luterana puso fin a la Edad Media, extendi\u00e9ndose sobre la mitad del norte de Europa, desde los pa\u00edses b\u00e1lticos hasta Escocia, desde Escandinavia hasta Suiza, su filiaci\u00f3n se vuelve numerosa y variada, a menudo m\u00e1s radical, especialmente en Ginebra, en donde el franco-suizo Juan Calvino, quien durante su paso por los claustros universitarios tom\u00f3 contacto con las ideas humanistas y reformadoras de Mart\u00edn Lutero, instituye una iglesia reformada, organizada, democr\u00e1tica; que a diferencia de las propuestas de Lutero, una iglesia independiente del Estado, cuyos principios y enunciados, servir\u00edan de modelo en Inglaterra. La rebeli\u00f3n contra Roma fue dirigida, no por una tendencia de propuesta de un hombre o del pueblo, sino por el propio soberano Enrique VIII, porque el Papa no le autorizaba divorciarse.<br \/>\nLa contra reforma llevar\u00e1 a las Guerras de Religi\u00f3n, \u00e9stas son atroces por toda Europa, en particular en Francia contra los protestantes hugonetes a partir de la Noche de San Bartolom\u00e9, sin Alemania durante la guerra de los treinta a\u00f1os.<br \/>\nA fin de vivir en paz su nueva Fe, los protestantes de toda Europa, se expatriaron a Am\u00e9rica; mientras que la Am\u00e9rica del Sur espa\u00f1ola y portuguesa se quedan con la Iglesia conservadora de Roma, Am\u00e9rica del Norte se va convirtiendo en el refugio de las sectas protestantes perseguidas. La nueva tierra prometida de un pueblo de emigrantes, cuyo \u00e9xito les convenc\u00eda de que esas acciones eran para retomar que son un pueblo predestinado, un pueblo elegido por Dios.<br \/>\nEl capitalismo primitivo, tuvo por cuna, las rep\u00fablicas italianas, en donde terminar\u00e1 por perder su vigor. El esp\u00edritu de la Reforma, se conjug\u00f3 en un puritanismo calvinista, austero, favorable al ahorro, por tanto favorable a la inversi\u00f3n. As\u00ed que el capitalismo moderno tomar\u00e1 impulso en los pa\u00edses protestantes de la Europa del Norte y Am\u00e9rica.<br \/>\nLos presidentes electos de los Estados Unidos, juran el cargo colocando la mano sobre una Biblia, la cual puede ser de origen protestante o cat\u00f3lico.<br \/>\nEl jueves, 12 de noviembre, de este a\u00f1o, el Papa Francisco felicit\u00f3 en una conversaci\u00f3n telef\u00f3nica a Joe Biden, el posible Presidente electo de los EEUU. Matteo Bruni, Director de la Oficina de Prensa de la Santa Sede, confirm\u00f3 el hecho. A la conversaci\u00f3n, sigui\u00f3 el saludo de los Obispos estadounidenses, que a trav\u00e9s de un Mensaje del Presidente de la Conferencia Episcopal, el Arzobispo de los \u00c1ngeles, Jos\u00e9 H. G\u00f3mez, lo felicit\u00f3 como el segundo Presidente cat\u00f3lico del pa\u00eds, despu\u00e9s de John F. Kennedy: \u00abAgradecemos a Dios la bendici\u00f3n de la libertad, el pueblo americano se ha expresado en estas elecciones. Ahora es el momento de que nuestros l\u00edderes se re\u00fanan en un esp\u00edritu de unidad nacional y se comprometan en el di\u00e1logo y el compromiso del bien com\u00fan. Como cat\u00f3licos y americanos, nuestras prioridades y nuestra misi\u00f3n est\u00e1n claras. Estamos aqu\u00ed para seguir a Jesucristo, para dar testimonios de su amor en nuestras vidas y para construir su reino en la tierra. Creo que en este momento de la historia de Estados Unidos, los cat\u00f3licos tienen el deber especial de ser pacificadores, de promover la fraternidad y la confianza mutua y de rezar por un renovado esp\u00edritu de verdadero patriotismo en nuestro pa\u00eds\u00bb. El Mensaje augural del Presidente de los Obispos de Estados Unido, concluy\u00f3 as\u00ed: \u00abPedimos a la Sant\u00edsima Virgen Mar\u00eda, patrona de esta gran naci\u00f3n, que interceda por nosotros. Que nos ayude a trabajar juntos para realizar la hermosa visi\u00f3n de los misioneros y fundadores de los Estados Unido: una naci\u00f3n bajo Dios, donde se defienda la santidad de toda la vida humana y se garantice la libertad de conciencia y de religi\u00f3n\u00bb. (Tomado de Vatican News).<\/p>\n<p><em><strong>Sint\u00e1cticas<\/strong><\/em><br \/>\nA prop\u00f3sito del \u00abBuen fin\u00bb:<br \/>\nEn el Jard\u00edn de recreo, de la obra de Goethe, Fausto:<br \/>\nEl senescal: Seren\u00edsimo se\u00f1or: en mi vida pens\u00e9 anunciarte nuevas m\u00e1s faustas que \u00e9sta que labra mi mayor dicha y me enajena en presencia tuya. Cuenta tras cuenta, todo est\u00e1 pagado; las garras de los usureros est\u00e1n aplacadas; libre estoy de tal tormento del infierno. Ni en el cielo se puede ser m\u00e1s feliz\u2026<br \/>\nMefist\u00f3feles. Sobre el dinero:<br \/>\nEl que solitario se pasea por las terrazas, percibe la m\u00e1s hermosa mujer, ricamente ataviada, oculto un ojo sobre el soberbio abanico de plumas de pavo real; nos sonr\u00ede, y con la vista sigue un billete como esos, y m\u00e1s presto que con el talento y la oratoria, se logran los m\u00e1s preciados del amor. No habr\u00e1 que molestarse llevando bolso y escarcela; una peque\u00f1a hoja es f\u00e1cil de llevar en el seno, y se aparea muy bien con un billetito amoroso\u2026<\/p>\n<p>Johan Sebastian Bach. Les suites pour violoncelle seul. Interpreta: Marc Coppey. Chapelle de la Trinit\u00e9. Lyon, Francia:<br \/>\n<em><strong><a href=\"https:\/\/www.youtube.com\/watch?v=EsUWG2axB3w\">https:\/\/www.youtube.com\/watch?v=EsUWG2axB3w<\/a><\/strong><\/em><\/p>\n","protected":false},"excerpt":{"rendered":"<p>Jorge V\u00e1zquez Sangabriel Palimpsesto (2da parte) A trav\u00e9s de la acci\u00f3n pol\u00edtica se puede cambiar la naturaleza humana. La Revoluci\u00f3n francesa, tuvo consciencia de ello. Siendo as\u00ed, que se establece un nuevo orden en la sociedad, imit\u00e1ndose estas acciones en las diferentes poblaciones del orbe. Calvino y Lutero motivaron el movimiento de consciencia religiosa-social, liberando [&hellip;]<\/p>\n","protected":false},"author":2,"featured_media":0,"comment_status":"open","ping_status":"open","sticky":false,"template":"","format":"video","meta":{"tdm_status":"","tdm_grid_status":"","footnotes":""},"categories":[70],"tags":[862,4786,23646,23649,23179,2547,23650,23648,23647,23645],"class_list":{"0":"post-64002","1":"post","2":"type-post","3":"status-publish","4":"format-video","6":"category-de-opinion","7":"tag-buen-fin","8":"tag-catolicos","9":"tag-edad-media","10":"tag-enrique-viii","11":"tag-joe-biden","12":"tag-john-f-kennedy","13":"tag-jose-h-gomez","14":"tag-juan-calvino","15":"tag-martin-lutero","16":"tag-revolucion-francesa","17":"post_format-post-format-video"},"yoast_head":"<!-- This site is optimized with the Yoast SEO plugin v27.4 - https:\/\/yoast.com\/product\/yoast-seo-wordpress\/ -->\n<title>Los cr\u00edmenes de la iglesia y el origen del capitalismo - Los pol\u00edticos Veracruz<\/title>\n<meta name=\"robots\" content=\"index, follow, max-snippet:-1, max-image-preview:large, max-video-preview:-1\" \/>\n<link rel=\"canonical\" href=\"https:\/\/lospoliticosveracruz.com\/?p=64002\" \/>\n<meta property=\"og:locale\" content=\"es_ES\" \/>\n<meta property=\"og:type\" content=\"article\" \/>\n<meta property=\"og:title\" content=\"Los cr\u00edmenes de la iglesia y el origen del capitalismo - Los pol\u00edticos Veracruz\" \/>\n<meta property=\"og:description\" content=\"Jorge V\u00e1zquez Sangabriel Palimpsesto (2da parte) A trav\u00e9s de la acci\u00f3n pol\u00edtica se puede cambiar la naturaleza humana. La Revoluci\u00f3n francesa, tuvo consciencia de ello. Siendo as\u00ed, que se establece un nuevo orden en la sociedad, imit\u00e1ndose estas acciones en las diferentes poblaciones del orbe. Calvino y Lutero motivaron el movimiento de consciencia religiosa-social, liberando [&hellip;]\" \/>\n<meta property=\"og:url\" content=\"https:\/\/lospoliticosveracruz.com\/?p=64002\" \/>\n<meta property=\"og:site_name\" content=\"Los pol\u00edticos Veracruz\" \/>\n<meta property=\"article:publisher\" content=\"https:\/\/www.facebook.com\/people\/Notimemes-de-los-Polticos\/61565672886568\/\" \/>\n<meta property=\"article:published_time\" content=\"2020-11-16T14:58:56+00:00\" \/>\n<meta property=\"article:modified_time\" content=\"2020-11-16T17:59:37+00:00\" \/>\n<meta property=\"og:image\" content=\"https:\/\/lospoliticosveracruz.com\/wp-content\/uploads\/2016\/07\/Logo-Dor.jpg\" \/>\n\t<meta property=\"og:image:width\" content=\"200\" \/>\n\t<meta property=\"og:image:height\" content=\"200\" \/>\n\t<meta property=\"og:image:type\" content=\"image\/jpeg\" \/>\n<meta name=\"author\" content=\"Lo viste en Los Pol\u00edticos\" \/>\n<meta name=\"twitter:card\" content=\"summary_large_image\" \/>\n<meta name=\"twitter:creator\" content=\"@LosPoliticosVer\" \/>\n<meta name=\"twitter:site\" content=\"@LosPoliticosVer\" \/>\n<meta name=\"twitter:label1\" content=\"Escrito por\" \/>\n\t<meta name=\"twitter:data1\" content=\"Lo viste en Los Pol\u00edticos\" \/>\n\t<meta name=\"twitter:label2\" content=\"Tiempo de lectura\" \/>\n\t<meta name=\"twitter:data2\" content=\"5 minutos\" \/>\n<script type=\"application\/ld+json\" class=\"yoast-schema-graph\">{\"@context\":\"https:\\\/\\\/schema.org\",\"@graph\":[{\"@type\":\"Article\",\"@id\":\"https:\\\/\\\/lospoliticosveracruz.com\\\/?p=64002#article\",\"isPartOf\":{\"@id\":\"https:\\\/\\\/lospoliticosveracruz.com\\\/?p=64002\"},\"author\":{\"name\":\"Lo viste en Los Pol\u00edticos\",\"@id\":\"https:\\\/\\\/lospoliticosveracruz.com\\\/#\\\/schema\\\/person\\\/b8702bb0e538456e6efd07080bf2a4a2\"},\"headline\":\"Los cr\u00edmenes de la iglesia y el origen del capitalismo\",\"datePublished\":\"2020-11-16T14:58:56+00:00\",\"dateModified\":\"2020-11-16T17:59:37+00:00\",\"mainEntityOfPage\":{\"@id\":\"https:\\\/\\\/lospoliticosveracruz.com\\\/?p=64002\"},\"wordCount\":971,\"commentCount\":0,\"publisher\":{\"@id\":\"https:\\\/\\\/lospoliticosveracruz.com\\\/#organization\"},\"keywords\":[\"Buen Fin\",\"cat\u00f3licos\",\"Edad Media\",\"Enrique VIII\",\"Joe Biden\",\"John F. Kennedy\",\"Jos\u00e9 H. G\u00f3mez\",\"Juan Calvino\",\"Mart\u00edn Lutero\",\"Revoluci\u00f3n francesa\"],\"articleSection\":[\"De Opini\u00f3n\"],\"inLanguage\":\"es\",\"potentialAction\":[{\"@type\":\"CommentAction\",\"name\":\"Comment\",\"target\":[\"https:\\\/\\\/lospoliticosveracruz.com\\\/?p=64002#respond\"]}]},{\"@type\":\"WebPage\",\"@id\":\"https:\\\/\\\/lospoliticosveracruz.com\\\/?p=64002\",\"url\":\"https:\\\/\\\/lospoliticosveracruz.com\\\/?p=64002\",\"name\":\"Los cr\u00edmenes de la iglesia y el origen del capitalismo - Los pol\u00edticos Veracruz\",\"isPartOf\":{\"@id\":\"https:\\\/\\\/lospoliticosveracruz.com\\\/#website\"},\"datePublished\":\"2020-11-16T14:58:56+00:00\",\"dateModified\":\"2020-11-16T17:59:37+00:00\",\"breadcrumb\":{\"@id\":\"https:\\\/\\\/lospoliticosveracruz.com\\\/?p=64002#breadcrumb\"},\"inLanguage\":\"es\",\"potentialAction\":[{\"@type\":\"ReadAction\",\"target\":[\"https:\\\/\\\/lospoliticosveracruz.com\\\/?p=64002\"]}]},{\"@type\":\"BreadcrumbList\",\"@id\":\"https:\\\/\\\/lospoliticosveracruz.com\\\/?p=64002#breadcrumb\",\"itemListElement\":[{\"@type\":\"ListItem\",\"position\":1,\"name\":\"Portada\",\"item\":\"https:\\\/\\\/lospoliticosveracruz.com\\\/\"},{\"@type\":\"ListItem\",\"position\":2,\"name\":\"Los cr\u00edmenes de la iglesia y el origen del capitalismo\"}]},{\"@type\":\"WebSite\",\"@id\":\"https:\\\/\\\/lospoliticosveracruz.com\\\/#website\",\"url\":\"https:\\\/\\\/lospoliticosveracruz.com\\\/\",\"name\":\"Los pol\u00edticos Veracruz\",\"description\":\"\",\"publisher\":{\"@id\":\"https:\\\/\\\/lospoliticosveracruz.com\\\/#organization\"},\"potentialAction\":[{\"@type\":\"SearchAction\",\"target\":{\"@type\":\"EntryPoint\",\"urlTemplate\":\"https:\\\/\\\/lospoliticosveracruz.com\\\/?s={search_term_string}\"},\"query-input\":{\"@type\":\"PropertyValueSpecification\",\"valueRequired\":true,\"valueName\":\"search_term_string\"}}],\"inLanguage\":\"es\"},{\"@type\":\"Organization\",\"@id\":\"https:\\\/\\\/lospoliticosveracruz.com\\\/#organization\",\"name\":\"Los pol\u00edticos Veracruz\",\"url\":\"https:\\\/\\\/lospoliticosveracruz.com\\\/\",\"logo\":{\"@type\":\"ImageObject\",\"inLanguage\":\"es\",\"@id\":\"https:\\\/\\\/lospoliticosveracruz.com\\\/#\\\/schema\\\/logo\\\/image\\\/\",\"url\":\"https:\\\/\\\/lospoliticosveracruz.com\\\/wp-content\\\/uploads\\\/2025\\\/12\\\/Logo-Nuevo-LOS-POLITICOS-1.jpg\",\"contentUrl\":\"https:\\\/\\\/lospoliticosveracruz.com\\\/wp-content\\\/uploads\\\/2025\\\/12\\\/Logo-Nuevo-LOS-POLITICOS-1.jpg\",\"width\":260,\"height\":70,\"caption\":\"Los pol\u00edticos Veracruz\"},\"image\":{\"@id\":\"https:\\\/\\\/lospoliticosveracruz.com\\\/#\\\/schema\\\/logo\\\/image\\\/\"},\"sameAs\":[\"https:\\\/\\\/www.facebook.com\\\/people\\\/Notimemes-de-los-Polticos\\\/61565672886568\\\/\",\"https:\\\/\\\/x.com\\\/LosPoliticosVer\"]},{\"@type\":\"Person\",\"@id\":\"https:\\\/\\\/lospoliticosveracruz.com\\\/#\\\/schema\\\/person\\\/b8702bb0e538456e6efd07080bf2a4a2\",\"name\":\"Lo viste en Los Pol\u00edticos\",\"image\":{\"@type\":\"ImageObject\",\"inLanguage\":\"es\",\"@id\":\"https:\\\/\\\/secure.gravatar.com\\\/avatar\\\/3a8de04a2656d44082be478bd6c086daa447c4651605818287b9532d3d0bd435?s=96&d=mm&r=g\",\"url\":\"https:\\\/\\\/secure.gravatar.com\\\/avatar\\\/3a8de04a2656d44082be478bd6c086daa447c4651605818287b9532d3d0bd435?s=96&d=mm&r=g\",\"contentUrl\":\"https:\\\/\\\/secure.gravatar.com\\\/avatar\\\/3a8de04a2656d44082be478bd6c086daa447c4651605818287b9532d3d0bd435?s=96&d=mm&r=g\",\"caption\":\"Lo viste en Los Pol\u00edticos\"},\"url\":\"https:\\\/\\\/lospoliticosveracruz.com\\\/?author=2\"}]}<\/script>\n<!-- \/ Yoast SEO plugin. -->","yoast_head_json":{"title":"Los cr\u00edmenes de la iglesia y el origen del capitalismo - Los pol\u00edticos Veracruz","robots":{"index":"index","follow":"follow","max-snippet":"max-snippet:-1","max-image-preview":"max-image-preview:large","max-video-preview":"max-video-preview:-1"},"canonical":"https:\/\/lospoliticosveracruz.com\/?p=64002","og_locale":"es_ES","og_type":"article","og_title":"Los cr\u00edmenes de la iglesia y el origen del capitalismo - Los pol\u00edticos Veracruz","og_description":"Jorge V\u00e1zquez Sangabriel Palimpsesto (2da parte) A trav\u00e9s de la acci\u00f3n pol\u00edtica se puede cambiar la naturaleza humana. La Revoluci\u00f3n francesa, tuvo consciencia de ello. Siendo as\u00ed, que se establece un nuevo orden en la sociedad, imit\u00e1ndose estas acciones en las diferentes poblaciones del orbe. Calvino y Lutero motivaron el movimiento de consciencia religiosa-social, liberando [&hellip;]","og_url":"https:\/\/lospoliticosveracruz.com\/?p=64002","og_site_name":"Los pol\u00edticos Veracruz","article_publisher":"https:\/\/www.facebook.com\/people\/Notimemes-de-los-Polticos\/61565672886568\/","article_published_time":"2020-11-16T14:58:56+00:00","article_modified_time":"2020-11-16T17:59:37+00:00","og_image":[{"width":200,"height":200,"url":"https:\/\/lospoliticosveracruz.com\/wp-content\/uploads\/2016\/07\/Logo-Dor.jpg","type":"image\/jpeg"}],"author":"Lo viste en Los Pol\u00edticos","twitter_card":"summary_large_image","twitter_creator":"@LosPoliticosVer","twitter_site":"@LosPoliticosVer","twitter_misc":{"Escrito por":"Lo viste en Los Pol\u00edticos","Tiempo de lectura":"5 minutos"},"schema":{"@context":"https:\/\/schema.org","@graph":[{"@type":"Article","@id":"https:\/\/lospoliticosveracruz.com\/?p=64002#article","isPartOf":{"@id":"https:\/\/lospoliticosveracruz.com\/?p=64002"},"author":{"name":"Lo viste en Los Pol\u00edticos","@id":"https:\/\/lospoliticosveracruz.com\/#\/schema\/person\/b8702bb0e538456e6efd07080bf2a4a2"},"headline":"Los cr\u00edmenes de la iglesia y el origen del capitalismo","datePublished":"2020-11-16T14:58:56+00:00","dateModified":"2020-11-16T17:59:37+00:00","mainEntityOfPage":{"@id":"https:\/\/lospoliticosveracruz.com\/?p=64002"},"wordCount":971,"commentCount":0,"publisher":{"@id":"https:\/\/lospoliticosveracruz.com\/#organization"},"keywords":["Buen Fin","cat\u00f3licos","Edad Media","Enrique VIII","Joe Biden","John F. Kennedy","Jos\u00e9 H. G\u00f3mez","Juan Calvino","Mart\u00edn Lutero","Revoluci\u00f3n francesa"],"articleSection":["De Opini\u00f3n"],"inLanguage":"es","potentialAction":[{"@type":"CommentAction","name":"Comment","target":["https:\/\/lospoliticosveracruz.com\/?p=64002#respond"]}]},{"@type":"WebPage","@id":"https:\/\/lospoliticosveracruz.com\/?p=64002","url":"https:\/\/lospoliticosveracruz.com\/?p=64002","name":"Los cr\u00edmenes de la iglesia y el origen del capitalismo - Los pol\u00edticos Veracruz","isPartOf":{"@id":"https:\/\/lospoliticosveracruz.com\/#website"},"datePublished":"2020-11-16T14:58:56+00:00","dateModified":"2020-11-16T17:59:37+00:00","breadcrumb":{"@id":"https:\/\/lospoliticosveracruz.com\/?p=64002#breadcrumb"},"inLanguage":"es","potentialAction":[{"@type":"ReadAction","target":["https:\/\/lospoliticosveracruz.com\/?p=64002"]}]},{"@type":"BreadcrumbList","@id":"https:\/\/lospoliticosveracruz.com\/?p=64002#breadcrumb","itemListElement":[{"@type":"ListItem","position":1,"name":"Portada","item":"https:\/\/lospoliticosveracruz.com\/"},{"@type":"ListItem","position":2,"name":"Los cr\u00edmenes de la iglesia y el origen del capitalismo"}]},{"@type":"WebSite","@id":"https:\/\/lospoliticosveracruz.com\/#website","url":"https:\/\/lospoliticosveracruz.com\/","name":"Los pol\u00edticos Veracruz","description":"","publisher":{"@id":"https:\/\/lospoliticosveracruz.com\/#organization"},"potentialAction":[{"@type":"SearchAction","target":{"@type":"EntryPoint","urlTemplate":"https:\/\/lospoliticosveracruz.com\/?s={search_term_string}"},"query-input":{"@type":"PropertyValueSpecification","valueRequired":true,"valueName":"search_term_string"}}],"inLanguage":"es"},{"@type":"Organization","@id":"https:\/\/lospoliticosveracruz.com\/#organization","name":"Los pol\u00edticos Veracruz","url":"https:\/\/lospoliticosveracruz.com\/","logo":{"@type":"ImageObject","inLanguage":"es","@id":"https:\/\/lospoliticosveracruz.com\/#\/schema\/logo\/image\/","url":"https:\/\/lospoliticosveracruz.com\/wp-content\/uploads\/2025\/12\/Logo-Nuevo-LOS-POLITICOS-1.jpg","contentUrl":"https:\/\/lospoliticosveracruz.com\/wp-content\/uploads\/2025\/12\/Logo-Nuevo-LOS-POLITICOS-1.jpg","width":260,"height":70,"caption":"Los pol\u00edticos Veracruz"},"image":{"@id":"https:\/\/lospoliticosveracruz.com\/#\/schema\/logo\/image\/"},"sameAs":["https:\/\/www.facebook.com\/people\/Notimemes-de-los-Polticos\/61565672886568\/","https:\/\/x.com\/LosPoliticosVer"]},{"@type":"Person","@id":"https:\/\/lospoliticosveracruz.com\/#\/schema\/person\/b8702bb0e538456e6efd07080bf2a4a2","name":"Lo viste en Los Pol\u00edticos","image":{"@type":"ImageObject","inLanguage":"es","@id":"https:\/\/secure.gravatar.com\/avatar\/3a8de04a2656d44082be478bd6c086daa447c4651605818287b9532d3d0bd435?s=96&d=mm&r=g","url":"https:\/\/secure.gravatar.com\/avatar\/3a8de04a2656d44082be478bd6c086daa447c4651605818287b9532d3d0bd435?s=96&d=mm&r=g","contentUrl":"https:\/\/secure.gravatar.com\/avatar\/3a8de04a2656d44082be478bd6c086daa447c4651605818287b9532d3d0bd435?s=96&d=mm&r=g","caption":"Lo viste en Los Pol\u00edticos"},"url":"https:\/\/lospoliticosveracruz.com\/?author=2"}]}},"_links":{"self":[{"href":"https:\/\/lospoliticosveracruz.com\/index.php?rest_route=\/wp\/v2\/posts\/64002","targetHints":{"allow":["GET"]}}],"collection":[{"href":"https:\/\/lospoliticosveracruz.com\/index.php?rest_route=\/wp\/v2\/posts"}],"about":[{"href":"https:\/\/lospoliticosveracruz.com\/index.php?rest_route=\/wp\/v2\/types\/post"}],"author":[{"embeddable":true,"href":"https:\/\/lospoliticosveracruz.com\/index.php?rest_route=\/wp\/v2\/users\/2"}],"replies":[{"embeddable":true,"href":"https:\/\/lospoliticosveracruz.com\/index.php?rest_route=%2Fwp%2Fv2%2Fcomments&post=64002"}],"version-history":[{"count":1,"href":"https:\/\/lospoliticosveracruz.com\/index.php?rest_route=\/wp\/v2\/posts\/64002\/revisions"}],"predecessor-version":[{"id":64004,"href":"https:\/\/lospoliticosveracruz.com\/index.php?rest_route=\/wp\/v2\/posts\/64002\/revisions\/64004"}],"wp:attachment":[{"href":"https:\/\/lospoliticosveracruz.com\/index.php?rest_route=%2Fwp%2Fv2%2Fmedia&parent=64002"}],"wp:term":[{"taxonomy":"category","embeddable":true,"href":"https:\/\/lospoliticosveracruz.com\/index.php?rest_route=%2Fwp%2Fv2%2Fcategories&post=64002"},{"taxonomy":"post_tag","embeddable":true,"href":"https:\/\/lospoliticosveracruz.com\/index.php?rest_route=%2Fwp%2Fv2%2Ftags&post=64002"}],"curies":[{"name":"wp","href":"https:\/\/api.w.org\/{rel}","templated":true}]}}