{"id":64008,"date":"2020-11-16T12:00:14","date_gmt":"2020-11-16T18:00:14","guid":{"rendered":"http:\/\/www.lospoliticosveracruz.com.mx\/?p=64008"},"modified":"2020-11-16T12:00:14","modified_gmt":"2020-11-16T18:00:14","slug":"taod-calidad-y-calidez-en-el-momento-mas-dificil-imss","status":"publish","type":"post","link":"https:\/\/lospoliticosveracruz.com\/?p=64008","title":{"rendered":"TAOD, calidad y calidez en el momento m\u00e1s dif\u00edcil: IMSS"},"content":{"rendered":"<p>&nbsp;<\/p>\n<p>En el marco del D\u00eda de las T\u00e9cnicas y T\u00e9cnicos en Atenci\u00f3n y Orientaci\u00f3n al Derechohabiente (TAOD), la Oficina de Representaci\u00f3n en Veracruz Norte, del Instituto Mexicano del Seguro Social (IMSS), reconoce al personal de dicha \u00e1rea por brindar servicio de calidad y calidez al derechohabiente.<br \/>\nLa t\u00e9cnica en Atenci\u00f3n y Orientaci\u00f3n al Derechohabiente (TAOD), del Hospital General de Zona (HGZ) No. 11, Haydee Montiel Hernandez, explic\u00f3 que esta \u00e1rea se encarga de informar al familiar responsable del paciente, sobre su ingreso a un \u00e1rea COVID.<br \/>\nPosteriormente, se le indica que debe retirarse a su domicilio, donde a distancia ser\u00e1 informado oportunamente sobre el estado de salud de su paciente, y todo el proceso que involucra su atenci\u00f3n.<br \/>\nDurante la emergencia sanitaria, el personal TAOD ha fortalecido la atenci\u00f3n con diversas estrategias, mediante el equipo multidisciplinario integrado por el \u00e1rea m\u00e9dica, trabajo social y personal de atenci\u00f3n al derechohabiente.<br \/>\nRealizan las siguientes acciones: otorgar al familiar el informe m\u00e9dico mediante v\u00eda telef\u00f3nica; facilitar la comunicaci\u00f3n entre paciente y familiar, mediante cartas o mensajes de texto; facilitar el tr\u00e1mite presencial de certificados de incapacidad inicial, subsecuente o constancias de hospitalizaci\u00f3n.<br \/>\nEn caso de defunci\u00f3n del paciente, se brinda acompa\u00f1amiento moral y apoyo administrativo para facilitar el tr\u00e1mite del certificado de defunci\u00f3n, hasta canalizarlo con el \u00e1rea de Trabajo Social o el \u00e1rea m\u00e9dica.<br \/>\n\u00abEnfrentarnos a una experiencia de esta magnitud, nos deja un cambio importante, sobre todo hacia ese enfoque conciencial; observar tan de cerca la experiencia que tienen los pacientes, los familiares y los trabajadores en su d\u00eda a d\u00eda, son excepcionales. Sin duda alguna deja un sello importante en la vida de todos nosotros\u00bb, expres\u00f3 Haydee Montiel Hernandez.<br \/>\nSe recomienda acercarse a los m\u00f3dulos de atenci\u00f3n y orientaci\u00f3n para recibir informaci\u00f3n sobre los servicios que otorga el Instituto.<\/p>\n","protected":false},"excerpt":{"rendered":"<p>&nbsp; En el marco del D\u00eda de las T\u00e9cnicas y T\u00e9cnicos en Atenci\u00f3n y Orientaci\u00f3n al Derechohabiente (TAOD), la Oficina de Representaci\u00f3n en Veracruz Norte, del Instituto Mexicano del Seguro Social (IMSS), reconoce al personal de dicha \u00e1rea por brindar servicio de calidad y calidez al derechohabiente. La t\u00e9cnica en Atenci\u00f3n y Orientaci\u00f3n al Derechohabiente [&hellip;]<\/p>\n","protected":false},"author":2,"featured_media":0,"comment_status":"open","ping_status":"open","sticky":false,"template":"","format":"standard","meta":{"tdm_status":"","tdm_grid_status":"","footnotes":""},"categories":[73],"tags":[17829,23652,23655,21674,13155,1208,23651,23654,23653,195],"class_list":{"0":"post-64008","1":"post","2":"type-post","3":"status-publish","4":"format-standard","6":"category-de-boleto","7":"tag-covid","8":"tag-dia-de-las-tecnicas","9":"tag-haydee-montiel-hernandez","10":"tag-hospital-general-de-zona","11":"tag-hospitalizacion","12":"tag-imss","13":"tag-orientacion-al-derechohabiente","14":"tag-taod","15":"tag-tecnicos-en-atencion","16":"tag-veracruz"},"yoast_head":"<!-- This site is optimized with the Yoast SEO plugin v27.4 - https:\/\/yoast.com\/product\/yoast-seo-wordpress\/ -->\n<title>TAOD, calidad y calidez en el momento m\u00e1s dif\u00edcil: IMSS - Los pol\u00edticos Veracruz<\/title>\n<meta name=\"robots\" content=\"index, follow, max-snippet:-1, max-image-preview:large, max-video-preview:-1\" \/>\n<link rel=\"canonical\" href=\"https:\/\/lospoliticosveracruz.com\/?p=64008\" \/>\n<meta property=\"og:locale\" content=\"es_ES\" \/>\n<meta property=\"og:type\" content=\"article\" \/>\n<meta property=\"og:title\" content=\"TAOD, calidad y calidez en el momento m\u00e1s dif\u00edcil: IMSS - Los pol\u00edticos Veracruz\" \/>\n<meta property=\"og:description\" content=\"&nbsp; En el marco del D\u00eda de las T\u00e9cnicas y T\u00e9cnicos en Atenci\u00f3n y Orientaci\u00f3n al Derechohabiente (TAOD), la Oficina de Representaci\u00f3n en Veracruz Norte, del Instituto Mexicano del Seguro Social (IMSS), reconoce al personal de dicha \u00e1rea por brindar servicio de calidad y calidez al derechohabiente. La t\u00e9cnica en Atenci\u00f3n y Orientaci\u00f3n al Derechohabiente [&hellip;]\" \/>\n<meta property=\"og:url\" content=\"https:\/\/lospoliticosveracruz.com\/?p=64008\" \/>\n<meta property=\"og:site_name\" content=\"Los pol\u00edticos Veracruz\" \/>\n<meta property=\"article:publisher\" content=\"https:\/\/www.facebook.com\/people\/Notimemes-de-los-Polticos\/61565672886568\/\" \/>\n<meta property=\"article:published_time\" content=\"2020-11-16T18:00:14+00:00\" \/>\n<meta property=\"og:image\" content=\"https:\/\/lospoliticosveracruz.com\/wp-content\/uploads\/2016\/07\/Logo-Dor.jpg\" \/>\n\t<meta property=\"og:image:width\" content=\"200\" \/>\n\t<meta property=\"og:image:height\" content=\"200\" \/>\n\t<meta property=\"og:image:type\" content=\"image\/jpeg\" \/>\n<meta name=\"author\" content=\"Lo viste en Los Pol\u00edticos\" \/>\n<meta name=\"twitter:card\" content=\"summary_large_image\" \/>\n<meta name=\"twitter:creator\" content=\"@LosPoliticosVer\" \/>\n<meta name=\"twitter:site\" content=\"@LosPoliticosVer\" \/>\n<meta name=\"twitter:label1\" content=\"Escrito por\" \/>\n\t<meta name=\"twitter:data1\" content=\"Lo viste en Los Pol\u00edticos\" \/>\n\t<meta name=\"twitter:label2\" content=\"Tiempo de lectura\" \/>\n\t<meta name=\"twitter:data2\" content=\"2 minutos\" \/>\n<script type=\"application\/ld+json\" class=\"yoast-schema-graph\">{\"@context\":\"https:\\\/\\\/schema.org\",\"@graph\":[{\"@type\":\"Article\",\"@id\":\"https:\\\/\\\/lospoliticosveracruz.com\\\/?p=64008#article\",\"isPartOf\":{\"@id\":\"https:\\\/\\\/lospoliticosveracruz.com\\\/?p=64008\"},\"author\":{\"name\":\"Lo viste en Los Pol\u00edticos\",\"@id\":\"https:\\\/\\\/lospoliticosveracruz.com\\\/#\\\/schema\\\/person\\\/b8702bb0e538456e6efd07080bf2a4a2\"},\"headline\":\"TAOD, calidad y calidez en el momento m\u00e1s dif\u00edcil: IMSS\",\"datePublished\":\"2020-11-16T18:00:14+00:00\",\"mainEntityOfPage\":{\"@id\":\"https:\\\/\\\/lospoliticosveracruz.com\\\/?p=64008\"},\"wordCount\":341,\"commentCount\":0,\"publisher\":{\"@id\":\"https:\\\/\\\/lospoliticosveracruz.com\\\/#organization\"},\"keywords\":[\"Covid\",\"D\u00eda de las T\u00e9cnicas\",\"Haydee Montiel Hernandez\",\"Hospital General de Zona\",\"Hospitalizaci\u00f3n\",\"IMSS\",\"Orientaci\u00f3n al Derechohabiente\",\"TAOD\",\"T\u00e9cnicos en Atenci\u00f3n\",\"Veracruz\"],\"articleSection\":[\"De Boleto\"],\"inLanguage\":\"es\",\"potentialAction\":[{\"@type\":\"CommentAction\",\"name\":\"Comment\",\"target\":[\"https:\\\/\\\/lospoliticosveracruz.com\\\/?p=64008#respond\"]}]},{\"@type\":\"WebPage\",\"@id\":\"https:\\\/\\\/lospoliticosveracruz.com\\\/?p=64008\",\"url\":\"https:\\\/\\\/lospoliticosveracruz.com\\\/?p=64008\",\"name\":\"TAOD, calidad y calidez en el momento m\u00e1s dif\u00edcil: IMSS - Los pol\u00edticos Veracruz\",\"isPartOf\":{\"@id\":\"https:\\\/\\\/lospoliticosveracruz.com\\\/#website\"},\"datePublished\":\"2020-11-16T18:00:14+00:00\",\"breadcrumb\":{\"@id\":\"https:\\\/\\\/lospoliticosveracruz.com\\\/?p=64008#breadcrumb\"},\"inLanguage\":\"es\",\"potentialAction\":[{\"@type\":\"ReadAction\",\"target\":[\"https:\\\/\\\/lospoliticosveracruz.com\\\/?p=64008\"]}]},{\"@type\":\"BreadcrumbList\",\"@id\":\"https:\\\/\\\/lospoliticosveracruz.com\\\/?p=64008#breadcrumb\",\"itemListElement\":[{\"@type\":\"ListItem\",\"position\":1,\"name\":\"Portada\",\"item\":\"https:\\\/\\\/lospoliticosveracruz.com\\\/\"},{\"@type\":\"ListItem\",\"position\":2,\"name\":\"TAOD, calidad y calidez en el momento m\u00e1s dif\u00edcil: IMSS\"}]},{\"@type\":\"WebSite\",\"@id\":\"https:\\\/\\\/lospoliticosveracruz.com\\\/#website\",\"url\":\"https:\\\/\\\/lospoliticosveracruz.com\\\/\",\"name\":\"Los pol\u00edticos Veracruz\",\"description\":\"\",\"publisher\":{\"@id\":\"https:\\\/\\\/lospoliticosveracruz.com\\\/#organization\"},\"potentialAction\":[{\"@type\":\"SearchAction\",\"target\":{\"@type\":\"EntryPoint\",\"urlTemplate\":\"https:\\\/\\\/lospoliticosveracruz.com\\\/?s={search_term_string}\"},\"query-input\":{\"@type\":\"PropertyValueSpecification\",\"valueRequired\":true,\"valueName\":\"search_term_string\"}}],\"inLanguage\":\"es\"},{\"@type\":\"Organization\",\"@id\":\"https:\\\/\\\/lospoliticosveracruz.com\\\/#organization\",\"name\":\"Los pol\u00edticos Veracruz\",\"url\":\"https:\\\/\\\/lospoliticosveracruz.com\\\/\",\"logo\":{\"@type\":\"ImageObject\",\"inLanguage\":\"es\",\"@id\":\"https:\\\/\\\/lospoliticosveracruz.com\\\/#\\\/schema\\\/logo\\\/image\\\/\",\"url\":\"https:\\\/\\\/lospoliticosveracruz.com\\\/wp-content\\\/uploads\\\/2025\\\/12\\\/Logo-Nuevo-LOS-POLITICOS-1.jpg\",\"contentUrl\":\"https:\\\/\\\/lospoliticosveracruz.com\\\/wp-content\\\/uploads\\\/2025\\\/12\\\/Logo-Nuevo-LOS-POLITICOS-1.jpg\",\"width\":260,\"height\":70,\"caption\":\"Los pol\u00edticos Veracruz\"},\"image\":{\"@id\":\"https:\\\/\\\/lospoliticosveracruz.com\\\/#\\\/schema\\\/logo\\\/image\\\/\"},\"sameAs\":[\"https:\\\/\\\/www.facebook.com\\\/people\\\/Notimemes-de-los-Polticos\\\/61565672886568\\\/\",\"https:\\\/\\\/x.com\\\/LosPoliticosVer\"]},{\"@type\":\"Person\",\"@id\":\"https:\\\/\\\/lospoliticosveracruz.com\\\/#\\\/schema\\\/person\\\/b8702bb0e538456e6efd07080bf2a4a2\",\"name\":\"Lo viste en Los Pol\u00edticos\",\"image\":{\"@type\":\"ImageObject\",\"inLanguage\":\"es\",\"@id\":\"https:\\\/\\\/secure.gravatar.com\\\/avatar\\\/3a8de04a2656d44082be478bd6c086daa447c4651605818287b9532d3d0bd435?s=96&d=mm&r=g\",\"url\":\"https:\\\/\\\/secure.gravatar.com\\\/avatar\\\/3a8de04a2656d44082be478bd6c086daa447c4651605818287b9532d3d0bd435?s=96&d=mm&r=g\",\"contentUrl\":\"https:\\\/\\\/secure.gravatar.com\\\/avatar\\\/3a8de04a2656d44082be478bd6c086daa447c4651605818287b9532d3d0bd435?s=96&d=mm&r=g\",\"caption\":\"Lo viste en Los Pol\u00edticos\"},\"url\":\"https:\\\/\\\/lospoliticosveracruz.com\\\/?author=2\"}]}<\/script>\n<!-- \/ Yoast SEO plugin. -->","yoast_head_json":{"title":"TAOD, calidad y calidez en el momento m\u00e1s dif\u00edcil: IMSS - Los pol\u00edticos Veracruz","robots":{"index":"index","follow":"follow","max-snippet":"max-snippet:-1","max-image-preview":"max-image-preview:large","max-video-preview":"max-video-preview:-1"},"canonical":"https:\/\/lospoliticosveracruz.com\/?p=64008","og_locale":"es_ES","og_type":"article","og_title":"TAOD, calidad y calidez en el momento m\u00e1s dif\u00edcil: IMSS - Los pol\u00edticos Veracruz","og_description":"&nbsp; En el marco del D\u00eda de las T\u00e9cnicas y T\u00e9cnicos en Atenci\u00f3n y Orientaci\u00f3n al Derechohabiente (TAOD), la Oficina de Representaci\u00f3n en Veracruz Norte, del Instituto Mexicano del Seguro Social (IMSS), reconoce al personal de dicha \u00e1rea por brindar servicio de calidad y calidez al derechohabiente. La t\u00e9cnica en Atenci\u00f3n y Orientaci\u00f3n al Derechohabiente [&hellip;]","og_url":"https:\/\/lospoliticosveracruz.com\/?p=64008","og_site_name":"Los pol\u00edticos Veracruz","article_publisher":"https:\/\/www.facebook.com\/people\/Notimemes-de-los-Polticos\/61565672886568\/","article_published_time":"2020-11-16T18:00:14+00:00","og_image":[{"width":200,"height":200,"url":"https:\/\/lospoliticosveracruz.com\/wp-content\/uploads\/2016\/07\/Logo-Dor.jpg","type":"image\/jpeg"}],"author":"Lo viste en Los Pol\u00edticos","twitter_card":"summary_large_image","twitter_creator":"@LosPoliticosVer","twitter_site":"@LosPoliticosVer","twitter_misc":{"Escrito por":"Lo viste en Los Pol\u00edticos","Tiempo de lectura":"2 minutos"},"schema":{"@context":"https:\/\/schema.org","@graph":[{"@type":"Article","@id":"https:\/\/lospoliticosveracruz.com\/?p=64008#article","isPartOf":{"@id":"https:\/\/lospoliticosveracruz.com\/?p=64008"},"author":{"name":"Lo viste en Los Pol\u00edticos","@id":"https:\/\/lospoliticosveracruz.com\/#\/schema\/person\/b8702bb0e538456e6efd07080bf2a4a2"},"headline":"TAOD, calidad y calidez en el momento m\u00e1s dif\u00edcil: IMSS","datePublished":"2020-11-16T18:00:14+00:00","mainEntityOfPage":{"@id":"https:\/\/lospoliticosveracruz.com\/?p=64008"},"wordCount":341,"commentCount":0,"publisher":{"@id":"https:\/\/lospoliticosveracruz.com\/#organization"},"keywords":["Covid","D\u00eda de las T\u00e9cnicas","Haydee Montiel Hernandez","Hospital General de Zona","Hospitalizaci\u00f3n","IMSS","Orientaci\u00f3n al Derechohabiente","TAOD","T\u00e9cnicos en Atenci\u00f3n","Veracruz"],"articleSection":["De Boleto"],"inLanguage":"es","potentialAction":[{"@type":"CommentAction","name":"Comment","target":["https:\/\/lospoliticosveracruz.com\/?p=64008#respond"]}]},{"@type":"WebPage","@id":"https:\/\/lospoliticosveracruz.com\/?p=64008","url":"https:\/\/lospoliticosveracruz.com\/?p=64008","name":"TAOD, calidad y calidez en el momento m\u00e1s dif\u00edcil: IMSS - Los pol\u00edticos Veracruz","isPartOf":{"@id":"https:\/\/lospoliticosveracruz.com\/#website"},"datePublished":"2020-11-16T18:00:14+00:00","breadcrumb":{"@id":"https:\/\/lospoliticosveracruz.com\/?p=64008#breadcrumb"},"inLanguage":"es","potentialAction":[{"@type":"ReadAction","target":["https:\/\/lospoliticosveracruz.com\/?p=64008"]}]},{"@type":"BreadcrumbList","@id":"https:\/\/lospoliticosveracruz.com\/?p=64008#breadcrumb","itemListElement":[{"@type":"ListItem","position":1,"name":"Portada","item":"https:\/\/lospoliticosveracruz.com\/"},{"@type":"ListItem","position":2,"name":"TAOD, calidad y calidez en el momento m\u00e1s dif\u00edcil: IMSS"}]},{"@type":"WebSite","@id":"https:\/\/lospoliticosveracruz.com\/#website","url":"https:\/\/lospoliticosveracruz.com\/","name":"Los pol\u00edticos Veracruz","description":"","publisher":{"@id":"https:\/\/lospoliticosveracruz.com\/#organization"},"potentialAction":[{"@type":"SearchAction","target":{"@type":"EntryPoint","urlTemplate":"https:\/\/lospoliticosveracruz.com\/?s={search_term_string}"},"query-input":{"@type":"PropertyValueSpecification","valueRequired":true,"valueName":"search_term_string"}}],"inLanguage":"es"},{"@type":"Organization","@id":"https:\/\/lospoliticosveracruz.com\/#organization","name":"Los pol\u00edticos Veracruz","url":"https:\/\/lospoliticosveracruz.com\/","logo":{"@type":"ImageObject","inLanguage":"es","@id":"https:\/\/lospoliticosveracruz.com\/#\/schema\/logo\/image\/","url":"https:\/\/lospoliticosveracruz.com\/wp-content\/uploads\/2025\/12\/Logo-Nuevo-LOS-POLITICOS-1.jpg","contentUrl":"https:\/\/lospoliticosveracruz.com\/wp-content\/uploads\/2025\/12\/Logo-Nuevo-LOS-POLITICOS-1.jpg","width":260,"height":70,"caption":"Los pol\u00edticos Veracruz"},"image":{"@id":"https:\/\/lospoliticosveracruz.com\/#\/schema\/logo\/image\/"},"sameAs":["https:\/\/www.facebook.com\/people\/Notimemes-de-los-Polticos\/61565672886568\/","https:\/\/x.com\/LosPoliticosVer"]},{"@type":"Person","@id":"https:\/\/lospoliticosveracruz.com\/#\/schema\/person\/b8702bb0e538456e6efd07080bf2a4a2","name":"Lo viste en Los Pol\u00edticos","image":{"@type":"ImageObject","inLanguage":"es","@id":"https:\/\/secure.gravatar.com\/avatar\/3a8de04a2656d44082be478bd6c086daa447c4651605818287b9532d3d0bd435?s=96&d=mm&r=g","url":"https:\/\/secure.gravatar.com\/avatar\/3a8de04a2656d44082be478bd6c086daa447c4651605818287b9532d3d0bd435?s=96&d=mm&r=g","contentUrl":"https:\/\/secure.gravatar.com\/avatar\/3a8de04a2656d44082be478bd6c086daa447c4651605818287b9532d3d0bd435?s=96&d=mm&r=g","caption":"Lo viste en Los Pol\u00edticos"},"url":"https:\/\/lospoliticosveracruz.com\/?author=2"}]}},"_links":{"self":[{"href":"https:\/\/lospoliticosveracruz.com\/index.php?rest_route=\/wp\/v2\/posts\/64008","targetHints":{"allow":["GET"]}}],"collection":[{"href":"https:\/\/lospoliticosveracruz.com\/index.php?rest_route=\/wp\/v2\/posts"}],"about":[{"href":"https:\/\/lospoliticosveracruz.com\/index.php?rest_route=\/wp\/v2\/types\/post"}],"author":[{"embeddable":true,"href":"https:\/\/lospoliticosveracruz.com\/index.php?rest_route=\/wp\/v2\/users\/2"}],"replies":[{"embeddable":true,"href":"https:\/\/lospoliticosveracruz.com\/index.php?rest_route=%2Fwp%2Fv2%2Fcomments&post=64008"}],"version-history":[{"count":1,"href":"https:\/\/lospoliticosveracruz.com\/index.php?rest_route=\/wp\/v2\/posts\/64008\/revisions"}],"predecessor-version":[{"id":64010,"href":"https:\/\/lospoliticosveracruz.com\/index.php?rest_route=\/wp\/v2\/posts\/64008\/revisions\/64010"}],"wp:attachment":[{"href":"https:\/\/lospoliticosveracruz.com\/index.php?rest_route=%2Fwp%2Fv2%2Fmedia&parent=64008"}],"wp:term":[{"taxonomy":"category","embeddable":true,"href":"https:\/\/lospoliticosveracruz.com\/index.php?rest_route=%2Fwp%2Fv2%2Fcategories&post=64008"},{"taxonomy":"post_tag","embeddable":true,"href":"https:\/\/lospoliticosveracruz.com\/index.php?rest_route=%2Fwp%2Fv2%2Ftags&post=64008"}],"curies":[{"name":"wp","href":"https:\/\/api.w.org\/{rel}","templated":true}]}}