{"id":64026,"date":"2020-11-16T18:59:18","date_gmt":"2020-11-17T00:59:18","guid":{"rendered":"http:\/\/www.lospoliticosveracruz.com.mx\/?p=64026"},"modified":"2020-11-16T19:00:48","modified_gmt":"2020-11-17T01:00:48","slug":"a-dos-anos-del-gobierno-de-la-4t-en-veracruz","status":"publish","type":"post","link":"https:\/\/lospoliticosveracruz.com\/?p=64026","title":{"rendered":"A dos a\u00f1os del gobierno de la 4T en Veracruz"},"content":{"rendered":"<p><strong>Emilio C\u00e1rdenas Escobosa<\/strong><\/p>\n<p><em>De Inter\u00e9s P\u00fablico<\/em><\/p>\n<p><a href=\"http:\/\/www.lospoliticosveracruz.com.mx\/wp-content\/uploads\/2020\/11\/Consume-C\u00f3rdoba-C.jpg\"><img loading=\"lazy\" decoding=\"async\" class=\"alignleft size-full wp-image-63721\" src=\"http:\/\/www.lospoliticosveracruz.com.mx\/wp-content\/uploads\/2020\/11\/Consume-C\u00f3rdoba-C.jpg\" alt=\"Consume C\u00f3rdoba C\" width=\"375\" height=\"627\" \/><\/a>Este 15 de noviembre el gobernador Cuitl\u00e1huac Garc\u00eda Jim\u00e9nez entreg\u00f3 su segundo informe de gobierno al Congreso del Estado de Veracruz.<br \/>\nHan transcurrido pr\u00e1cticamente 2 a\u00f1os de que en un clima de gran expectaci\u00f3n y optimismo d\u00e1bamos la bienvenida a una nueva administraci\u00f3n que con un nuevo ideario, oferta pol\u00edtica y programa de gobierno se anunciaba como una bocanada de aire fresco luego de catorce a\u00f1os de administraciones marcadas por el binomio negocios y corrupci\u00f3n que llevaron a Veracruz a una profunda y grave crisis en todos los \u00f3rdenes que llevar\u00e1 muchos a\u00f1os remontar.<br \/>\nLa renovaci\u00f3n de la esperanza sexenal de los ciudadanos se vislumbraba como un cambio radical en las pr\u00e1cticas y estilos de hacer pol\u00edtica. As\u00ed lo ofreci\u00f3 el gobernador Cuitl\u00e1huac Garc\u00eda, todos los militantes del Movimiento de Regeneraci\u00f3n Nacional con cargos de representaci\u00f3n popular, lo mismo que quienes se integraron en el nuevo equipo gobernante.<br \/>\nLa sociedad esperaba un gobierno austero, honesto, con verdadera visi\u00f3n del servicio p\u00fablico, en el que el compromiso social, la tolerancia, el di\u00e1logo respetuoso y la b\u00fasqueda de acuerdos sin excluir al otro, fueran instrumentos cotidianos para el ejercicio de la pol\u00edtica.<br \/>\nDemand\u00e1bamos un gobierno de descentralizaci\u00f3n pol\u00edtica y administrativa, de puertas abiertas, transparente y sin simulaciones, que propiciara en verdad la participaci\u00f3n de la sociedad en los asuntos p\u00fablicos.<br \/>\nNos urg\u00eda contar con un gobierno en el que nadie estuviera por encima de la ley, en el que la vigencia plena del derecho no admitiera excepciones, sin arreglos en lo oscurito o la famosa justicia y gracia para los amigos, los compa\u00f1eros de partido o los cercanos al c\u00edrculo del poder.<br \/>\nUna administraci\u00f3n que se abocara a restaurar el tejido social y garantizar seguridad a todos los veracruzanos; que combatiera la impunidad y rompiera el c\u00edrculo de complicidades entre el crimen organizado y pol\u00edticos ambiciosos y sin escr\u00fapulos que abonan a la descomposici\u00f3n, al quiebre de la convivencia y a que Veracruz siguiera siendo un camposanto, con un espantoso ba\u00f1o de sangre y violencia, que se expresa de manera desgarradora en el tema de los desaparecidos que enluta miles de hogares en nuestro estado.<br \/>\nEsper\u00e1bamos un gobierno cercano a la gente, eficaz, transparente y de aut\u00e9nticas manos limpias.<br \/>\nUna administraci\u00f3n en la que la disciplina presupuestal y la honestidad en el uso de los recursos gubernamentales fueran la constante. Sin subejercicios presupuestales, ni cuentas concentradoras de recursos o reintegros de los mismos al presupuesto federal; con el impulso al despliegue de una importante obra p\u00fablica que atendiera necesidades regionales y demandas insatisfechas de la poblaci\u00f3n, lo mismo que con un apoyo sin precedentes a los sectores productivos abandonados por d\u00e9cadas.<br \/>\nUn gobierno en el que la transparencia y la rendici\u00f3n de cuentas fueran reales, que consolidara los mecanismos de fiscalizaci\u00f3n y control, en el que la pol\u00edtica financiera y la administraci\u00f3n de los recursos fuera transparente, moderna y eficiente, m\u00e1s profesional, en la que no tuvieran cabida los negocios al amparo de las obras p\u00fablicas o el uso de recursos gubernamentales para campa\u00f1as pol\u00edticas, comprar voluntades o financiar proyectos solo por su rentabilidad electoral.<br \/>\nUn gobierno sin funcionarios inaccesibles que creen que les hacen un favor a los veracruzanos al ocupar los cargos p\u00fablicos, que dejaran atr\u00e1s visiones patrimonialistas del poder, y donde el nepotismo y el tr\u00e1fico de influencias fueran erradicados y sancionados.<br \/>\nUna gesti\u00f3n marcada por la profesionalizaci\u00f3n del servicio p\u00fablico, por el desarrollo de un aut\u00e9ntico Servicio Civil de Carrera que asegurara la estabilidad laboral en funci\u00f3n del m\u00e9rito y con una nueva cultura administrativa de servicio al ciudadano, donde los puestos gubernamentales dejaran de ser espacio para la improvisaci\u00f3n y el acomodo de familiares o compa\u00f1eros de partido.<br \/>\nUn gobierno que garantizara el derecho a la informaci\u00f3n, que fuera cercano al ciudadano, en el que los funcionarios no se encierren en sus oficinas, camionetas o entre sus escoltas. Un gobierno que no ponga vallas para impedir que la gente se acerque.<br \/>\nUna administraci\u00f3n que generara condiciones de gobernabilidad, en el que la tolerancia y el di\u00e1logo inteligente y respetuoso fueran la norma de interacci\u00f3n con los diversos grupos sociales y las fuerzas pol\u00edticas en la entidad; que mantuviera con los poderes Ejecutivo y Judicial la relaci\u00f3n de colaboraci\u00f3n y respeto que prev\u00e9n las leyes, sin groseras intromisiones, esc\u00e1ndalos o luchas por el control de los recursos p\u00fablicos. Lo mismo que una administraci\u00f3n respetuosa a carta cabal de la independencia de los \u00f3rganos aut\u00f3nomos previstos en la Constituci\u00f3n.<br \/>\nEsper\u00e1bamos, en suma, un gobierno de aut\u00e9nticos servidores p\u00fablicos: profesionales, eficaces, sensibles, respetuosos de la ley y genuinamente cercanos a la gente.<br \/>\nHan transcurrido ya dos a\u00f1os.<br \/>\nLos veracruzanos confiamos en diciembre de 2018 en la palabra empe\u00f1ada porque el clamor por un aut\u00e9ntico cambio en Veracruz era enorme. Y a 24 meses de ejercicio del poder, sigue si\u00e9ndolo.<br \/>\n\u00bfSe han cumplido alguna o algunas de las expectativas arriba enunciadas?<br \/>\n\u00bfLa crisis por la pandemia sanitaria oblig\u00f3 a incumplir, matizar o dejar atr\u00e1s lo ofrecido?<br \/>\n\u00bfQu\u00e9 ha pasado? \u00bfHan fallado algunos de los colaboradores del mandatario?<br \/>\nUsted tiene la palabra.<\/p>\n<p>jecesco@hotmail.com<br \/>\nwww.deinterespublico.com<\/p>\n","protected":false},"excerpt":{"rendered":"<p>Emilio C\u00e1rdenas Escobosa De Inter\u00e9s P\u00fablico Este 15 de noviembre el gobernador Cuitl\u00e1huac Garc\u00eda Jim\u00e9nez entreg\u00f3 su segundo informe de gobierno al Congreso del Estado de Veracruz. Han transcurrido pr\u00e1cticamente 2 a\u00f1os de que en un clima de gran expectaci\u00f3n y optimismo d\u00e1bamos la bienvenida a una nueva administraci\u00f3n que con un nuevo ideario, oferta [&hellip;]<\/p>\n","protected":false},"author":2,"featured_media":0,"comment_status":"open","ping_status":"open","sticky":false,"template":"","format":"standard","meta":{"tdm_status":"","tdm_grid_status":"","footnotes":""},"categories":[70],"tags":[1563,12381,451,1026,16929,23664],"class_list":{"0":"post-64026","1":"post","2":"type-post","3":"status-publish","4":"format-standard","6":"category-de-opinion","7":"tag-cuitlahuac-garcia-jimenez","8":"tag-estado-de-veracruz","9":"tag-gobernador","10":"tag-morena","11":"tag-pandemia","12":"tag-servicio-publico"},"yoast_head":"<!-- This site is optimized with the Yoast SEO plugin v27.4 - https:\/\/yoast.com\/product\/yoast-seo-wordpress\/ -->\n<title>A dos a\u00f1os del gobierno de la 4T en Veracruz - Los pol\u00edticos Veracruz<\/title>\n<meta name=\"robots\" content=\"index, follow, max-snippet:-1, max-image-preview:large, max-video-preview:-1\" \/>\n<link rel=\"canonical\" href=\"https:\/\/lospoliticosveracruz.com\/?p=64026\" \/>\n<meta property=\"og:locale\" content=\"es_ES\" \/>\n<meta property=\"og:type\" content=\"article\" \/>\n<meta property=\"og:title\" content=\"A dos a\u00f1os del gobierno de la 4T en Veracruz - Los pol\u00edticos Veracruz\" \/>\n<meta property=\"og:description\" content=\"Emilio C\u00e1rdenas Escobosa De Inter\u00e9s P\u00fablico Este 15 de noviembre el gobernador Cuitl\u00e1huac Garc\u00eda Jim\u00e9nez entreg\u00f3 su segundo informe de gobierno al Congreso del Estado de Veracruz. Han transcurrido pr\u00e1cticamente 2 a\u00f1os de que en un clima de gran expectaci\u00f3n y optimismo d\u00e1bamos la bienvenida a una nueva administraci\u00f3n que con un nuevo ideario, oferta [&hellip;]\" \/>\n<meta property=\"og:url\" content=\"https:\/\/lospoliticosveracruz.com\/?p=64026\" \/>\n<meta property=\"og:site_name\" content=\"Los pol\u00edticos Veracruz\" \/>\n<meta property=\"article:publisher\" content=\"https:\/\/www.facebook.com\/people\/Notimemes-de-los-Polticos\/61565672886568\/\" \/>\n<meta property=\"article:published_time\" content=\"2020-11-17T00:59:18+00:00\" \/>\n<meta property=\"article:modified_time\" content=\"2020-11-17T01:00:48+00:00\" \/>\n<meta property=\"og:image\" content=\"https:\/\/lospoliticosveracruz.com\/wp-content\/uploads\/2016\/07\/Logo-Dor.jpg\" \/>\n\t<meta property=\"og:image:width\" content=\"200\" \/>\n\t<meta property=\"og:image:height\" content=\"200\" \/>\n\t<meta property=\"og:image:type\" content=\"image\/jpeg\" \/>\n<meta name=\"author\" content=\"Lo viste en Los Pol\u00edticos\" \/>\n<meta name=\"twitter:card\" content=\"summary_large_image\" \/>\n<meta name=\"twitter:creator\" content=\"@LosPoliticosVer\" \/>\n<meta name=\"twitter:site\" content=\"@LosPoliticosVer\" \/>\n<meta name=\"twitter:label1\" content=\"Escrito por\" \/>\n\t<meta name=\"twitter:data1\" content=\"Lo viste en Los Pol\u00edticos\" \/>\n\t<meta name=\"twitter:label2\" content=\"Tiempo de lectura\" \/>\n\t<meta name=\"twitter:data2\" content=\"5 minutos\" \/>\n<script type=\"application\/ld+json\" class=\"yoast-schema-graph\">{\"@context\":\"https:\\\/\\\/schema.org\",\"@graph\":[{\"@type\":\"Article\",\"@id\":\"https:\\\/\\\/lospoliticosveracruz.com\\\/?p=64026#article\",\"isPartOf\":{\"@id\":\"https:\\\/\\\/lospoliticosveracruz.com\\\/?p=64026\"},\"author\":{\"name\":\"Lo viste en Los Pol\u00edticos\",\"@id\":\"https:\\\/\\\/lospoliticosveracruz.com\\\/#\\\/schema\\\/person\\\/b8702bb0e538456e6efd07080bf2a4a2\"},\"headline\":\"A dos a\u00f1os del gobierno de la 4T en Veracruz\",\"datePublished\":\"2020-11-17T00:59:18+00:00\",\"dateModified\":\"2020-11-17T01:00:48+00:00\",\"mainEntityOfPage\":{\"@id\":\"https:\\\/\\\/lospoliticosveracruz.com\\\/?p=64026\"},\"wordCount\":946,\"commentCount\":0,\"publisher\":{\"@id\":\"https:\\\/\\\/lospoliticosveracruz.com\\\/#organization\"},\"keywords\":[\"Cuitl\u00e1huac Garc\u00eda Jim\u00e9nez\",\"estado de Veracruz\",\"gobernador\",\"Morena\",\"pandemia\",\"Servicio p\u00fablico\"],\"articleSection\":[\"De Opini\u00f3n\"],\"inLanguage\":\"es\",\"potentialAction\":[{\"@type\":\"CommentAction\",\"name\":\"Comment\",\"target\":[\"https:\\\/\\\/lospoliticosveracruz.com\\\/?p=64026#respond\"]}]},{\"@type\":\"WebPage\",\"@id\":\"https:\\\/\\\/lospoliticosveracruz.com\\\/?p=64026\",\"url\":\"https:\\\/\\\/lospoliticosveracruz.com\\\/?p=64026\",\"name\":\"A dos a\u00f1os del gobierno de la 4T en Veracruz - Los pol\u00edticos Veracruz\",\"isPartOf\":{\"@id\":\"https:\\\/\\\/lospoliticosveracruz.com\\\/#website\"},\"datePublished\":\"2020-11-17T00:59:18+00:00\",\"dateModified\":\"2020-11-17T01:00:48+00:00\",\"breadcrumb\":{\"@id\":\"https:\\\/\\\/lospoliticosveracruz.com\\\/?p=64026#breadcrumb\"},\"inLanguage\":\"es\",\"potentialAction\":[{\"@type\":\"ReadAction\",\"target\":[\"https:\\\/\\\/lospoliticosveracruz.com\\\/?p=64026\"]}]},{\"@type\":\"BreadcrumbList\",\"@id\":\"https:\\\/\\\/lospoliticosveracruz.com\\\/?p=64026#breadcrumb\",\"itemListElement\":[{\"@type\":\"ListItem\",\"position\":1,\"name\":\"Portada\",\"item\":\"https:\\\/\\\/lospoliticosveracruz.com\\\/\"},{\"@type\":\"ListItem\",\"position\":2,\"name\":\"A dos a\u00f1os del gobierno de la 4T en Veracruz\"}]},{\"@type\":\"WebSite\",\"@id\":\"https:\\\/\\\/lospoliticosveracruz.com\\\/#website\",\"url\":\"https:\\\/\\\/lospoliticosveracruz.com\\\/\",\"name\":\"Los pol\u00edticos Veracruz\",\"description\":\"\",\"publisher\":{\"@id\":\"https:\\\/\\\/lospoliticosveracruz.com\\\/#organization\"},\"potentialAction\":[{\"@type\":\"SearchAction\",\"target\":{\"@type\":\"EntryPoint\",\"urlTemplate\":\"https:\\\/\\\/lospoliticosveracruz.com\\\/?s={search_term_string}\"},\"query-input\":{\"@type\":\"PropertyValueSpecification\",\"valueRequired\":true,\"valueName\":\"search_term_string\"}}],\"inLanguage\":\"es\"},{\"@type\":\"Organization\",\"@id\":\"https:\\\/\\\/lospoliticosveracruz.com\\\/#organization\",\"name\":\"Los pol\u00edticos Veracruz\",\"url\":\"https:\\\/\\\/lospoliticosveracruz.com\\\/\",\"logo\":{\"@type\":\"ImageObject\",\"inLanguage\":\"es\",\"@id\":\"https:\\\/\\\/lospoliticosveracruz.com\\\/#\\\/schema\\\/logo\\\/image\\\/\",\"url\":\"https:\\\/\\\/lospoliticosveracruz.com\\\/wp-content\\\/uploads\\\/2025\\\/12\\\/Logo-Nuevo-LOS-POLITICOS-1.jpg\",\"contentUrl\":\"https:\\\/\\\/lospoliticosveracruz.com\\\/wp-content\\\/uploads\\\/2025\\\/12\\\/Logo-Nuevo-LOS-POLITICOS-1.jpg\",\"width\":260,\"height\":70,\"caption\":\"Los pol\u00edticos Veracruz\"},\"image\":{\"@id\":\"https:\\\/\\\/lospoliticosveracruz.com\\\/#\\\/schema\\\/logo\\\/image\\\/\"},\"sameAs\":[\"https:\\\/\\\/www.facebook.com\\\/people\\\/Notimemes-de-los-Polticos\\\/61565672886568\\\/\",\"https:\\\/\\\/x.com\\\/LosPoliticosVer\"]},{\"@type\":\"Person\",\"@id\":\"https:\\\/\\\/lospoliticosveracruz.com\\\/#\\\/schema\\\/person\\\/b8702bb0e538456e6efd07080bf2a4a2\",\"name\":\"Lo viste en Los Pol\u00edticos\",\"image\":{\"@type\":\"ImageObject\",\"inLanguage\":\"es\",\"@id\":\"https:\\\/\\\/secure.gravatar.com\\\/avatar\\\/3a8de04a2656d44082be478bd6c086daa447c4651605818287b9532d3d0bd435?s=96&d=mm&r=g\",\"url\":\"https:\\\/\\\/secure.gravatar.com\\\/avatar\\\/3a8de04a2656d44082be478bd6c086daa447c4651605818287b9532d3d0bd435?s=96&d=mm&r=g\",\"contentUrl\":\"https:\\\/\\\/secure.gravatar.com\\\/avatar\\\/3a8de04a2656d44082be478bd6c086daa447c4651605818287b9532d3d0bd435?s=96&d=mm&r=g\",\"caption\":\"Lo viste en Los Pol\u00edticos\"},\"url\":\"https:\\\/\\\/lospoliticosveracruz.com\\\/?author=2\"}]}<\/script>\n<!-- \/ Yoast SEO plugin. -->","yoast_head_json":{"title":"A dos a\u00f1os del gobierno de la 4T en Veracruz - Los pol\u00edticos Veracruz","robots":{"index":"index","follow":"follow","max-snippet":"max-snippet:-1","max-image-preview":"max-image-preview:large","max-video-preview":"max-video-preview:-1"},"canonical":"https:\/\/lospoliticosveracruz.com\/?p=64026","og_locale":"es_ES","og_type":"article","og_title":"A dos a\u00f1os del gobierno de la 4T en Veracruz - Los pol\u00edticos Veracruz","og_description":"Emilio C\u00e1rdenas Escobosa De Inter\u00e9s P\u00fablico Este 15 de noviembre el gobernador Cuitl\u00e1huac Garc\u00eda Jim\u00e9nez entreg\u00f3 su segundo informe de gobierno al Congreso del Estado de Veracruz. Han transcurrido pr\u00e1cticamente 2 a\u00f1os de que en un clima de gran expectaci\u00f3n y optimismo d\u00e1bamos la bienvenida a una nueva administraci\u00f3n que con un nuevo ideario, oferta [&hellip;]","og_url":"https:\/\/lospoliticosveracruz.com\/?p=64026","og_site_name":"Los pol\u00edticos Veracruz","article_publisher":"https:\/\/www.facebook.com\/people\/Notimemes-de-los-Polticos\/61565672886568\/","article_published_time":"2020-11-17T00:59:18+00:00","article_modified_time":"2020-11-17T01:00:48+00:00","og_image":[{"width":200,"height":200,"url":"https:\/\/lospoliticosveracruz.com\/wp-content\/uploads\/2016\/07\/Logo-Dor.jpg","type":"image\/jpeg"}],"author":"Lo viste en Los Pol\u00edticos","twitter_card":"summary_large_image","twitter_creator":"@LosPoliticosVer","twitter_site":"@LosPoliticosVer","twitter_misc":{"Escrito por":"Lo viste en Los Pol\u00edticos","Tiempo de lectura":"5 minutos"},"schema":{"@context":"https:\/\/schema.org","@graph":[{"@type":"Article","@id":"https:\/\/lospoliticosveracruz.com\/?p=64026#article","isPartOf":{"@id":"https:\/\/lospoliticosveracruz.com\/?p=64026"},"author":{"name":"Lo viste en Los Pol\u00edticos","@id":"https:\/\/lospoliticosveracruz.com\/#\/schema\/person\/b8702bb0e538456e6efd07080bf2a4a2"},"headline":"A dos a\u00f1os del gobierno de la 4T en Veracruz","datePublished":"2020-11-17T00:59:18+00:00","dateModified":"2020-11-17T01:00:48+00:00","mainEntityOfPage":{"@id":"https:\/\/lospoliticosveracruz.com\/?p=64026"},"wordCount":946,"commentCount":0,"publisher":{"@id":"https:\/\/lospoliticosveracruz.com\/#organization"},"keywords":["Cuitl\u00e1huac Garc\u00eda Jim\u00e9nez","estado de Veracruz","gobernador","Morena","pandemia","Servicio p\u00fablico"],"articleSection":["De Opini\u00f3n"],"inLanguage":"es","potentialAction":[{"@type":"CommentAction","name":"Comment","target":["https:\/\/lospoliticosveracruz.com\/?p=64026#respond"]}]},{"@type":"WebPage","@id":"https:\/\/lospoliticosveracruz.com\/?p=64026","url":"https:\/\/lospoliticosveracruz.com\/?p=64026","name":"A dos a\u00f1os del gobierno de la 4T en Veracruz - Los pol\u00edticos Veracruz","isPartOf":{"@id":"https:\/\/lospoliticosveracruz.com\/#website"},"datePublished":"2020-11-17T00:59:18+00:00","dateModified":"2020-11-17T01:00:48+00:00","breadcrumb":{"@id":"https:\/\/lospoliticosveracruz.com\/?p=64026#breadcrumb"},"inLanguage":"es","potentialAction":[{"@type":"ReadAction","target":["https:\/\/lospoliticosveracruz.com\/?p=64026"]}]},{"@type":"BreadcrumbList","@id":"https:\/\/lospoliticosveracruz.com\/?p=64026#breadcrumb","itemListElement":[{"@type":"ListItem","position":1,"name":"Portada","item":"https:\/\/lospoliticosveracruz.com\/"},{"@type":"ListItem","position":2,"name":"A dos a\u00f1os del gobierno de la 4T en Veracruz"}]},{"@type":"WebSite","@id":"https:\/\/lospoliticosveracruz.com\/#website","url":"https:\/\/lospoliticosveracruz.com\/","name":"Los pol\u00edticos Veracruz","description":"","publisher":{"@id":"https:\/\/lospoliticosveracruz.com\/#organization"},"potentialAction":[{"@type":"SearchAction","target":{"@type":"EntryPoint","urlTemplate":"https:\/\/lospoliticosveracruz.com\/?s={search_term_string}"},"query-input":{"@type":"PropertyValueSpecification","valueRequired":true,"valueName":"search_term_string"}}],"inLanguage":"es"},{"@type":"Organization","@id":"https:\/\/lospoliticosveracruz.com\/#organization","name":"Los pol\u00edticos Veracruz","url":"https:\/\/lospoliticosveracruz.com\/","logo":{"@type":"ImageObject","inLanguage":"es","@id":"https:\/\/lospoliticosveracruz.com\/#\/schema\/logo\/image\/","url":"https:\/\/lospoliticosveracruz.com\/wp-content\/uploads\/2025\/12\/Logo-Nuevo-LOS-POLITICOS-1.jpg","contentUrl":"https:\/\/lospoliticosveracruz.com\/wp-content\/uploads\/2025\/12\/Logo-Nuevo-LOS-POLITICOS-1.jpg","width":260,"height":70,"caption":"Los pol\u00edticos Veracruz"},"image":{"@id":"https:\/\/lospoliticosveracruz.com\/#\/schema\/logo\/image\/"},"sameAs":["https:\/\/www.facebook.com\/people\/Notimemes-de-los-Polticos\/61565672886568\/","https:\/\/x.com\/LosPoliticosVer"]},{"@type":"Person","@id":"https:\/\/lospoliticosveracruz.com\/#\/schema\/person\/b8702bb0e538456e6efd07080bf2a4a2","name":"Lo viste en Los Pol\u00edticos","image":{"@type":"ImageObject","inLanguage":"es","@id":"https:\/\/secure.gravatar.com\/avatar\/3a8de04a2656d44082be478bd6c086daa447c4651605818287b9532d3d0bd435?s=96&d=mm&r=g","url":"https:\/\/secure.gravatar.com\/avatar\/3a8de04a2656d44082be478bd6c086daa447c4651605818287b9532d3d0bd435?s=96&d=mm&r=g","contentUrl":"https:\/\/secure.gravatar.com\/avatar\/3a8de04a2656d44082be478bd6c086daa447c4651605818287b9532d3d0bd435?s=96&d=mm&r=g","caption":"Lo viste en Los Pol\u00edticos"},"url":"https:\/\/lospoliticosveracruz.com\/?author=2"}]}},"_links":{"self":[{"href":"https:\/\/lospoliticosveracruz.com\/index.php?rest_route=\/wp\/v2\/posts\/64026","targetHints":{"allow":["GET"]}}],"collection":[{"href":"https:\/\/lospoliticosveracruz.com\/index.php?rest_route=\/wp\/v2\/posts"}],"about":[{"href":"https:\/\/lospoliticosveracruz.com\/index.php?rest_route=\/wp\/v2\/types\/post"}],"author":[{"embeddable":true,"href":"https:\/\/lospoliticosveracruz.com\/index.php?rest_route=\/wp\/v2\/users\/2"}],"replies":[{"embeddable":true,"href":"https:\/\/lospoliticosveracruz.com\/index.php?rest_route=%2Fwp%2Fv2%2Fcomments&post=64026"}],"version-history":[{"count":2,"href":"https:\/\/lospoliticosveracruz.com\/index.php?rest_route=\/wp\/v2\/posts\/64026\/revisions"}],"predecessor-version":[{"id":64029,"href":"https:\/\/lospoliticosveracruz.com\/index.php?rest_route=\/wp\/v2\/posts\/64026\/revisions\/64029"}],"wp:attachment":[{"href":"https:\/\/lospoliticosveracruz.com\/index.php?rest_route=%2Fwp%2Fv2%2Fmedia&parent=64026"}],"wp:term":[{"taxonomy":"category","embeddable":true,"href":"https:\/\/lospoliticosveracruz.com\/index.php?rest_route=%2Fwp%2Fv2%2Fcategories&post=64026"},{"taxonomy":"post_tag","embeddable":true,"href":"https:\/\/lospoliticosveracruz.com\/index.php?rest_route=%2Fwp%2Fv2%2Ftags&post=64026"}],"curies":[{"name":"wp","href":"https:\/\/api.w.org\/{rel}","templated":true}]}}