{"id":64114,"date":"2020-11-18T13:56:51","date_gmt":"2020-11-18T19:56:51","guid":{"rendered":"http:\/\/www.lospoliticosveracruz.com.mx\/?p=64114"},"modified":"2020-11-18T13:56:51","modified_gmt":"2020-11-18T19:56:51","slug":"de-cuitlalandia-el-ii-informe-sergio","status":"publish","type":"post","link":"https:\/\/lospoliticosveracruz.com\/?p=64114","title":{"rendered":"De Cuitlalandia, el II Informe: Sergio"},"content":{"rendered":"<p>&nbsp;<\/p>\n<p>El segundo informe del gobernador Cuitl\u00e1huac Garc\u00eda dista mucho de la realidad que se vive en Veracruz, ya que a la vista de todos est\u00e1 el p\u00e9simo manejo de la pandemia del Covid-19, el clima de violencia e inseguridad en todas las regiones del estado, el desabasto de medicamentos y el posible desv\u00edo de recursos en el sector salud, as\u00ed como la carencia de infraestructura urbana, se\u00f1al\u00f3 el legislador local Sergio Hern\u00e1ndez Hern\u00e1ndez.<br \/>\nPara el representante por el Partido Acci\u00f3n Nacional (PAN), el Informe presentado por el Ejecutivo este 16 de noviembre destac\u00f3 por los pretextos y mentiras que dijo para justificar sus nulos resultados, lo que confirma que su llegada al Gobierno fue un error que los veracruzanos estamos pagando caro. \u201cCuitl\u00e1huac Garc\u00eda no est\u00e1 capacitado para dirigir a este gran Estado y no entiende las verdaderas preocupaciones de la gente, por lo que continuar\u00e1n los problemas y malos resultados\u201d.<br \/>\nSergio Hern\u00e1ndez manifest\u00f3 que aun cuando Veracruz ocupa el tercer lugar nacional en defunciones por Covid-19, el gobernador alarde\u00f3 que no se satur\u00f3 la ocupaci\u00f3n hospitalaria. \u201cLo que le falt\u00f3 decir es que la mayor\u00eda de la gente ya no va a los hospitales y prefiere curarse en casa, porque saben de las carencias que padecen los m\u00e9dicos y personal del sector salud\u201d.<br \/>\nAl respecto, el diputado xalape\u00f1o critic\u00f3 que en el segundo informe no se haya mostrado empat\u00eda con todas las familias y el personal de salud que han perdido la vida a causa del coronavirus.<br \/>\nAsimismo, record\u00f3 que la Secretar\u00eda de Salud estatal no pudo comprobar ante la Auditor\u00eda Superior de la Federaci\u00f3n (ASF) el gasto de 1,963 millones de pesos (mdp) de transferencias para el Seguro Popular, 2019. \u201cLo cual reflejar\u00eda un posible desv\u00edo de recursos y nuevamente confirma que la austeridad y la honradez son una farsa en la actual administraci\u00f3n\u201d.<br \/>\nPor otra parte, el diputado Hern\u00e1ndez Hern\u00e1ndez puntualiz\u00f3 que la seguridad mejorar\u00e1 cuando los delitos se persigan y en estos dos a\u00f1os solo hemos visto impunidad y un creciente clima de violencia, que ha costado la vida hasta de funcionarios y actores pol\u00edticos.<br \/>\nAdelant\u00f3 que, a partir de este 18 de noviembre, fecha en que inician las comparecencias de los secretarios de despacho ante el Congreso, no se esperan buenos resultados en ninguna de las Secretar\u00edas. \u201cSer\u00e1n puras mentiras y verdades a medias, lo m\u00e1s seguro es que, al igual que su jefe pol\u00edtico, van a recurrir a repartir culpas a las pasadas administraciones para justificar su p\u00e9simo desempe\u00f1o al frente del Gobierno\u201d, concluy\u00f3.<\/p>\n","protected":false},"excerpt":{"rendered":"<p>&nbsp; El segundo informe del gobernador Cuitl\u00e1huac Garc\u00eda dista mucho de la realidad que se vive en Veracruz, ya que a la vista de todos est\u00e1 el p\u00e9simo manejo de la pandemia del Covid-19, el clima de violencia e inseguridad en todas las regiones del estado, el desabasto de medicamentos y el posible desv\u00edo de [&hellip;]<\/p>\n","protected":false},"author":2,"featured_media":0,"comment_status":"open","ping_status":"open","sticky":false,"template":"","format":"standard","meta":{"tdm_status":"","tdm_grid_status":"","footnotes":""},"categories":[73],"tags":[2180,1917,16264,1681,266,4353,6481,195],"class_list":{"0":"post-64114","1":"post","2":"type-post","3":"status-publish","4":"format-standard","6":"category-de-boleto","7":"tag-asf","8":"tag-auditoria-superior-de-la-federacion","9":"tag-coronavirus","10":"tag-cuitlahuac-garcia","11":"tag-pan","12":"tag-segundo-informe","13":"tag-sergio-hernandez-hernandez","14":"tag-veracruz"},"yoast_head":"<!-- This site is optimized with the Yoast SEO plugin v27.4 - https:\/\/yoast.com\/product\/yoast-seo-wordpress\/ -->\n<title>De Cuitlalandia, el II Informe: Sergio - Los pol\u00edticos Veracruz<\/title>\n<meta name=\"robots\" content=\"index, follow, max-snippet:-1, max-image-preview:large, max-video-preview:-1\" \/>\n<link rel=\"canonical\" href=\"https:\/\/lospoliticosveracruz.com\/?p=64114\" \/>\n<meta property=\"og:locale\" content=\"es_ES\" \/>\n<meta property=\"og:type\" content=\"article\" \/>\n<meta property=\"og:title\" content=\"De Cuitlalandia, el II Informe: Sergio - Los pol\u00edticos Veracruz\" \/>\n<meta property=\"og:description\" content=\"&nbsp; El segundo informe del gobernador Cuitl\u00e1huac Garc\u00eda dista mucho de la realidad que se vive en Veracruz, ya que a la vista de todos est\u00e1 el p\u00e9simo manejo de la pandemia del Covid-19, el clima de violencia e inseguridad en todas las regiones del estado, el desabasto de medicamentos y el posible desv\u00edo de [&hellip;]\" \/>\n<meta property=\"og:url\" content=\"https:\/\/lospoliticosveracruz.com\/?p=64114\" \/>\n<meta property=\"og:site_name\" content=\"Los pol\u00edticos Veracruz\" \/>\n<meta property=\"article:publisher\" content=\"https:\/\/www.facebook.com\/people\/Notimemes-de-los-Polticos\/61565672886568\/\" \/>\n<meta property=\"article:published_time\" content=\"2020-11-18T19:56:51+00:00\" \/>\n<meta property=\"og:image\" content=\"https:\/\/lospoliticosveracruz.com\/wp-content\/uploads\/2016\/07\/Logo-Dor.jpg\" \/>\n\t<meta property=\"og:image:width\" content=\"200\" \/>\n\t<meta property=\"og:image:height\" content=\"200\" \/>\n\t<meta property=\"og:image:type\" content=\"image\/jpeg\" \/>\n<meta name=\"author\" content=\"Lo viste en Los Pol\u00edticos\" \/>\n<meta name=\"twitter:card\" content=\"summary_large_image\" \/>\n<meta name=\"twitter:creator\" content=\"@LosPoliticosVer\" \/>\n<meta name=\"twitter:site\" content=\"@LosPoliticosVer\" \/>\n<meta name=\"twitter:label1\" content=\"Escrito por\" \/>\n\t<meta name=\"twitter:data1\" content=\"Lo viste en Los Pol\u00edticos\" \/>\n\t<meta name=\"twitter:label2\" content=\"Tiempo de lectura\" \/>\n\t<meta name=\"twitter:data2\" content=\"2 minutos\" \/>\n<script type=\"application\/ld+json\" class=\"yoast-schema-graph\">{\"@context\":\"https:\\\/\\\/schema.org\",\"@graph\":[{\"@type\":\"Article\",\"@id\":\"https:\\\/\\\/lospoliticosveracruz.com\\\/?p=64114#article\",\"isPartOf\":{\"@id\":\"https:\\\/\\\/lospoliticosveracruz.com\\\/?p=64114\"},\"author\":{\"name\":\"Lo viste en Los Pol\u00edticos\",\"@id\":\"https:\\\/\\\/lospoliticosveracruz.com\\\/#\\\/schema\\\/person\\\/b8702bb0e538456e6efd07080bf2a4a2\"},\"headline\":\"De Cuitlalandia, el II Informe: Sergio\",\"datePublished\":\"2020-11-18T19:56:51+00:00\",\"mainEntityOfPage\":{\"@id\":\"https:\\\/\\\/lospoliticosveracruz.com\\\/?p=64114\"},\"wordCount\":456,\"commentCount\":0,\"publisher\":{\"@id\":\"https:\\\/\\\/lospoliticosveracruz.com\\\/#organization\"},\"keywords\":[\"ASF\",\"Auditor\u00eda Superior de la Federaci\u00f3n\",\"coronavirus\",\"Cuitl\u00e1huac Garc\u00eda\",\"PAN\",\"Segundo Informe\",\"Sergio Hern\u00e1ndez Hern\u00e1ndez\",\"Veracruz\"],\"articleSection\":[\"De Boleto\"],\"inLanguage\":\"es\",\"potentialAction\":[{\"@type\":\"CommentAction\",\"name\":\"Comment\",\"target\":[\"https:\\\/\\\/lospoliticosveracruz.com\\\/?p=64114#respond\"]}]},{\"@type\":\"WebPage\",\"@id\":\"https:\\\/\\\/lospoliticosveracruz.com\\\/?p=64114\",\"url\":\"https:\\\/\\\/lospoliticosveracruz.com\\\/?p=64114\",\"name\":\"De Cuitlalandia, el II Informe: Sergio - Los pol\u00edticos Veracruz\",\"isPartOf\":{\"@id\":\"https:\\\/\\\/lospoliticosveracruz.com\\\/#website\"},\"datePublished\":\"2020-11-18T19:56:51+00:00\",\"breadcrumb\":{\"@id\":\"https:\\\/\\\/lospoliticosveracruz.com\\\/?p=64114#breadcrumb\"},\"inLanguage\":\"es\",\"potentialAction\":[{\"@type\":\"ReadAction\",\"target\":[\"https:\\\/\\\/lospoliticosveracruz.com\\\/?p=64114\"]}]},{\"@type\":\"BreadcrumbList\",\"@id\":\"https:\\\/\\\/lospoliticosveracruz.com\\\/?p=64114#breadcrumb\",\"itemListElement\":[{\"@type\":\"ListItem\",\"position\":1,\"name\":\"Portada\",\"item\":\"https:\\\/\\\/lospoliticosveracruz.com\\\/\"},{\"@type\":\"ListItem\",\"position\":2,\"name\":\"De Cuitlalandia, el II Informe: Sergio\"}]},{\"@type\":\"WebSite\",\"@id\":\"https:\\\/\\\/lospoliticosveracruz.com\\\/#website\",\"url\":\"https:\\\/\\\/lospoliticosveracruz.com\\\/\",\"name\":\"Los pol\u00edticos Veracruz\",\"description\":\"\",\"publisher\":{\"@id\":\"https:\\\/\\\/lospoliticosveracruz.com\\\/#organization\"},\"potentialAction\":[{\"@type\":\"SearchAction\",\"target\":{\"@type\":\"EntryPoint\",\"urlTemplate\":\"https:\\\/\\\/lospoliticosveracruz.com\\\/?s={search_term_string}\"},\"query-input\":{\"@type\":\"PropertyValueSpecification\",\"valueRequired\":true,\"valueName\":\"search_term_string\"}}],\"inLanguage\":\"es\"},{\"@type\":\"Organization\",\"@id\":\"https:\\\/\\\/lospoliticosveracruz.com\\\/#organization\",\"name\":\"Los pol\u00edticos Veracruz\",\"url\":\"https:\\\/\\\/lospoliticosveracruz.com\\\/\",\"logo\":{\"@type\":\"ImageObject\",\"inLanguage\":\"es\",\"@id\":\"https:\\\/\\\/lospoliticosveracruz.com\\\/#\\\/schema\\\/logo\\\/image\\\/\",\"url\":\"https:\\\/\\\/lospoliticosveracruz.com\\\/wp-content\\\/uploads\\\/2025\\\/12\\\/Logo-Nuevo-LOS-POLITICOS-1.jpg\",\"contentUrl\":\"https:\\\/\\\/lospoliticosveracruz.com\\\/wp-content\\\/uploads\\\/2025\\\/12\\\/Logo-Nuevo-LOS-POLITICOS-1.jpg\",\"width\":260,\"height\":70,\"caption\":\"Los pol\u00edticos Veracruz\"},\"image\":{\"@id\":\"https:\\\/\\\/lospoliticosveracruz.com\\\/#\\\/schema\\\/logo\\\/image\\\/\"},\"sameAs\":[\"https:\\\/\\\/www.facebook.com\\\/people\\\/Notimemes-de-los-Polticos\\\/61565672886568\\\/\",\"https:\\\/\\\/x.com\\\/LosPoliticosVer\"]},{\"@type\":\"Person\",\"@id\":\"https:\\\/\\\/lospoliticosveracruz.com\\\/#\\\/schema\\\/person\\\/b8702bb0e538456e6efd07080bf2a4a2\",\"name\":\"Lo viste en Los Pol\u00edticos\",\"image\":{\"@type\":\"ImageObject\",\"inLanguage\":\"es\",\"@id\":\"https:\\\/\\\/secure.gravatar.com\\\/avatar\\\/3a8de04a2656d44082be478bd6c086daa447c4651605818287b9532d3d0bd435?s=96&d=mm&r=g\",\"url\":\"https:\\\/\\\/secure.gravatar.com\\\/avatar\\\/3a8de04a2656d44082be478bd6c086daa447c4651605818287b9532d3d0bd435?s=96&d=mm&r=g\",\"contentUrl\":\"https:\\\/\\\/secure.gravatar.com\\\/avatar\\\/3a8de04a2656d44082be478bd6c086daa447c4651605818287b9532d3d0bd435?s=96&d=mm&r=g\",\"caption\":\"Lo viste en Los Pol\u00edticos\"},\"url\":\"https:\\\/\\\/lospoliticosveracruz.com\\\/?author=2\"}]}<\/script>\n<!-- \/ Yoast SEO plugin. -->","yoast_head_json":{"title":"De Cuitlalandia, el II Informe: Sergio - Los pol\u00edticos Veracruz","robots":{"index":"index","follow":"follow","max-snippet":"max-snippet:-1","max-image-preview":"max-image-preview:large","max-video-preview":"max-video-preview:-1"},"canonical":"https:\/\/lospoliticosveracruz.com\/?p=64114","og_locale":"es_ES","og_type":"article","og_title":"De Cuitlalandia, el II Informe: Sergio - Los pol\u00edticos Veracruz","og_description":"&nbsp; El segundo informe del gobernador Cuitl\u00e1huac Garc\u00eda dista mucho de la realidad que se vive en Veracruz, ya que a la vista de todos est\u00e1 el p\u00e9simo manejo de la pandemia del Covid-19, el clima de violencia e inseguridad en todas las regiones del estado, el desabasto de medicamentos y el posible desv\u00edo de [&hellip;]","og_url":"https:\/\/lospoliticosveracruz.com\/?p=64114","og_site_name":"Los pol\u00edticos Veracruz","article_publisher":"https:\/\/www.facebook.com\/people\/Notimemes-de-los-Polticos\/61565672886568\/","article_published_time":"2020-11-18T19:56:51+00:00","og_image":[{"width":200,"height":200,"url":"https:\/\/lospoliticosveracruz.com\/wp-content\/uploads\/2016\/07\/Logo-Dor.jpg","type":"image\/jpeg"}],"author":"Lo viste en Los Pol\u00edticos","twitter_card":"summary_large_image","twitter_creator":"@LosPoliticosVer","twitter_site":"@LosPoliticosVer","twitter_misc":{"Escrito por":"Lo viste en Los Pol\u00edticos","Tiempo de lectura":"2 minutos"},"schema":{"@context":"https:\/\/schema.org","@graph":[{"@type":"Article","@id":"https:\/\/lospoliticosveracruz.com\/?p=64114#article","isPartOf":{"@id":"https:\/\/lospoliticosveracruz.com\/?p=64114"},"author":{"name":"Lo viste en Los Pol\u00edticos","@id":"https:\/\/lospoliticosveracruz.com\/#\/schema\/person\/b8702bb0e538456e6efd07080bf2a4a2"},"headline":"De Cuitlalandia, el II Informe: Sergio","datePublished":"2020-11-18T19:56:51+00:00","mainEntityOfPage":{"@id":"https:\/\/lospoliticosveracruz.com\/?p=64114"},"wordCount":456,"commentCount":0,"publisher":{"@id":"https:\/\/lospoliticosveracruz.com\/#organization"},"keywords":["ASF","Auditor\u00eda Superior de la Federaci\u00f3n","coronavirus","Cuitl\u00e1huac Garc\u00eda","PAN","Segundo Informe","Sergio Hern\u00e1ndez Hern\u00e1ndez","Veracruz"],"articleSection":["De Boleto"],"inLanguage":"es","potentialAction":[{"@type":"CommentAction","name":"Comment","target":["https:\/\/lospoliticosveracruz.com\/?p=64114#respond"]}]},{"@type":"WebPage","@id":"https:\/\/lospoliticosveracruz.com\/?p=64114","url":"https:\/\/lospoliticosveracruz.com\/?p=64114","name":"De Cuitlalandia, el II Informe: Sergio - Los pol\u00edticos Veracruz","isPartOf":{"@id":"https:\/\/lospoliticosveracruz.com\/#website"},"datePublished":"2020-11-18T19:56:51+00:00","breadcrumb":{"@id":"https:\/\/lospoliticosveracruz.com\/?p=64114#breadcrumb"},"inLanguage":"es","potentialAction":[{"@type":"ReadAction","target":["https:\/\/lospoliticosveracruz.com\/?p=64114"]}]},{"@type":"BreadcrumbList","@id":"https:\/\/lospoliticosveracruz.com\/?p=64114#breadcrumb","itemListElement":[{"@type":"ListItem","position":1,"name":"Portada","item":"https:\/\/lospoliticosveracruz.com\/"},{"@type":"ListItem","position":2,"name":"De Cuitlalandia, el II Informe: Sergio"}]},{"@type":"WebSite","@id":"https:\/\/lospoliticosveracruz.com\/#website","url":"https:\/\/lospoliticosveracruz.com\/","name":"Los pol\u00edticos Veracruz","description":"","publisher":{"@id":"https:\/\/lospoliticosveracruz.com\/#organization"},"potentialAction":[{"@type":"SearchAction","target":{"@type":"EntryPoint","urlTemplate":"https:\/\/lospoliticosveracruz.com\/?s={search_term_string}"},"query-input":{"@type":"PropertyValueSpecification","valueRequired":true,"valueName":"search_term_string"}}],"inLanguage":"es"},{"@type":"Organization","@id":"https:\/\/lospoliticosveracruz.com\/#organization","name":"Los pol\u00edticos Veracruz","url":"https:\/\/lospoliticosveracruz.com\/","logo":{"@type":"ImageObject","inLanguage":"es","@id":"https:\/\/lospoliticosveracruz.com\/#\/schema\/logo\/image\/","url":"https:\/\/lospoliticosveracruz.com\/wp-content\/uploads\/2025\/12\/Logo-Nuevo-LOS-POLITICOS-1.jpg","contentUrl":"https:\/\/lospoliticosveracruz.com\/wp-content\/uploads\/2025\/12\/Logo-Nuevo-LOS-POLITICOS-1.jpg","width":260,"height":70,"caption":"Los pol\u00edticos Veracruz"},"image":{"@id":"https:\/\/lospoliticosveracruz.com\/#\/schema\/logo\/image\/"},"sameAs":["https:\/\/www.facebook.com\/people\/Notimemes-de-los-Polticos\/61565672886568\/","https:\/\/x.com\/LosPoliticosVer"]},{"@type":"Person","@id":"https:\/\/lospoliticosveracruz.com\/#\/schema\/person\/b8702bb0e538456e6efd07080bf2a4a2","name":"Lo viste en Los Pol\u00edticos","image":{"@type":"ImageObject","inLanguage":"es","@id":"https:\/\/secure.gravatar.com\/avatar\/3a8de04a2656d44082be478bd6c086daa447c4651605818287b9532d3d0bd435?s=96&d=mm&r=g","url":"https:\/\/secure.gravatar.com\/avatar\/3a8de04a2656d44082be478bd6c086daa447c4651605818287b9532d3d0bd435?s=96&d=mm&r=g","contentUrl":"https:\/\/secure.gravatar.com\/avatar\/3a8de04a2656d44082be478bd6c086daa447c4651605818287b9532d3d0bd435?s=96&d=mm&r=g","caption":"Lo viste en Los Pol\u00edticos"},"url":"https:\/\/lospoliticosveracruz.com\/?author=2"}]}},"_links":{"self":[{"href":"https:\/\/lospoliticosveracruz.com\/index.php?rest_route=\/wp\/v2\/posts\/64114","targetHints":{"allow":["GET"]}}],"collection":[{"href":"https:\/\/lospoliticosveracruz.com\/index.php?rest_route=\/wp\/v2\/posts"}],"about":[{"href":"https:\/\/lospoliticosveracruz.com\/index.php?rest_route=\/wp\/v2\/types\/post"}],"author":[{"embeddable":true,"href":"https:\/\/lospoliticosveracruz.com\/index.php?rest_route=\/wp\/v2\/users\/2"}],"replies":[{"embeddable":true,"href":"https:\/\/lospoliticosveracruz.com\/index.php?rest_route=%2Fwp%2Fv2%2Fcomments&post=64114"}],"version-history":[{"count":1,"href":"https:\/\/lospoliticosveracruz.com\/index.php?rest_route=\/wp\/v2\/posts\/64114\/revisions"}],"predecessor-version":[{"id":64116,"href":"https:\/\/lospoliticosveracruz.com\/index.php?rest_route=\/wp\/v2\/posts\/64114\/revisions\/64116"}],"wp:attachment":[{"href":"https:\/\/lospoliticosveracruz.com\/index.php?rest_route=%2Fwp%2Fv2%2Fmedia&parent=64114"}],"wp:term":[{"taxonomy":"category","embeddable":true,"href":"https:\/\/lospoliticosveracruz.com\/index.php?rest_route=%2Fwp%2Fv2%2Fcategories&post=64114"},{"taxonomy":"post_tag","embeddable":true,"href":"https:\/\/lospoliticosveracruz.com\/index.php?rest_route=%2Fwp%2Fv2%2Ftags&post=64114"}],"curies":[{"name":"wp","href":"https:\/\/api.w.org\/{rel}","templated":true}]}}