{"id":64129,"date":"2020-11-18T18:13:24","date_gmt":"2020-11-19T00:13:24","guid":{"rendered":"http:\/\/www.lospoliticosveracruz.com.mx\/?p=64129"},"modified":"2020-11-18T18:13:24","modified_gmt":"2020-11-19T00:13:24","slug":"y-tu-nieve-de-que-la-quieres-bola-8","status":"publish","type":"post","link":"https:\/\/lospoliticosveracruz.com\/?p=64129","title":{"rendered":"Y tu nieve, de qu\u00e9 la quieres, Bola 8?"},"content":{"rendered":"<p><a href=\"http:\/\/www.lospoliticosveracruz.com.mx\/wp-content\/uploads\/2020\/11\/Bola-8-2.jpeg\"><img loading=\"lazy\" decoding=\"async\" class=\"aligncenter size-large wp-image-64130\" src=\"http:\/\/www.lospoliticosveracruz.com.mx\/wp-content\/uploads\/2020\/11\/Bola-8-2-1024x683.jpeg\" alt=\"Bola 8 2\" width=\"750\" height=\"500\" \/><\/a><\/p>\n<p>En el marco de la glosa del segundo informe de Gobierno de Cuitl\u00e1huac Garc\u00eda Jim\u00e9nez, Gobernador del Estado de Veracruz, se realiz\u00f3 la comparecencia del Secretario de Gobierno, Eric Cisneros Burgos, donde se dieron cita presidentes municipales de todo el Estado dando cuenta de la coordinaci\u00f3n institucional entre los diferentes niveles de Gobierno.<\/p>\n<p><a href=\"http:\/\/www.lospoliticosveracruz.com.mx\/wp-content\/uploads\/2020\/11\/Bola-8-3.jpeg\"><img loading=\"lazy\" decoding=\"async\" class=\"aligncenter size-large wp-image-64131\" src=\"http:\/\/www.lospoliticosveracruz.com.mx\/wp-content\/uploads\/2020\/11\/Bola-8-3-1024x683.jpeg\" alt=\"Bola 8 3\" width=\"750\" height=\"500\" \/><\/a><\/p>\n<p>Lerdo de Tejada estuvo presente con el Presidente municipal, Hermas Cort\u00e9s Garc\u00eda acompa\u00f1ado de su esposa Cynthia Gonz\u00e1lez de Cort\u00e9s y la Regidora Agripina Jim\u00e9nez Rivera, quienes como parte del programa de valores \u201cOrgullo Veracruzano\u201d que promueve la Secretar\u00eda de Gobierno, invitaron a los asistentes la deliciosa y famosa Nieve de Coco, producto artesanal en manos de don Pablo Corro, heredero de una deliciosa tradici\u00f3n familiar que ha dado fama a Lerdo de Tejada, denominada \u201cla ciudad de los brazos abiertos\u201d.<br \/>\nHermas Cort\u00e9s coment\u00f3 que el municipio ha tenido el respaldo del gobierno estatal en diversos rubros, adem\u00e1s se\u00f1al\u00f3 que las nieves son un atractivo para los visitantes, \u201ces un producto reconocido que le da identidad a nuestro pueblo\u201d.<br \/>\nEl mun\u00edcipe, asegur\u00f3 que se potencializar\u00e1, el programa \u201cOrgullo Veracruzano\u201d para poder darle m\u00e1s difusi\u00f3n a la demarcaci\u00f3n.<\/p>\n","protected":false},"excerpt":{"rendered":"<p>En el marco de la glosa del segundo informe de Gobierno de Cuitl\u00e1huac Garc\u00eda Jim\u00e9nez, Gobernador del Estado de Veracruz, se realiz\u00f3 la comparecencia del Secretario de Gobierno, Eric Cisneros Burgos, donde se dieron cita presidentes municipales de todo el Estado dando cuenta de la coordinaci\u00f3n institucional entre los diferentes niveles de Gobierno. Lerdo de [&hellip;]<\/p>\n","protected":false},"author":2,"featured_media":0,"comment_status":"open","ping_status":"open","sticky":false,"template":"","format":"standard","meta":{"tdm_status":"","tdm_grid_status":"","footnotes":""},"categories":[6446],"tags":[1563,23707,12299,19406,1780,18347,23709,954,23706,195],"class_list":{"0":"post-64129","1":"post","2":"type-post","3":"status-publish","4":"format-standard","6":"category-la-nota","7":"tag-cuitlahuac-garcia-jimenez","8":"tag-cynthia-gonzalez-de-cortes","9":"tag-eric-cisneros-burgos","10":"tag-hermas-cortes-garcia","11":"tag-lerdo-de-tejada","12":"tag-orgullo-veracruzano","13":"tag-pablo-corro","14":"tag-secretario-de-gobierno","15":"tag-segundo-informe-de-gobierno","16":"tag-veracruz"},"yoast_head":"<!-- This site is optimized with the Yoast SEO plugin v27.4 - https:\/\/yoast.com\/product\/yoast-seo-wordpress\/ -->\n<title>Y tu nieve, de qu\u00e9 la quieres, Bola 8? - Los pol\u00edticos Veracruz<\/title>\n<meta name=\"robots\" content=\"index, follow, max-snippet:-1, max-image-preview:large, max-video-preview:-1\" \/>\n<link rel=\"canonical\" href=\"https:\/\/lospoliticosveracruz.com\/?p=64129\" \/>\n<meta property=\"og:locale\" content=\"es_ES\" \/>\n<meta property=\"og:type\" content=\"article\" \/>\n<meta property=\"og:title\" content=\"Y tu nieve, de qu\u00e9 la quieres, Bola 8? - Los pol\u00edticos Veracruz\" \/>\n<meta property=\"og:description\" content=\"En el marco de la glosa del segundo informe de Gobierno de Cuitl\u00e1huac Garc\u00eda Jim\u00e9nez, Gobernador del Estado de Veracruz, se realiz\u00f3 la comparecencia del Secretario de Gobierno, Eric Cisneros Burgos, donde se dieron cita presidentes municipales de todo el Estado dando cuenta de la coordinaci\u00f3n institucional entre los diferentes niveles de Gobierno. Lerdo de [&hellip;]\" \/>\n<meta property=\"og:url\" content=\"https:\/\/lospoliticosveracruz.com\/?p=64129\" \/>\n<meta property=\"og:site_name\" content=\"Los pol\u00edticos Veracruz\" \/>\n<meta property=\"article:publisher\" content=\"https:\/\/www.facebook.com\/people\/Notimemes-de-los-Polticos\/61565672886568\/\" \/>\n<meta property=\"article:published_time\" content=\"2020-11-19T00:13:24+00:00\" \/>\n<meta property=\"og:image\" content=\"http:\/\/www.lospoliticosveracruz.com.mx\/wp-content\/uploads\/2020\/11\/Bola-8-2-1024x683.jpeg\" \/>\n<meta name=\"author\" content=\"Lo viste en Los Pol\u00edticos\" \/>\n<meta name=\"twitter:card\" content=\"summary_large_image\" \/>\n<meta name=\"twitter:creator\" content=\"@LosPoliticosVer\" \/>\n<meta name=\"twitter:site\" content=\"@LosPoliticosVer\" \/>\n<meta name=\"twitter:label1\" content=\"Escrito por\" \/>\n\t<meta name=\"twitter:data1\" content=\"Lo viste en Los Pol\u00edticos\" \/>\n\t<meta name=\"twitter:label2\" content=\"Tiempo de lectura\" \/>\n\t<meta name=\"twitter:data2\" content=\"1 minuto\" \/>\n<script type=\"application\/ld+json\" class=\"yoast-schema-graph\">{\"@context\":\"https:\\\/\\\/schema.org\",\"@graph\":[{\"@type\":\"Article\",\"@id\":\"https:\\\/\\\/lospoliticosveracruz.com\\\/?p=64129#article\",\"isPartOf\":{\"@id\":\"https:\\\/\\\/lospoliticosveracruz.com\\\/?p=64129\"},\"author\":{\"name\":\"Lo viste en Los Pol\u00edticos\",\"@id\":\"https:\\\/\\\/lospoliticosveracruz.com\\\/#\\\/schema\\\/person\\\/b8702bb0e538456e6efd07080bf2a4a2\"},\"headline\":\"Y tu nieve, de qu\u00e9 la quieres, Bola 8?\",\"datePublished\":\"2020-11-19T00:13:24+00:00\",\"mainEntityOfPage\":{\"@id\":\"https:\\\/\\\/lospoliticosveracruz.com\\\/?p=64129\"},\"wordCount\":217,\"commentCount\":0,\"publisher\":{\"@id\":\"https:\\\/\\\/lospoliticosveracruz.com\\\/#organization\"},\"image\":{\"@id\":\"https:\\\/\\\/lospoliticosveracruz.com\\\/?p=64129#primaryimage\"},\"thumbnailUrl\":\"http:\\\/\\\/www.lospoliticosveracruz.com.mx\\\/wp-content\\\/uploads\\\/2020\\\/11\\\/Bola-8-2-1024x683.jpeg\",\"keywords\":[\"Cuitl\u00e1huac Garc\u00eda Jim\u00e9nez\",\"Cynthia Gonz\u00e1lez de Cort\u00e9s\",\"Eric Cisneros Burgos\",\"Hermas Cort\u00e9s Garc\u00eda\",\"Lerdo de Tejada\",\"Orgullo Veracruzano\",\"Pablo Corro\",\"secretario de Gobierno\",\"Segundo informe de Gobierno\",\"Veracruz\"],\"articleSection\":[\"La Nota\"],\"inLanguage\":\"es\",\"potentialAction\":[{\"@type\":\"CommentAction\",\"name\":\"Comment\",\"target\":[\"https:\\\/\\\/lospoliticosveracruz.com\\\/?p=64129#respond\"]}]},{\"@type\":\"WebPage\",\"@id\":\"https:\\\/\\\/lospoliticosveracruz.com\\\/?p=64129\",\"url\":\"https:\\\/\\\/lospoliticosveracruz.com\\\/?p=64129\",\"name\":\"Y tu nieve, de qu\u00e9 la quieres, Bola 8? - Los pol\u00edticos Veracruz\",\"isPartOf\":{\"@id\":\"https:\\\/\\\/lospoliticosveracruz.com\\\/#website\"},\"primaryImageOfPage\":{\"@id\":\"https:\\\/\\\/lospoliticosveracruz.com\\\/?p=64129#primaryimage\"},\"image\":{\"@id\":\"https:\\\/\\\/lospoliticosveracruz.com\\\/?p=64129#primaryimage\"},\"thumbnailUrl\":\"http:\\\/\\\/www.lospoliticosveracruz.com.mx\\\/wp-content\\\/uploads\\\/2020\\\/11\\\/Bola-8-2-1024x683.jpeg\",\"datePublished\":\"2020-11-19T00:13:24+00:00\",\"breadcrumb\":{\"@id\":\"https:\\\/\\\/lospoliticosveracruz.com\\\/?p=64129#breadcrumb\"},\"inLanguage\":\"es\",\"potentialAction\":[{\"@type\":\"ReadAction\",\"target\":[\"https:\\\/\\\/lospoliticosveracruz.com\\\/?p=64129\"]}]},{\"@type\":\"ImageObject\",\"inLanguage\":\"es\",\"@id\":\"https:\\\/\\\/lospoliticosveracruz.com\\\/?p=64129#primaryimage\",\"url\":\"http:\\\/\\\/www.lospoliticosveracruz.com.mx\\\/wp-content\\\/uploads\\\/2020\\\/11\\\/Bola-8-2-1024x683.jpeg\",\"contentUrl\":\"http:\\\/\\\/www.lospoliticosveracruz.com.mx\\\/wp-content\\\/uploads\\\/2020\\\/11\\\/Bola-8-2-1024x683.jpeg\"},{\"@type\":\"BreadcrumbList\",\"@id\":\"https:\\\/\\\/lospoliticosveracruz.com\\\/?p=64129#breadcrumb\",\"itemListElement\":[{\"@type\":\"ListItem\",\"position\":1,\"name\":\"Portada\",\"item\":\"https:\\\/\\\/lospoliticosveracruz.com\\\/\"},{\"@type\":\"ListItem\",\"position\":2,\"name\":\"Y tu nieve, de qu\u00e9 la quieres, Bola 8?\"}]},{\"@type\":\"WebSite\",\"@id\":\"https:\\\/\\\/lospoliticosveracruz.com\\\/#website\",\"url\":\"https:\\\/\\\/lospoliticosveracruz.com\\\/\",\"name\":\"Los pol\u00edticos Veracruz\",\"description\":\"\",\"publisher\":{\"@id\":\"https:\\\/\\\/lospoliticosveracruz.com\\\/#organization\"},\"potentialAction\":[{\"@type\":\"SearchAction\",\"target\":{\"@type\":\"EntryPoint\",\"urlTemplate\":\"https:\\\/\\\/lospoliticosveracruz.com\\\/?s={search_term_string}\"},\"query-input\":{\"@type\":\"PropertyValueSpecification\",\"valueRequired\":true,\"valueName\":\"search_term_string\"}}],\"inLanguage\":\"es\"},{\"@type\":\"Organization\",\"@id\":\"https:\\\/\\\/lospoliticosveracruz.com\\\/#organization\",\"name\":\"Los pol\u00edticos Veracruz\",\"url\":\"https:\\\/\\\/lospoliticosveracruz.com\\\/\",\"logo\":{\"@type\":\"ImageObject\",\"inLanguage\":\"es\",\"@id\":\"https:\\\/\\\/lospoliticosveracruz.com\\\/#\\\/schema\\\/logo\\\/image\\\/\",\"url\":\"https:\\\/\\\/lospoliticosveracruz.com\\\/wp-content\\\/uploads\\\/2025\\\/12\\\/Logo-Nuevo-LOS-POLITICOS-1.jpg\",\"contentUrl\":\"https:\\\/\\\/lospoliticosveracruz.com\\\/wp-content\\\/uploads\\\/2025\\\/12\\\/Logo-Nuevo-LOS-POLITICOS-1.jpg\",\"width\":260,\"height\":70,\"caption\":\"Los pol\u00edticos Veracruz\"},\"image\":{\"@id\":\"https:\\\/\\\/lospoliticosveracruz.com\\\/#\\\/schema\\\/logo\\\/image\\\/\"},\"sameAs\":[\"https:\\\/\\\/www.facebook.com\\\/people\\\/Notimemes-de-los-Polticos\\\/61565672886568\\\/\",\"https:\\\/\\\/x.com\\\/LosPoliticosVer\"]},{\"@type\":\"Person\",\"@id\":\"https:\\\/\\\/lospoliticosveracruz.com\\\/#\\\/schema\\\/person\\\/b8702bb0e538456e6efd07080bf2a4a2\",\"name\":\"Lo viste en Los Pol\u00edticos\",\"image\":{\"@type\":\"ImageObject\",\"inLanguage\":\"es\",\"@id\":\"https:\\\/\\\/secure.gravatar.com\\\/avatar\\\/3a8de04a2656d44082be478bd6c086daa447c4651605818287b9532d3d0bd435?s=96&d=mm&r=g\",\"url\":\"https:\\\/\\\/secure.gravatar.com\\\/avatar\\\/3a8de04a2656d44082be478bd6c086daa447c4651605818287b9532d3d0bd435?s=96&d=mm&r=g\",\"contentUrl\":\"https:\\\/\\\/secure.gravatar.com\\\/avatar\\\/3a8de04a2656d44082be478bd6c086daa447c4651605818287b9532d3d0bd435?s=96&d=mm&r=g\",\"caption\":\"Lo viste en Los Pol\u00edticos\"},\"url\":\"https:\\\/\\\/lospoliticosveracruz.com\\\/?author=2\"}]}<\/script>\n<!-- \/ Yoast SEO plugin. -->","yoast_head_json":{"title":"Y tu nieve, de qu\u00e9 la quieres, Bola 8? - Los pol\u00edticos Veracruz","robots":{"index":"index","follow":"follow","max-snippet":"max-snippet:-1","max-image-preview":"max-image-preview:large","max-video-preview":"max-video-preview:-1"},"canonical":"https:\/\/lospoliticosveracruz.com\/?p=64129","og_locale":"es_ES","og_type":"article","og_title":"Y tu nieve, de qu\u00e9 la quieres, Bola 8? - Los pol\u00edticos Veracruz","og_description":"En el marco de la glosa del segundo informe de Gobierno de Cuitl\u00e1huac Garc\u00eda Jim\u00e9nez, Gobernador del Estado de Veracruz, se realiz\u00f3 la comparecencia del Secretario de Gobierno, Eric Cisneros Burgos, donde se dieron cita presidentes municipales de todo el Estado dando cuenta de la coordinaci\u00f3n institucional entre los diferentes niveles de Gobierno. Lerdo de [&hellip;]","og_url":"https:\/\/lospoliticosveracruz.com\/?p=64129","og_site_name":"Los pol\u00edticos Veracruz","article_publisher":"https:\/\/www.facebook.com\/people\/Notimemes-de-los-Polticos\/61565672886568\/","article_published_time":"2020-11-19T00:13:24+00:00","og_image":[{"url":"http:\/\/www.lospoliticosveracruz.com.mx\/wp-content\/uploads\/2020\/11\/Bola-8-2-1024x683.jpeg","type":"","width":"","height":""}],"author":"Lo viste en Los Pol\u00edticos","twitter_card":"summary_large_image","twitter_creator":"@LosPoliticosVer","twitter_site":"@LosPoliticosVer","twitter_misc":{"Escrito por":"Lo viste en Los Pol\u00edticos","Tiempo de lectura":"1 minuto"},"schema":{"@context":"https:\/\/schema.org","@graph":[{"@type":"Article","@id":"https:\/\/lospoliticosveracruz.com\/?p=64129#article","isPartOf":{"@id":"https:\/\/lospoliticosveracruz.com\/?p=64129"},"author":{"name":"Lo viste en Los Pol\u00edticos","@id":"https:\/\/lospoliticosveracruz.com\/#\/schema\/person\/b8702bb0e538456e6efd07080bf2a4a2"},"headline":"Y tu nieve, de qu\u00e9 la quieres, Bola 8?","datePublished":"2020-11-19T00:13:24+00:00","mainEntityOfPage":{"@id":"https:\/\/lospoliticosveracruz.com\/?p=64129"},"wordCount":217,"commentCount":0,"publisher":{"@id":"https:\/\/lospoliticosveracruz.com\/#organization"},"image":{"@id":"https:\/\/lospoliticosveracruz.com\/?p=64129#primaryimage"},"thumbnailUrl":"http:\/\/www.lospoliticosveracruz.com.mx\/wp-content\/uploads\/2020\/11\/Bola-8-2-1024x683.jpeg","keywords":["Cuitl\u00e1huac Garc\u00eda Jim\u00e9nez","Cynthia Gonz\u00e1lez de Cort\u00e9s","Eric Cisneros Burgos","Hermas Cort\u00e9s Garc\u00eda","Lerdo de Tejada","Orgullo Veracruzano","Pablo Corro","secretario de Gobierno","Segundo informe de Gobierno","Veracruz"],"articleSection":["La Nota"],"inLanguage":"es","potentialAction":[{"@type":"CommentAction","name":"Comment","target":["https:\/\/lospoliticosveracruz.com\/?p=64129#respond"]}]},{"@type":"WebPage","@id":"https:\/\/lospoliticosveracruz.com\/?p=64129","url":"https:\/\/lospoliticosveracruz.com\/?p=64129","name":"Y tu nieve, de qu\u00e9 la quieres, Bola 8? - Los pol\u00edticos Veracruz","isPartOf":{"@id":"https:\/\/lospoliticosveracruz.com\/#website"},"primaryImageOfPage":{"@id":"https:\/\/lospoliticosveracruz.com\/?p=64129#primaryimage"},"image":{"@id":"https:\/\/lospoliticosveracruz.com\/?p=64129#primaryimage"},"thumbnailUrl":"http:\/\/www.lospoliticosveracruz.com.mx\/wp-content\/uploads\/2020\/11\/Bola-8-2-1024x683.jpeg","datePublished":"2020-11-19T00:13:24+00:00","breadcrumb":{"@id":"https:\/\/lospoliticosveracruz.com\/?p=64129#breadcrumb"},"inLanguage":"es","potentialAction":[{"@type":"ReadAction","target":["https:\/\/lospoliticosveracruz.com\/?p=64129"]}]},{"@type":"ImageObject","inLanguage":"es","@id":"https:\/\/lospoliticosveracruz.com\/?p=64129#primaryimage","url":"http:\/\/www.lospoliticosveracruz.com.mx\/wp-content\/uploads\/2020\/11\/Bola-8-2-1024x683.jpeg","contentUrl":"http:\/\/www.lospoliticosveracruz.com.mx\/wp-content\/uploads\/2020\/11\/Bola-8-2-1024x683.jpeg"},{"@type":"BreadcrumbList","@id":"https:\/\/lospoliticosveracruz.com\/?p=64129#breadcrumb","itemListElement":[{"@type":"ListItem","position":1,"name":"Portada","item":"https:\/\/lospoliticosveracruz.com\/"},{"@type":"ListItem","position":2,"name":"Y tu nieve, de qu\u00e9 la quieres, Bola 8?"}]},{"@type":"WebSite","@id":"https:\/\/lospoliticosveracruz.com\/#website","url":"https:\/\/lospoliticosveracruz.com\/","name":"Los pol\u00edticos Veracruz","description":"","publisher":{"@id":"https:\/\/lospoliticosveracruz.com\/#organization"},"potentialAction":[{"@type":"SearchAction","target":{"@type":"EntryPoint","urlTemplate":"https:\/\/lospoliticosveracruz.com\/?s={search_term_string}"},"query-input":{"@type":"PropertyValueSpecification","valueRequired":true,"valueName":"search_term_string"}}],"inLanguage":"es"},{"@type":"Organization","@id":"https:\/\/lospoliticosveracruz.com\/#organization","name":"Los pol\u00edticos Veracruz","url":"https:\/\/lospoliticosveracruz.com\/","logo":{"@type":"ImageObject","inLanguage":"es","@id":"https:\/\/lospoliticosveracruz.com\/#\/schema\/logo\/image\/","url":"https:\/\/lospoliticosveracruz.com\/wp-content\/uploads\/2025\/12\/Logo-Nuevo-LOS-POLITICOS-1.jpg","contentUrl":"https:\/\/lospoliticosveracruz.com\/wp-content\/uploads\/2025\/12\/Logo-Nuevo-LOS-POLITICOS-1.jpg","width":260,"height":70,"caption":"Los pol\u00edticos Veracruz"},"image":{"@id":"https:\/\/lospoliticosveracruz.com\/#\/schema\/logo\/image\/"},"sameAs":["https:\/\/www.facebook.com\/people\/Notimemes-de-los-Polticos\/61565672886568\/","https:\/\/x.com\/LosPoliticosVer"]},{"@type":"Person","@id":"https:\/\/lospoliticosveracruz.com\/#\/schema\/person\/b8702bb0e538456e6efd07080bf2a4a2","name":"Lo viste en Los Pol\u00edticos","image":{"@type":"ImageObject","inLanguage":"es","@id":"https:\/\/secure.gravatar.com\/avatar\/3a8de04a2656d44082be478bd6c086daa447c4651605818287b9532d3d0bd435?s=96&d=mm&r=g","url":"https:\/\/secure.gravatar.com\/avatar\/3a8de04a2656d44082be478bd6c086daa447c4651605818287b9532d3d0bd435?s=96&d=mm&r=g","contentUrl":"https:\/\/secure.gravatar.com\/avatar\/3a8de04a2656d44082be478bd6c086daa447c4651605818287b9532d3d0bd435?s=96&d=mm&r=g","caption":"Lo viste en Los Pol\u00edticos"},"url":"https:\/\/lospoliticosveracruz.com\/?author=2"}]}},"_links":{"self":[{"href":"https:\/\/lospoliticosveracruz.com\/index.php?rest_route=\/wp\/v2\/posts\/64129","targetHints":{"allow":["GET"]}}],"collection":[{"href":"https:\/\/lospoliticosveracruz.com\/index.php?rest_route=\/wp\/v2\/posts"}],"about":[{"href":"https:\/\/lospoliticosveracruz.com\/index.php?rest_route=\/wp\/v2\/types\/post"}],"author":[{"embeddable":true,"href":"https:\/\/lospoliticosveracruz.com\/index.php?rest_route=\/wp\/v2\/users\/2"}],"replies":[{"embeddable":true,"href":"https:\/\/lospoliticosveracruz.com\/index.php?rest_route=%2Fwp%2Fv2%2Fcomments&post=64129"}],"version-history":[{"count":1,"href":"https:\/\/lospoliticosveracruz.com\/index.php?rest_route=\/wp\/v2\/posts\/64129\/revisions"}],"predecessor-version":[{"id":64133,"href":"https:\/\/lospoliticosveracruz.com\/index.php?rest_route=\/wp\/v2\/posts\/64129\/revisions\/64133"}],"wp:attachment":[{"href":"https:\/\/lospoliticosveracruz.com\/index.php?rest_route=%2Fwp%2Fv2%2Fmedia&parent=64129"}],"wp:term":[{"taxonomy":"category","embeddable":true,"href":"https:\/\/lospoliticosveracruz.com\/index.php?rest_route=%2Fwp%2Fv2%2Fcategories&post=64129"},{"taxonomy":"post_tag","embeddable":true,"href":"https:\/\/lospoliticosveracruz.com\/index.php?rest_route=%2Fwp%2Fv2%2Ftags&post=64129"}],"curies":[{"name":"wp","href":"https:\/\/api.w.org\/{rel}","templated":true}]}}