{"id":64144,"date":"2020-11-19T08:13:42","date_gmt":"2020-11-19T14:13:42","guid":{"rendered":"http:\/\/www.lospoliticosveracruz.com.mx\/?p=64144"},"modified":"2020-11-19T08:13:42","modified_gmt":"2020-11-19T14:13:42","slug":"desde-el-legislativo-observar-que-en-presupuestos-haya-igualdad-y-no-discriminacion","status":"publish","type":"post","link":"https:\/\/lospoliticosveracruz.com\/?p=64144","title":{"rendered":"Desde el Legislativo observar que en Presupuestos haya igualdad y no discriminaci\u00f3n"},"content":{"rendered":"<p>&nbsp;<\/p>\n<p>Se llev\u00f3 a cabo el Foro Veracruz: Presupuestos P\u00fablicos con Perspectiva de G\u00e9nero convocado por el Centro de Estudios para la Igualdad de G\u00e9nero y Derechos Humanos de la LXV Legislatura del Congreso del Estado de Veracruz a cargo de M\u00f3nica Mendoza Madrigal<br \/>\nCon la inauguraci\u00f3n a cargo de la Presidenta de la Mesa Directiva de la LXV Legislatura veracruzana, la Diputada Adriana Paola Linares Capitanachi dijo que el recurso p\u00fablico debe estar dirigido hacia donde m\u00e1s se necesite para lograr fortalecer la vida de las mujeres, se\u00f1alando que la pol\u00edtica de austeridad que se aplica a nivel estatal es sensible a las necesidades sociales, por lo que celebr\u00f3 la realizaci\u00f3n de este Foro que permite abundar sobre la perspectiva de g\u00e9nero en los presupuestos.<br \/>\nA trav\u00e9s de un mensaje en video, la Presidenta de la Mesa Directiva de la LXIV Legislatura Federal, Dulce Mar\u00eda Sauri Riancho habl\u00f3 sobre las desigualdades existentes entre hombres y mujeres que nos hacen vivir en forma diferenciada el COVID-19 y que entre otras cosas, incrementan la carga de trabajo debido al sexismo en las tareas de cuidados a la familia y al hogar, por lo que dijo, es momento de hacer valer la paridad, para que \u00e9sta se traduzca en un presupuesto que sea sensible a la realidad de vida de las mujeres; mientras que la Presidenta de la Comisi\u00f3n para la Igualdad de la C\u00e1mara de Diputados, Wendy Brise\u00f1o Zuloaga habl\u00f3 de la importancia de trabajar en forma articulada entre ambos Congresos para lograr mayores beneficios para las mujeres mexicanas y veracruzanas.<br \/>\nPara Melissa Ortiz Mass\u00f3 de la Oficina del Alto Comisionado de Naciones Unidas para los Derechos Humanos, el presupuesto es un instrumento de la administraci\u00f3n p\u00fablica, creado por el legislativo, a trav\u00e9s del cual es posible la realizaci\u00f3n efectiva de los derechos humanos, y que en todo el ciclo de elaboraci\u00f3n de los mismos deben observar los principios de igualdad y no discriminaci\u00f3n, como se establece en la ley y en los tratados y acuerdos internacionales signados por M\u00e9xico y ratificados por el gobierno.<br \/>\nPor su parte, la especialista en presupuestos p\u00fablicos Magdalena Garc\u00eda Hern\u00e1ndez se\u00f1al\u00f3 que las mujeres no fuimos escuchadas en la elaboraci\u00f3n del presupuesto federal porque los recursos siguen siendo \u201cinsuficientes, desequilibrados, no pertinentes\u201d, se\u00f1alando que con ello se contraviene el principio de progresividad al asignar para 2021 solo el 2.8% de todo el recurso presupuestado. Habl\u00f3 de que es necesario que a nivel federal el presupuesto para mujeres deje de estar en el Anexo 13 en donde hoy se encuentra y est\u00e9 presente en todo todas las partidas presupuestales.<br \/>\nPara la acad\u00e9mica Ana Elisa Balderas e integrante de la Red de Polit\u00f3logas sigue existiendo una enorme brecha en materia de presupuestos con perspectiva de g\u00e9nero y rendici\u00f3n de cuentas, lo que provocar\u00e1 consecuencias de desatenci\u00f3n a los instrumentos nacionales e internacionales que traer\u00edan mayor desatenci\u00f3n a las mujeres y las ni\u00f1as.<br \/>\nPor su parte, Aurora Aguilar Rodr\u00edguez, Directora General del Centro de Estudios para el Logro de la Igualdad de G\u00e9nero de la LXIV Legislatura Federal se\u00f1al\u00f3 que aun cuando por ley no pueden realizarse disminuciones a los presupuestos para mujeres, estos s\u00ed se llevaron a cabo y refiri\u00f3 la dificultad de medir los impactos de estos porque no existen registros del alcance y del beneficio desagregado por sexo, lo que impide conocer la incidencia de los recursos aplicados en programas y acciones espec\u00edficos.<br \/>\nAl respecto, Aguilar se\u00f1al\u00f3 que \u201cla violencia es un ejercicio desmedido del poder, si no atendemos las causas jam\u00e1s se podr\u00e1 erradicar las acciones\u201d, en relaci\u00f3n a las cifras de violencias contra mujeres y feminicidios, mismos que sin un presupuesto que garantice su atenci\u00f3n, ser\u00e1 imposible erradicar.<br \/>\nPara la Presidenta de la Comisi\u00f3n para la Igualdad del Congreso de Veracruz, diputada Ivonne Trujillo Ort\u00edz el presupuesto estatal que en unas semanas m\u00e1s ser\u00e1 discutido en el Congreso Local debe observar las necesidades de las mujeres y ello solo se podr\u00e1 lograr si las 25 diputadas se unen sin distingo de colores o partidos para demostrar la fuerza que tienen las mujeres del estado, se\u00f1alando adem\u00e1s que es necesario tener voluntad pol\u00edtica, sensibilidad y cumplir la ley para garantizar que el presupuesto estatal favorezca el desarrollo igualitario de las veracruzanas y los veracruzanos.<br \/>\nLa Secretaria T\u00e9cnica de la Comisi\u00f3n de Seguimiento de los Acuerdos de la Agenda 2030, Martha Mendoza Parissi habl\u00f3 de que los presupuestos deben asegurar la neutralidad del g\u00e9nero, sin embargo, al no considerar las construcciones de g\u00e9nero, han reforzado las desigualdades existentes; por lo que refiri\u00f3 la reforma al c\u00f3digo financiero del estado presentada el mes pasado por la diputada M\u00f3nica Robles Barajas, que obligar\u00e1 a los responsables de la presupuestaci\u00f3n, aprobaci\u00f3n y distribuci\u00f3n del gasto a contemplar recursos p\u00fablicos para reducir la brecha de desigualdad entre hombres y mujeres.<br \/>\nPor su parte, la Jefa de la Oficina de Programa de Gobierno, Waltraud Mart\u00ednez Olvera habl\u00f3 sobre la alineaci\u00f3n del trabajo del Gobierno Estatal con los Objetivos de Desarrollo Sostenible, especialmente en los Objetivos de Igualdad de G\u00e9nero, Educaci\u00f3n y de Construir Alianzas, enfocando el trabajo hacia la capacitaci\u00f3n del funcionariado lo que fortalece a la Administraci\u00f3n P\u00fablica, se\u00f1alando adem\u00e1s logros espec\u00edficos en materia de salud y seguridad, que \u2013 dijo &#8211; han enfocado hacia la prevenci\u00f3n de las violencias.<br \/>\nPara el Instituto Veracruzano de las Mujeres a trav\u00e9s de la Subdirectora de Vinculaci\u00f3n y Fortalecimiento Municipal Addy Mar\u00eda G\u00f3mez existe un trabajo hist\u00f3rico de las mujeres para buscar la igualdad en los presupuestos, que han logrado que existan anexos transversales en el presupuesto estatal, sin embargo, a\u00fan falta involucrar presupuestariamente a los Poderes Judicial y Legislativo, a los \u00f3rganos aut\u00f3nomos y a los ayuntamientos; mencionando que hay que capacitar m\u00e1s a los municipios pues faltan los indicadores y el etiquetado del recurso para los temas enfocados a la disminuci\u00f3n de la brecha de desigualdad.<br \/>\nPrecis\u00f3 adem\u00e1s que hay que llevar a cabo la armonizaci\u00f3n del C\u00f3digo Financiero Estatal con el C\u00f3digo Financiero Municipal que obligue a la transparencia y la rendici\u00f3n de cuentas y que desde las reglas de operaci\u00f3n federales se establezca la obligaci\u00f3n de que los gastos federales sean aplicados en el \u00e1mbito municipal para la integraci\u00f3n de las direcciones y unidades de g\u00e9nero que permitir\u00eda la formulaci\u00f3n de programas y la aplicaci\u00f3n real en la poblaci\u00f3n objetivo de los recursos, incluidos los recursos de infraestructura y obras p\u00fablicas.<br \/>\nFinalmente desde la perspectiva local, la Directora del Instituto Municipal de las Mujeres de Xalapa, Yadira Hidalgo Gonz\u00e1lez mencion\u00f3 que el municipio es el ente que encuentra m\u00e1s resistencia para la perspectiva de g\u00e9nero motivada por la ignorancia y la confusi\u00f3n sobre el trabajo de los Institutos municipales de las mujeres, lo que deriva en que no se les asignen recursos por sentir que no entregan resultados; ante lo que mencion\u00f3 que \u201cel desconocimiento no exime de la obligaci\u00f3n y de la sanci\u00f3n legal que exista por ello\u201d.<br \/>\nEs de esta manera como el Centro de Estudios para la Igualdad de G\u00e9nero y Derechos Humanos de la LXV Legislatura Estatal en apego a sus atribuciones contenidas en ley, analiza, asesora y abunda en la importancia de garantizar la perspectiva de g\u00e9nero en los presupuestos p\u00fablicos de la entidad, promoviendo que la primera legislatura paritaria en la historia del Poder Legislativo asuma y ejerza el principio de igualdad en los presupuestos p\u00fablicos como generador de riqueza social para las y los veracruzanos.<\/p>\n","protected":false},"excerpt":{"rendered":"<p>&nbsp; Se llev\u00f3 a cabo el Foro Veracruz: Presupuestos P\u00fablicos con Perspectiva de G\u00e9nero convocado por el Centro de Estudios para la Igualdad de G\u00e9nero y Derechos Humanos de la LXV Legislatura del Congreso del Estado de Veracruz a cargo de M\u00f3nica Mendoza Madrigal Con la inauguraci\u00f3n a cargo de la Presidenta de la Mesa [&hellip;]<\/p>\n","protected":false},"author":2,"featured_media":0,"comment_status":"open","ping_status":"open","sticky":false,"template":"","format":"standard","meta":{"tdm_status":"","tdm_grid_status":"","footnotes":""},"categories":[73],"tags":[13668,393,20628,826,13918,13408,23716,5026,13921,1875],"class_list":{"0":"post-64144","1":"post","2":"type-post","3":"status-publish","4":"format-standard","6":"category-de-boleto","7":"tag-adriana-paola-linares-capitanachi","8":"tag-congreso-de-veracruz","9":"tag-dulce-maria-sauri-riancho","10":"tag-feminicidios","11":"tag-igualdad-de-genero-y-derechos-humanos","12":"tag-ivonne-trujillo-ortiz","13":"tag-magdalena-garcia-hernandez","14":"tag-martha-mendoza-parissi","15":"tag-monica-mendoza-madrigal","16":"tag-monica-robles-barajas"},"yoast_head":"<!-- This site is optimized with the Yoast SEO plugin v27.4 - https:\/\/yoast.com\/product\/yoast-seo-wordpress\/ -->\n<title>Desde el Legislativo observar que en Presupuestos haya igualdad y no discriminaci\u00f3n - Los pol\u00edticos Veracruz<\/title>\n<meta name=\"robots\" content=\"index, follow, max-snippet:-1, max-image-preview:large, max-video-preview:-1\" \/>\n<link rel=\"canonical\" href=\"https:\/\/lospoliticosveracruz.com\/?p=64144\" \/>\n<meta property=\"og:locale\" content=\"es_ES\" \/>\n<meta property=\"og:type\" content=\"article\" \/>\n<meta property=\"og:title\" content=\"Desde el Legislativo observar que en Presupuestos haya igualdad y no discriminaci\u00f3n - Los pol\u00edticos Veracruz\" \/>\n<meta property=\"og:description\" content=\"&nbsp; Se llev\u00f3 a cabo el Foro Veracruz: Presupuestos P\u00fablicos con Perspectiva de G\u00e9nero convocado por el Centro de Estudios para la Igualdad de G\u00e9nero y Derechos Humanos de la LXV Legislatura del Congreso del Estado de Veracruz a cargo de M\u00f3nica Mendoza Madrigal Con la inauguraci\u00f3n a cargo de la Presidenta de la Mesa [&hellip;]\" \/>\n<meta property=\"og:url\" content=\"https:\/\/lospoliticosveracruz.com\/?p=64144\" \/>\n<meta property=\"og:site_name\" content=\"Los pol\u00edticos Veracruz\" \/>\n<meta property=\"article:publisher\" content=\"https:\/\/www.facebook.com\/people\/Notimemes-de-los-Polticos\/61565672886568\/\" \/>\n<meta property=\"article:published_time\" content=\"2020-11-19T14:13:42+00:00\" \/>\n<meta property=\"og:image\" content=\"https:\/\/lospoliticosveracruz.com\/wp-content\/uploads\/2016\/07\/Logo-Dor.jpg\" \/>\n\t<meta property=\"og:image:width\" content=\"200\" \/>\n\t<meta property=\"og:image:height\" content=\"200\" \/>\n\t<meta property=\"og:image:type\" content=\"image\/jpeg\" \/>\n<meta name=\"author\" content=\"Lo viste en Los Pol\u00edticos\" \/>\n<meta name=\"twitter:card\" content=\"summary_large_image\" \/>\n<meta name=\"twitter:creator\" content=\"@LosPoliticosVer\" \/>\n<meta name=\"twitter:site\" content=\"@LosPoliticosVer\" \/>\n<meta name=\"twitter:label1\" content=\"Escrito por\" \/>\n\t<meta name=\"twitter:data1\" content=\"Lo viste en Los Pol\u00edticos\" \/>\n\t<meta name=\"twitter:label2\" content=\"Tiempo de lectura\" \/>\n\t<meta name=\"twitter:data2\" content=\"7 minutos\" \/>\n<script type=\"application\/ld+json\" class=\"yoast-schema-graph\">{\"@context\":\"https:\\\/\\\/schema.org\",\"@graph\":[{\"@type\":\"Article\",\"@id\":\"https:\\\/\\\/lospoliticosveracruz.com\\\/?p=64144#article\",\"isPartOf\":{\"@id\":\"https:\\\/\\\/lospoliticosveracruz.com\\\/?p=64144\"},\"author\":{\"name\":\"Lo viste en Los Pol\u00edticos\",\"@id\":\"https:\\\/\\\/lospoliticosveracruz.com\\\/#\\\/schema\\\/person\\\/b8702bb0e538456e6efd07080bf2a4a2\"},\"headline\":\"Desde el Legislativo observar que en Presupuestos haya igualdad y no discriminaci\u00f3n\",\"datePublished\":\"2020-11-19T14:13:42+00:00\",\"mainEntityOfPage\":{\"@id\":\"https:\\\/\\\/lospoliticosveracruz.com\\\/?p=64144\"},\"wordCount\":1346,\"commentCount\":0,\"publisher\":{\"@id\":\"https:\\\/\\\/lospoliticosveracruz.com\\\/#organization\"},\"keywords\":[\"Adriana Paola Linares Capitanachi\",\"Congreso de Veracruz\",\"Dulce Mar\u00eda Sauri Riancho\",\"feminicidios\",\"Igualdad de G\u00e9nero y Derechos Humanos\",\"Ivonne Trujillo Ortiz\",\"Magdalena Garc\u00eda Hern\u00e1ndez\",\"Martha Mendoza Parissi\",\"M\u00f3nica Mendoza Madrigal\",\"M\u00f3nica Robles Barajas\"],\"articleSection\":[\"De Boleto\"],\"inLanguage\":\"es\",\"potentialAction\":[{\"@type\":\"CommentAction\",\"name\":\"Comment\",\"target\":[\"https:\\\/\\\/lospoliticosveracruz.com\\\/?p=64144#respond\"]}]},{\"@type\":\"WebPage\",\"@id\":\"https:\\\/\\\/lospoliticosveracruz.com\\\/?p=64144\",\"url\":\"https:\\\/\\\/lospoliticosveracruz.com\\\/?p=64144\",\"name\":\"Desde el Legislativo observar que en Presupuestos haya igualdad y no discriminaci\u00f3n - Los pol\u00edticos Veracruz\",\"isPartOf\":{\"@id\":\"https:\\\/\\\/lospoliticosveracruz.com\\\/#website\"},\"datePublished\":\"2020-11-19T14:13:42+00:00\",\"breadcrumb\":{\"@id\":\"https:\\\/\\\/lospoliticosveracruz.com\\\/?p=64144#breadcrumb\"},\"inLanguage\":\"es\",\"potentialAction\":[{\"@type\":\"ReadAction\",\"target\":[\"https:\\\/\\\/lospoliticosveracruz.com\\\/?p=64144\"]}]},{\"@type\":\"BreadcrumbList\",\"@id\":\"https:\\\/\\\/lospoliticosveracruz.com\\\/?p=64144#breadcrumb\",\"itemListElement\":[{\"@type\":\"ListItem\",\"position\":1,\"name\":\"Portada\",\"item\":\"https:\\\/\\\/lospoliticosveracruz.com\\\/\"},{\"@type\":\"ListItem\",\"position\":2,\"name\":\"Desde el Legislativo observar que en Presupuestos haya igualdad y no discriminaci\u00f3n\"}]},{\"@type\":\"WebSite\",\"@id\":\"https:\\\/\\\/lospoliticosveracruz.com\\\/#website\",\"url\":\"https:\\\/\\\/lospoliticosveracruz.com\\\/\",\"name\":\"Los pol\u00edticos Veracruz\",\"description\":\"\",\"publisher\":{\"@id\":\"https:\\\/\\\/lospoliticosveracruz.com\\\/#organization\"},\"potentialAction\":[{\"@type\":\"SearchAction\",\"target\":{\"@type\":\"EntryPoint\",\"urlTemplate\":\"https:\\\/\\\/lospoliticosveracruz.com\\\/?s={search_term_string}\"},\"query-input\":{\"@type\":\"PropertyValueSpecification\",\"valueRequired\":true,\"valueName\":\"search_term_string\"}}],\"inLanguage\":\"es\"},{\"@type\":\"Organization\",\"@id\":\"https:\\\/\\\/lospoliticosveracruz.com\\\/#organization\",\"name\":\"Los pol\u00edticos Veracruz\",\"url\":\"https:\\\/\\\/lospoliticosveracruz.com\\\/\",\"logo\":{\"@type\":\"ImageObject\",\"inLanguage\":\"es\",\"@id\":\"https:\\\/\\\/lospoliticosveracruz.com\\\/#\\\/schema\\\/logo\\\/image\\\/\",\"url\":\"https:\\\/\\\/lospoliticosveracruz.com\\\/wp-content\\\/uploads\\\/2025\\\/12\\\/Logo-Nuevo-LOS-POLITICOS-1.jpg\",\"contentUrl\":\"https:\\\/\\\/lospoliticosveracruz.com\\\/wp-content\\\/uploads\\\/2025\\\/12\\\/Logo-Nuevo-LOS-POLITICOS-1.jpg\",\"width\":260,\"height\":70,\"caption\":\"Los pol\u00edticos Veracruz\"},\"image\":{\"@id\":\"https:\\\/\\\/lospoliticosveracruz.com\\\/#\\\/schema\\\/logo\\\/image\\\/\"},\"sameAs\":[\"https:\\\/\\\/www.facebook.com\\\/people\\\/Notimemes-de-los-Polticos\\\/61565672886568\\\/\",\"https:\\\/\\\/x.com\\\/LosPoliticosVer\"]},{\"@type\":\"Person\",\"@id\":\"https:\\\/\\\/lospoliticosveracruz.com\\\/#\\\/schema\\\/person\\\/b8702bb0e538456e6efd07080bf2a4a2\",\"name\":\"Lo viste en Los Pol\u00edticos\",\"image\":{\"@type\":\"ImageObject\",\"inLanguage\":\"es\",\"@id\":\"https:\\\/\\\/secure.gravatar.com\\\/avatar\\\/3a8de04a2656d44082be478bd6c086daa447c4651605818287b9532d3d0bd435?s=96&d=mm&r=g\",\"url\":\"https:\\\/\\\/secure.gravatar.com\\\/avatar\\\/3a8de04a2656d44082be478bd6c086daa447c4651605818287b9532d3d0bd435?s=96&d=mm&r=g\",\"contentUrl\":\"https:\\\/\\\/secure.gravatar.com\\\/avatar\\\/3a8de04a2656d44082be478bd6c086daa447c4651605818287b9532d3d0bd435?s=96&d=mm&r=g\",\"caption\":\"Lo viste en Los Pol\u00edticos\"},\"url\":\"https:\\\/\\\/lospoliticosveracruz.com\\\/?author=2\"}]}<\/script>\n<!-- \/ Yoast SEO plugin. -->","yoast_head_json":{"title":"Desde el Legislativo observar que en Presupuestos haya igualdad y no discriminaci\u00f3n - Los pol\u00edticos Veracruz","robots":{"index":"index","follow":"follow","max-snippet":"max-snippet:-1","max-image-preview":"max-image-preview:large","max-video-preview":"max-video-preview:-1"},"canonical":"https:\/\/lospoliticosveracruz.com\/?p=64144","og_locale":"es_ES","og_type":"article","og_title":"Desde el Legislativo observar que en Presupuestos haya igualdad y no discriminaci\u00f3n - Los pol\u00edticos Veracruz","og_description":"&nbsp; Se llev\u00f3 a cabo el Foro Veracruz: Presupuestos P\u00fablicos con Perspectiva de G\u00e9nero convocado por el Centro de Estudios para la Igualdad de G\u00e9nero y Derechos Humanos de la LXV Legislatura del Congreso del Estado de Veracruz a cargo de M\u00f3nica Mendoza Madrigal Con la inauguraci\u00f3n a cargo de la Presidenta de la Mesa [&hellip;]","og_url":"https:\/\/lospoliticosveracruz.com\/?p=64144","og_site_name":"Los pol\u00edticos Veracruz","article_publisher":"https:\/\/www.facebook.com\/people\/Notimemes-de-los-Polticos\/61565672886568\/","article_published_time":"2020-11-19T14:13:42+00:00","og_image":[{"width":200,"height":200,"url":"https:\/\/lospoliticosveracruz.com\/wp-content\/uploads\/2016\/07\/Logo-Dor.jpg","type":"image\/jpeg"}],"author":"Lo viste en Los Pol\u00edticos","twitter_card":"summary_large_image","twitter_creator":"@LosPoliticosVer","twitter_site":"@LosPoliticosVer","twitter_misc":{"Escrito por":"Lo viste en Los Pol\u00edticos","Tiempo de lectura":"7 minutos"},"schema":{"@context":"https:\/\/schema.org","@graph":[{"@type":"Article","@id":"https:\/\/lospoliticosveracruz.com\/?p=64144#article","isPartOf":{"@id":"https:\/\/lospoliticosveracruz.com\/?p=64144"},"author":{"name":"Lo viste en Los Pol\u00edticos","@id":"https:\/\/lospoliticosveracruz.com\/#\/schema\/person\/b8702bb0e538456e6efd07080bf2a4a2"},"headline":"Desde el Legislativo observar que en Presupuestos haya igualdad y no discriminaci\u00f3n","datePublished":"2020-11-19T14:13:42+00:00","mainEntityOfPage":{"@id":"https:\/\/lospoliticosveracruz.com\/?p=64144"},"wordCount":1346,"commentCount":0,"publisher":{"@id":"https:\/\/lospoliticosveracruz.com\/#organization"},"keywords":["Adriana Paola Linares Capitanachi","Congreso de Veracruz","Dulce Mar\u00eda Sauri Riancho","feminicidios","Igualdad de G\u00e9nero y Derechos Humanos","Ivonne Trujillo Ortiz","Magdalena Garc\u00eda Hern\u00e1ndez","Martha Mendoza Parissi","M\u00f3nica Mendoza Madrigal","M\u00f3nica Robles Barajas"],"articleSection":["De Boleto"],"inLanguage":"es","potentialAction":[{"@type":"CommentAction","name":"Comment","target":["https:\/\/lospoliticosveracruz.com\/?p=64144#respond"]}]},{"@type":"WebPage","@id":"https:\/\/lospoliticosveracruz.com\/?p=64144","url":"https:\/\/lospoliticosveracruz.com\/?p=64144","name":"Desde el Legislativo observar que en Presupuestos haya igualdad y no discriminaci\u00f3n - Los pol\u00edticos Veracruz","isPartOf":{"@id":"https:\/\/lospoliticosveracruz.com\/#website"},"datePublished":"2020-11-19T14:13:42+00:00","breadcrumb":{"@id":"https:\/\/lospoliticosveracruz.com\/?p=64144#breadcrumb"},"inLanguage":"es","potentialAction":[{"@type":"ReadAction","target":["https:\/\/lospoliticosveracruz.com\/?p=64144"]}]},{"@type":"BreadcrumbList","@id":"https:\/\/lospoliticosveracruz.com\/?p=64144#breadcrumb","itemListElement":[{"@type":"ListItem","position":1,"name":"Portada","item":"https:\/\/lospoliticosveracruz.com\/"},{"@type":"ListItem","position":2,"name":"Desde el Legislativo observar que en Presupuestos haya igualdad y no discriminaci\u00f3n"}]},{"@type":"WebSite","@id":"https:\/\/lospoliticosveracruz.com\/#website","url":"https:\/\/lospoliticosveracruz.com\/","name":"Los pol\u00edticos Veracruz","description":"","publisher":{"@id":"https:\/\/lospoliticosveracruz.com\/#organization"},"potentialAction":[{"@type":"SearchAction","target":{"@type":"EntryPoint","urlTemplate":"https:\/\/lospoliticosveracruz.com\/?s={search_term_string}"},"query-input":{"@type":"PropertyValueSpecification","valueRequired":true,"valueName":"search_term_string"}}],"inLanguage":"es"},{"@type":"Organization","@id":"https:\/\/lospoliticosveracruz.com\/#organization","name":"Los pol\u00edticos Veracruz","url":"https:\/\/lospoliticosveracruz.com\/","logo":{"@type":"ImageObject","inLanguage":"es","@id":"https:\/\/lospoliticosveracruz.com\/#\/schema\/logo\/image\/","url":"https:\/\/lospoliticosveracruz.com\/wp-content\/uploads\/2025\/12\/Logo-Nuevo-LOS-POLITICOS-1.jpg","contentUrl":"https:\/\/lospoliticosveracruz.com\/wp-content\/uploads\/2025\/12\/Logo-Nuevo-LOS-POLITICOS-1.jpg","width":260,"height":70,"caption":"Los pol\u00edticos Veracruz"},"image":{"@id":"https:\/\/lospoliticosveracruz.com\/#\/schema\/logo\/image\/"},"sameAs":["https:\/\/www.facebook.com\/people\/Notimemes-de-los-Polticos\/61565672886568\/","https:\/\/x.com\/LosPoliticosVer"]},{"@type":"Person","@id":"https:\/\/lospoliticosveracruz.com\/#\/schema\/person\/b8702bb0e538456e6efd07080bf2a4a2","name":"Lo viste en Los Pol\u00edticos","image":{"@type":"ImageObject","inLanguage":"es","@id":"https:\/\/secure.gravatar.com\/avatar\/3a8de04a2656d44082be478bd6c086daa447c4651605818287b9532d3d0bd435?s=96&d=mm&r=g","url":"https:\/\/secure.gravatar.com\/avatar\/3a8de04a2656d44082be478bd6c086daa447c4651605818287b9532d3d0bd435?s=96&d=mm&r=g","contentUrl":"https:\/\/secure.gravatar.com\/avatar\/3a8de04a2656d44082be478bd6c086daa447c4651605818287b9532d3d0bd435?s=96&d=mm&r=g","caption":"Lo viste en Los Pol\u00edticos"},"url":"https:\/\/lospoliticosveracruz.com\/?author=2"}]}},"_links":{"self":[{"href":"https:\/\/lospoliticosveracruz.com\/index.php?rest_route=\/wp\/v2\/posts\/64144","targetHints":{"allow":["GET"]}}],"collection":[{"href":"https:\/\/lospoliticosveracruz.com\/index.php?rest_route=\/wp\/v2\/posts"}],"about":[{"href":"https:\/\/lospoliticosveracruz.com\/index.php?rest_route=\/wp\/v2\/types\/post"}],"author":[{"embeddable":true,"href":"https:\/\/lospoliticosveracruz.com\/index.php?rest_route=\/wp\/v2\/users\/2"}],"replies":[{"embeddable":true,"href":"https:\/\/lospoliticosveracruz.com\/index.php?rest_route=%2Fwp%2Fv2%2Fcomments&post=64144"}],"version-history":[{"count":1,"href":"https:\/\/lospoliticosveracruz.com\/index.php?rest_route=\/wp\/v2\/posts\/64144\/revisions"}],"predecessor-version":[{"id":64146,"href":"https:\/\/lospoliticosveracruz.com\/index.php?rest_route=\/wp\/v2\/posts\/64144\/revisions\/64146"}],"wp:attachment":[{"href":"https:\/\/lospoliticosveracruz.com\/index.php?rest_route=%2Fwp%2Fv2%2Fmedia&parent=64144"}],"wp:term":[{"taxonomy":"category","embeddable":true,"href":"https:\/\/lospoliticosveracruz.com\/index.php?rest_route=%2Fwp%2Fv2%2Fcategories&post=64144"},{"taxonomy":"post_tag","embeddable":true,"href":"https:\/\/lospoliticosveracruz.com\/index.php?rest_route=%2Fwp%2Fv2%2Ftags&post=64144"}],"curies":[{"name":"wp","href":"https:\/\/api.w.org\/{rel}","templated":true}]}}