{"id":64186,"date":"2020-11-19T19:18:04","date_gmt":"2020-11-20T01:18:04","guid":{"rendered":"http:\/\/www.lospoliticosveracruz.com.mx\/?p=64186"},"modified":"2020-11-19T19:18:04","modified_gmt":"2020-11-20T01:18:04","slug":"por-que-seria-suicida-no-actuar-contra-cienfuegos","status":"publish","type":"post","link":"https:\/\/lospoliticosveracruz.com\/?p=64186","title":{"rendered":"\u00bfPor qu\u00e9 ser\u00eda suicida no actuar contra Cienfuegos?"},"content":{"rendered":"<p><strong>Inocencio Y\u00e1\u00f1ez Vicencio<\/strong><\/p>\n<p>En pocas palabras deseo expresar mi preocupaci\u00f3n por las graves amenazas de Marcelo Ebrard, secretario de relaciones exteriores del presidente Amlo, al decir eso, que ser\u00eda suicida no actuar contra Cienfuegos, porque la FGR en principio dijo que no estaba siendo investigado aqu\u00ed y ahora se presente un ministerio para hacerle saber al General, que tiene abierta una carpeta de investigaci\u00f3n, pareciendo que como Colonia norteamericana estamos actuando por mandato de los gringos.<br \/>\nEsto ya es grave porque desmiente el supuesto reclamo al gobierno estadounidense por haber actuado contra Cienfuegos sin informar a nuestras autoridades y da pie a pensar que como de aqu\u00e9l lado no pudieron sostener los cargos, ahora nosotros haremos la chamba que no nos pudo hacer Trump. Desde luego esas amenazas est\u00e1n fuera de lugar porque Marcelo Ebrard no es el titular de la Fiscalia, por lo que corresponden a un r\u00e9gimen donde ni hay divisi\u00f3n de poderes ni mucho menos se respetan a los \u00f3rganos aut\u00f3nomos. Por otra parte, echa por tierra esa calumnia de que en el Ej\u00e9rcito existe una cofrad\u00eda o hermandad que presion\u00f3 para pedir su liberaci\u00f3n, porque si as\u00ed fuera, Ebrard nunca hubiera lanzado esas injurias contra Cienfuegos.<br \/>\nEsas amenazas vertidas en r\u00e9gimen que advirti\u00f3 que acabar\u00eda con la monarqu\u00eda poblana, que se fue con todo contra los l\u00edderes que se resist\u00edan a una termoel\u00e9ctrica en Morelos, que se reprime a los Chihuahuenses que defienden su agua para su riego&#8230; es para ponerse en guardia ante una inminente agresi\u00f3n al General Cienfuegos, que puede llegar a da\u00f1ar su integridad f\u00edsica, de la cual, desde ahora le decimos al gobierno de Amlo, es el \u00fanico responsable de lo que le pueda suceder al exsecretario de la SEDENA.<br \/>\nCon estas amenazas de Ebrard contra Cienfuegos queda muy evidenciado que sus contradicciones ponen en claro que son pura farsa eso de que negociaron la liberaci\u00f3n del General, ya que nuestro gobierno no puede ocultar su frustraci\u00f3n de que no hayan podido probar los cargos y por eso est\u00e1n retomando aqu\u00ed esas infamias.<br \/>\nNo ignoramos que los gringos tuvieran que ponderar que un Ej\u00e9rcito agraviado por esta injusticia contra Cienfuegos no ir\u00eda a combatir el narcotr\u00e1fico sabiendo que como premio ma\u00f1ana tendr\u00eda la c\u00e1rcel, pero de eso a que amenazaban con retirar a la DEA, es falso, toda vez que la DEA era de las m\u00e1s da\u00f1ada. No, no es posible que hoy se deje libre a los narcos y se amenace llevar a la c\u00e1rcel a los que lo combaten.<br \/>\nEste Ej\u00e9rcito es el que venci\u00f3 en 1910 y 1914 al ej\u00e9rcito federal porfirista. Es el Ej\u00e9rcito que reestructur\u00f3 Joaqu\u00edn Amaro. Es el Ej\u00e9rcito que ha sido Pilar de la Constituci\u00f3n y de las Instituciones. Defendamos ese pueblo con uniforme que siempre ha dado la vida por nosotros. Cienfuegos merece respeto por haberle servido con lealtad y honor, por eso un agravio a \u00e9l es un agravio al pueblo todo.<\/p>\n","protected":false},"excerpt":{"rendered":"<p>Inocencio Y\u00e1\u00f1ez Vicencio En pocas palabras deseo expresar mi preocupaci\u00f3n por las graves amenazas de Marcelo Ebrard, secretario de relaciones exteriores del presidente Amlo, al decir eso, que ser\u00eda suicida no actuar contra Cienfuegos, porque la FGR en principio dijo que no estaba siendo investigado aqu\u00ed y ahora se presente un ministerio para hacerle saber [&hellip;]<\/p>\n","protected":false},"author":2,"featured_media":0,"comment_status":"open","ping_status":"open","sticky":false,"template":"","format":"standard","meta":{"tdm_status":"","tdm_grid_status":"","footnotes":""},"categories":[70],"tags":[23739,23741,8836,23742,13731,5555,23740,21493,14703,761],"class_list":{"0":"post-64186","1":"post","2":"type-post","3":"status-publish","4":"format-standard","6":"category-de-opinion","7":"tag-cienfuegos","8":"tag-combate-al-narcotrafico","9":"tag-dea","10":"tag-ejercito-agraviado","11":"tag-fgr","12":"tag-fiscalia","13":"tag-gobierno-estadounidense","14":"tag-injusticia","15":"tag-marcelo-ebrard","16":"tag-sedena"},"yoast_head":"<!-- This site is optimized with the Yoast SEO plugin v27.4 - https:\/\/yoast.com\/product\/yoast-seo-wordpress\/ -->\n<title>\u00bfPor qu\u00e9 ser\u00eda suicida no actuar contra Cienfuegos? - Los pol\u00edticos Veracruz<\/title>\n<meta name=\"robots\" content=\"index, follow, max-snippet:-1, max-image-preview:large, max-video-preview:-1\" \/>\n<link rel=\"canonical\" href=\"https:\/\/lospoliticosveracruz.com\/?p=64186\" \/>\n<meta property=\"og:locale\" content=\"es_ES\" \/>\n<meta property=\"og:type\" content=\"article\" \/>\n<meta property=\"og:title\" content=\"\u00bfPor qu\u00e9 ser\u00eda suicida no actuar contra Cienfuegos? - Los pol\u00edticos Veracruz\" \/>\n<meta property=\"og:description\" content=\"Inocencio Y\u00e1\u00f1ez Vicencio En pocas palabras deseo expresar mi preocupaci\u00f3n por las graves amenazas de Marcelo Ebrard, secretario de relaciones exteriores del presidente Amlo, al decir eso, que ser\u00eda suicida no actuar contra Cienfuegos, porque la FGR en principio dijo que no estaba siendo investigado aqu\u00ed y ahora se presente un ministerio para hacerle saber [&hellip;]\" \/>\n<meta property=\"og:url\" content=\"https:\/\/lospoliticosveracruz.com\/?p=64186\" \/>\n<meta property=\"og:site_name\" content=\"Los pol\u00edticos Veracruz\" \/>\n<meta property=\"article:publisher\" content=\"https:\/\/www.facebook.com\/people\/Notimemes-de-los-Polticos\/61565672886568\/\" \/>\n<meta property=\"article:published_time\" content=\"2020-11-20T01:18:04+00:00\" \/>\n<meta property=\"og:image\" content=\"https:\/\/lospoliticosveracruz.com\/wp-content\/uploads\/2016\/07\/Logo-Dor.jpg\" \/>\n\t<meta property=\"og:image:width\" content=\"200\" \/>\n\t<meta property=\"og:image:height\" content=\"200\" \/>\n\t<meta property=\"og:image:type\" content=\"image\/jpeg\" \/>\n<meta name=\"author\" content=\"Lo viste en Los Pol\u00edticos\" \/>\n<meta name=\"twitter:card\" content=\"summary_large_image\" \/>\n<meta name=\"twitter:creator\" content=\"@LosPoliticosVer\" \/>\n<meta name=\"twitter:site\" content=\"@LosPoliticosVer\" \/>\n<meta name=\"twitter:label1\" content=\"Escrito por\" \/>\n\t<meta name=\"twitter:data1\" content=\"Lo viste en Los Pol\u00edticos\" \/>\n\t<meta name=\"twitter:label2\" content=\"Tiempo de lectura\" \/>\n\t<meta name=\"twitter:data2\" content=\"3 minutos\" \/>\n<script type=\"application\/ld+json\" class=\"yoast-schema-graph\">{\"@context\":\"https:\\\/\\\/schema.org\",\"@graph\":[{\"@type\":\"Article\",\"@id\":\"https:\\\/\\\/lospoliticosveracruz.com\\\/?p=64186#article\",\"isPartOf\":{\"@id\":\"https:\\\/\\\/lospoliticosveracruz.com\\\/?p=64186\"},\"author\":{\"name\":\"Lo viste en Los Pol\u00edticos\",\"@id\":\"https:\\\/\\\/lospoliticosveracruz.com\\\/#\\\/schema\\\/person\\\/b8702bb0e538456e6efd07080bf2a4a2\"},\"headline\":\"\u00bfPor qu\u00e9 ser\u00eda suicida no actuar contra Cienfuegos?\",\"datePublished\":\"2020-11-20T01:18:04+00:00\",\"mainEntityOfPage\":{\"@id\":\"https:\\\/\\\/lospoliticosveracruz.com\\\/?p=64186\"},\"wordCount\":535,\"commentCount\":0,\"publisher\":{\"@id\":\"https:\\\/\\\/lospoliticosveracruz.com\\\/#organization\"},\"keywords\":[\"Cienfuegos\",\"Combate al narcotr\u00e1fico\",\"DEA\",\"Ej\u00e9rcito agraviado\",\"FGR\",\"Fiscal\u00eda\",\"Gobierno estadounidense\",\"Injusticia\",\"Marcelo Ebrard\",\"Sedena\"],\"articleSection\":[\"De Opini\u00f3n\"],\"inLanguage\":\"es\",\"potentialAction\":[{\"@type\":\"CommentAction\",\"name\":\"Comment\",\"target\":[\"https:\\\/\\\/lospoliticosveracruz.com\\\/?p=64186#respond\"]}]},{\"@type\":\"WebPage\",\"@id\":\"https:\\\/\\\/lospoliticosveracruz.com\\\/?p=64186\",\"url\":\"https:\\\/\\\/lospoliticosveracruz.com\\\/?p=64186\",\"name\":\"\u00bfPor qu\u00e9 ser\u00eda suicida no actuar contra Cienfuegos? - Los pol\u00edticos Veracruz\",\"isPartOf\":{\"@id\":\"https:\\\/\\\/lospoliticosveracruz.com\\\/#website\"},\"datePublished\":\"2020-11-20T01:18:04+00:00\",\"breadcrumb\":{\"@id\":\"https:\\\/\\\/lospoliticosveracruz.com\\\/?p=64186#breadcrumb\"},\"inLanguage\":\"es\",\"potentialAction\":[{\"@type\":\"ReadAction\",\"target\":[\"https:\\\/\\\/lospoliticosveracruz.com\\\/?p=64186\"]}]},{\"@type\":\"BreadcrumbList\",\"@id\":\"https:\\\/\\\/lospoliticosveracruz.com\\\/?p=64186#breadcrumb\",\"itemListElement\":[{\"@type\":\"ListItem\",\"position\":1,\"name\":\"Portada\",\"item\":\"https:\\\/\\\/lospoliticosveracruz.com\\\/\"},{\"@type\":\"ListItem\",\"position\":2,\"name\":\"\u00bfPor qu\u00e9 ser\u00eda suicida no actuar contra Cienfuegos?\"}]},{\"@type\":\"WebSite\",\"@id\":\"https:\\\/\\\/lospoliticosveracruz.com\\\/#website\",\"url\":\"https:\\\/\\\/lospoliticosveracruz.com\\\/\",\"name\":\"Los pol\u00edticos Veracruz\",\"description\":\"\",\"publisher\":{\"@id\":\"https:\\\/\\\/lospoliticosveracruz.com\\\/#organization\"},\"potentialAction\":[{\"@type\":\"SearchAction\",\"target\":{\"@type\":\"EntryPoint\",\"urlTemplate\":\"https:\\\/\\\/lospoliticosveracruz.com\\\/?s={search_term_string}\"},\"query-input\":{\"@type\":\"PropertyValueSpecification\",\"valueRequired\":true,\"valueName\":\"search_term_string\"}}],\"inLanguage\":\"es\"},{\"@type\":\"Organization\",\"@id\":\"https:\\\/\\\/lospoliticosveracruz.com\\\/#organization\",\"name\":\"Los pol\u00edticos Veracruz\",\"url\":\"https:\\\/\\\/lospoliticosveracruz.com\\\/\",\"logo\":{\"@type\":\"ImageObject\",\"inLanguage\":\"es\",\"@id\":\"https:\\\/\\\/lospoliticosveracruz.com\\\/#\\\/schema\\\/logo\\\/image\\\/\",\"url\":\"https:\\\/\\\/lospoliticosveracruz.com\\\/wp-content\\\/uploads\\\/2025\\\/12\\\/Logo-Nuevo-LOS-POLITICOS-1.jpg\",\"contentUrl\":\"https:\\\/\\\/lospoliticosveracruz.com\\\/wp-content\\\/uploads\\\/2025\\\/12\\\/Logo-Nuevo-LOS-POLITICOS-1.jpg\",\"width\":260,\"height\":70,\"caption\":\"Los pol\u00edticos Veracruz\"},\"image\":{\"@id\":\"https:\\\/\\\/lospoliticosveracruz.com\\\/#\\\/schema\\\/logo\\\/image\\\/\"},\"sameAs\":[\"https:\\\/\\\/www.facebook.com\\\/people\\\/Notimemes-de-los-Polticos\\\/61565672886568\\\/\",\"https:\\\/\\\/x.com\\\/LosPoliticosVer\"]},{\"@type\":\"Person\",\"@id\":\"https:\\\/\\\/lospoliticosveracruz.com\\\/#\\\/schema\\\/person\\\/b8702bb0e538456e6efd07080bf2a4a2\",\"name\":\"Lo viste en Los Pol\u00edticos\",\"image\":{\"@type\":\"ImageObject\",\"inLanguage\":\"es\",\"@id\":\"https:\\\/\\\/secure.gravatar.com\\\/avatar\\\/3a8de04a2656d44082be478bd6c086daa447c4651605818287b9532d3d0bd435?s=96&d=mm&r=g\",\"url\":\"https:\\\/\\\/secure.gravatar.com\\\/avatar\\\/3a8de04a2656d44082be478bd6c086daa447c4651605818287b9532d3d0bd435?s=96&d=mm&r=g\",\"contentUrl\":\"https:\\\/\\\/secure.gravatar.com\\\/avatar\\\/3a8de04a2656d44082be478bd6c086daa447c4651605818287b9532d3d0bd435?s=96&d=mm&r=g\",\"caption\":\"Lo viste en Los Pol\u00edticos\"},\"url\":\"https:\\\/\\\/lospoliticosveracruz.com\\\/?author=2\"}]}<\/script>\n<!-- \/ Yoast SEO plugin. -->","yoast_head_json":{"title":"\u00bfPor qu\u00e9 ser\u00eda suicida no actuar contra Cienfuegos? - Los pol\u00edticos Veracruz","robots":{"index":"index","follow":"follow","max-snippet":"max-snippet:-1","max-image-preview":"max-image-preview:large","max-video-preview":"max-video-preview:-1"},"canonical":"https:\/\/lospoliticosveracruz.com\/?p=64186","og_locale":"es_ES","og_type":"article","og_title":"\u00bfPor qu\u00e9 ser\u00eda suicida no actuar contra Cienfuegos? - Los pol\u00edticos Veracruz","og_description":"Inocencio Y\u00e1\u00f1ez Vicencio En pocas palabras deseo expresar mi preocupaci\u00f3n por las graves amenazas de Marcelo Ebrard, secretario de relaciones exteriores del presidente Amlo, al decir eso, que ser\u00eda suicida no actuar contra Cienfuegos, porque la FGR en principio dijo que no estaba siendo investigado aqu\u00ed y ahora se presente un ministerio para hacerle saber [&hellip;]","og_url":"https:\/\/lospoliticosveracruz.com\/?p=64186","og_site_name":"Los pol\u00edticos Veracruz","article_publisher":"https:\/\/www.facebook.com\/people\/Notimemes-de-los-Polticos\/61565672886568\/","article_published_time":"2020-11-20T01:18:04+00:00","og_image":[{"width":200,"height":200,"url":"https:\/\/lospoliticosveracruz.com\/wp-content\/uploads\/2016\/07\/Logo-Dor.jpg","type":"image\/jpeg"}],"author":"Lo viste en Los Pol\u00edticos","twitter_card":"summary_large_image","twitter_creator":"@LosPoliticosVer","twitter_site":"@LosPoliticosVer","twitter_misc":{"Escrito por":"Lo viste en Los Pol\u00edticos","Tiempo de lectura":"3 minutos"},"schema":{"@context":"https:\/\/schema.org","@graph":[{"@type":"Article","@id":"https:\/\/lospoliticosveracruz.com\/?p=64186#article","isPartOf":{"@id":"https:\/\/lospoliticosveracruz.com\/?p=64186"},"author":{"name":"Lo viste en Los Pol\u00edticos","@id":"https:\/\/lospoliticosveracruz.com\/#\/schema\/person\/b8702bb0e538456e6efd07080bf2a4a2"},"headline":"\u00bfPor qu\u00e9 ser\u00eda suicida no actuar contra Cienfuegos?","datePublished":"2020-11-20T01:18:04+00:00","mainEntityOfPage":{"@id":"https:\/\/lospoliticosveracruz.com\/?p=64186"},"wordCount":535,"commentCount":0,"publisher":{"@id":"https:\/\/lospoliticosveracruz.com\/#organization"},"keywords":["Cienfuegos","Combate al narcotr\u00e1fico","DEA","Ej\u00e9rcito agraviado","FGR","Fiscal\u00eda","Gobierno estadounidense","Injusticia","Marcelo Ebrard","Sedena"],"articleSection":["De Opini\u00f3n"],"inLanguage":"es","potentialAction":[{"@type":"CommentAction","name":"Comment","target":["https:\/\/lospoliticosveracruz.com\/?p=64186#respond"]}]},{"@type":"WebPage","@id":"https:\/\/lospoliticosveracruz.com\/?p=64186","url":"https:\/\/lospoliticosveracruz.com\/?p=64186","name":"\u00bfPor qu\u00e9 ser\u00eda suicida no actuar contra Cienfuegos? - Los pol\u00edticos Veracruz","isPartOf":{"@id":"https:\/\/lospoliticosveracruz.com\/#website"},"datePublished":"2020-11-20T01:18:04+00:00","breadcrumb":{"@id":"https:\/\/lospoliticosveracruz.com\/?p=64186#breadcrumb"},"inLanguage":"es","potentialAction":[{"@type":"ReadAction","target":["https:\/\/lospoliticosveracruz.com\/?p=64186"]}]},{"@type":"BreadcrumbList","@id":"https:\/\/lospoliticosveracruz.com\/?p=64186#breadcrumb","itemListElement":[{"@type":"ListItem","position":1,"name":"Portada","item":"https:\/\/lospoliticosveracruz.com\/"},{"@type":"ListItem","position":2,"name":"\u00bfPor qu\u00e9 ser\u00eda suicida no actuar contra Cienfuegos?"}]},{"@type":"WebSite","@id":"https:\/\/lospoliticosveracruz.com\/#website","url":"https:\/\/lospoliticosveracruz.com\/","name":"Los pol\u00edticos Veracruz","description":"","publisher":{"@id":"https:\/\/lospoliticosveracruz.com\/#organization"},"potentialAction":[{"@type":"SearchAction","target":{"@type":"EntryPoint","urlTemplate":"https:\/\/lospoliticosveracruz.com\/?s={search_term_string}"},"query-input":{"@type":"PropertyValueSpecification","valueRequired":true,"valueName":"search_term_string"}}],"inLanguage":"es"},{"@type":"Organization","@id":"https:\/\/lospoliticosveracruz.com\/#organization","name":"Los pol\u00edticos Veracruz","url":"https:\/\/lospoliticosveracruz.com\/","logo":{"@type":"ImageObject","inLanguage":"es","@id":"https:\/\/lospoliticosveracruz.com\/#\/schema\/logo\/image\/","url":"https:\/\/lospoliticosveracruz.com\/wp-content\/uploads\/2025\/12\/Logo-Nuevo-LOS-POLITICOS-1.jpg","contentUrl":"https:\/\/lospoliticosveracruz.com\/wp-content\/uploads\/2025\/12\/Logo-Nuevo-LOS-POLITICOS-1.jpg","width":260,"height":70,"caption":"Los pol\u00edticos Veracruz"},"image":{"@id":"https:\/\/lospoliticosveracruz.com\/#\/schema\/logo\/image\/"},"sameAs":["https:\/\/www.facebook.com\/people\/Notimemes-de-los-Polticos\/61565672886568\/","https:\/\/x.com\/LosPoliticosVer"]},{"@type":"Person","@id":"https:\/\/lospoliticosveracruz.com\/#\/schema\/person\/b8702bb0e538456e6efd07080bf2a4a2","name":"Lo viste en Los Pol\u00edticos","image":{"@type":"ImageObject","inLanguage":"es","@id":"https:\/\/secure.gravatar.com\/avatar\/3a8de04a2656d44082be478bd6c086daa447c4651605818287b9532d3d0bd435?s=96&d=mm&r=g","url":"https:\/\/secure.gravatar.com\/avatar\/3a8de04a2656d44082be478bd6c086daa447c4651605818287b9532d3d0bd435?s=96&d=mm&r=g","contentUrl":"https:\/\/secure.gravatar.com\/avatar\/3a8de04a2656d44082be478bd6c086daa447c4651605818287b9532d3d0bd435?s=96&d=mm&r=g","caption":"Lo viste en Los Pol\u00edticos"},"url":"https:\/\/lospoliticosveracruz.com\/?author=2"}]}},"_links":{"self":[{"href":"https:\/\/lospoliticosveracruz.com\/index.php?rest_route=\/wp\/v2\/posts\/64186","targetHints":{"allow":["GET"]}}],"collection":[{"href":"https:\/\/lospoliticosveracruz.com\/index.php?rest_route=\/wp\/v2\/posts"}],"about":[{"href":"https:\/\/lospoliticosveracruz.com\/index.php?rest_route=\/wp\/v2\/types\/post"}],"author":[{"embeddable":true,"href":"https:\/\/lospoliticosveracruz.com\/index.php?rest_route=\/wp\/v2\/users\/2"}],"replies":[{"embeddable":true,"href":"https:\/\/lospoliticosveracruz.com\/index.php?rest_route=%2Fwp%2Fv2%2Fcomments&post=64186"}],"version-history":[{"count":1,"href":"https:\/\/lospoliticosveracruz.com\/index.php?rest_route=\/wp\/v2\/posts\/64186\/revisions"}],"predecessor-version":[{"id":64188,"href":"https:\/\/lospoliticosveracruz.com\/index.php?rest_route=\/wp\/v2\/posts\/64186\/revisions\/64188"}],"wp:attachment":[{"href":"https:\/\/lospoliticosveracruz.com\/index.php?rest_route=%2Fwp%2Fv2%2Fmedia&parent=64186"}],"wp:term":[{"taxonomy":"category","embeddable":true,"href":"https:\/\/lospoliticosveracruz.com\/index.php?rest_route=%2Fwp%2Fv2%2Fcategories&post=64186"},{"taxonomy":"post_tag","embeddable":true,"href":"https:\/\/lospoliticosveracruz.com\/index.php?rest_route=%2Fwp%2Fv2%2Ftags&post=64186"}],"curies":[{"name":"wp","href":"https:\/\/api.w.org\/{rel}","templated":true}]}}