{"id":64230,"date":"2020-11-20T14:40:37","date_gmt":"2020-11-20T20:40:37","guid":{"rendered":"http:\/\/www.lospoliticosveracruz.com.mx\/?p=64230"},"modified":"2020-11-20T14:40:37","modified_gmt":"2020-11-20T20:40:37","slug":"tenia-un-problema-de-corazon-y-de-lengua","status":"publish","type":"post","link":"https:\/\/lospoliticosveracruz.com\/?p=64230","title":{"rendered":"Ten\u00eda un problema de coraz\u00f3n&#8230; y de lengua"},"content":{"rendered":"<p>&nbsp;<\/p>\n<p>El se\u00f1or Rufino, fue un paciente atendido en el Hospital Regional Veracruz de una cardiopat\u00eda isqu\u00e9mica y quien agradeci\u00f3 en su lengua natal, zapoteco, al Instituto y a los m\u00e9dicos por ofrecer atenci\u00f3n m\u00e9dica a derechohabientes de todas las comunidades, pese a las dificultades del idioma.<br \/>\nDe la regi\u00f3n del Istmo de Tehuantepec, Rufino de 72 a\u00f1os fue referido al HR del ISSSTE de Veracruz para una atenci\u00f3n especializada y hablando zapoteco, su lengua madre, lo que dificultaba su atenci\u00f3n, sin embargo con ayuda de una traductora y gracias a la realizaci\u00f3n de diversos estudios m\u00e9dicos pudo ser intervenido exitosamente el 27 de octubre de este a\u00f1o.<br \/>\n\u201cLlevaba un a\u00f1o presentando muchas dificultades, incluso para respirar, sab\u00eda que estaba mal del coraz\u00f3n y escuch\u00e9 que en este hospital ya hab\u00edan atendido a varios conocidos, por eso buscamos ayuda con los m\u00e9dicos de ac\u00e1 y el Doctor Julio Zaballa acept\u00f3 hacerse cargo de mi caso\u201d, platic\u00f3.<br \/>\nTras la realizaci\u00f3n de diversos estudios a Rufino, quien es derechohabiente gracias a uno de sus hijos, se le diagn\u00f3stico una cardiopat\u00eda isqu\u00e9mica y se le pr\u00e1ctico un cateterismo cardiaco en la Sala de Hemodinamia del Hospital Regional del ISSSTE de Veracruz, realizada por el m\u00e9dico cardio-intervencionista Julio Zaballa Contreras.<br \/>\nPor su parte, el Doctor Julio Zaballa Contreras, cardi\u00f3logo responsable de la Sala de Hemodinamia del Hospital Regional del ISSSTE de Veracruz se\u00f1al\u00f3 que gracias al apoyo de la Directora, Diana Bandala Arzamendi se han atendido a pacientes de varias comunidades ind\u00edgenas de la huasteca; del Uxpanapa y de la Sierra de Zongolica, que no hablan m\u00e1s que su lengua materna ya sea zapoteco, n\u00e1huatl u otra lengua madre.<br \/>\nEl Hospital Regional de Veracruz, Regi\u00f3n 7 adem\u00e1s de atender a medio mill\u00f3n de derechohabientes de Veracruz, tambi\u00e9n ampara a poblaci\u00f3n de Oaxaca, Puebla y Tlaxcala.<br \/>\n\u201cHemos atendido a pacientes de comunidades ind\u00edgenas que han acudido por enfermedades coronarias y se les ha brindado la ayuda y resoluci\u00f3n de sus padecimientos con puntualidad, apoyados con traductores que est\u00e1n acompa\u00f1\u00e1ndolos en todo momento, incluso dentro de la sala de quir\u00f3fano\u201d, se\u00f1al\u00f3 Zaballa Contreras.<br \/>\nComo Rufino, decenas de pacientes de dichas comunidades han recibido atenci\u00f3n y manejo en el infarto del miocardio, de cardiopat\u00edas estructurales, y en otras causas o especiales como es el caso de los infantes, a fin de disminuir los decesos por padecimientos cardiovasculares, principal causa de muerte en M\u00e9xico.<br \/>\nEl Instituto de Seguridad y Servicios Sociales de los Trabajadores del Estado (ISSSTE) impulsa la creaci\u00f3n de Espacios Cardioseguros en comunidades del pa\u00eds, con prioridad en zonas de alta vulnerabilidad, para fomentar en la poblaci\u00f3n el conocimiento de medidas ante una enfermedad card\u00edaca.<br \/>\nEn el programa que inici\u00f3 en 2019 y a la fecha, adem\u00e1s de las comunidades ind\u00edgenas referidas tambi\u00e9n se ha capacitado a personal de diferentes unidades m\u00e9dicas y administrativas del Instituto.<br \/>\nEl ISSSTE exhorta a la derechohabiencia y la poblaci\u00f3n en general a seguir fomentando h\u00e1bitos saludables como: la pr\u00e1ctica regular de actividad f\u00edsica, una alimentaci\u00f3n saludable, mantener un peso adecuado, no fumar ni consumir alcohol, reducir la ingesta de sal y de grasas trans, y conocer y controlar la tensi\u00f3n arterial.<\/p>\n","protected":false},"excerpt":{"rendered":"<p>&nbsp; El se\u00f1or Rufino, fue un paciente atendido en el Hospital Regional Veracruz de una cardiopat\u00eda isqu\u00e9mica y quien agradeci\u00f3 en su lengua natal, zapoteco, al Instituto y a los m\u00e9dicos por ofrecer atenci\u00f3n m\u00e9dica a derechohabientes de todas las comunidades, pese a las dificultades del idioma. De la regi\u00f3n del Istmo de Tehuantepec, Rufino [&hellip;]<\/p>\n","protected":false},"author":2,"featured_media":0,"comment_status":"open","ping_status":"open","sticky":false,"template":"","format":"standard","meta":{"tdm_status":"","tdm_grid_status":"","footnotes":""},"categories":[73],"tags":[23755,19972,23758,23754,895,10856,23756,23757],"class_list":{"0":"post-64230","1":"post","2":"type-post","3":"status-publish","4":"format-standard","6":"category-de-boleto","7":"tag-cardiopatia-isquemica","8":"tag-derechohabientes","9":"tag-hospital-regional-del-issste","10":"tag-hospital-regional-veracruz","11":"tag-issste","12":"tag-julio-zaballa-contreras","13":"tag-region-del-istmo-de-tehuantepec","14":"tag-sala-de-hemodinamia"},"yoast_head":"<!-- This site is optimized with the Yoast SEO plugin v27.4 - https:\/\/yoast.com\/product\/yoast-seo-wordpress\/ -->\n<title>Ten\u00eda un problema de coraz\u00f3n... y de lengua - Los pol\u00edticos Veracruz<\/title>\n<meta name=\"robots\" content=\"index, follow, max-snippet:-1, max-image-preview:large, max-video-preview:-1\" \/>\n<link rel=\"canonical\" href=\"https:\/\/lospoliticosveracruz.com\/?p=64230\" \/>\n<meta property=\"og:locale\" content=\"es_ES\" \/>\n<meta property=\"og:type\" content=\"article\" \/>\n<meta property=\"og:title\" content=\"Ten\u00eda un problema de coraz\u00f3n... y de lengua - Los pol\u00edticos Veracruz\" \/>\n<meta property=\"og:description\" content=\"&nbsp; El se\u00f1or Rufino, fue un paciente atendido en el Hospital Regional Veracruz de una cardiopat\u00eda isqu\u00e9mica y quien agradeci\u00f3 en su lengua natal, zapoteco, al Instituto y a los m\u00e9dicos por ofrecer atenci\u00f3n m\u00e9dica a derechohabientes de todas las comunidades, pese a las dificultades del idioma. De la regi\u00f3n del Istmo de Tehuantepec, Rufino [&hellip;]\" \/>\n<meta property=\"og:url\" content=\"https:\/\/lospoliticosveracruz.com\/?p=64230\" \/>\n<meta property=\"og:site_name\" content=\"Los pol\u00edticos Veracruz\" \/>\n<meta property=\"article:publisher\" content=\"https:\/\/www.facebook.com\/people\/Notimemes-de-los-Polticos\/61565672886568\/\" \/>\n<meta property=\"article:published_time\" content=\"2020-11-20T20:40:37+00:00\" \/>\n<meta property=\"og:image\" content=\"https:\/\/lospoliticosveracruz.com\/wp-content\/uploads\/2016\/07\/Logo-Dor.jpg\" \/>\n\t<meta property=\"og:image:width\" content=\"200\" \/>\n\t<meta property=\"og:image:height\" content=\"200\" \/>\n\t<meta property=\"og:image:type\" content=\"image\/jpeg\" \/>\n<meta name=\"author\" content=\"Lo viste en Los Pol\u00edticos\" \/>\n<meta name=\"twitter:card\" content=\"summary_large_image\" \/>\n<meta name=\"twitter:creator\" content=\"@LosPoliticosVer\" \/>\n<meta name=\"twitter:site\" content=\"@LosPoliticosVer\" \/>\n<meta name=\"twitter:label1\" content=\"Escrito por\" \/>\n\t<meta name=\"twitter:data1\" content=\"Lo viste en Los Pol\u00edticos\" \/>\n\t<meta name=\"twitter:label2\" content=\"Tiempo de lectura\" \/>\n\t<meta name=\"twitter:data2\" content=\"3 minutos\" \/>\n<script type=\"application\/ld+json\" class=\"yoast-schema-graph\">{\"@context\":\"https:\\\/\\\/schema.org\",\"@graph\":[{\"@type\":\"Article\",\"@id\":\"https:\\\/\\\/lospoliticosveracruz.com\\\/?p=64230#article\",\"isPartOf\":{\"@id\":\"https:\\\/\\\/lospoliticosveracruz.com\\\/?p=64230\"},\"author\":{\"name\":\"Lo viste en Los Pol\u00edticos\",\"@id\":\"https:\\\/\\\/lospoliticosveracruz.com\\\/#\\\/schema\\\/person\\\/b8702bb0e538456e6efd07080bf2a4a2\"},\"headline\":\"Ten\u00eda un problema de coraz\u00f3n&#8230; y de lengua\",\"datePublished\":\"2020-11-20T20:40:37+00:00\",\"mainEntityOfPage\":{\"@id\":\"https:\\\/\\\/lospoliticosveracruz.com\\\/?p=64230\"},\"wordCount\":584,\"commentCount\":0,\"publisher\":{\"@id\":\"https:\\\/\\\/lospoliticosveracruz.com\\\/#organization\"},\"keywords\":[\"Cardiopat\u00eda isqu\u00e9mica\",\"Derechohabientes\",\"Hospital Regional del ISSSTE\",\"Hospital Regional Veracruz\",\"Issste\",\"Julio Zaballa Contreras\",\"Regi\u00f3n del Istmo de Tehuantepec\",\"Sala de Hemodinamia\"],\"articleSection\":[\"De Boleto\"],\"inLanguage\":\"es\",\"potentialAction\":[{\"@type\":\"CommentAction\",\"name\":\"Comment\",\"target\":[\"https:\\\/\\\/lospoliticosveracruz.com\\\/?p=64230#respond\"]}]},{\"@type\":\"WebPage\",\"@id\":\"https:\\\/\\\/lospoliticosveracruz.com\\\/?p=64230\",\"url\":\"https:\\\/\\\/lospoliticosveracruz.com\\\/?p=64230\",\"name\":\"Ten\u00eda un problema de coraz\u00f3n... y de lengua - Los pol\u00edticos Veracruz\",\"isPartOf\":{\"@id\":\"https:\\\/\\\/lospoliticosveracruz.com\\\/#website\"},\"datePublished\":\"2020-11-20T20:40:37+00:00\",\"breadcrumb\":{\"@id\":\"https:\\\/\\\/lospoliticosveracruz.com\\\/?p=64230#breadcrumb\"},\"inLanguage\":\"es\",\"potentialAction\":[{\"@type\":\"ReadAction\",\"target\":[\"https:\\\/\\\/lospoliticosveracruz.com\\\/?p=64230\"]}]},{\"@type\":\"BreadcrumbList\",\"@id\":\"https:\\\/\\\/lospoliticosveracruz.com\\\/?p=64230#breadcrumb\",\"itemListElement\":[{\"@type\":\"ListItem\",\"position\":1,\"name\":\"Portada\",\"item\":\"https:\\\/\\\/lospoliticosveracruz.com\\\/\"},{\"@type\":\"ListItem\",\"position\":2,\"name\":\"Ten\u00eda un problema de coraz\u00f3n&#8230; y de lengua\"}]},{\"@type\":\"WebSite\",\"@id\":\"https:\\\/\\\/lospoliticosveracruz.com\\\/#website\",\"url\":\"https:\\\/\\\/lospoliticosveracruz.com\\\/\",\"name\":\"Los pol\u00edticos Veracruz\",\"description\":\"\",\"publisher\":{\"@id\":\"https:\\\/\\\/lospoliticosveracruz.com\\\/#organization\"},\"potentialAction\":[{\"@type\":\"SearchAction\",\"target\":{\"@type\":\"EntryPoint\",\"urlTemplate\":\"https:\\\/\\\/lospoliticosveracruz.com\\\/?s={search_term_string}\"},\"query-input\":{\"@type\":\"PropertyValueSpecification\",\"valueRequired\":true,\"valueName\":\"search_term_string\"}}],\"inLanguage\":\"es\"},{\"@type\":\"Organization\",\"@id\":\"https:\\\/\\\/lospoliticosveracruz.com\\\/#organization\",\"name\":\"Los pol\u00edticos Veracruz\",\"url\":\"https:\\\/\\\/lospoliticosveracruz.com\\\/\",\"logo\":{\"@type\":\"ImageObject\",\"inLanguage\":\"es\",\"@id\":\"https:\\\/\\\/lospoliticosveracruz.com\\\/#\\\/schema\\\/logo\\\/image\\\/\",\"url\":\"https:\\\/\\\/lospoliticosveracruz.com\\\/wp-content\\\/uploads\\\/2025\\\/12\\\/Logo-Nuevo-LOS-POLITICOS-1.jpg\",\"contentUrl\":\"https:\\\/\\\/lospoliticosveracruz.com\\\/wp-content\\\/uploads\\\/2025\\\/12\\\/Logo-Nuevo-LOS-POLITICOS-1.jpg\",\"width\":260,\"height\":70,\"caption\":\"Los pol\u00edticos Veracruz\"},\"image\":{\"@id\":\"https:\\\/\\\/lospoliticosveracruz.com\\\/#\\\/schema\\\/logo\\\/image\\\/\"},\"sameAs\":[\"https:\\\/\\\/www.facebook.com\\\/people\\\/Notimemes-de-los-Polticos\\\/61565672886568\\\/\",\"https:\\\/\\\/x.com\\\/LosPoliticosVer\"]},{\"@type\":\"Person\",\"@id\":\"https:\\\/\\\/lospoliticosveracruz.com\\\/#\\\/schema\\\/person\\\/b8702bb0e538456e6efd07080bf2a4a2\",\"name\":\"Lo viste en Los Pol\u00edticos\",\"image\":{\"@type\":\"ImageObject\",\"inLanguage\":\"es\",\"@id\":\"https:\\\/\\\/secure.gravatar.com\\\/avatar\\\/3a8de04a2656d44082be478bd6c086daa447c4651605818287b9532d3d0bd435?s=96&d=mm&r=g\",\"url\":\"https:\\\/\\\/secure.gravatar.com\\\/avatar\\\/3a8de04a2656d44082be478bd6c086daa447c4651605818287b9532d3d0bd435?s=96&d=mm&r=g\",\"contentUrl\":\"https:\\\/\\\/secure.gravatar.com\\\/avatar\\\/3a8de04a2656d44082be478bd6c086daa447c4651605818287b9532d3d0bd435?s=96&d=mm&r=g\",\"caption\":\"Lo viste en Los Pol\u00edticos\"},\"url\":\"https:\\\/\\\/lospoliticosveracruz.com\\\/?author=2\"}]}<\/script>\n<!-- \/ Yoast SEO plugin. -->","yoast_head_json":{"title":"Ten\u00eda un problema de coraz\u00f3n... y de lengua - Los pol\u00edticos Veracruz","robots":{"index":"index","follow":"follow","max-snippet":"max-snippet:-1","max-image-preview":"max-image-preview:large","max-video-preview":"max-video-preview:-1"},"canonical":"https:\/\/lospoliticosveracruz.com\/?p=64230","og_locale":"es_ES","og_type":"article","og_title":"Ten\u00eda un problema de coraz\u00f3n... y de lengua - Los pol\u00edticos Veracruz","og_description":"&nbsp; El se\u00f1or Rufino, fue un paciente atendido en el Hospital Regional Veracruz de una cardiopat\u00eda isqu\u00e9mica y quien agradeci\u00f3 en su lengua natal, zapoteco, al Instituto y a los m\u00e9dicos por ofrecer atenci\u00f3n m\u00e9dica a derechohabientes de todas las comunidades, pese a las dificultades del idioma. De la regi\u00f3n del Istmo de Tehuantepec, Rufino [&hellip;]","og_url":"https:\/\/lospoliticosveracruz.com\/?p=64230","og_site_name":"Los pol\u00edticos Veracruz","article_publisher":"https:\/\/www.facebook.com\/people\/Notimemes-de-los-Polticos\/61565672886568\/","article_published_time":"2020-11-20T20:40:37+00:00","og_image":[{"width":200,"height":200,"url":"https:\/\/lospoliticosveracruz.com\/wp-content\/uploads\/2016\/07\/Logo-Dor.jpg","type":"image\/jpeg"}],"author":"Lo viste en Los Pol\u00edticos","twitter_card":"summary_large_image","twitter_creator":"@LosPoliticosVer","twitter_site":"@LosPoliticosVer","twitter_misc":{"Escrito por":"Lo viste en Los Pol\u00edticos","Tiempo de lectura":"3 minutos"},"schema":{"@context":"https:\/\/schema.org","@graph":[{"@type":"Article","@id":"https:\/\/lospoliticosveracruz.com\/?p=64230#article","isPartOf":{"@id":"https:\/\/lospoliticosveracruz.com\/?p=64230"},"author":{"name":"Lo viste en Los Pol\u00edticos","@id":"https:\/\/lospoliticosveracruz.com\/#\/schema\/person\/b8702bb0e538456e6efd07080bf2a4a2"},"headline":"Ten\u00eda un problema de coraz\u00f3n&#8230; y de lengua","datePublished":"2020-11-20T20:40:37+00:00","mainEntityOfPage":{"@id":"https:\/\/lospoliticosveracruz.com\/?p=64230"},"wordCount":584,"commentCount":0,"publisher":{"@id":"https:\/\/lospoliticosveracruz.com\/#organization"},"keywords":["Cardiopat\u00eda isqu\u00e9mica","Derechohabientes","Hospital Regional del ISSSTE","Hospital Regional Veracruz","Issste","Julio Zaballa Contreras","Regi\u00f3n del Istmo de Tehuantepec","Sala de Hemodinamia"],"articleSection":["De Boleto"],"inLanguage":"es","potentialAction":[{"@type":"CommentAction","name":"Comment","target":["https:\/\/lospoliticosveracruz.com\/?p=64230#respond"]}]},{"@type":"WebPage","@id":"https:\/\/lospoliticosveracruz.com\/?p=64230","url":"https:\/\/lospoliticosveracruz.com\/?p=64230","name":"Ten\u00eda un problema de coraz\u00f3n... y de lengua - Los pol\u00edticos Veracruz","isPartOf":{"@id":"https:\/\/lospoliticosveracruz.com\/#website"},"datePublished":"2020-11-20T20:40:37+00:00","breadcrumb":{"@id":"https:\/\/lospoliticosveracruz.com\/?p=64230#breadcrumb"},"inLanguage":"es","potentialAction":[{"@type":"ReadAction","target":["https:\/\/lospoliticosveracruz.com\/?p=64230"]}]},{"@type":"BreadcrumbList","@id":"https:\/\/lospoliticosveracruz.com\/?p=64230#breadcrumb","itemListElement":[{"@type":"ListItem","position":1,"name":"Portada","item":"https:\/\/lospoliticosveracruz.com\/"},{"@type":"ListItem","position":2,"name":"Ten\u00eda un problema de coraz\u00f3n&#8230; y de lengua"}]},{"@type":"WebSite","@id":"https:\/\/lospoliticosveracruz.com\/#website","url":"https:\/\/lospoliticosveracruz.com\/","name":"Los pol\u00edticos Veracruz","description":"","publisher":{"@id":"https:\/\/lospoliticosveracruz.com\/#organization"},"potentialAction":[{"@type":"SearchAction","target":{"@type":"EntryPoint","urlTemplate":"https:\/\/lospoliticosveracruz.com\/?s={search_term_string}"},"query-input":{"@type":"PropertyValueSpecification","valueRequired":true,"valueName":"search_term_string"}}],"inLanguage":"es"},{"@type":"Organization","@id":"https:\/\/lospoliticosveracruz.com\/#organization","name":"Los pol\u00edticos Veracruz","url":"https:\/\/lospoliticosveracruz.com\/","logo":{"@type":"ImageObject","inLanguage":"es","@id":"https:\/\/lospoliticosveracruz.com\/#\/schema\/logo\/image\/","url":"https:\/\/lospoliticosveracruz.com\/wp-content\/uploads\/2025\/12\/Logo-Nuevo-LOS-POLITICOS-1.jpg","contentUrl":"https:\/\/lospoliticosveracruz.com\/wp-content\/uploads\/2025\/12\/Logo-Nuevo-LOS-POLITICOS-1.jpg","width":260,"height":70,"caption":"Los pol\u00edticos Veracruz"},"image":{"@id":"https:\/\/lospoliticosveracruz.com\/#\/schema\/logo\/image\/"},"sameAs":["https:\/\/www.facebook.com\/people\/Notimemes-de-los-Polticos\/61565672886568\/","https:\/\/x.com\/LosPoliticosVer"]},{"@type":"Person","@id":"https:\/\/lospoliticosveracruz.com\/#\/schema\/person\/b8702bb0e538456e6efd07080bf2a4a2","name":"Lo viste en Los Pol\u00edticos","image":{"@type":"ImageObject","inLanguage":"es","@id":"https:\/\/secure.gravatar.com\/avatar\/3a8de04a2656d44082be478bd6c086daa447c4651605818287b9532d3d0bd435?s=96&d=mm&r=g","url":"https:\/\/secure.gravatar.com\/avatar\/3a8de04a2656d44082be478bd6c086daa447c4651605818287b9532d3d0bd435?s=96&d=mm&r=g","contentUrl":"https:\/\/secure.gravatar.com\/avatar\/3a8de04a2656d44082be478bd6c086daa447c4651605818287b9532d3d0bd435?s=96&d=mm&r=g","caption":"Lo viste en Los Pol\u00edticos"},"url":"https:\/\/lospoliticosveracruz.com\/?author=2"}]}},"_links":{"self":[{"href":"https:\/\/lospoliticosveracruz.com\/index.php?rest_route=\/wp\/v2\/posts\/64230","targetHints":{"allow":["GET"]}}],"collection":[{"href":"https:\/\/lospoliticosveracruz.com\/index.php?rest_route=\/wp\/v2\/posts"}],"about":[{"href":"https:\/\/lospoliticosveracruz.com\/index.php?rest_route=\/wp\/v2\/types\/post"}],"author":[{"embeddable":true,"href":"https:\/\/lospoliticosveracruz.com\/index.php?rest_route=\/wp\/v2\/users\/2"}],"replies":[{"embeddable":true,"href":"https:\/\/lospoliticosveracruz.com\/index.php?rest_route=%2Fwp%2Fv2%2Fcomments&post=64230"}],"version-history":[{"count":1,"href":"https:\/\/lospoliticosveracruz.com\/index.php?rest_route=\/wp\/v2\/posts\/64230\/revisions"}],"predecessor-version":[{"id":64232,"href":"https:\/\/lospoliticosveracruz.com\/index.php?rest_route=\/wp\/v2\/posts\/64230\/revisions\/64232"}],"wp:attachment":[{"href":"https:\/\/lospoliticosveracruz.com\/index.php?rest_route=%2Fwp%2Fv2%2Fmedia&parent=64230"}],"wp:term":[{"taxonomy":"category","embeddable":true,"href":"https:\/\/lospoliticosveracruz.com\/index.php?rest_route=%2Fwp%2Fv2%2Fcategories&post=64230"},{"taxonomy":"post_tag","embeddable":true,"href":"https:\/\/lospoliticosveracruz.com\/index.php?rest_route=%2Fwp%2Fv2%2Ftags&post=64230"}],"curies":[{"name":"wp","href":"https:\/\/api.w.org\/{rel}","templated":true}]}}