{"id":64237,"date":"2020-11-21T08:57:10","date_gmt":"2020-11-21T14:57:10","guid":{"rendered":"http:\/\/www.lospoliticosveracruz.com.mx\/?p=64237"},"modified":"2020-11-21T08:57:10","modified_gmt":"2020-11-21T14:57:10","slug":"escribiendo-de-mariguana","status":"publish","type":"post","link":"https:\/\/lospoliticosveracruz.com\/?p=64237","title":{"rendered":"Escribiendo de Mariguana"},"content":{"rendered":"<p><strong>Brenda Caballero<\/strong><\/p>\n<p><em>N\u00fameros Rojos<\/em><\/p>\n<p>Era una ni\u00f1a cuando escuch\u00e9 hablar de la mariguana; bueno, en realidad del mariguano. As\u00ed les dec\u00eda mi abuela a los hombres que ella ve\u00eda borrachos o de mal aspecto. Creo que hace m\u00e1s de 80 a\u00f1os, ella lo consideraba como un insulto. En realidad, la abuela nos lo dec\u00eda para que nos alej\u00e1ramos de esa persona sin saber a ciencia cierta el porqu\u00e9. Tampoco le cuestion\u00e1bamos.<br \/>\nDespu\u00e9s empec\u00e9 a escuchar hablar de la mariguana (Cannabis) en televisi\u00f3n, al relacionarla con los capos Don Neto y Caro Quintero. Hasta recuerdo la historia de amor que idealizaron en televisi\u00f3n de este \u00faltimo, con Sara Coss\u00edo.<br \/>\nAunque usted no lo crea, la mariguana en mi familia era algo as\u00ed como un tema tab\u00fa. Sab\u00edamos que exist\u00eda pero nunca habl\u00e1bamos de ella.<br \/>\nFue hasta la prepa que se hizo com\u00fan hablar de la mariguana, de las drogas y sus efectos. All\u00ed me familiaric\u00e9 con la hoja en forma de estrella, pero \u00fanicamente a trav\u00e9s de libros. Jam\u00e1s una probadita. \u00a1Vaya! en alg\u00fan momento de mi vida, por trabajo, me toc\u00f3 interrelacionar con adolescentes de secundaria sobre el uso de las drogas y sus efectos. All\u00ed me enter\u00e9 que los chicos y chicas innovaban cada vez m\u00e1s en el consumo de drogas, comprando lo que pod\u00edan tener a su alcance, desde pegamentos, jarabes, enjuagues y hasta focos.<br \/>\nEn M\u00e9xico, la mariguana es la droga m\u00e1s consumida, por su f\u00e1cil acceso y su costo. Por ello, ahora que el Senado aval\u00f3 el dictamen de la regulaci\u00f3n de la mariguana, se gener\u00f3 una gran controversia en redes sociales hasta para preguntar: \u00bfcu\u00e1ntos churros salen con 28 gramos de mariguana?<br \/>\nDe acuerdo a la reforma del art\u00edculo 81 de la Ley Federal de Salud, las personas podr\u00e1n portar hasta 28 gramos para el consumo personal, mismos que deber\u00e1n comprarse obligatoriamente en establecimientos designados.<br \/>\nSin duda, m\u00e1s de uno hizo fiesta y se imagin\u00f3 en ella con sus 28 gramos para consumo. Aunque hay que recordar que la aprobaci\u00f3n del Senado fue para uso l\u00fadico y medicinal, no as\u00ed para uso recreativo. Adem\u00e1s de que se pretende regular el consumo, la producci\u00f3n y el comercio de la mota, para lo cual se crear\u00e1 una Ley de la Regulaci\u00f3n de la Cannabis y del Instituto Mexicano de la Regulaci\u00f3n y Control de la Cannabis, que ser\u00e1 quien otorgue los permisos para aquellos que quieran venderla en establecimientos bien controlados, pues tendr\u00e1n supervisi\u00f3n constante.<br \/>\nAhora bien, no se podr\u00e1 fumar en cualquier lugar y tendr\u00e1 m\u00e1s restricciones que el fumar tabaco. \u00bfSer\u00e1 que la C\u00e1mara de Diputados lo apruebe?<br \/>\nDefinitivamente es un gran paso, pues conozco amigos y personas que lo usan para efectos medicinales, como para calmar el dolor de reumas, para disminuir los dolores del c\u00e1ncer, o de esclerosis m\u00faltiple. Incluso, hasta hay una pomada llamada Mariguanol (conste que no es comercial) que ayuda a disminuir dolores musculares.<br \/>\nHay que recordar que otras drogas se han legalizado como el alcohol y el tabaco y hasta pagan impuesto. \u00bfSer\u00e1 que si la mariguana se legaliza tambi\u00e9n se le aplique un gravamen?<br \/>\nSin duda estar\u00edamos hablando de una buena recaudaci\u00f3n a nivel federal.<\/p>\n<p>@NumerosRojos_BC<br \/>\ncaballero_brenda@hotmail.com<\/p>\n<p>&nbsp;<\/p>\n","protected":false},"excerpt":{"rendered":"<p>Brenda Caballero N\u00fameros Rojos Era una ni\u00f1a cuando escuch\u00e9 hablar de la mariguana; bueno, en realidad del mariguano. As\u00ed les dec\u00eda mi abuela a los hombres que ella ve\u00eda borrachos o de mal aspecto. Creo que hace m\u00e1s de 80 a\u00f1os, ella lo consideraba como un insulto. En realidad, la abuela nos lo dec\u00eda para [&hellip;]<\/p>\n","protected":false},"author":2,"featured_media":0,"comment_status":"open","ping_status":"open","sticky":false,"template":"","format":"standard","meta":{"tdm_status":"","tdm_grid_status":"","footnotes":""},"categories":[70],"tags":[2661,23760,13181,8349,23768,18042,23766,23767,23762,3983,23759,23765,395,22755,23763,23761,711,23764],"class_list":{"0":"post-64237","1":"post","2":"type-post","3":"status-publish","4":"format-standard","6":"category-de-opinion","7":"tag-camara-de-diputados","8":"tag-cannabis","9":"tag-caro-quintero","10":"tag-drogas","11":"tag-fumar-tabaco","12":"tag-gravamen","13":"tag-instituto-mexicano-de-la-regulacion","14":"tag-ley-de-la-regulacion-de-la-cannabis","15":"tag-ley-federal-de-salud","16":"tag-mariguana","17":"tag-mariguano","18":"tag-medicinal","19":"tag-mexico","20":"tag-recaudacion","21":"tag-reforma-del-articulo-81","22":"tag-sara-cossio","23":"tag-senado","24":"tag-uso-ludico"},"yoast_head":"<!-- This site is optimized with the Yoast SEO plugin v27.4 - https:\/\/yoast.com\/product\/yoast-seo-wordpress\/ -->\n<title>Escribiendo de Mariguana - Los pol\u00edticos Veracruz<\/title>\n<meta name=\"robots\" content=\"index, follow, max-snippet:-1, max-image-preview:large, max-video-preview:-1\" \/>\n<link rel=\"canonical\" href=\"https:\/\/lospoliticosveracruz.com\/?p=64237\" \/>\n<meta property=\"og:locale\" content=\"es_ES\" \/>\n<meta property=\"og:type\" content=\"article\" \/>\n<meta property=\"og:title\" content=\"Escribiendo de Mariguana - Los pol\u00edticos Veracruz\" \/>\n<meta property=\"og:description\" content=\"Brenda Caballero N\u00fameros Rojos Era una ni\u00f1a cuando escuch\u00e9 hablar de la mariguana; bueno, en realidad del mariguano. As\u00ed les dec\u00eda mi abuela a los hombres que ella ve\u00eda borrachos o de mal aspecto. Creo que hace m\u00e1s de 80 a\u00f1os, ella lo consideraba como un insulto. En realidad, la abuela nos lo dec\u00eda para [&hellip;]\" \/>\n<meta property=\"og:url\" content=\"https:\/\/lospoliticosveracruz.com\/?p=64237\" \/>\n<meta property=\"og:site_name\" content=\"Los pol\u00edticos Veracruz\" \/>\n<meta property=\"article:publisher\" content=\"https:\/\/www.facebook.com\/people\/Notimemes-de-los-Polticos\/61565672886568\/\" \/>\n<meta property=\"article:published_time\" content=\"2020-11-21T14:57:10+00:00\" \/>\n<meta property=\"og:image\" content=\"https:\/\/lospoliticosveracruz.com\/wp-content\/uploads\/2016\/07\/Logo-Dor.jpg\" \/>\n\t<meta property=\"og:image:width\" content=\"200\" \/>\n\t<meta property=\"og:image:height\" content=\"200\" \/>\n\t<meta property=\"og:image:type\" content=\"image\/jpeg\" \/>\n<meta name=\"author\" content=\"Lo viste en Los Pol\u00edticos\" \/>\n<meta name=\"twitter:card\" content=\"summary_large_image\" \/>\n<meta name=\"twitter:creator\" content=\"@LosPoliticosVer\" \/>\n<meta name=\"twitter:site\" content=\"@LosPoliticosVer\" \/>\n<meta name=\"twitter:label1\" content=\"Escrito por\" \/>\n\t<meta name=\"twitter:data1\" content=\"Lo viste en Los Pol\u00edticos\" \/>\n\t<meta name=\"twitter:label2\" content=\"Tiempo de lectura\" \/>\n\t<meta name=\"twitter:data2\" content=\"3 minutos\" \/>\n<script type=\"application\/ld+json\" class=\"yoast-schema-graph\">{\"@context\":\"https:\\\/\\\/schema.org\",\"@graph\":[{\"@type\":\"Article\",\"@id\":\"https:\\\/\\\/lospoliticosveracruz.com\\\/?p=64237#article\",\"isPartOf\":{\"@id\":\"https:\\\/\\\/lospoliticosveracruz.com\\\/?p=64237\"},\"author\":{\"name\":\"Lo viste en Los Pol\u00edticos\",\"@id\":\"https:\\\/\\\/lospoliticosveracruz.com\\\/#\\\/schema\\\/person\\\/b8702bb0e538456e6efd07080bf2a4a2\"},\"headline\":\"Escribiendo de Mariguana\",\"datePublished\":\"2020-11-21T14:57:10+00:00\",\"mainEntityOfPage\":{\"@id\":\"https:\\\/\\\/lospoliticosveracruz.com\\\/?p=64237\"},\"wordCount\":578,\"commentCount\":0,\"publisher\":{\"@id\":\"https:\\\/\\\/lospoliticosveracruz.com\\\/#organization\"},\"keywords\":[\"C\u00e1mara de Diputados\",\"Cannabis\",\"Caro Quintero\",\"Drogas\",\"Fumar tabaco\",\"gravamen\",\"Instituto Mexicano de la Regulaci\u00f3n\",\"Ley de la Regulaci\u00f3n de la Cannabis\",\"Ley Federal de Salud\",\"mariguana\",\"Mariguano\",\"Medicinal\",\"M\u00e9xico\",\"Recaudaci\u00f3n\",\"Reforma del art\u00edculo 81\",\"Sara Coss\u00edo\",\"Senado\",\"Uso l\u00fadico\"],\"articleSection\":[\"De Opini\u00f3n\"],\"inLanguage\":\"es\",\"potentialAction\":[{\"@type\":\"CommentAction\",\"name\":\"Comment\",\"target\":[\"https:\\\/\\\/lospoliticosveracruz.com\\\/?p=64237#respond\"]}]},{\"@type\":\"WebPage\",\"@id\":\"https:\\\/\\\/lospoliticosveracruz.com\\\/?p=64237\",\"url\":\"https:\\\/\\\/lospoliticosveracruz.com\\\/?p=64237\",\"name\":\"Escribiendo de Mariguana - Los pol\u00edticos Veracruz\",\"isPartOf\":{\"@id\":\"https:\\\/\\\/lospoliticosveracruz.com\\\/#website\"},\"datePublished\":\"2020-11-21T14:57:10+00:00\",\"breadcrumb\":{\"@id\":\"https:\\\/\\\/lospoliticosveracruz.com\\\/?p=64237#breadcrumb\"},\"inLanguage\":\"es\",\"potentialAction\":[{\"@type\":\"ReadAction\",\"target\":[\"https:\\\/\\\/lospoliticosveracruz.com\\\/?p=64237\"]}]},{\"@type\":\"BreadcrumbList\",\"@id\":\"https:\\\/\\\/lospoliticosveracruz.com\\\/?p=64237#breadcrumb\",\"itemListElement\":[{\"@type\":\"ListItem\",\"position\":1,\"name\":\"Portada\",\"item\":\"https:\\\/\\\/lospoliticosveracruz.com\\\/\"},{\"@type\":\"ListItem\",\"position\":2,\"name\":\"Escribiendo de Mariguana\"}]},{\"@type\":\"WebSite\",\"@id\":\"https:\\\/\\\/lospoliticosveracruz.com\\\/#website\",\"url\":\"https:\\\/\\\/lospoliticosveracruz.com\\\/\",\"name\":\"Los pol\u00edticos Veracruz\",\"description\":\"\",\"publisher\":{\"@id\":\"https:\\\/\\\/lospoliticosveracruz.com\\\/#organization\"},\"potentialAction\":[{\"@type\":\"SearchAction\",\"target\":{\"@type\":\"EntryPoint\",\"urlTemplate\":\"https:\\\/\\\/lospoliticosveracruz.com\\\/?s={search_term_string}\"},\"query-input\":{\"@type\":\"PropertyValueSpecification\",\"valueRequired\":true,\"valueName\":\"search_term_string\"}}],\"inLanguage\":\"es\"},{\"@type\":\"Organization\",\"@id\":\"https:\\\/\\\/lospoliticosveracruz.com\\\/#organization\",\"name\":\"Los pol\u00edticos Veracruz\",\"url\":\"https:\\\/\\\/lospoliticosveracruz.com\\\/\",\"logo\":{\"@type\":\"ImageObject\",\"inLanguage\":\"es\",\"@id\":\"https:\\\/\\\/lospoliticosveracruz.com\\\/#\\\/schema\\\/logo\\\/image\\\/\",\"url\":\"https:\\\/\\\/lospoliticosveracruz.com\\\/wp-content\\\/uploads\\\/2025\\\/12\\\/Logo-Nuevo-LOS-POLITICOS-1.jpg\",\"contentUrl\":\"https:\\\/\\\/lospoliticosveracruz.com\\\/wp-content\\\/uploads\\\/2025\\\/12\\\/Logo-Nuevo-LOS-POLITICOS-1.jpg\",\"width\":260,\"height\":70,\"caption\":\"Los pol\u00edticos Veracruz\"},\"image\":{\"@id\":\"https:\\\/\\\/lospoliticosveracruz.com\\\/#\\\/schema\\\/logo\\\/image\\\/\"},\"sameAs\":[\"https:\\\/\\\/www.facebook.com\\\/people\\\/Notimemes-de-los-Polticos\\\/61565672886568\\\/\",\"https:\\\/\\\/x.com\\\/LosPoliticosVer\"]},{\"@type\":\"Person\",\"@id\":\"https:\\\/\\\/lospoliticosveracruz.com\\\/#\\\/schema\\\/person\\\/b8702bb0e538456e6efd07080bf2a4a2\",\"name\":\"Lo viste en Los Pol\u00edticos\",\"image\":{\"@type\":\"ImageObject\",\"inLanguage\":\"es\",\"@id\":\"https:\\\/\\\/secure.gravatar.com\\\/avatar\\\/3a8de04a2656d44082be478bd6c086daa447c4651605818287b9532d3d0bd435?s=96&d=mm&r=g\",\"url\":\"https:\\\/\\\/secure.gravatar.com\\\/avatar\\\/3a8de04a2656d44082be478bd6c086daa447c4651605818287b9532d3d0bd435?s=96&d=mm&r=g\",\"contentUrl\":\"https:\\\/\\\/secure.gravatar.com\\\/avatar\\\/3a8de04a2656d44082be478bd6c086daa447c4651605818287b9532d3d0bd435?s=96&d=mm&r=g\",\"caption\":\"Lo viste en Los Pol\u00edticos\"},\"url\":\"https:\\\/\\\/lospoliticosveracruz.com\\\/?author=2\"}]}<\/script>\n<!-- \/ Yoast SEO plugin. -->","yoast_head_json":{"title":"Escribiendo de Mariguana - Los pol\u00edticos Veracruz","robots":{"index":"index","follow":"follow","max-snippet":"max-snippet:-1","max-image-preview":"max-image-preview:large","max-video-preview":"max-video-preview:-1"},"canonical":"https:\/\/lospoliticosveracruz.com\/?p=64237","og_locale":"es_ES","og_type":"article","og_title":"Escribiendo de Mariguana - Los pol\u00edticos Veracruz","og_description":"Brenda Caballero N\u00fameros Rojos Era una ni\u00f1a cuando escuch\u00e9 hablar de la mariguana; bueno, en realidad del mariguano. As\u00ed les dec\u00eda mi abuela a los hombres que ella ve\u00eda borrachos o de mal aspecto. Creo que hace m\u00e1s de 80 a\u00f1os, ella lo consideraba como un insulto. En realidad, la abuela nos lo dec\u00eda para [&hellip;]","og_url":"https:\/\/lospoliticosveracruz.com\/?p=64237","og_site_name":"Los pol\u00edticos Veracruz","article_publisher":"https:\/\/www.facebook.com\/people\/Notimemes-de-los-Polticos\/61565672886568\/","article_published_time":"2020-11-21T14:57:10+00:00","og_image":[{"width":200,"height":200,"url":"https:\/\/lospoliticosveracruz.com\/wp-content\/uploads\/2016\/07\/Logo-Dor.jpg","type":"image\/jpeg"}],"author":"Lo viste en Los Pol\u00edticos","twitter_card":"summary_large_image","twitter_creator":"@LosPoliticosVer","twitter_site":"@LosPoliticosVer","twitter_misc":{"Escrito por":"Lo viste en Los Pol\u00edticos","Tiempo de lectura":"3 minutos"},"schema":{"@context":"https:\/\/schema.org","@graph":[{"@type":"Article","@id":"https:\/\/lospoliticosveracruz.com\/?p=64237#article","isPartOf":{"@id":"https:\/\/lospoliticosveracruz.com\/?p=64237"},"author":{"name":"Lo viste en Los Pol\u00edticos","@id":"https:\/\/lospoliticosveracruz.com\/#\/schema\/person\/b8702bb0e538456e6efd07080bf2a4a2"},"headline":"Escribiendo de Mariguana","datePublished":"2020-11-21T14:57:10+00:00","mainEntityOfPage":{"@id":"https:\/\/lospoliticosveracruz.com\/?p=64237"},"wordCount":578,"commentCount":0,"publisher":{"@id":"https:\/\/lospoliticosveracruz.com\/#organization"},"keywords":["C\u00e1mara de Diputados","Cannabis","Caro Quintero","Drogas","Fumar tabaco","gravamen","Instituto Mexicano de la Regulaci\u00f3n","Ley de la Regulaci\u00f3n de la Cannabis","Ley Federal de Salud","mariguana","Mariguano","Medicinal","M\u00e9xico","Recaudaci\u00f3n","Reforma del art\u00edculo 81","Sara Coss\u00edo","Senado","Uso l\u00fadico"],"articleSection":["De Opini\u00f3n"],"inLanguage":"es","potentialAction":[{"@type":"CommentAction","name":"Comment","target":["https:\/\/lospoliticosveracruz.com\/?p=64237#respond"]}]},{"@type":"WebPage","@id":"https:\/\/lospoliticosveracruz.com\/?p=64237","url":"https:\/\/lospoliticosveracruz.com\/?p=64237","name":"Escribiendo de Mariguana - Los pol\u00edticos Veracruz","isPartOf":{"@id":"https:\/\/lospoliticosveracruz.com\/#website"},"datePublished":"2020-11-21T14:57:10+00:00","breadcrumb":{"@id":"https:\/\/lospoliticosveracruz.com\/?p=64237#breadcrumb"},"inLanguage":"es","potentialAction":[{"@type":"ReadAction","target":["https:\/\/lospoliticosveracruz.com\/?p=64237"]}]},{"@type":"BreadcrumbList","@id":"https:\/\/lospoliticosveracruz.com\/?p=64237#breadcrumb","itemListElement":[{"@type":"ListItem","position":1,"name":"Portada","item":"https:\/\/lospoliticosveracruz.com\/"},{"@type":"ListItem","position":2,"name":"Escribiendo de Mariguana"}]},{"@type":"WebSite","@id":"https:\/\/lospoliticosveracruz.com\/#website","url":"https:\/\/lospoliticosveracruz.com\/","name":"Los pol\u00edticos Veracruz","description":"","publisher":{"@id":"https:\/\/lospoliticosveracruz.com\/#organization"},"potentialAction":[{"@type":"SearchAction","target":{"@type":"EntryPoint","urlTemplate":"https:\/\/lospoliticosveracruz.com\/?s={search_term_string}"},"query-input":{"@type":"PropertyValueSpecification","valueRequired":true,"valueName":"search_term_string"}}],"inLanguage":"es"},{"@type":"Organization","@id":"https:\/\/lospoliticosveracruz.com\/#organization","name":"Los pol\u00edticos Veracruz","url":"https:\/\/lospoliticosveracruz.com\/","logo":{"@type":"ImageObject","inLanguage":"es","@id":"https:\/\/lospoliticosveracruz.com\/#\/schema\/logo\/image\/","url":"https:\/\/lospoliticosveracruz.com\/wp-content\/uploads\/2025\/12\/Logo-Nuevo-LOS-POLITICOS-1.jpg","contentUrl":"https:\/\/lospoliticosveracruz.com\/wp-content\/uploads\/2025\/12\/Logo-Nuevo-LOS-POLITICOS-1.jpg","width":260,"height":70,"caption":"Los pol\u00edticos Veracruz"},"image":{"@id":"https:\/\/lospoliticosveracruz.com\/#\/schema\/logo\/image\/"},"sameAs":["https:\/\/www.facebook.com\/people\/Notimemes-de-los-Polticos\/61565672886568\/","https:\/\/x.com\/LosPoliticosVer"]},{"@type":"Person","@id":"https:\/\/lospoliticosveracruz.com\/#\/schema\/person\/b8702bb0e538456e6efd07080bf2a4a2","name":"Lo viste en Los Pol\u00edticos","image":{"@type":"ImageObject","inLanguage":"es","@id":"https:\/\/secure.gravatar.com\/avatar\/3a8de04a2656d44082be478bd6c086daa447c4651605818287b9532d3d0bd435?s=96&d=mm&r=g","url":"https:\/\/secure.gravatar.com\/avatar\/3a8de04a2656d44082be478bd6c086daa447c4651605818287b9532d3d0bd435?s=96&d=mm&r=g","contentUrl":"https:\/\/secure.gravatar.com\/avatar\/3a8de04a2656d44082be478bd6c086daa447c4651605818287b9532d3d0bd435?s=96&d=mm&r=g","caption":"Lo viste en Los Pol\u00edticos"},"url":"https:\/\/lospoliticosveracruz.com\/?author=2"}]}},"_links":{"self":[{"href":"https:\/\/lospoliticosveracruz.com\/index.php?rest_route=\/wp\/v2\/posts\/64237","targetHints":{"allow":["GET"]}}],"collection":[{"href":"https:\/\/lospoliticosveracruz.com\/index.php?rest_route=\/wp\/v2\/posts"}],"about":[{"href":"https:\/\/lospoliticosveracruz.com\/index.php?rest_route=\/wp\/v2\/types\/post"}],"author":[{"embeddable":true,"href":"https:\/\/lospoliticosveracruz.com\/index.php?rest_route=\/wp\/v2\/users\/2"}],"replies":[{"embeddable":true,"href":"https:\/\/lospoliticosveracruz.com\/index.php?rest_route=%2Fwp%2Fv2%2Fcomments&post=64237"}],"version-history":[{"count":1,"href":"https:\/\/lospoliticosveracruz.com\/index.php?rest_route=\/wp\/v2\/posts\/64237\/revisions"}],"predecessor-version":[{"id":64241,"href":"https:\/\/lospoliticosveracruz.com\/index.php?rest_route=\/wp\/v2\/posts\/64237\/revisions\/64241"}],"wp:attachment":[{"href":"https:\/\/lospoliticosveracruz.com\/index.php?rest_route=%2Fwp%2Fv2%2Fmedia&parent=64237"}],"wp:term":[{"taxonomy":"category","embeddable":true,"href":"https:\/\/lospoliticosveracruz.com\/index.php?rest_route=%2Fwp%2Fv2%2Fcategories&post=64237"},{"taxonomy":"post_tag","embeddable":true,"href":"https:\/\/lospoliticosveracruz.com\/index.php?rest_route=%2Fwp%2Fv2%2Ftags&post=64237"}],"curies":[{"name":"wp","href":"https:\/\/api.w.org\/{rel}","templated":true}]}}