{"id":64348,"date":"2020-11-23T13:40:22","date_gmt":"2020-11-23T19:40:22","guid":{"rendered":"http:\/\/www.lospoliticosveracruz.com.mx\/?p=64348"},"modified":"2020-11-23T13:40:22","modified_gmt":"2020-11-23T19:40:22","slug":"mayor-certeza-en-elecciones-2021-pri","status":"publish","type":"post","link":"https:\/\/lospoliticosveracruz.com\/?p=64348","title":{"rendered":"Mayor certeza en elecciones 2021: PRI"},"content":{"rendered":"<p>&nbsp;<\/p>\n<p>La resoluci\u00f3n emitida por la Suprema Corte de Justicia de la Naci\u00f3n (SCJN), en la que confirm\u00f3 la invalidez de la Reforma Electoral impulsada por Morena en Veracruz, reafirma que en ese Poder se mantiene el estado de derecho que le dar\u00e1 a las y a los veracruzanos, mayor certeza en las elecciones del 2021.<br \/>\n\u201cA pesar de que nos quisieron debilitar e impedir que acudi\u00e9ramos a las instancias correspondientes a impugnar estos atropellos, ya que cuando se interpuso el recurso por v\u00eda electr\u00f3nica debido a la pandemia por SARS CoV2, quisieron hacerlo inv\u00e1lido, no claudicamos e insistimos, pues desde un inicio sab\u00edamos que era una reforma ama\u00f1ada que atenta contra los pueblos ind\u00edgenas\u201d, se\u00f1al\u00f3 el presidente del CDE del PRI en Veracruz, Marlon Ram\u00edrez Mar\u00edn.<br \/>\nIndic\u00f3 que varios partidos pol\u00edticos emprendieron una lucha jur\u00eddica para tratar de revertir esta reforma, \u201cpero agradecemos el trabajo, la comunicaci\u00f3n y la uni\u00f3n de fuerzas, en especial al Partido Acci\u00f3n Nacional (PAN), presidido por Joaqu\u00edn Guzm\u00e1n Avil\u00e9s, y al Partido de la Revoluci\u00f3n Democr\u00e1tica (PRD), presidido por Sergio Cadena Mart\u00ednez y su antecesor Jes\u00fas Vel\u00e1squez.<br \/>\nAsimismo, reconoci\u00f3 la resoluci\u00f3n emitida el viernes 20 de noviembre, por la Sala Regional del Tribunal Electoral del Poder Judicial de la Federaci\u00f3n, en la que se ordena restituir las ministraciones econ\u00f3micas de agosto a diciembre de 2020 a los partidos pol\u00edticos, \u201cpero nuestro fin principal es, y ha sido, no retroceder en los derechos electorales de los veracruzanos.\u201d<br \/>\nEl proyecto aprobado por la SCJN, determina la reviviscencia de las normas existentes previas a la reforma realizada mediante el decreto 576, es decir, el pr\u00f3ximo proceso electoral del estado de Veracruz, deber\u00e1 regirse por las normas que estaban vigentes previo al decreto invalidado.<br \/>\nAdem\u00e1s, qued\u00f3 claro y establecido que conforme a lo dispuesto por el art\u00edculo 105 fracci\u00f3n segunda, segundo p\u00e1rrafo de la Constituci\u00f3n Federal, la legislaci\u00f3n anterior cobra de nuevo vigor, y no puede ser reformada durante el proceso electoral salvo que se trate de modificaciones no fundamentales, adem\u00e1s se propone que la invalidez decretada surta sus efectos a partir de la notificaci\u00f3n de los puntos resolutivos de la sentencia al Congreso del Estado de Veracruz de Ignacio de la Llave.<br \/>\nPara concluir, Marlon Ram\u00edrez Mar\u00edn enfatiz\u00f3 que en 194 d\u00edas nos encontraremos en las urnas y Veracruz har\u00e1 historia.<\/p>\n","protected":false},"excerpt":{"rendered":"<p>&nbsp; La resoluci\u00f3n emitida por la Suprema Corte de Justicia de la Naci\u00f3n (SCJN), en la que confirm\u00f3 la invalidez de la Reforma Electoral impulsada por Morena en Veracruz, reafirma que en ese Poder se mantiene el estado de derecho que le dar\u00e1 a las y a los veracruzanos, mayor certeza en las elecciones del [&hellip;]<\/p>\n","protected":false},"author":2,"featured_media":0,"comment_status":"open","ping_status":"open","sticky":false,"template":"","format":"standard","meta":{"tdm_status":"","tdm_grid_status":"","footnotes":""},"categories":[73],"tags":[3288,2908,20351,266,1709,9200,251,1414,23831,3965],"class_list":{"0":"post-64348","1":"post","2":"type-post","3":"status-publish","4":"format-standard","6":"category-de-boleto","7":"tag-joaquin-guzman-aviles","8":"tag-marlon-ramirez-marin","9":"tag-morena-en-veracruz","10":"tag-pan","11":"tag-partidos-politicos","12":"tag-poder-judicial-de-la-federacion","13":"tag-pri","14":"tag-reforma-electoral","15":"tag-sala-regional-del-tribunal-electoral","16":"tag-scjn"},"yoast_head":"<!-- This site is optimized with the Yoast SEO plugin v27.4 - https:\/\/yoast.com\/product\/yoast-seo-wordpress\/ -->\n<title>Mayor certeza en elecciones 2021: PRI - Los pol\u00edticos Veracruz<\/title>\n<meta name=\"robots\" content=\"index, follow, max-snippet:-1, max-image-preview:large, max-video-preview:-1\" \/>\n<link rel=\"canonical\" href=\"https:\/\/lospoliticosveracruz.com\/?p=64348\" \/>\n<meta property=\"og:locale\" content=\"es_ES\" \/>\n<meta property=\"og:type\" content=\"article\" \/>\n<meta property=\"og:title\" content=\"Mayor certeza en elecciones 2021: PRI - Los pol\u00edticos Veracruz\" \/>\n<meta property=\"og:description\" content=\"&nbsp; La resoluci\u00f3n emitida por la Suprema Corte de Justicia de la Naci\u00f3n (SCJN), en la que confirm\u00f3 la invalidez de la Reforma Electoral impulsada por Morena en Veracruz, reafirma que en ese Poder se mantiene el estado de derecho que le dar\u00e1 a las y a los veracruzanos, mayor certeza en las elecciones del [&hellip;]\" \/>\n<meta property=\"og:url\" content=\"https:\/\/lospoliticosveracruz.com\/?p=64348\" \/>\n<meta property=\"og:site_name\" content=\"Los pol\u00edticos Veracruz\" \/>\n<meta property=\"article:publisher\" content=\"https:\/\/www.facebook.com\/people\/Notimemes-de-los-Polticos\/61565672886568\/\" \/>\n<meta property=\"article:published_time\" content=\"2020-11-23T19:40:22+00:00\" \/>\n<meta property=\"og:image\" content=\"https:\/\/lospoliticosveracruz.com\/wp-content\/uploads\/2016\/07\/Logo-Dor.jpg\" \/>\n\t<meta property=\"og:image:width\" content=\"200\" \/>\n\t<meta property=\"og:image:height\" content=\"200\" \/>\n\t<meta property=\"og:image:type\" content=\"image\/jpeg\" \/>\n<meta name=\"author\" content=\"Lo viste en Los Pol\u00edticos\" \/>\n<meta name=\"twitter:card\" content=\"summary_large_image\" \/>\n<meta name=\"twitter:creator\" content=\"@LosPoliticosVer\" \/>\n<meta name=\"twitter:site\" content=\"@LosPoliticosVer\" \/>\n<meta name=\"twitter:label1\" content=\"Escrito por\" \/>\n\t<meta name=\"twitter:data1\" content=\"Lo viste en Los Pol\u00edticos\" \/>\n\t<meta name=\"twitter:label2\" content=\"Tiempo de lectura\" \/>\n\t<meta name=\"twitter:data2\" content=\"2 minutos\" \/>\n<script type=\"application\/ld+json\" class=\"yoast-schema-graph\">{\"@context\":\"https:\\\/\\\/schema.org\",\"@graph\":[{\"@type\":\"Article\",\"@id\":\"https:\\\/\\\/lospoliticosveracruz.com\\\/?p=64348#article\",\"isPartOf\":{\"@id\":\"https:\\\/\\\/lospoliticosveracruz.com\\\/?p=64348\"},\"author\":{\"name\":\"Lo viste en Los Pol\u00edticos\",\"@id\":\"https:\\\/\\\/lospoliticosveracruz.com\\\/#\\\/schema\\\/person\\\/b8702bb0e538456e6efd07080bf2a4a2\"},\"headline\":\"Mayor certeza en elecciones 2021: PRI\",\"datePublished\":\"2020-11-23T19:40:22+00:00\",\"mainEntityOfPage\":{\"@id\":\"https:\\\/\\\/lospoliticosveracruz.com\\\/?p=64348\"},\"wordCount\":424,\"commentCount\":0,\"publisher\":{\"@id\":\"https:\\\/\\\/lospoliticosveracruz.com\\\/#organization\"},\"keywords\":[\"Joaqu\u00edn Guzm\u00e1n Avil\u00e9s\",\"Marlon Ram\u00edrez Mar\u00edn\",\"Morena en Veracruz\",\"PAN\",\"partidos pol\u00edticos\",\"Poder Judicial de la Federaci\u00f3n\",\"PRI\",\"reforma electoral\",\"Sala Regional del Tribunal Electoral\",\"SCJN\"],\"articleSection\":[\"De Boleto\"],\"inLanguage\":\"es\",\"potentialAction\":[{\"@type\":\"CommentAction\",\"name\":\"Comment\",\"target\":[\"https:\\\/\\\/lospoliticosveracruz.com\\\/?p=64348#respond\"]}]},{\"@type\":\"WebPage\",\"@id\":\"https:\\\/\\\/lospoliticosveracruz.com\\\/?p=64348\",\"url\":\"https:\\\/\\\/lospoliticosveracruz.com\\\/?p=64348\",\"name\":\"Mayor certeza en elecciones 2021: PRI - Los pol\u00edticos Veracruz\",\"isPartOf\":{\"@id\":\"https:\\\/\\\/lospoliticosveracruz.com\\\/#website\"},\"datePublished\":\"2020-11-23T19:40:22+00:00\",\"breadcrumb\":{\"@id\":\"https:\\\/\\\/lospoliticosveracruz.com\\\/?p=64348#breadcrumb\"},\"inLanguage\":\"es\",\"potentialAction\":[{\"@type\":\"ReadAction\",\"target\":[\"https:\\\/\\\/lospoliticosveracruz.com\\\/?p=64348\"]}]},{\"@type\":\"BreadcrumbList\",\"@id\":\"https:\\\/\\\/lospoliticosveracruz.com\\\/?p=64348#breadcrumb\",\"itemListElement\":[{\"@type\":\"ListItem\",\"position\":1,\"name\":\"Portada\",\"item\":\"https:\\\/\\\/lospoliticosveracruz.com\\\/\"},{\"@type\":\"ListItem\",\"position\":2,\"name\":\"Mayor certeza en elecciones 2021: PRI\"}]},{\"@type\":\"WebSite\",\"@id\":\"https:\\\/\\\/lospoliticosveracruz.com\\\/#website\",\"url\":\"https:\\\/\\\/lospoliticosveracruz.com\\\/\",\"name\":\"Los pol\u00edticos Veracruz\",\"description\":\"\",\"publisher\":{\"@id\":\"https:\\\/\\\/lospoliticosveracruz.com\\\/#organization\"},\"potentialAction\":[{\"@type\":\"SearchAction\",\"target\":{\"@type\":\"EntryPoint\",\"urlTemplate\":\"https:\\\/\\\/lospoliticosveracruz.com\\\/?s={search_term_string}\"},\"query-input\":{\"@type\":\"PropertyValueSpecification\",\"valueRequired\":true,\"valueName\":\"search_term_string\"}}],\"inLanguage\":\"es\"},{\"@type\":\"Organization\",\"@id\":\"https:\\\/\\\/lospoliticosveracruz.com\\\/#organization\",\"name\":\"Los pol\u00edticos Veracruz\",\"url\":\"https:\\\/\\\/lospoliticosveracruz.com\\\/\",\"logo\":{\"@type\":\"ImageObject\",\"inLanguage\":\"es\",\"@id\":\"https:\\\/\\\/lospoliticosveracruz.com\\\/#\\\/schema\\\/logo\\\/image\\\/\",\"url\":\"https:\\\/\\\/lospoliticosveracruz.com\\\/wp-content\\\/uploads\\\/2025\\\/12\\\/Logo-Nuevo-LOS-POLITICOS-1.jpg\",\"contentUrl\":\"https:\\\/\\\/lospoliticosveracruz.com\\\/wp-content\\\/uploads\\\/2025\\\/12\\\/Logo-Nuevo-LOS-POLITICOS-1.jpg\",\"width\":260,\"height\":70,\"caption\":\"Los pol\u00edticos Veracruz\"},\"image\":{\"@id\":\"https:\\\/\\\/lospoliticosveracruz.com\\\/#\\\/schema\\\/logo\\\/image\\\/\"},\"sameAs\":[\"https:\\\/\\\/www.facebook.com\\\/people\\\/Notimemes-de-los-Polticos\\\/61565672886568\\\/\",\"https:\\\/\\\/x.com\\\/LosPoliticosVer\"]},{\"@type\":\"Person\",\"@id\":\"https:\\\/\\\/lospoliticosveracruz.com\\\/#\\\/schema\\\/person\\\/b8702bb0e538456e6efd07080bf2a4a2\",\"name\":\"Lo viste en Los Pol\u00edticos\",\"image\":{\"@type\":\"ImageObject\",\"inLanguage\":\"es\",\"@id\":\"https:\\\/\\\/secure.gravatar.com\\\/avatar\\\/3a8de04a2656d44082be478bd6c086daa447c4651605818287b9532d3d0bd435?s=96&d=mm&r=g\",\"url\":\"https:\\\/\\\/secure.gravatar.com\\\/avatar\\\/3a8de04a2656d44082be478bd6c086daa447c4651605818287b9532d3d0bd435?s=96&d=mm&r=g\",\"contentUrl\":\"https:\\\/\\\/secure.gravatar.com\\\/avatar\\\/3a8de04a2656d44082be478bd6c086daa447c4651605818287b9532d3d0bd435?s=96&d=mm&r=g\",\"caption\":\"Lo viste en Los Pol\u00edticos\"},\"url\":\"https:\\\/\\\/lospoliticosveracruz.com\\\/?author=2\"}]}<\/script>\n<!-- \/ Yoast SEO plugin. -->","yoast_head_json":{"title":"Mayor certeza en elecciones 2021: PRI - Los pol\u00edticos Veracruz","robots":{"index":"index","follow":"follow","max-snippet":"max-snippet:-1","max-image-preview":"max-image-preview:large","max-video-preview":"max-video-preview:-1"},"canonical":"https:\/\/lospoliticosveracruz.com\/?p=64348","og_locale":"es_ES","og_type":"article","og_title":"Mayor certeza en elecciones 2021: PRI - Los pol\u00edticos Veracruz","og_description":"&nbsp; La resoluci\u00f3n emitida por la Suprema Corte de Justicia de la Naci\u00f3n (SCJN), en la que confirm\u00f3 la invalidez de la Reforma Electoral impulsada por Morena en Veracruz, reafirma que en ese Poder se mantiene el estado de derecho que le dar\u00e1 a las y a los veracruzanos, mayor certeza en las elecciones del [&hellip;]","og_url":"https:\/\/lospoliticosveracruz.com\/?p=64348","og_site_name":"Los pol\u00edticos Veracruz","article_publisher":"https:\/\/www.facebook.com\/people\/Notimemes-de-los-Polticos\/61565672886568\/","article_published_time":"2020-11-23T19:40:22+00:00","og_image":[{"width":200,"height":200,"url":"https:\/\/lospoliticosveracruz.com\/wp-content\/uploads\/2016\/07\/Logo-Dor.jpg","type":"image\/jpeg"}],"author":"Lo viste en Los Pol\u00edticos","twitter_card":"summary_large_image","twitter_creator":"@LosPoliticosVer","twitter_site":"@LosPoliticosVer","twitter_misc":{"Escrito por":"Lo viste en Los Pol\u00edticos","Tiempo de lectura":"2 minutos"},"schema":{"@context":"https:\/\/schema.org","@graph":[{"@type":"Article","@id":"https:\/\/lospoliticosveracruz.com\/?p=64348#article","isPartOf":{"@id":"https:\/\/lospoliticosveracruz.com\/?p=64348"},"author":{"name":"Lo viste en Los Pol\u00edticos","@id":"https:\/\/lospoliticosveracruz.com\/#\/schema\/person\/b8702bb0e538456e6efd07080bf2a4a2"},"headline":"Mayor certeza en elecciones 2021: PRI","datePublished":"2020-11-23T19:40:22+00:00","mainEntityOfPage":{"@id":"https:\/\/lospoliticosveracruz.com\/?p=64348"},"wordCount":424,"commentCount":0,"publisher":{"@id":"https:\/\/lospoliticosveracruz.com\/#organization"},"keywords":["Joaqu\u00edn Guzm\u00e1n Avil\u00e9s","Marlon Ram\u00edrez Mar\u00edn","Morena en Veracruz","PAN","partidos pol\u00edticos","Poder Judicial de la Federaci\u00f3n","PRI","reforma electoral","Sala Regional del Tribunal Electoral","SCJN"],"articleSection":["De Boleto"],"inLanguage":"es","potentialAction":[{"@type":"CommentAction","name":"Comment","target":["https:\/\/lospoliticosveracruz.com\/?p=64348#respond"]}]},{"@type":"WebPage","@id":"https:\/\/lospoliticosveracruz.com\/?p=64348","url":"https:\/\/lospoliticosveracruz.com\/?p=64348","name":"Mayor certeza en elecciones 2021: PRI - Los pol\u00edticos Veracruz","isPartOf":{"@id":"https:\/\/lospoliticosveracruz.com\/#website"},"datePublished":"2020-11-23T19:40:22+00:00","breadcrumb":{"@id":"https:\/\/lospoliticosveracruz.com\/?p=64348#breadcrumb"},"inLanguage":"es","potentialAction":[{"@type":"ReadAction","target":["https:\/\/lospoliticosveracruz.com\/?p=64348"]}]},{"@type":"BreadcrumbList","@id":"https:\/\/lospoliticosveracruz.com\/?p=64348#breadcrumb","itemListElement":[{"@type":"ListItem","position":1,"name":"Portada","item":"https:\/\/lospoliticosveracruz.com\/"},{"@type":"ListItem","position":2,"name":"Mayor certeza en elecciones 2021: PRI"}]},{"@type":"WebSite","@id":"https:\/\/lospoliticosveracruz.com\/#website","url":"https:\/\/lospoliticosveracruz.com\/","name":"Los pol\u00edticos Veracruz","description":"","publisher":{"@id":"https:\/\/lospoliticosveracruz.com\/#organization"},"potentialAction":[{"@type":"SearchAction","target":{"@type":"EntryPoint","urlTemplate":"https:\/\/lospoliticosveracruz.com\/?s={search_term_string}"},"query-input":{"@type":"PropertyValueSpecification","valueRequired":true,"valueName":"search_term_string"}}],"inLanguage":"es"},{"@type":"Organization","@id":"https:\/\/lospoliticosveracruz.com\/#organization","name":"Los pol\u00edticos Veracruz","url":"https:\/\/lospoliticosveracruz.com\/","logo":{"@type":"ImageObject","inLanguage":"es","@id":"https:\/\/lospoliticosveracruz.com\/#\/schema\/logo\/image\/","url":"https:\/\/lospoliticosveracruz.com\/wp-content\/uploads\/2025\/12\/Logo-Nuevo-LOS-POLITICOS-1.jpg","contentUrl":"https:\/\/lospoliticosveracruz.com\/wp-content\/uploads\/2025\/12\/Logo-Nuevo-LOS-POLITICOS-1.jpg","width":260,"height":70,"caption":"Los pol\u00edticos Veracruz"},"image":{"@id":"https:\/\/lospoliticosveracruz.com\/#\/schema\/logo\/image\/"},"sameAs":["https:\/\/www.facebook.com\/people\/Notimemes-de-los-Polticos\/61565672886568\/","https:\/\/x.com\/LosPoliticosVer"]},{"@type":"Person","@id":"https:\/\/lospoliticosveracruz.com\/#\/schema\/person\/b8702bb0e538456e6efd07080bf2a4a2","name":"Lo viste en Los Pol\u00edticos","image":{"@type":"ImageObject","inLanguage":"es","@id":"https:\/\/secure.gravatar.com\/avatar\/3a8de04a2656d44082be478bd6c086daa447c4651605818287b9532d3d0bd435?s=96&d=mm&r=g","url":"https:\/\/secure.gravatar.com\/avatar\/3a8de04a2656d44082be478bd6c086daa447c4651605818287b9532d3d0bd435?s=96&d=mm&r=g","contentUrl":"https:\/\/secure.gravatar.com\/avatar\/3a8de04a2656d44082be478bd6c086daa447c4651605818287b9532d3d0bd435?s=96&d=mm&r=g","caption":"Lo viste en Los Pol\u00edticos"},"url":"https:\/\/lospoliticosveracruz.com\/?author=2"}]}},"_links":{"self":[{"href":"https:\/\/lospoliticosveracruz.com\/index.php?rest_route=\/wp\/v2\/posts\/64348","targetHints":{"allow":["GET"]}}],"collection":[{"href":"https:\/\/lospoliticosveracruz.com\/index.php?rest_route=\/wp\/v2\/posts"}],"about":[{"href":"https:\/\/lospoliticosveracruz.com\/index.php?rest_route=\/wp\/v2\/types\/post"}],"author":[{"embeddable":true,"href":"https:\/\/lospoliticosveracruz.com\/index.php?rest_route=\/wp\/v2\/users\/2"}],"replies":[{"embeddable":true,"href":"https:\/\/lospoliticosveracruz.com\/index.php?rest_route=%2Fwp%2Fv2%2Fcomments&post=64348"}],"version-history":[{"count":1,"href":"https:\/\/lospoliticosveracruz.com\/index.php?rest_route=\/wp\/v2\/posts\/64348\/revisions"}],"predecessor-version":[{"id":64350,"href":"https:\/\/lospoliticosveracruz.com\/index.php?rest_route=\/wp\/v2\/posts\/64348\/revisions\/64350"}],"wp:attachment":[{"href":"https:\/\/lospoliticosveracruz.com\/index.php?rest_route=%2Fwp%2Fv2%2Fmedia&parent=64348"}],"wp:term":[{"taxonomy":"category","embeddable":true,"href":"https:\/\/lospoliticosveracruz.com\/index.php?rest_route=%2Fwp%2Fv2%2Fcategories&post=64348"},{"taxonomy":"post_tag","embeddable":true,"href":"https:\/\/lospoliticosveracruz.com\/index.php?rest_route=%2Fwp%2Fv2%2Ftags&post=64348"}],"curies":[{"name":"wp","href":"https:\/\/api.w.org\/{rel}","templated":true}]}}