{"id":64351,"date":"2020-11-23T15:35:16","date_gmt":"2020-11-23T21:35:16","guid":{"rendered":"http:\/\/www.lospoliticosveracruz.com.mx\/?p=64351"},"modified":"2020-11-24T07:54:41","modified_gmt":"2020-11-24T13:54:41","slug":"los-golpes-de-la-reforma-electoral","status":"publish","type":"post","link":"https:\/\/lospoliticosveracruz.com\/?p=64351","title":{"rendered":"Los golpes de la Reforma Electoral"},"content":{"rendered":"<p><strong>Salvador Mu\u00f1oz<\/strong><\/p>\n<p><em>Los Pol\u00edticos<\/em><\/p>\n<p><span style=\"font-weight: 400;\">La resoluci\u00f3n de la Suprema Corte de Justicia de la Naci\u00f3n con respecto a la Reforma Electoral en Veracruz es un golpe de cuatro bandas por donde quiera que se le vea\u2026 pega al coordinador de la Jucopo, Juan Javier G\u00f3mez Cazar\u00edn; pega al entonces Presidente de la Mesa Directiva, Rub\u00e9n R\u00edos Uribe; pega al gobernador Cuitl\u00e1huac Garc\u00eda Jim\u00e9nez, y pega hasta al secretario de Finanzas, Jos\u00e9 Luis Lima Franco.<\/span><\/p>\n<p>&nbsp;<br \/>\n<a href=\"https:\/\/www.facebook.com\/notaria61veracruz\/\"><img decoding=\"async\" src=\"http:\/\/www.lospoliticosveracruz.com.mx\/wp-content\/uploads\/2020\/07\/CINTILLO-Armando.jpg\" alt=\"\" \/><\/a><br \/>\n&nbsp;<\/p>\n<p><span style=\"font-weight: 400;\">La invalidez del Decreto 576 pone de nuevo las cosas en su lugar: siguen los Consejos Municipales y distritales as\u00ed como las Prerrogativas de los Partidos Pol\u00edticos al cien por ciento, entre otros aspectos.<\/span><\/p>\n<p><span style=\"font-weight: 400;\">Para que la Suprema Corte de Justicia de la Naci\u00f3n resolviera como lo hizo, fue por una serie de violaciones al proceso legislativo como bien lo cit\u00f3 el dirigente del partido Podemos, Paco Garrido:<\/span><\/p>\n<p><span style=\"font-weight: 400;\">1.- Impulsaron la reforma sin observar los principios del parlamento abierto, que impone la obligaci\u00f3n de escuchar a los organismos y personas que beneficia o afecta la medida legislativa previo a su emisi\u00f3n.<\/span><\/p>\n<p><span style=\"font-weight: 400;\">2.- No solicitaron la opini\u00f3n de quienes s\u00ed conocen la materia electoral como son autoridades electorales, partidos pol\u00edticos, o m\u00e1s grave: a la ciudadan\u00eda.<\/span><\/p>\n<p><span style=\"font-weight: 400;\">3.- En el dictamen de la comisi\u00f3n de puntos constitucionales, no se aport\u00f3 ning\u00fan an\u00e1lisis t\u00e9cnico financiero que acreditara que la instalaci\u00f3n de consejos municipales constituyan gastos superfluos.<\/span><span style=\"font-weight: 400;\"><br \/>\n<\/span><span style=\"font-weight: 400;\">En pocas palabras: no se ocup\u00f3 correctamente la normatividad y no hubo transparencia en el proceso.<\/span><span style=\"font-weight: 400;\"><br \/>\n<\/span><span style=\"font-weight: 400;\">Para tratar de ser m\u00e1s claros, al referirse a \u00abViolaciones al procedimiento\u00bb, se abarca no s\u00f3lo lo contemplado por Podemos en l\u00edneas arriba, sino diversas omisiones en la observaci\u00f3n de las normas que rigen la vida del Congreso del Estado y que otorgan validez a las normas que \u00e9ste emite, \u00bfc\u00f3mo? a trav\u00e9s de la direcci\u00f3n de la presidencia de la Mesa Directiva, que en ese entonces, cuando ocurri\u00f3 la Reforma Electoral, era encabezada por Rub\u00e9n R\u00edos Uribe.<\/span><\/p>\n<p><span style=\"font-weight: 400;\">\u00bfEn qu\u00e9 desembocan estas omisiones? en algo que se puede llamar como Incumplimiento del Deber Legal por parte del presidente y si se descuidan, hasta otras \u00e1reas del Congreso.<\/span><\/p>\n<p><span style=\"font-weight: 400;\">\u00bfQu\u00e9 nos dice el C\u00f3digo Penal con respecto a este detallito en que a todas luces incurri\u00f3 R\u00edos Uribe? El art\u00edculo 319 dice que se impondr\u00e1n de uno a ocho a\u00f1os de prisi\u00f3n y multa hasta doscientos d\u00edas de salario al servidor p\u00fablico que deje de cumplir con los deberes inherentes a su empleo, cargo o comisi\u00f3n en perjuicio de los derechos de un tercero.<\/span><\/p>\n<p><span style=\"font-weight: 400;\">\u00a1Aguas! porque de suspirante a la candidatura por C\u00f3rdoba, Rub\u00e9n R\u00edos pase a ser candidato a Amatl\u00e1n\u2026<\/span><\/p>\n<p><span style=\"font-weight: 400;\">Con R\u00edos Uribe tendr\u00edamos el primer trancazo\u2026 el segundo, para el titular de la Jucopo, Juan Javier G\u00f3mez Cazar\u00edn, a quien desconozco le alcance la responsabilidad que el entonces presidente de la Mesa Directiva asume, pero de que el ego lo tiene madreado, \u00a1lo tiene!; el tercer golpe, para quien propuso esta Reforma, all\u00e1 por marzo: Cuitl\u00e1huac Garc\u00eda Jim\u00e9nez, quien pretend\u00eda \u201cahorrarse\u201d 532 millones con palabras m\u00e1s o menos as\u00ed: \u201ctiene que ver con la atenci\u00f3n de posibles emergencias por el coronavirus, pues las medidas tomadas hoy repercutir\u00e1n en las finanzas del Estado\u201d. \u00a1Cu\u00e1nta pinche raz\u00f3n ten\u00eda porque ahora, su propuesta avalada por la mayor\u00eda de su partido, ha de repercutir en Sefiplan, donde es seguro que su titular (el cuarto golpe), Jos\u00e9 Luis Lima Franco, se est\u00e9 tronando los dedos para ver de d\u00f3nde ha de sacar lo que se le debe a los partidos pol\u00edticos\u2026 \u00a1ah! pero para qu\u00e9 est\u00e1n las deudas\u2026 una pellizcada al pr\u00e9stamo, \u00a1y asunto resuelto!<\/span><\/p>\n<p>&nbsp;<\/p>\n<p><span style=\"font-weight: 400;\">smcainito@gmail.com<\/span><\/p>\n","protected":false},"excerpt":{"rendered":"<p>Salvador Mu\u00f1oz Los Pol\u00edticos La resoluci\u00f3n de la Suprema Corte de Justicia de la Naci\u00f3n con respecto a la Reforma Electoral en Veracruz es un golpe de cuatro bandas por donde quiera que se le vea\u2026 pega al coordinador de la Jucopo, Juan Javier G\u00f3mez Cazar\u00edn; pega al entonces Presidente de la Mesa Directiva, Rub\u00e9n [&hellip;]<\/p>\n","protected":false},"author":2,"featured_media":0,"comment_status":"open","ping_status":"open","sticky":false,"template":"","format":"standard","meta":{"tdm_status":"","tdm_grid_status":"","footnotes":""},"categories":[70],"tags":[1563,111,13713,12695,9418,2984,13365,15426,1414,13125,2646,6361,195],"class_list":{"0":"post-64351","1":"post","2":"type-post","3":"status-publish","4":"format-standard","6":"category-de-opinion","7":"tag-cuitlahuac-garcia-jimenez","8":"tag-finanzas","9":"tag-jose-luis-lima-franco","10":"tag-juan-javier-gomez-cazarin","11":"tag-jucopo","12":"tag-paco-garrido","13":"tag-podemos","14":"tag-presidente-de-la-mesa-directiva","15":"tag-reforma-electoral","16":"tag-ruben-rios-uribe","17":"tag-salvador-munoz","18":"tag-suprema-corte-de-justicia-de-la-nacion","19":"tag-veracruz"},"yoast_head":"<!-- This site is optimized with the Yoast SEO plugin v27.4 - https:\/\/yoast.com\/product\/yoast-seo-wordpress\/ -->\n<title>Los golpes de la Reforma Electoral - Los pol\u00edticos Veracruz<\/title>\n<meta name=\"robots\" content=\"index, follow, max-snippet:-1, max-image-preview:large, max-video-preview:-1\" \/>\n<link rel=\"canonical\" href=\"https:\/\/lospoliticosveracruz.com\/?p=64351\" \/>\n<meta property=\"og:locale\" content=\"es_ES\" \/>\n<meta property=\"og:type\" content=\"article\" \/>\n<meta property=\"og:title\" content=\"Los golpes de la Reforma Electoral - Los pol\u00edticos Veracruz\" \/>\n<meta property=\"og:description\" content=\"Salvador Mu\u00f1oz Los Pol\u00edticos La resoluci\u00f3n de la Suprema Corte de Justicia de la Naci\u00f3n con respecto a la Reforma Electoral en Veracruz es un golpe de cuatro bandas por donde quiera que se le vea\u2026 pega al coordinador de la Jucopo, Juan Javier G\u00f3mez Cazar\u00edn; pega al entonces Presidente de la Mesa Directiva, Rub\u00e9n [&hellip;]\" \/>\n<meta property=\"og:url\" content=\"https:\/\/lospoliticosveracruz.com\/?p=64351\" \/>\n<meta property=\"og:site_name\" content=\"Los pol\u00edticos Veracruz\" \/>\n<meta property=\"article:publisher\" content=\"https:\/\/www.facebook.com\/people\/Notimemes-de-los-Polticos\/61565672886568\/\" \/>\n<meta property=\"article:published_time\" content=\"2020-11-23T21:35:16+00:00\" \/>\n<meta property=\"article:modified_time\" content=\"2020-11-24T13:54:41+00:00\" \/>\n<meta property=\"og:image\" content=\"http:\/\/www.lospoliticosveracruz.com.mx\/wp-content\/uploads\/2020\/07\/CINTILLO-Armando.jpg\" \/>\n<meta name=\"author\" content=\"Lo viste en Los Pol\u00edticos\" \/>\n<meta name=\"twitter:card\" content=\"summary_large_image\" \/>\n<meta name=\"twitter:creator\" content=\"@LosPoliticosVer\" \/>\n<meta name=\"twitter:site\" content=\"@LosPoliticosVer\" \/>\n<meta name=\"twitter:label1\" content=\"Escrito por\" \/>\n\t<meta name=\"twitter:data1\" content=\"Lo viste en Los Pol\u00edticos\" \/>\n\t<meta name=\"twitter:label2\" content=\"Tiempo de lectura\" \/>\n\t<meta name=\"twitter:data2\" content=\"3 minutos\" \/>\n<script type=\"application\/ld+json\" class=\"yoast-schema-graph\">{\"@context\":\"https:\\\/\\\/schema.org\",\"@graph\":[{\"@type\":\"Article\",\"@id\":\"https:\\\/\\\/lospoliticosveracruz.com\\\/?p=64351#article\",\"isPartOf\":{\"@id\":\"https:\\\/\\\/lospoliticosveracruz.com\\\/?p=64351\"},\"author\":{\"name\":\"Lo viste en Los Pol\u00edticos\",\"@id\":\"https:\\\/\\\/lospoliticosveracruz.com\\\/#\\\/schema\\\/person\\\/b8702bb0e538456e6efd07080bf2a4a2\"},\"headline\":\"Los golpes de la Reforma Electoral\",\"datePublished\":\"2020-11-23T21:35:16+00:00\",\"dateModified\":\"2020-11-24T13:54:41+00:00\",\"mainEntityOfPage\":{\"@id\":\"https:\\\/\\\/lospoliticosveracruz.com\\\/?p=64351\"},\"wordCount\":667,\"commentCount\":0,\"publisher\":{\"@id\":\"https:\\\/\\\/lospoliticosveracruz.com\\\/#organization\"},\"image\":{\"@id\":\"https:\\\/\\\/lospoliticosveracruz.com\\\/?p=64351#primaryimage\"},\"thumbnailUrl\":\"http:\\\/\\\/www.lospoliticosveracruz.com.mx\\\/wp-content\\\/uploads\\\/2020\\\/07\\\/CINTILLO-Armando.jpg\",\"keywords\":[\"Cuitl\u00e1huac Garc\u00eda Jim\u00e9nez\",\"Finanzas\",\"Jos\u00e9 Luis Lima Franco\",\"Juan Javier G\u00f3mez Cazar\u00edn\",\"Jucopo\",\"Paco Garrido\",\"Podemos\",\"Presidente de la Mesa Directiva\",\"reforma electoral\",\"Rub\u00e9n R\u00edos Uribe\",\"Salvador Mu\u00f1oz\",\"Suprema Corte de Justicia de la Naci\u00f3n\",\"Veracruz\"],\"articleSection\":[\"De Opini\u00f3n\"],\"inLanguage\":\"es\",\"potentialAction\":[{\"@type\":\"CommentAction\",\"name\":\"Comment\",\"target\":[\"https:\\\/\\\/lospoliticosveracruz.com\\\/?p=64351#respond\"]}]},{\"@type\":\"WebPage\",\"@id\":\"https:\\\/\\\/lospoliticosveracruz.com\\\/?p=64351\",\"url\":\"https:\\\/\\\/lospoliticosveracruz.com\\\/?p=64351\",\"name\":\"Los golpes de la Reforma Electoral - Los pol\u00edticos Veracruz\",\"isPartOf\":{\"@id\":\"https:\\\/\\\/lospoliticosveracruz.com\\\/#website\"},\"primaryImageOfPage\":{\"@id\":\"https:\\\/\\\/lospoliticosveracruz.com\\\/?p=64351#primaryimage\"},\"image\":{\"@id\":\"https:\\\/\\\/lospoliticosveracruz.com\\\/?p=64351#primaryimage\"},\"thumbnailUrl\":\"http:\\\/\\\/www.lospoliticosveracruz.com.mx\\\/wp-content\\\/uploads\\\/2020\\\/07\\\/CINTILLO-Armando.jpg\",\"datePublished\":\"2020-11-23T21:35:16+00:00\",\"dateModified\":\"2020-11-24T13:54:41+00:00\",\"breadcrumb\":{\"@id\":\"https:\\\/\\\/lospoliticosveracruz.com\\\/?p=64351#breadcrumb\"},\"inLanguage\":\"es\",\"potentialAction\":[{\"@type\":\"ReadAction\",\"target\":[\"https:\\\/\\\/lospoliticosveracruz.com\\\/?p=64351\"]}]},{\"@type\":\"ImageObject\",\"inLanguage\":\"es\",\"@id\":\"https:\\\/\\\/lospoliticosveracruz.com\\\/?p=64351#primaryimage\",\"url\":\"http:\\\/\\\/www.lospoliticosveracruz.com.mx\\\/wp-content\\\/uploads\\\/2020\\\/07\\\/CINTILLO-Armando.jpg\",\"contentUrl\":\"http:\\\/\\\/www.lospoliticosveracruz.com.mx\\\/wp-content\\\/uploads\\\/2020\\\/07\\\/CINTILLO-Armando.jpg\"},{\"@type\":\"BreadcrumbList\",\"@id\":\"https:\\\/\\\/lospoliticosveracruz.com\\\/?p=64351#breadcrumb\",\"itemListElement\":[{\"@type\":\"ListItem\",\"position\":1,\"name\":\"Portada\",\"item\":\"https:\\\/\\\/lospoliticosveracruz.com\\\/\"},{\"@type\":\"ListItem\",\"position\":2,\"name\":\"Los golpes de la Reforma Electoral\"}]},{\"@type\":\"WebSite\",\"@id\":\"https:\\\/\\\/lospoliticosveracruz.com\\\/#website\",\"url\":\"https:\\\/\\\/lospoliticosveracruz.com\\\/\",\"name\":\"Los pol\u00edticos Veracruz\",\"description\":\"\",\"publisher\":{\"@id\":\"https:\\\/\\\/lospoliticosveracruz.com\\\/#organization\"},\"potentialAction\":[{\"@type\":\"SearchAction\",\"target\":{\"@type\":\"EntryPoint\",\"urlTemplate\":\"https:\\\/\\\/lospoliticosveracruz.com\\\/?s={search_term_string}\"},\"query-input\":{\"@type\":\"PropertyValueSpecification\",\"valueRequired\":true,\"valueName\":\"search_term_string\"}}],\"inLanguage\":\"es\"},{\"@type\":\"Organization\",\"@id\":\"https:\\\/\\\/lospoliticosveracruz.com\\\/#organization\",\"name\":\"Los pol\u00edticos Veracruz\",\"url\":\"https:\\\/\\\/lospoliticosveracruz.com\\\/\",\"logo\":{\"@type\":\"ImageObject\",\"inLanguage\":\"es\",\"@id\":\"https:\\\/\\\/lospoliticosveracruz.com\\\/#\\\/schema\\\/logo\\\/image\\\/\",\"url\":\"https:\\\/\\\/lospoliticosveracruz.com\\\/wp-content\\\/uploads\\\/2025\\\/12\\\/Logo-Nuevo-LOS-POLITICOS-1.jpg\",\"contentUrl\":\"https:\\\/\\\/lospoliticosveracruz.com\\\/wp-content\\\/uploads\\\/2025\\\/12\\\/Logo-Nuevo-LOS-POLITICOS-1.jpg\",\"width\":260,\"height\":70,\"caption\":\"Los pol\u00edticos Veracruz\"},\"image\":{\"@id\":\"https:\\\/\\\/lospoliticosveracruz.com\\\/#\\\/schema\\\/logo\\\/image\\\/\"},\"sameAs\":[\"https:\\\/\\\/www.facebook.com\\\/people\\\/Notimemes-de-los-Polticos\\\/61565672886568\\\/\",\"https:\\\/\\\/x.com\\\/LosPoliticosVer\"]},{\"@type\":\"Person\",\"@id\":\"https:\\\/\\\/lospoliticosveracruz.com\\\/#\\\/schema\\\/person\\\/b8702bb0e538456e6efd07080bf2a4a2\",\"name\":\"Lo viste en Los Pol\u00edticos\",\"image\":{\"@type\":\"ImageObject\",\"inLanguage\":\"es\",\"@id\":\"https:\\\/\\\/secure.gravatar.com\\\/avatar\\\/3a8de04a2656d44082be478bd6c086daa447c4651605818287b9532d3d0bd435?s=96&d=mm&r=g\",\"url\":\"https:\\\/\\\/secure.gravatar.com\\\/avatar\\\/3a8de04a2656d44082be478bd6c086daa447c4651605818287b9532d3d0bd435?s=96&d=mm&r=g\",\"contentUrl\":\"https:\\\/\\\/secure.gravatar.com\\\/avatar\\\/3a8de04a2656d44082be478bd6c086daa447c4651605818287b9532d3d0bd435?s=96&d=mm&r=g\",\"caption\":\"Lo viste en Los Pol\u00edticos\"},\"url\":\"https:\\\/\\\/lospoliticosveracruz.com\\\/?author=2\"}]}<\/script>\n<!-- \/ Yoast SEO plugin. -->","yoast_head_json":{"title":"Los golpes de la Reforma Electoral - Los pol\u00edticos Veracruz","robots":{"index":"index","follow":"follow","max-snippet":"max-snippet:-1","max-image-preview":"max-image-preview:large","max-video-preview":"max-video-preview:-1"},"canonical":"https:\/\/lospoliticosveracruz.com\/?p=64351","og_locale":"es_ES","og_type":"article","og_title":"Los golpes de la Reforma Electoral - Los pol\u00edticos Veracruz","og_description":"Salvador Mu\u00f1oz Los Pol\u00edticos La resoluci\u00f3n de la Suprema Corte de Justicia de la Naci\u00f3n con respecto a la Reforma Electoral en Veracruz es un golpe de cuatro bandas por donde quiera que se le vea\u2026 pega al coordinador de la Jucopo, Juan Javier G\u00f3mez Cazar\u00edn; pega al entonces Presidente de la Mesa Directiva, Rub\u00e9n [&hellip;]","og_url":"https:\/\/lospoliticosveracruz.com\/?p=64351","og_site_name":"Los pol\u00edticos Veracruz","article_publisher":"https:\/\/www.facebook.com\/people\/Notimemes-de-los-Polticos\/61565672886568\/","article_published_time":"2020-11-23T21:35:16+00:00","article_modified_time":"2020-11-24T13:54:41+00:00","og_image":[{"url":"http:\/\/www.lospoliticosveracruz.com.mx\/wp-content\/uploads\/2020\/07\/CINTILLO-Armando.jpg","type":"","width":"","height":""}],"author":"Lo viste en Los Pol\u00edticos","twitter_card":"summary_large_image","twitter_creator":"@LosPoliticosVer","twitter_site":"@LosPoliticosVer","twitter_misc":{"Escrito por":"Lo viste en Los Pol\u00edticos","Tiempo de lectura":"3 minutos"},"schema":{"@context":"https:\/\/schema.org","@graph":[{"@type":"Article","@id":"https:\/\/lospoliticosveracruz.com\/?p=64351#article","isPartOf":{"@id":"https:\/\/lospoliticosveracruz.com\/?p=64351"},"author":{"name":"Lo viste en Los Pol\u00edticos","@id":"https:\/\/lospoliticosveracruz.com\/#\/schema\/person\/b8702bb0e538456e6efd07080bf2a4a2"},"headline":"Los golpes de la Reforma Electoral","datePublished":"2020-11-23T21:35:16+00:00","dateModified":"2020-11-24T13:54:41+00:00","mainEntityOfPage":{"@id":"https:\/\/lospoliticosveracruz.com\/?p=64351"},"wordCount":667,"commentCount":0,"publisher":{"@id":"https:\/\/lospoliticosveracruz.com\/#organization"},"image":{"@id":"https:\/\/lospoliticosveracruz.com\/?p=64351#primaryimage"},"thumbnailUrl":"http:\/\/www.lospoliticosveracruz.com.mx\/wp-content\/uploads\/2020\/07\/CINTILLO-Armando.jpg","keywords":["Cuitl\u00e1huac Garc\u00eda Jim\u00e9nez","Finanzas","Jos\u00e9 Luis Lima Franco","Juan Javier G\u00f3mez Cazar\u00edn","Jucopo","Paco Garrido","Podemos","Presidente de la Mesa Directiva","reforma electoral","Rub\u00e9n R\u00edos Uribe","Salvador Mu\u00f1oz","Suprema Corte de Justicia de la Naci\u00f3n","Veracruz"],"articleSection":["De Opini\u00f3n"],"inLanguage":"es","potentialAction":[{"@type":"CommentAction","name":"Comment","target":["https:\/\/lospoliticosveracruz.com\/?p=64351#respond"]}]},{"@type":"WebPage","@id":"https:\/\/lospoliticosveracruz.com\/?p=64351","url":"https:\/\/lospoliticosveracruz.com\/?p=64351","name":"Los golpes de la Reforma Electoral - Los pol\u00edticos Veracruz","isPartOf":{"@id":"https:\/\/lospoliticosveracruz.com\/#website"},"primaryImageOfPage":{"@id":"https:\/\/lospoliticosveracruz.com\/?p=64351#primaryimage"},"image":{"@id":"https:\/\/lospoliticosveracruz.com\/?p=64351#primaryimage"},"thumbnailUrl":"http:\/\/www.lospoliticosveracruz.com.mx\/wp-content\/uploads\/2020\/07\/CINTILLO-Armando.jpg","datePublished":"2020-11-23T21:35:16+00:00","dateModified":"2020-11-24T13:54:41+00:00","breadcrumb":{"@id":"https:\/\/lospoliticosveracruz.com\/?p=64351#breadcrumb"},"inLanguage":"es","potentialAction":[{"@type":"ReadAction","target":["https:\/\/lospoliticosveracruz.com\/?p=64351"]}]},{"@type":"ImageObject","inLanguage":"es","@id":"https:\/\/lospoliticosveracruz.com\/?p=64351#primaryimage","url":"http:\/\/www.lospoliticosveracruz.com.mx\/wp-content\/uploads\/2020\/07\/CINTILLO-Armando.jpg","contentUrl":"http:\/\/www.lospoliticosveracruz.com.mx\/wp-content\/uploads\/2020\/07\/CINTILLO-Armando.jpg"},{"@type":"BreadcrumbList","@id":"https:\/\/lospoliticosveracruz.com\/?p=64351#breadcrumb","itemListElement":[{"@type":"ListItem","position":1,"name":"Portada","item":"https:\/\/lospoliticosveracruz.com\/"},{"@type":"ListItem","position":2,"name":"Los golpes de la Reforma Electoral"}]},{"@type":"WebSite","@id":"https:\/\/lospoliticosveracruz.com\/#website","url":"https:\/\/lospoliticosveracruz.com\/","name":"Los pol\u00edticos Veracruz","description":"","publisher":{"@id":"https:\/\/lospoliticosveracruz.com\/#organization"},"potentialAction":[{"@type":"SearchAction","target":{"@type":"EntryPoint","urlTemplate":"https:\/\/lospoliticosveracruz.com\/?s={search_term_string}"},"query-input":{"@type":"PropertyValueSpecification","valueRequired":true,"valueName":"search_term_string"}}],"inLanguage":"es"},{"@type":"Organization","@id":"https:\/\/lospoliticosveracruz.com\/#organization","name":"Los pol\u00edticos Veracruz","url":"https:\/\/lospoliticosveracruz.com\/","logo":{"@type":"ImageObject","inLanguage":"es","@id":"https:\/\/lospoliticosveracruz.com\/#\/schema\/logo\/image\/","url":"https:\/\/lospoliticosveracruz.com\/wp-content\/uploads\/2025\/12\/Logo-Nuevo-LOS-POLITICOS-1.jpg","contentUrl":"https:\/\/lospoliticosveracruz.com\/wp-content\/uploads\/2025\/12\/Logo-Nuevo-LOS-POLITICOS-1.jpg","width":260,"height":70,"caption":"Los pol\u00edticos Veracruz"},"image":{"@id":"https:\/\/lospoliticosveracruz.com\/#\/schema\/logo\/image\/"},"sameAs":["https:\/\/www.facebook.com\/people\/Notimemes-de-los-Polticos\/61565672886568\/","https:\/\/x.com\/LosPoliticosVer"]},{"@type":"Person","@id":"https:\/\/lospoliticosveracruz.com\/#\/schema\/person\/b8702bb0e538456e6efd07080bf2a4a2","name":"Lo viste en Los Pol\u00edticos","image":{"@type":"ImageObject","inLanguage":"es","@id":"https:\/\/secure.gravatar.com\/avatar\/3a8de04a2656d44082be478bd6c086daa447c4651605818287b9532d3d0bd435?s=96&d=mm&r=g","url":"https:\/\/secure.gravatar.com\/avatar\/3a8de04a2656d44082be478bd6c086daa447c4651605818287b9532d3d0bd435?s=96&d=mm&r=g","contentUrl":"https:\/\/secure.gravatar.com\/avatar\/3a8de04a2656d44082be478bd6c086daa447c4651605818287b9532d3d0bd435?s=96&d=mm&r=g","caption":"Lo viste en Los Pol\u00edticos"},"url":"https:\/\/lospoliticosveracruz.com\/?author=2"}]}},"_links":{"self":[{"href":"https:\/\/lospoliticosveracruz.com\/index.php?rest_route=\/wp\/v2\/posts\/64351","targetHints":{"allow":["GET"]}}],"collection":[{"href":"https:\/\/lospoliticosveracruz.com\/index.php?rest_route=\/wp\/v2\/posts"}],"about":[{"href":"https:\/\/lospoliticosveracruz.com\/index.php?rest_route=\/wp\/v2\/types\/post"}],"author":[{"embeddable":true,"href":"https:\/\/lospoliticosveracruz.com\/index.php?rest_route=\/wp\/v2\/users\/2"}],"replies":[{"embeddable":true,"href":"https:\/\/lospoliticosveracruz.com\/index.php?rest_route=%2Fwp%2Fv2%2Fcomments&post=64351"}],"version-history":[{"count":2,"href":"https:\/\/lospoliticosveracruz.com\/index.php?rest_route=\/wp\/v2\/posts\/64351\/revisions"}],"predecessor-version":[{"id":64364,"href":"https:\/\/lospoliticosveracruz.com\/index.php?rest_route=\/wp\/v2\/posts\/64351\/revisions\/64364"}],"wp:attachment":[{"href":"https:\/\/lospoliticosveracruz.com\/index.php?rest_route=%2Fwp%2Fv2%2Fmedia&parent=64351"}],"wp:term":[{"taxonomy":"category","embeddable":true,"href":"https:\/\/lospoliticosveracruz.com\/index.php?rest_route=%2Fwp%2Fv2%2Fcategories&post=64351"},{"taxonomy":"post_tag","embeddable":true,"href":"https:\/\/lospoliticosveracruz.com\/index.php?rest_route=%2Fwp%2Fv2%2Ftags&post=64351"}],"curies":[{"name":"wp","href":"https:\/\/api.w.org\/{rel}","templated":true}]}}