{"id":64365,"date":"2020-11-24T08:05:28","date_gmt":"2020-11-24T14:05:28","guid":{"rendered":"http:\/\/www.lospoliticosveracruz.com.mx\/?p=64365"},"modified":"2020-11-24T08:05:28","modified_gmt":"2020-11-24T14:05:28","slug":"habra-consecuencias","status":"publish","type":"post","link":"https:\/\/lospoliticosveracruz.com\/?p=64365","title":{"rendered":"\u00bfHabr\u00e1 consecuencias?"},"content":{"rendered":"<p><strong>Emilio C\u00e1rdenas Escobosa<\/strong><br \/>\n<em>De Inter\u00e9s P\u00fablico<\/em><\/p>\n<p>El fallo de la Suprema Corte de Justicia de la Naci\u00f3n que ech\u00f3 abajo la inopinada y regresiva reforma electoral aprobada en mayo pasado por el Congreso del Estado de Veracruz constituye un severo golpe a la l\u00ednea de flotaci\u00f3n del gobierno de la 4T en la entidad.<br \/>\nLo sit\u00faa en graves complicaciones no solo porque frena de golpe el intento de controlar el proceso electoral en favor de Morena sino que, lo m\u00e1s grave para ellos, cancela el intento de blindar al gobernador para que no se sujete a la consulta popular para la revocaci\u00f3n de mandato.<br \/>\nEl voto un\u00e1nime de ocho ministros de la SCJN que declar\u00f3 la inconstitucionalidad de la reforma al C\u00f3digo Electoral confirma lo que hab\u00eda sido advertido por un gran n\u00famero de especialistas en derecho electoral y combatido por todos los partidos de oposici\u00f3n: no es posible confeccionar leyes a modo bajo el argumento de la supuesta austeridad y eliminar de un plumazo consejos municipales electorales, recortar las prerrogativas de los partidos pol\u00edticos, establecer medios de impugnaci\u00f3n distintos a los que prev\u00e9n las leyes en la materia, suprimir la revocaci\u00f3n de mandato, entre otros aspectos que claramente contraven\u00edan las disposiciones de la Carta Magna.<br \/>\nPero lo m\u00e1s notable es que el pleno de la Suprema Corte declarara la invalidez de la reforma en cuanto a que \u201cno podr\u00e1n ser objeto de consulta popular la permanencia o continuidad en el cargo de los servidores p\u00fablicos de elecci\u00f3n popular\u201d, lo cual, como es evidente, enciende los focos rojos en el Palacio de Gobierno.<br \/>\nCon el argumento esgrimido por el ministro ponente Juan Luis Gonz\u00e1lez Alc\u00e1ntara Carranc\u00e1 al se\u00f1alar que el decreto 576 aprobado por la mayor\u00eda de Morena y sus aliados en el Congreso local es inconstitucional en raz\u00f3n de que existieron violaciones al procedimiento legislativo y por contravenir el concepto de parlamento abierto al no haber consultado a la sociedad en temas que le competen, generando con ello \u201cuna afectaci\u00f3n substancial al principio de democracia deliberativa\u201d, queda de manifiesto que la soberbia y la cerraz\u00f3n son las peores consejeras y que la grave impericia de los asesores jur\u00eddicos y pol\u00edticos que estuvieron tras de la fallida reforma electoral confirma la pobreza de cuadros, tanto en el Poder Ejecutivo como en el Poder Legislativo, que en verdad ayuden al gobernador Cuitl\u00e1huac Garc\u00eda Jim\u00e9nez. Lo exhibieron y de la peor manera.<br \/>\nLos ministros ordenaron que el pr\u00f3ximo proceso deber\u00e1 revisarse por las normas que estaban vigentes previo al decreto invalidado, esto es, que el Consejo General del OPLE deber\u00e1 instalarse de inmediato para dar inicio al proceso electoral local, pues el C\u00f3digo Electoral vigente establece que este \u00f3rgano debi\u00f3 instalarse en la primera decena del mes de noviembre y no en enero como quer\u00edan, adem\u00e1s de que en la organizaci\u00f3n del proceso electoral deber\u00e1n instalarse los consejos electorales municipales que pretend\u00edan desaparecer, y otorgar a los partidos pol\u00edticos las prerrogativas que les fueron recortadas desde el mes de agosto de este a\u00f1o, tal y como orden\u00f3 la Sala Regional del Tribunal Electoral del Poder Judicial de la Federaci\u00f3n apenas el pasado viernes 20 del presente.<br \/>\nUn golpe demoledor que deja de manifiesto que Veracruz no es una isla y que por m\u00e1s que Morena crea que cuenta con patente de corso para conducirse en el Congreso local, el control de la constitucionalidad en nuestro pa\u00eds lo tiene, como sabemos, la Suprema Corte de Justicia de la Naci\u00f3n. Nada menos.<br \/>\nPor ello el argumento planteado en la exposici\u00f3n de motivos de la fallida reforma de que en ella se establec\u00edan \u201clas disposiciones necesarias en la legislaci\u00f3n para mejorar la eficiencia del sistema electoral, mediante la eliminaci\u00f3n de duplicidades en la organizaci\u00f3n y funcionamiento de los entes p\u00fablicos, as\u00ed como el establecimiento de criterios objetivos con los cuales se armoniza los principios que rigen esta materia, teniendo como finalidad el ahorro de recursos econ\u00f3micos sustanciales\u201d, result\u00f3 una falacia, y m\u00e1s si como plante\u00f3 el dirigente estatal del partido local Podemos, Francisco Garrido S\u00e1nchez, ni siquiera se contaba con la cuantificaci\u00f3n del pretendido ahorro en alg\u00fan documento t\u00e9cnico que debi\u00f3 acompa\u00f1ar el dictamen de la malograda reforma cuando se present\u00f3 al pleno del Congreso local para su votaci\u00f3n.<br \/>\nMal para la administraci\u00f3n del gobernador Cuitl\u00e1huac Garc\u00eda y peor para la bancada de Morena y asociados en la LXV Legislatura del Congreso del Estado.<br \/>\n\u00bfD\u00f3nde estaban los asesores legislativos del titular de la Junta de Coordinaci\u00f3n Pol\u00edtica del Congreso o de las comisiones que dictaminaron la propuesta de reforma? \u00bfY los responsables de la Subsecretar\u00eda Jur\u00eddica y de Asuntos Legislativos de la Secretar\u00eda de Gobierno? \u00bfY la Consejer\u00eda Jur\u00eddica del Gobernador? Nadie dijo nada o simple y llanamente no fueron tomados en cuenta por los titulares.<br \/>\nLo dicho: la soberbia es la peor consejera.<br \/>\nYa los dirigentes de los partidos pol\u00edticos de oposici\u00f3n se han apresurado en manifestar su satisfacci\u00f3n ante el fallo y coinciden en que al hacerlo se evidenci\u00f3 el autoritarismo con que se conduce Morena en la entidad y se fren\u00f3 la intentona de \u201cfraude electoral\u201d al echarse abajo una reforma inconstitucional y antidemocr\u00e1tica.<br \/>\n\u00bfEra necesaria la exhibida?<br \/>\n\u00bfHabr\u00e1 jalones de orejas o rodar\u00e1n cabezas ante el fallo de la SCJN que pone en riesgo todo el proyecto de la 4T en Veracruz?<br \/>\nYa lo veremos.<br \/>\nPero lo que es un hecho es que se acredita con creces que la LXV Legislatura del Congreso de Veracruz es la peor en d\u00e9cadas.<\/p>\n<p><a href=\"mailto:jecesco@hotmail.com\"><em><strong>jecesco@hotmail.com<\/strong><\/em><\/a><br \/>\n<em><strong><a href=\"http:\/\/www.deinterespublico.com\/\">www.deinterespublico.com<\/a><\/strong><\/em><\/p>\n","protected":false},"excerpt":{"rendered":"<p>Emilio C\u00e1rdenas Escobosa De Inter\u00e9s P\u00fablico El fallo de la Suprema Corte de Justicia de la Naci\u00f3n que ech\u00f3 abajo la inopinada y regresiva reforma electoral aprobada en mayo pasado por el Congreso del Estado de Veracruz constituye un severo golpe a la l\u00ednea de flotaci\u00f3n del gobierno de la 4T en la entidad. Lo [&hellip;]<\/p>\n","protected":false},"author":2,"featured_media":0,"comment_status":"open","ping_status":"open","sticky":false,"template":"","format":"standard","meta":{"tdm_status":"","tdm_grid_status":"","footnotes":""},"categories":[70],"tags":[17426,1413,1563,1356,23840,13589,11786,1026,21134,3965,195],"class_list":{"0":"post-64365","1":"post","2":"type-post","3":"status-publish","4":"format-standard","6":"category-de-opinion","7":"tag-4t","8":"tag-codigo-electoral","9":"tag-cuitlahuac-garcia-jimenez","10":"tag-francisco-garrido-sanchez","11":"tag-inconstitucional","12":"tag-juan-luis-gonzalez-alcantara-carranca","13":"tag-lxv-legislatura","14":"tag-morena","15":"tag-proceso-electoral-2021","16":"tag-scjn","17":"tag-veracruz"},"yoast_head":"<!-- This site is optimized with the Yoast SEO plugin v27.4 - https:\/\/yoast.com\/product\/yoast-seo-wordpress\/ -->\n<title>\u00bfHabr\u00e1 consecuencias? - Los pol\u00edticos Veracruz<\/title>\n<meta name=\"robots\" content=\"index, follow, max-snippet:-1, max-image-preview:large, max-video-preview:-1\" \/>\n<link rel=\"canonical\" href=\"https:\/\/lospoliticosveracruz.com\/?p=64365\" \/>\n<meta property=\"og:locale\" content=\"es_ES\" \/>\n<meta property=\"og:type\" content=\"article\" \/>\n<meta property=\"og:title\" content=\"\u00bfHabr\u00e1 consecuencias? - Los pol\u00edticos Veracruz\" \/>\n<meta property=\"og:description\" content=\"Emilio C\u00e1rdenas Escobosa De Inter\u00e9s P\u00fablico El fallo de la Suprema Corte de Justicia de la Naci\u00f3n que ech\u00f3 abajo la inopinada y regresiva reforma electoral aprobada en mayo pasado por el Congreso del Estado de Veracruz constituye un severo golpe a la l\u00ednea de flotaci\u00f3n del gobierno de la 4T en la entidad. Lo [&hellip;]\" \/>\n<meta property=\"og:url\" content=\"https:\/\/lospoliticosveracruz.com\/?p=64365\" \/>\n<meta property=\"og:site_name\" content=\"Los pol\u00edticos Veracruz\" \/>\n<meta property=\"article:publisher\" content=\"https:\/\/www.facebook.com\/people\/Notimemes-de-los-Polticos\/61565672886568\/\" \/>\n<meta property=\"article:published_time\" content=\"2020-11-24T14:05:28+00:00\" \/>\n<meta property=\"og:image\" content=\"https:\/\/lospoliticosveracruz.com\/wp-content\/uploads\/2016\/07\/Logo-Dor.jpg\" \/>\n\t<meta property=\"og:image:width\" content=\"200\" \/>\n\t<meta property=\"og:image:height\" content=\"200\" \/>\n\t<meta property=\"og:image:type\" content=\"image\/jpeg\" \/>\n<meta name=\"author\" content=\"Lo viste en Los Pol\u00edticos\" \/>\n<meta name=\"twitter:card\" content=\"summary_large_image\" \/>\n<meta name=\"twitter:creator\" content=\"@LosPoliticosVer\" \/>\n<meta name=\"twitter:site\" content=\"@LosPoliticosVer\" \/>\n<meta name=\"twitter:label1\" content=\"Escrito por\" \/>\n\t<meta name=\"twitter:data1\" content=\"Lo viste en Los Pol\u00edticos\" \/>\n\t<meta name=\"twitter:label2\" content=\"Tiempo de lectura\" \/>\n\t<meta name=\"twitter:data2\" content=\"5 minutos\" \/>\n<script type=\"application\/ld+json\" class=\"yoast-schema-graph\">{\"@context\":\"https:\\\/\\\/schema.org\",\"@graph\":[{\"@type\":\"Article\",\"@id\":\"https:\\\/\\\/lospoliticosveracruz.com\\\/?p=64365#article\",\"isPartOf\":{\"@id\":\"https:\\\/\\\/lospoliticosveracruz.com\\\/?p=64365\"},\"author\":{\"name\":\"Lo viste en Los Pol\u00edticos\",\"@id\":\"https:\\\/\\\/lospoliticosveracruz.com\\\/#\\\/schema\\\/person\\\/b8702bb0e538456e6efd07080bf2a4a2\"},\"headline\":\"\u00bfHabr\u00e1 consecuencias?\",\"datePublished\":\"2020-11-24T14:05:28+00:00\",\"mainEntityOfPage\":{\"@id\":\"https:\\\/\\\/lospoliticosveracruz.com\\\/?p=64365\"},\"wordCount\":994,\"commentCount\":0,\"publisher\":{\"@id\":\"https:\\\/\\\/lospoliticosveracruz.com\\\/#organization\"},\"keywords\":[\"4T\",\"C\u00f3digo Electoral\",\"Cuitl\u00e1huac Garc\u00eda Jim\u00e9nez\",\"Francisco Garrido S\u00e1nchez\",\"Inconstitucional\",\"Juan Luis Gonz\u00e1lez Alc\u00e1ntara Carranc\u00e1\",\"LXV Legislatura\",\"Morena\",\"Proceso electoral 2021\",\"SCJN\",\"Veracruz\"],\"articleSection\":[\"De Opini\u00f3n\"],\"inLanguage\":\"es\",\"potentialAction\":[{\"@type\":\"CommentAction\",\"name\":\"Comment\",\"target\":[\"https:\\\/\\\/lospoliticosveracruz.com\\\/?p=64365#respond\"]}]},{\"@type\":\"WebPage\",\"@id\":\"https:\\\/\\\/lospoliticosveracruz.com\\\/?p=64365\",\"url\":\"https:\\\/\\\/lospoliticosveracruz.com\\\/?p=64365\",\"name\":\"\u00bfHabr\u00e1 consecuencias? - Los pol\u00edticos Veracruz\",\"isPartOf\":{\"@id\":\"https:\\\/\\\/lospoliticosveracruz.com\\\/#website\"},\"datePublished\":\"2020-11-24T14:05:28+00:00\",\"breadcrumb\":{\"@id\":\"https:\\\/\\\/lospoliticosveracruz.com\\\/?p=64365#breadcrumb\"},\"inLanguage\":\"es\",\"potentialAction\":[{\"@type\":\"ReadAction\",\"target\":[\"https:\\\/\\\/lospoliticosveracruz.com\\\/?p=64365\"]}]},{\"@type\":\"BreadcrumbList\",\"@id\":\"https:\\\/\\\/lospoliticosveracruz.com\\\/?p=64365#breadcrumb\",\"itemListElement\":[{\"@type\":\"ListItem\",\"position\":1,\"name\":\"Portada\",\"item\":\"https:\\\/\\\/lospoliticosveracruz.com\\\/\"},{\"@type\":\"ListItem\",\"position\":2,\"name\":\"\u00bfHabr\u00e1 consecuencias?\"}]},{\"@type\":\"WebSite\",\"@id\":\"https:\\\/\\\/lospoliticosveracruz.com\\\/#website\",\"url\":\"https:\\\/\\\/lospoliticosveracruz.com\\\/\",\"name\":\"Los pol\u00edticos Veracruz\",\"description\":\"\",\"publisher\":{\"@id\":\"https:\\\/\\\/lospoliticosveracruz.com\\\/#organization\"},\"potentialAction\":[{\"@type\":\"SearchAction\",\"target\":{\"@type\":\"EntryPoint\",\"urlTemplate\":\"https:\\\/\\\/lospoliticosveracruz.com\\\/?s={search_term_string}\"},\"query-input\":{\"@type\":\"PropertyValueSpecification\",\"valueRequired\":true,\"valueName\":\"search_term_string\"}}],\"inLanguage\":\"es\"},{\"@type\":\"Organization\",\"@id\":\"https:\\\/\\\/lospoliticosveracruz.com\\\/#organization\",\"name\":\"Los pol\u00edticos Veracruz\",\"url\":\"https:\\\/\\\/lospoliticosveracruz.com\\\/\",\"logo\":{\"@type\":\"ImageObject\",\"inLanguage\":\"es\",\"@id\":\"https:\\\/\\\/lospoliticosveracruz.com\\\/#\\\/schema\\\/logo\\\/image\\\/\",\"url\":\"https:\\\/\\\/lospoliticosveracruz.com\\\/wp-content\\\/uploads\\\/2025\\\/12\\\/Logo-Nuevo-LOS-POLITICOS-1.jpg\",\"contentUrl\":\"https:\\\/\\\/lospoliticosveracruz.com\\\/wp-content\\\/uploads\\\/2025\\\/12\\\/Logo-Nuevo-LOS-POLITICOS-1.jpg\",\"width\":260,\"height\":70,\"caption\":\"Los pol\u00edticos Veracruz\"},\"image\":{\"@id\":\"https:\\\/\\\/lospoliticosveracruz.com\\\/#\\\/schema\\\/logo\\\/image\\\/\"},\"sameAs\":[\"https:\\\/\\\/www.facebook.com\\\/people\\\/Notimemes-de-los-Polticos\\\/61565672886568\\\/\",\"https:\\\/\\\/x.com\\\/LosPoliticosVer\"]},{\"@type\":\"Person\",\"@id\":\"https:\\\/\\\/lospoliticosveracruz.com\\\/#\\\/schema\\\/person\\\/b8702bb0e538456e6efd07080bf2a4a2\",\"name\":\"Lo viste en Los Pol\u00edticos\",\"image\":{\"@type\":\"ImageObject\",\"inLanguage\":\"es\",\"@id\":\"https:\\\/\\\/secure.gravatar.com\\\/avatar\\\/3a8de04a2656d44082be478bd6c086daa447c4651605818287b9532d3d0bd435?s=96&d=mm&r=g\",\"url\":\"https:\\\/\\\/secure.gravatar.com\\\/avatar\\\/3a8de04a2656d44082be478bd6c086daa447c4651605818287b9532d3d0bd435?s=96&d=mm&r=g\",\"contentUrl\":\"https:\\\/\\\/secure.gravatar.com\\\/avatar\\\/3a8de04a2656d44082be478bd6c086daa447c4651605818287b9532d3d0bd435?s=96&d=mm&r=g\",\"caption\":\"Lo viste en Los Pol\u00edticos\"},\"url\":\"https:\\\/\\\/lospoliticosveracruz.com\\\/?author=2\"}]}<\/script>\n<!-- \/ Yoast SEO plugin. -->","yoast_head_json":{"title":"\u00bfHabr\u00e1 consecuencias? - Los pol\u00edticos Veracruz","robots":{"index":"index","follow":"follow","max-snippet":"max-snippet:-1","max-image-preview":"max-image-preview:large","max-video-preview":"max-video-preview:-1"},"canonical":"https:\/\/lospoliticosveracruz.com\/?p=64365","og_locale":"es_ES","og_type":"article","og_title":"\u00bfHabr\u00e1 consecuencias? - Los pol\u00edticos Veracruz","og_description":"Emilio C\u00e1rdenas Escobosa De Inter\u00e9s P\u00fablico El fallo de la Suprema Corte de Justicia de la Naci\u00f3n que ech\u00f3 abajo la inopinada y regresiva reforma electoral aprobada en mayo pasado por el Congreso del Estado de Veracruz constituye un severo golpe a la l\u00ednea de flotaci\u00f3n del gobierno de la 4T en la entidad. Lo [&hellip;]","og_url":"https:\/\/lospoliticosveracruz.com\/?p=64365","og_site_name":"Los pol\u00edticos Veracruz","article_publisher":"https:\/\/www.facebook.com\/people\/Notimemes-de-los-Polticos\/61565672886568\/","article_published_time":"2020-11-24T14:05:28+00:00","og_image":[{"width":200,"height":200,"url":"https:\/\/lospoliticosveracruz.com\/wp-content\/uploads\/2016\/07\/Logo-Dor.jpg","type":"image\/jpeg"}],"author":"Lo viste en Los Pol\u00edticos","twitter_card":"summary_large_image","twitter_creator":"@LosPoliticosVer","twitter_site":"@LosPoliticosVer","twitter_misc":{"Escrito por":"Lo viste en Los Pol\u00edticos","Tiempo de lectura":"5 minutos"},"schema":{"@context":"https:\/\/schema.org","@graph":[{"@type":"Article","@id":"https:\/\/lospoliticosveracruz.com\/?p=64365#article","isPartOf":{"@id":"https:\/\/lospoliticosveracruz.com\/?p=64365"},"author":{"name":"Lo viste en Los Pol\u00edticos","@id":"https:\/\/lospoliticosveracruz.com\/#\/schema\/person\/b8702bb0e538456e6efd07080bf2a4a2"},"headline":"\u00bfHabr\u00e1 consecuencias?","datePublished":"2020-11-24T14:05:28+00:00","mainEntityOfPage":{"@id":"https:\/\/lospoliticosveracruz.com\/?p=64365"},"wordCount":994,"commentCount":0,"publisher":{"@id":"https:\/\/lospoliticosveracruz.com\/#organization"},"keywords":["4T","C\u00f3digo Electoral","Cuitl\u00e1huac Garc\u00eda Jim\u00e9nez","Francisco Garrido S\u00e1nchez","Inconstitucional","Juan Luis Gonz\u00e1lez Alc\u00e1ntara Carranc\u00e1","LXV Legislatura","Morena","Proceso electoral 2021","SCJN","Veracruz"],"articleSection":["De Opini\u00f3n"],"inLanguage":"es","potentialAction":[{"@type":"CommentAction","name":"Comment","target":["https:\/\/lospoliticosveracruz.com\/?p=64365#respond"]}]},{"@type":"WebPage","@id":"https:\/\/lospoliticosveracruz.com\/?p=64365","url":"https:\/\/lospoliticosveracruz.com\/?p=64365","name":"\u00bfHabr\u00e1 consecuencias? - Los pol\u00edticos Veracruz","isPartOf":{"@id":"https:\/\/lospoliticosveracruz.com\/#website"},"datePublished":"2020-11-24T14:05:28+00:00","breadcrumb":{"@id":"https:\/\/lospoliticosveracruz.com\/?p=64365#breadcrumb"},"inLanguage":"es","potentialAction":[{"@type":"ReadAction","target":["https:\/\/lospoliticosveracruz.com\/?p=64365"]}]},{"@type":"BreadcrumbList","@id":"https:\/\/lospoliticosveracruz.com\/?p=64365#breadcrumb","itemListElement":[{"@type":"ListItem","position":1,"name":"Portada","item":"https:\/\/lospoliticosveracruz.com\/"},{"@type":"ListItem","position":2,"name":"\u00bfHabr\u00e1 consecuencias?"}]},{"@type":"WebSite","@id":"https:\/\/lospoliticosveracruz.com\/#website","url":"https:\/\/lospoliticosveracruz.com\/","name":"Los pol\u00edticos Veracruz","description":"","publisher":{"@id":"https:\/\/lospoliticosveracruz.com\/#organization"},"potentialAction":[{"@type":"SearchAction","target":{"@type":"EntryPoint","urlTemplate":"https:\/\/lospoliticosveracruz.com\/?s={search_term_string}"},"query-input":{"@type":"PropertyValueSpecification","valueRequired":true,"valueName":"search_term_string"}}],"inLanguage":"es"},{"@type":"Organization","@id":"https:\/\/lospoliticosveracruz.com\/#organization","name":"Los pol\u00edticos Veracruz","url":"https:\/\/lospoliticosveracruz.com\/","logo":{"@type":"ImageObject","inLanguage":"es","@id":"https:\/\/lospoliticosveracruz.com\/#\/schema\/logo\/image\/","url":"https:\/\/lospoliticosveracruz.com\/wp-content\/uploads\/2025\/12\/Logo-Nuevo-LOS-POLITICOS-1.jpg","contentUrl":"https:\/\/lospoliticosveracruz.com\/wp-content\/uploads\/2025\/12\/Logo-Nuevo-LOS-POLITICOS-1.jpg","width":260,"height":70,"caption":"Los pol\u00edticos Veracruz"},"image":{"@id":"https:\/\/lospoliticosveracruz.com\/#\/schema\/logo\/image\/"},"sameAs":["https:\/\/www.facebook.com\/people\/Notimemes-de-los-Polticos\/61565672886568\/","https:\/\/x.com\/LosPoliticosVer"]},{"@type":"Person","@id":"https:\/\/lospoliticosveracruz.com\/#\/schema\/person\/b8702bb0e538456e6efd07080bf2a4a2","name":"Lo viste en Los Pol\u00edticos","image":{"@type":"ImageObject","inLanguage":"es","@id":"https:\/\/secure.gravatar.com\/avatar\/3a8de04a2656d44082be478bd6c086daa447c4651605818287b9532d3d0bd435?s=96&d=mm&r=g","url":"https:\/\/secure.gravatar.com\/avatar\/3a8de04a2656d44082be478bd6c086daa447c4651605818287b9532d3d0bd435?s=96&d=mm&r=g","contentUrl":"https:\/\/secure.gravatar.com\/avatar\/3a8de04a2656d44082be478bd6c086daa447c4651605818287b9532d3d0bd435?s=96&d=mm&r=g","caption":"Lo viste en Los Pol\u00edticos"},"url":"https:\/\/lospoliticosveracruz.com\/?author=2"}]}},"_links":{"self":[{"href":"https:\/\/lospoliticosveracruz.com\/index.php?rest_route=\/wp\/v2\/posts\/64365","targetHints":{"allow":["GET"]}}],"collection":[{"href":"https:\/\/lospoliticosveracruz.com\/index.php?rest_route=\/wp\/v2\/posts"}],"about":[{"href":"https:\/\/lospoliticosveracruz.com\/index.php?rest_route=\/wp\/v2\/types\/post"}],"author":[{"embeddable":true,"href":"https:\/\/lospoliticosveracruz.com\/index.php?rest_route=\/wp\/v2\/users\/2"}],"replies":[{"embeddable":true,"href":"https:\/\/lospoliticosveracruz.com\/index.php?rest_route=%2Fwp%2Fv2%2Fcomments&post=64365"}],"version-history":[{"count":1,"href":"https:\/\/lospoliticosveracruz.com\/index.php?rest_route=\/wp\/v2\/posts\/64365\/revisions"}],"predecessor-version":[{"id":64367,"href":"https:\/\/lospoliticosveracruz.com\/index.php?rest_route=\/wp\/v2\/posts\/64365\/revisions\/64367"}],"wp:attachment":[{"href":"https:\/\/lospoliticosveracruz.com\/index.php?rest_route=%2Fwp%2Fv2%2Fmedia&parent=64365"}],"wp:term":[{"taxonomy":"category","embeddable":true,"href":"https:\/\/lospoliticosveracruz.com\/index.php?rest_route=%2Fwp%2Fv2%2Fcategories&post=64365"},{"taxonomy":"post_tag","embeddable":true,"href":"https:\/\/lospoliticosveracruz.com\/index.php?rest_route=%2Fwp%2Fv2%2Ftags&post=64365"}],"curies":[{"name":"wp","href":"https:\/\/api.w.org\/{rel}","templated":true}]}}