{"id":64372,"date":"2020-11-24T08:38:55","date_gmt":"2020-11-24T14:38:55","guid":{"rendered":"http:\/\/www.lospoliticosveracruz.com.mx\/?p=64372"},"modified":"2020-11-24T08:38:55","modified_gmt":"2020-11-24T14:38:55","slug":"tremendo-madrazo-a-morena","status":"publish","type":"post","link":"https:\/\/lospoliticosveracruz.com\/?p=64372","title":{"rendered":"Tremendo \u201cmadrazo\u201d a Morena"},"content":{"rendered":"<p><strong>Eduardo Venegas Naranjo<\/strong><\/p>\n<p><em>Aqu\u00ed Entre Nos&#8230;<\/em><\/p>\n<p>&nbsp;<\/p>\n<p>Ayer el gobierno de Morena en el estado de Veracruz recibi\u00f3 un verdadero golpe. La Suprema Corte de Justicia de la Naci\u00f3n, declar\u00f3 la inconstitucionalidad el Decreto 576 sobre la Reforma Electoral que hab\u00eda aprobado el Congreso de Veracruz, mediante el cual buscaban disminuir un 50% en las prerrogativas de los partidos pol\u00edticos.<br \/>\nEsta decisi\u00f3n fue celebrada por los l\u00edderes de todos los partidos de oposici\u00f3n a nivel estado y es un claro \u201cmadrazo\u201d al gobierno de Cuitl\u00e1huac Garc\u00eda Jim\u00e9nez quien carece de liderazgo y presencia pol\u00edtica, el mandatario se la pasa cometiendo animalada tras animalada; hace unos d\u00edas dijo en p\u00fablico que \u201cah\u00ed esta el tren que va por v\u00eda a\u00e9rea de la Ciudad de M\u00e9xico a Toluca\u201d, as\u00ed es el grado de estupideces que dice el se\u00f1or gobernador, quien tiene a la entidad hundida, en inseguridad, falta de medicamentos en hospitales de gobierno, carreteras en p\u00e9simo estado y secuestros son parte de lo que d\u00eda a d\u00eda viven los ciudadanos.<br \/>\nHoy el rev\u00e9s fue directo, y por violar el Proceso Legislativo, con 8 votos a favor la SCJN declar\u00f3 la Inconstitucionalidad de la llamada \u201cReforma Electoral\u201d, la cual fue aprobada por los Diputados de Morena y sus aliados.<br \/>\nQuedo claro que Morena no hace su voluntad a\u00fan hay respeto a las instituciones en este pa\u00eds, hoy la oposici\u00f3n le gan\u00f3 a la Cuarta Transformaci\u00f3n.<\/p>\n<p><em><strong>-Raul Hermida cerrar\u00e1 extraordinariamente el 2020<\/strong><\/em><\/p>\n<p>En otro orden de ideas, en la Cuenca del Papaloapan hay buenos alcaldes que tienen liderazgo y buen trabajo, Ra\u00fal Hermida Salto uno de ellos, quien a diario camina y realiza acciones.<br \/>\nEl edil cosamaloape\u00f1o lleva cerca de 40 domos inaugurados, una gran inversi\u00f3n al rubro de educaci\u00f3n, Ra\u00fal es de alianzas es un hombre que sabe gobernar pero en especial atender a las ciudadan\u00eda, su informe ser\u00e1 virtual el pr\u00f3ximo mes de diciembre a trav\u00e9s de medios electr\u00f3nicos y redes sociales el alcalde dar\u00e1 a conocer todo lo realizado en el 2020, este a\u00f1o por la pandemia de COVID19 el formato del informe de gobierno cambia para evitar aglomeraciones. A Hermida Salto en el DIF lo acompa\u00f1a su esposa Liz Moreno Azamar, movida y como cualquier mujer cuenque\u00f1a alegre, en el sistema DIF ha dado resultados, es ejemplo y sabe llegar a los m\u00e1s necesitados, tiene el respaldo de un gran equipo de colaboradores.<br \/>\nLiz es amiga, sensible sabe que su cargo es la parte noble y altruista.<\/p>\n<p><em><strong>-Fredy el orgullo de Nuevo Ixcatlan<\/strong><\/em><\/p>\n<p>El pol\u00edtico Fredy Marcos Valor es originario de la localidad de Nuevo Ixcatl\u00e1n, en el municipio de Playa Vicente en los l\u00edmites con el estado de Oaxaca<br \/>\nMarcos Valor es conocido por todos sus paisanos, siendo un adolescente se mud\u00f3 a la ciudad de Xalapa a estudiar leyes en la Universidad Veracruzana, se prepar\u00f3 y ha sido un destacado perredista que en su momento fue representante de la izquierda veracruzana en el \u00d3rgano Local Electoral.<br \/>\nFredy es aliado de su gente, amante de las tradiciones de su pueblo, es un hombre orgulloso de sus ra\u00edces, hemos tenido la oportunidad de coincidir con \u00e9l en m\u00faltiples ocasiones, ya nos invito a su pueblo, claro que iremos a probar de esa rica gastronom\u00eda.<br \/>\nFredy Marcos, sin duda seguir\u00e1 dejando huella y caminar\u00e1 hasta lograr hacer detonar a su regi\u00f3n.<br \/>\nDurante la pandemia ha sido generoso entregando apoyos alimenticios y kits protectores a diversos sectores, sobretodo a los m\u00e1s expuestos, con los lemas \u201cla ayuda es ahora no en campa\u00f1a\u201d y \u201chasta que la solidaridad se haga costumbre\u201d Fredy ha recorrido su regi\u00f3n saludando a su gente y regres\u00e1ndole un poco de lo que la vida le ha dado.<\/p>\n<p>lalo_tlaco@hotmail.com<br \/>\n@lalo2808<\/p>\n","protected":false},"excerpt":{"rendered":"<p>Eduardo Venegas Naranjo Aqu\u00ed Entre Nos&#8230; &nbsp; Ayer el gobierno de Morena en el estado de Veracruz recibi\u00f3 un verdadero golpe. La Suprema Corte de Justicia de la Naci\u00f3n, declar\u00f3 la inconstitucionalidad el Decreto 576 sobre la Reforma Electoral que hab\u00eda aprobado el Congreso de Veracruz, mediante el cual buscaban disminuir un 50% en las [&hellip;]<\/p>\n","protected":false},"author":2,"featured_media":0,"comment_status":"open","ping_status":"open","sticky":false,"template":"","format":"standard","meta":{"tdm_status":"","tdm_grid_status":"","footnotes":""},"categories":[70],"tags":[17426,393,1563,9196,23844,1026,12583,1414,6361,195,96],"class_list":{"0":"post-64372","1":"post","2":"type-post","3":"status-publish","4":"format-standard","6":"category-de-opinion","7":"tag-4t","8":"tag-congreso-de-veracruz","9":"tag-cuitlahuac-garcia-jimenez","10":"tag-fredy-marcos-valor","11":"tag-liz-moreno-azamar","12":"tag-morena","13":"tag-raul-hermida-salto","14":"tag-reforma-electoral","15":"tag-suprema-corte-de-justicia-de-la-nacion","16":"tag-veracruz","17":"tag-xalapa"},"yoast_head":"<!-- This site is optimized with the Yoast SEO plugin v27.4 - https:\/\/yoast.com\/product\/yoast-seo-wordpress\/ -->\n<title>Tremendo \u201cmadrazo\u201d a Morena - Los pol\u00edticos Veracruz<\/title>\n<meta name=\"robots\" content=\"index, follow, max-snippet:-1, max-image-preview:large, max-video-preview:-1\" \/>\n<link rel=\"canonical\" href=\"https:\/\/lospoliticosveracruz.com\/?p=64372\" \/>\n<meta property=\"og:locale\" content=\"es_ES\" \/>\n<meta property=\"og:type\" content=\"article\" \/>\n<meta property=\"og:title\" content=\"Tremendo \u201cmadrazo\u201d a Morena - Los pol\u00edticos Veracruz\" \/>\n<meta property=\"og:description\" content=\"Eduardo Venegas Naranjo Aqu\u00ed Entre Nos&#8230; &nbsp; Ayer el gobierno de Morena en el estado de Veracruz recibi\u00f3 un verdadero golpe. La Suprema Corte de Justicia de la Naci\u00f3n, declar\u00f3 la inconstitucionalidad el Decreto 576 sobre la Reforma Electoral que hab\u00eda aprobado el Congreso de Veracruz, mediante el cual buscaban disminuir un 50% en las [&hellip;]\" \/>\n<meta property=\"og:url\" content=\"https:\/\/lospoliticosveracruz.com\/?p=64372\" \/>\n<meta property=\"og:site_name\" content=\"Los pol\u00edticos Veracruz\" \/>\n<meta property=\"article:publisher\" content=\"https:\/\/www.facebook.com\/people\/Notimemes-de-los-Polticos\/61565672886568\/\" \/>\n<meta property=\"article:published_time\" content=\"2020-11-24T14:38:55+00:00\" \/>\n<meta property=\"og:image\" content=\"https:\/\/lospoliticosveracruz.com\/wp-content\/uploads\/2016\/07\/Logo-Dor.jpg\" \/>\n\t<meta property=\"og:image:width\" content=\"200\" \/>\n\t<meta property=\"og:image:height\" content=\"200\" \/>\n\t<meta property=\"og:image:type\" content=\"image\/jpeg\" \/>\n<meta name=\"author\" content=\"Lo viste en Los Pol\u00edticos\" \/>\n<meta name=\"twitter:card\" content=\"summary_large_image\" \/>\n<meta name=\"twitter:creator\" content=\"@LosPoliticosVer\" \/>\n<meta name=\"twitter:site\" content=\"@LosPoliticosVer\" \/>\n<meta name=\"twitter:label1\" content=\"Escrito por\" \/>\n\t<meta name=\"twitter:data1\" content=\"Lo viste en Los Pol\u00edticos\" \/>\n\t<meta name=\"twitter:label2\" content=\"Tiempo de lectura\" \/>\n\t<meta name=\"twitter:data2\" content=\"3 minutos\" \/>\n<script type=\"application\/ld+json\" class=\"yoast-schema-graph\">{\"@context\":\"https:\\\/\\\/schema.org\",\"@graph\":[{\"@type\":\"Article\",\"@id\":\"https:\\\/\\\/lospoliticosveracruz.com\\\/?p=64372#article\",\"isPartOf\":{\"@id\":\"https:\\\/\\\/lospoliticosveracruz.com\\\/?p=64372\"},\"author\":{\"name\":\"Lo viste en Los Pol\u00edticos\",\"@id\":\"https:\\\/\\\/lospoliticosveracruz.com\\\/#\\\/schema\\\/person\\\/b8702bb0e538456e6efd07080bf2a4a2\"},\"headline\":\"Tremendo \u201cmadrazo\u201d a Morena\",\"datePublished\":\"2020-11-24T14:38:55+00:00\",\"mainEntityOfPage\":{\"@id\":\"https:\\\/\\\/lospoliticosveracruz.com\\\/?p=64372\"},\"wordCount\":661,\"commentCount\":0,\"publisher\":{\"@id\":\"https:\\\/\\\/lospoliticosveracruz.com\\\/#organization\"},\"keywords\":[\"4T\",\"Congreso de Veracruz\",\"Cuitl\u00e1huac Garc\u00eda Jim\u00e9nez\",\"Fredy Marcos Valor\",\"Liz Moreno Azamar\",\"Morena\",\"Ra\u00fal Hermida Salto\",\"reforma electoral\",\"Suprema Corte de Justicia de la Naci\u00f3n\",\"Veracruz\",\"Xalapa\"],\"articleSection\":[\"De Opini\u00f3n\"],\"inLanguage\":\"es\",\"potentialAction\":[{\"@type\":\"CommentAction\",\"name\":\"Comment\",\"target\":[\"https:\\\/\\\/lospoliticosveracruz.com\\\/?p=64372#respond\"]}]},{\"@type\":\"WebPage\",\"@id\":\"https:\\\/\\\/lospoliticosveracruz.com\\\/?p=64372\",\"url\":\"https:\\\/\\\/lospoliticosveracruz.com\\\/?p=64372\",\"name\":\"Tremendo \u201cmadrazo\u201d a Morena - Los pol\u00edticos Veracruz\",\"isPartOf\":{\"@id\":\"https:\\\/\\\/lospoliticosveracruz.com\\\/#website\"},\"datePublished\":\"2020-11-24T14:38:55+00:00\",\"breadcrumb\":{\"@id\":\"https:\\\/\\\/lospoliticosveracruz.com\\\/?p=64372#breadcrumb\"},\"inLanguage\":\"es\",\"potentialAction\":[{\"@type\":\"ReadAction\",\"target\":[\"https:\\\/\\\/lospoliticosveracruz.com\\\/?p=64372\"]}]},{\"@type\":\"BreadcrumbList\",\"@id\":\"https:\\\/\\\/lospoliticosveracruz.com\\\/?p=64372#breadcrumb\",\"itemListElement\":[{\"@type\":\"ListItem\",\"position\":1,\"name\":\"Portada\",\"item\":\"https:\\\/\\\/lospoliticosveracruz.com\\\/\"},{\"@type\":\"ListItem\",\"position\":2,\"name\":\"Tremendo \u201cmadrazo\u201d a Morena\"}]},{\"@type\":\"WebSite\",\"@id\":\"https:\\\/\\\/lospoliticosveracruz.com\\\/#website\",\"url\":\"https:\\\/\\\/lospoliticosveracruz.com\\\/\",\"name\":\"Los pol\u00edticos Veracruz\",\"description\":\"\",\"publisher\":{\"@id\":\"https:\\\/\\\/lospoliticosveracruz.com\\\/#organization\"},\"potentialAction\":[{\"@type\":\"SearchAction\",\"target\":{\"@type\":\"EntryPoint\",\"urlTemplate\":\"https:\\\/\\\/lospoliticosveracruz.com\\\/?s={search_term_string}\"},\"query-input\":{\"@type\":\"PropertyValueSpecification\",\"valueRequired\":true,\"valueName\":\"search_term_string\"}}],\"inLanguage\":\"es\"},{\"@type\":\"Organization\",\"@id\":\"https:\\\/\\\/lospoliticosveracruz.com\\\/#organization\",\"name\":\"Los pol\u00edticos Veracruz\",\"url\":\"https:\\\/\\\/lospoliticosveracruz.com\\\/\",\"logo\":{\"@type\":\"ImageObject\",\"inLanguage\":\"es\",\"@id\":\"https:\\\/\\\/lospoliticosveracruz.com\\\/#\\\/schema\\\/logo\\\/image\\\/\",\"url\":\"https:\\\/\\\/lospoliticosveracruz.com\\\/wp-content\\\/uploads\\\/2025\\\/12\\\/Logo-Nuevo-LOS-POLITICOS-1.jpg\",\"contentUrl\":\"https:\\\/\\\/lospoliticosveracruz.com\\\/wp-content\\\/uploads\\\/2025\\\/12\\\/Logo-Nuevo-LOS-POLITICOS-1.jpg\",\"width\":260,\"height\":70,\"caption\":\"Los pol\u00edticos Veracruz\"},\"image\":{\"@id\":\"https:\\\/\\\/lospoliticosveracruz.com\\\/#\\\/schema\\\/logo\\\/image\\\/\"},\"sameAs\":[\"https:\\\/\\\/www.facebook.com\\\/people\\\/Notimemes-de-los-Polticos\\\/61565672886568\\\/\",\"https:\\\/\\\/x.com\\\/LosPoliticosVer\"]},{\"@type\":\"Person\",\"@id\":\"https:\\\/\\\/lospoliticosveracruz.com\\\/#\\\/schema\\\/person\\\/b8702bb0e538456e6efd07080bf2a4a2\",\"name\":\"Lo viste en Los Pol\u00edticos\",\"image\":{\"@type\":\"ImageObject\",\"inLanguage\":\"es\",\"@id\":\"https:\\\/\\\/secure.gravatar.com\\\/avatar\\\/3a8de04a2656d44082be478bd6c086daa447c4651605818287b9532d3d0bd435?s=96&d=mm&r=g\",\"url\":\"https:\\\/\\\/secure.gravatar.com\\\/avatar\\\/3a8de04a2656d44082be478bd6c086daa447c4651605818287b9532d3d0bd435?s=96&d=mm&r=g\",\"contentUrl\":\"https:\\\/\\\/secure.gravatar.com\\\/avatar\\\/3a8de04a2656d44082be478bd6c086daa447c4651605818287b9532d3d0bd435?s=96&d=mm&r=g\",\"caption\":\"Lo viste en Los Pol\u00edticos\"},\"url\":\"https:\\\/\\\/lospoliticosveracruz.com\\\/?author=2\"}]}<\/script>\n<!-- \/ Yoast SEO plugin. -->","yoast_head_json":{"title":"Tremendo \u201cmadrazo\u201d a Morena - Los pol\u00edticos Veracruz","robots":{"index":"index","follow":"follow","max-snippet":"max-snippet:-1","max-image-preview":"max-image-preview:large","max-video-preview":"max-video-preview:-1"},"canonical":"https:\/\/lospoliticosveracruz.com\/?p=64372","og_locale":"es_ES","og_type":"article","og_title":"Tremendo \u201cmadrazo\u201d a Morena - Los pol\u00edticos Veracruz","og_description":"Eduardo Venegas Naranjo Aqu\u00ed Entre Nos&#8230; &nbsp; Ayer el gobierno de Morena en el estado de Veracruz recibi\u00f3 un verdadero golpe. La Suprema Corte de Justicia de la Naci\u00f3n, declar\u00f3 la inconstitucionalidad el Decreto 576 sobre la Reforma Electoral que hab\u00eda aprobado el Congreso de Veracruz, mediante el cual buscaban disminuir un 50% en las [&hellip;]","og_url":"https:\/\/lospoliticosveracruz.com\/?p=64372","og_site_name":"Los pol\u00edticos Veracruz","article_publisher":"https:\/\/www.facebook.com\/people\/Notimemes-de-los-Polticos\/61565672886568\/","article_published_time":"2020-11-24T14:38:55+00:00","og_image":[{"width":200,"height":200,"url":"https:\/\/lospoliticosveracruz.com\/wp-content\/uploads\/2016\/07\/Logo-Dor.jpg","type":"image\/jpeg"}],"author":"Lo viste en Los Pol\u00edticos","twitter_card":"summary_large_image","twitter_creator":"@LosPoliticosVer","twitter_site":"@LosPoliticosVer","twitter_misc":{"Escrito por":"Lo viste en Los Pol\u00edticos","Tiempo de lectura":"3 minutos"},"schema":{"@context":"https:\/\/schema.org","@graph":[{"@type":"Article","@id":"https:\/\/lospoliticosveracruz.com\/?p=64372#article","isPartOf":{"@id":"https:\/\/lospoliticosveracruz.com\/?p=64372"},"author":{"name":"Lo viste en Los Pol\u00edticos","@id":"https:\/\/lospoliticosveracruz.com\/#\/schema\/person\/b8702bb0e538456e6efd07080bf2a4a2"},"headline":"Tremendo \u201cmadrazo\u201d a Morena","datePublished":"2020-11-24T14:38:55+00:00","mainEntityOfPage":{"@id":"https:\/\/lospoliticosveracruz.com\/?p=64372"},"wordCount":661,"commentCount":0,"publisher":{"@id":"https:\/\/lospoliticosveracruz.com\/#organization"},"keywords":["4T","Congreso de Veracruz","Cuitl\u00e1huac Garc\u00eda Jim\u00e9nez","Fredy Marcos Valor","Liz Moreno Azamar","Morena","Ra\u00fal Hermida Salto","reforma electoral","Suprema Corte de Justicia de la Naci\u00f3n","Veracruz","Xalapa"],"articleSection":["De Opini\u00f3n"],"inLanguage":"es","potentialAction":[{"@type":"CommentAction","name":"Comment","target":["https:\/\/lospoliticosveracruz.com\/?p=64372#respond"]}]},{"@type":"WebPage","@id":"https:\/\/lospoliticosveracruz.com\/?p=64372","url":"https:\/\/lospoliticosveracruz.com\/?p=64372","name":"Tremendo \u201cmadrazo\u201d a Morena - Los pol\u00edticos Veracruz","isPartOf":{"@id":"https:\/\/lospoliticosveracruz.com\/#website"},"datePublished":"2020-11-24T14:38:55+00:00","breadcrumb":{"@id":"https:\/\/lospoliticosveracruz.com\/?p=64372#breadcrumb"},"inLanguage":"es","potentialAction":[{"@type":"ReadAction","target":["https:\/\/lospoliticosveracruz.com\/?p=64372"]}]},{"@type":"BreadcrumbList","@id":"https:\/\/lospoliticosveracruz.com\/?p=64372#breadcrumb","itemListElement":[{"@type":"ListItem","position":1,"name":"Portada","item":"https:\/\/lospoliticosveracruz.com\/"},{"@type":"ListItem","position":2,"name":"Tremendo \u201cmadrazo\u201d a Morena"}]},{"@type":"WebSite","@id":"https:\/\/lospoliticosveracruz.com\/#website","url":"https:\/\/lospoliticosveracruz.com\/","name":"Los pol\u00edticos Veracruz","description":"","publisher":{"@id":"https:\/\/lospoliticosveracruz.com\/#organization"},"potentialAction":[{"@type":"SearchAction","target":{"@type":"EntryPoint","urlTemplate":"https:\/\/lospoliticosveracruz.com\/?s={search_term_string}"},"query-input":{"@type":"PropertyValueSpecification","valueRequired":true,"valueName":"search_term_string"}}],"inLanguage":"es"},{"@type":"Organization","@id":"https:\/\/lospoliticosveracruz.com\/#organization","name":"Los pol\u00edticos Veracruz","url":"https:\/\/lospoliticosveracruz.com\/","logo":{"@type":"ImageObject","inLanguage":"es","@id":"https:\/\/lospoliticosveracruz.com\/#\/schema\/logo\/image\/","url":"https:\/\/lospoliticosveracruz.com\/wp-content\/uploads\/2025\/12\/Logo-Nuevo-LOS-POLITICOS-1.jpg","contentUrl":"https:\/\/lospoliticosveracruz.com\/wp-content\/uploads\/2025\/12\/Logo-Nuevo-LOS-POLITICOS-1.jpg","width":260,"height":70,"caption":"Los pol\u00edticos Veracruz"},"image":{"@id":"https:\/\/lospoliticosveracruz.com\/#\/schema\/logo\/image\/"},"sameAs":["https:\/\/www.facebook.com\/people\/Notimemes-de-los-Polticos\/61565672886568\/","https:\/\/x.com\/LosPoliticosVer"]},{"@type":"Person","@id":"https:\/\/lospoliticosveracruz.com\/#\/schema\/person\/b8702bb0e538456e6efd07080bf2a4a2","name":"Lo viste en Los Pol\u00edticos","image":{"@type":"ImageObject","inLanguage":"es","@id":"https:\/\/secure.gravatar.com\/avatar\/3a8de04a2656d44082be478bd6c086daa447c4651605818287b9532d3d0bd435?s=96&d=mm&r=g","url":"https:\/\/secure.gravatar.com\/avatar\/3a8de04a2656d44082be478bd6c086daa447c4651605818287b9532d3d0bd435?s=96&d=mm&r=g","contentUrl":"https:\/\/secure.gravatar.com\/avatar\/3a8de04a2656d44082be478bd6c086daa447c4651605818287b9532d3d0bd435?s=96&d=mm&r=g","caption":"Lo viste en Los Pol\u00edticos"},"url":"https:\/\/lospoliticosveracruz.com\/?author=2"}]}},"_links":{"self":[{"href":"https:\/\/lospoliticosveracruz.com\/index.php?rest_route=\/wp\/v2\/posts\/64372","targetHints":{"allow":["GET"]}}],"collection":[{"href":"https:\/\/lospoliticosveracruz.com\/index.php?rest_route=\/wp\/v2\/posts"}],"about":[{"href":"https:\/\/lospoliticosveracruz.com\/index.php?rest_route=\/wp\/v2\/types\/post"}],"author":[{"embeddable":true,"href":"https:\/\/lospoliticosveracruz.com\/index.php?rest_route=\/wp\/v2\/users\/2"}],"replies":[{"embeddable":true,"href":"https:\/\/lospoliticosveracruz.com\/index.php?rest_route=%2Fwp%2Fv2%2Fcomments&post=64372"}],"version-history":[{"count":1,"href":"https:\/\/lospoliticosveracruz.com\/index.php?rest_route=\/wp\/v2\/posts\/64372\/revisions"}],"predecessor-version":[{"id":64374,"href":"https:\/\/lospoliticosveracruz.com\/index.php?rest_route=\/wp\/v2\/posts\/64372\/revisions\/64374"}],"wp:attachment":[{"href":"https:\/\/lospoliticosveracruz.com\/index.php?rest_route=%2Fwp%2Fv2%2Fmedia&parent=64372"}],"wp:term":[{"taxonomy":"category","embeddable":true,"href":"https:\/\/lospoliticosveracruz.com\/index.php?rest_route=%2Fwp%2Fv2%2Fcategories&post=64372"},{"taxonomy":"post_tag","embeddable":true,"href":"https:\/\/lospoliticosveracruz.com\/index.php?rest_route=%2Fwp%2Fv2%2Ftags&post=64372"}],"curies":[{"name":"wp","href":"https:\/\/api.w.org\/{rel}","templated":true}]}}