{"id":64429,"date":"2020-11-24T20:26:47","date_gmt":"2020-11-25T02:26:47","guid":{"rendered":"http:\/\/www.lospoliticosveracruz.com.mx\/?p=64429"},"modified":"2020-11-24T20:26:47","modified_gmt":"2020-11-25T02:26:47","slug":"sin-intermediarios-ni-moches","status":"publish","type":"post","link":"https:\/\/lospoliticosveracruz.com\/?p=64429","title":{"rendered":"Sin intermediarios ni moches"},"content":{"rendered":"<p>&nbsp;<\/p>\n<p>Pr\u00e1cticamente al cierre del 2020, el Programa de apoyo a los peque\u00f1os productores y agricultores \u201cProducci\u00f3n para el Bienestar\u201d supera los 150 mil beneficiarios en la entidad veracruzana, revel\u00f3 el Delegado de los Programas para el Desarrollo en Veracruz, Manuel Huerta Ladr\u00f3n de Guevara, quien expone que gracias a estas acciones se cuenta con productos de primera necesidad como el ma\u00edz, frijol, caf\u00e9, arroz y ca\u00f1a de az\u00facar de la mejor calidad y se mejora el nivel de vida de los campesinos.<br \/>\nDurante la reuni\u00f3n con beneficiarios en Papantla, expuso que a diferencia de lo que ocurr\u00eda en gobiernos anteriores donde los Programas Sociales, los apoyos para el campo y los proyectos productivos, se quedaban en manos de intermediarios, de l\u00edderes sociales y de los organizaciones campesinas. \u201cHoy en d\u00eda las entregas son directas a los productores, a los campesinos, sin moches, sin desv\u00edos de recursos, sin acaparadores. La orden del Presidente de la Rep\u00fablica, Andr\u00e9s Manuel L\u00f3pez Obrador, es apoyar a los pobres, a los que m\u00e1s lo necesitan y aqu\u00ed en Veracruz estamos cumpliendo\u201d, subray\u00f3.<br \/>\nEl Delegado Federal hizo entrega en la comunidad de El Arenal, del municipio de Papantla, las tarjetas bancarias en las cuales se depositar\u00e1 a los beneficiarios los apoyos econ\u00f3micos del programa \u201cProducci\u00f3n para el Bienestar\u201d y los pagos del Precio de Garant\u00eda, a quienes se incorporan con SEGALMEX. Este acuerdo es para vender sus cosechas a un precio mayor al que se oferta en el mercado.<br \/>\n\u201cLa producci\u00f3n de ma\u00edz se les paga a 5 mil 610 pesos por tonelada m\u00e1s 150 pesos de arrastre, y s\u00f3lo se les pide que cubran las normas que SEGALMEX pide sobre todo del secado, y as\u00ed podremos contar con ma\u00edz de alta calidad, ma\u00edz blanco, ma\u00edz bueno, sin transg\u00e9nicos, que hace bien para la salud y lo mismo ocurre con el frijol, por ejemplo, el que se produce en Jamapa, frijol bueno, sin gorgojos, productos que SEGALMEX vende en sus tiendas a las familias a precios muy por debajo de lo que existe en el mercado\u201d, detall\u00f3 Huerta Ladr\u00f3n de Guevara.<br \/>\nComent\u00f3 que el programa Producci\u00f3n para el Bienestar apoya a los que menos tienen y puso como ejemplo a los beneficiarios de Papantla, donde la mayor\u00eda de los inscritos en el padr\u00f3n son campesinos de Coxquihui, \u201cde los mil 400 productores incluidos en el padr\u00f3n, 800 son de Coxquihui y el resto son de Papantla y Vega de Alatorre y entre menos hect\u00e1reas tienen m\u00e1s apoyo les llega\u201d apunt\u00f3.<br \/>\nManuel Huerta supervis\u00f3 adem\u00e1s la entrega de las tarjetas a los beneficiarios del programa para que se agilice as\u00ed la dispersi\u00f3n de los apoyos y la comercializaci\u00f3n de sus productos.<\/p>\n","protected":false},"excerpt":{"rendered":"<p>&nbsp; Pr\u00e1cticamente al cierre del 2020, el Programa de apoyo a los peque\u00f1os productores y agricultores \u201cProducci\u00f3n para el Bienestar\u201d supera los 150 mil beneficiarios en la entidad veracruzana, revel\u00f3 el Delegado de los Programas para el Desarrollo en Veracruz, Manuel Huerta Ladr\u00f3n de Guevara, quien expone que gracias a estas acciones se cuenta con [&hellip;]<\/p>\n","protected":false},"author":2,"featured_media":0,"comment_status":"open","ping_status":"open","sticky":false,"template":"","format":"standard","meta":{"tdm_status":"","tdm_grid_status":"","footnotes":""},"categories":[73],"tags":[618,7721,1850,3315,23867,23868,23869],"class_list":{"0":"post-64429","1":"post","2":"type-post","3":"status-publish","4":"format-standard","6":"category-de-boleto","7":"tag-andres-manuel-lopez-obrador","8":"tag-coxquihui","9":"tag-manuel-huerta-ladron-de-guevara","10":"tag-papantla","11":"tag-produccion-para-el-bienestar","12":"tag-programas-para-el-desarrollo-en-veracruz","13":"tag-segalmex"},"yoast_head":"<!-- This site is optimized with the Yoast SEO plugin v27.4 - https:\/\/yoast.com\/product\/yoast-seo-wordpress\/ -->\n<title>Sin intermediarios ni moches - Los pol\u00edticos Veracruz<\/title>\n<meta name=\"robots\" content=\"index, follow, max-snippet:-1, max-image-preview:large, max-video-preview:-1\" \/>\n<link rel=\"canonical\" href=\"https:\/\/lospoliticosveracruz.com\/?p=64429\" \/>\n<meta property=\"og:locale\" content=\"es_ES\" \/>\n<meta property=\"og:type\" content=\"article\" \/>\n<meta property=\"og:title\" content=\"Sin intermediarios ni moches - Los pol\u00edticos Veracruz\" \/>\n<meta property=\"og:description\" content=\"&nbsp; Pr\u00e1cticamente al cierre del 2020, el Programa de apoyo a los peque\u00f1os productores y agricultores \u201cProducci\u00f3n para el Bienestar\u201d supera los 150 mil beneficiarios en la entidad veracruzana, revel\u00f3 el Delegado de los Programas para el Desarrollo en Veracruz, Manuel Huerta Ladr\u00f3n de Guevara, quien expone que gracias a estas acciones se cuenta con [&hellip;]\" \/>\n<meta property=\"og:url\" content=\"https:\/\/lospoliticosveracruz.com\/?p=64429\" \/>\n<meta property=\"og:site_name\" content=\"Los pol\u00edticos Veracruz\" \/>\n<meta property=\"article:publisher\" content=\"https:\/\/www.facebook.com\/people\/Notimemes-de-los-Polticos\/61565672886568\/\" \/>\n<meta property=\"article:published_time\" content=\"2020-11-25T02:26:47+00:00\" \/>\n<meta property=\"og:image\" content=\"https:\/\/lospoliticosveracruz.com\/wp-content\/uploads\/2016\/07\/Logo-Dor.jpg\" \/>\n\t<meta property=\"og:image:width\" content=\"200\" \/>\n\t<meta property=\"og:image:height\" content=\"200\" \/>\n\t<meta property=\"og:image:type\" content=\"image\/jpeg\" \/>\n<meta name=\"author\" content=\"Lo viste en Los Pol\u00edticos\" \/>\n<meta name=\"twitter:card\" content=\"summary_large_image\" \/>\n<meta name=\"twitter:creator\" content=\"@LosPoliticosVer\" \/>\n<meta name=\"twitter:site\" content=\"@LosPoliticosVer\" \/>\n<meta name=\"twitter:label1\" content=\"Escrito por\" \/>\n\t<meta name=\"twitter:data1\" content=\"Lo viste en Los Pol\u00edticos\" \/>\n\t<meta name=\"twitter:label2\" content=\"Tiempo de lectura\" \/>\n\t<meta name=\"twitter:data2\" content=\"2 minutos\" \/>\n<script type=\"application\/ld+json\" class=\"yoast-schema-graph\">{\"@context\":\"https:\\\/\\\/schema.org\",\"@graph\":[{\"@type\":\"Article\",\"@id\":\"https:\\\/\\\/lospoliticosveracruz.com\\\/?p=64429#article\",\"isPartOf\":{\"@id\":\"https:\\\/\\\/lospoliticosveracruz.com\\\/?p=64429\"},\"author\":{\"name\":\"Lo viste en Los Pol\u00edticos\",\"@id\":\"https:\\\/\\\/lospoliticosveracruz.com\\\/#\\\/schema\\\/person\\\/b8702bb0e538456e6efd07080bf2a4a2\"},\"headline\":\"Sin intermediarios ni moches\",\"datePublished\":\"2020-11-25T02:26:47+00:00\",\"mainEntityOfPage\":{\"@id\":\"https:\\\/\\\/lospoliticosveracruz.com\\\/?p=64429\"},\"wordCount\":479,\"commentCount\":0,\"publisher\":{\"@id\":\"https:\\\/\\\/lospoliticosveracruz.com\\\/#organization\"},\"keywords\":[\"Andr\u00e9s Manuel L\u00f3pez Obrador\",\"Coxquihui\",\"Manuel Huerta Ladr\u00f3n de Guevara\",\"Papantla\",\"Producci\u00f3n para el Bienestar\",\"Programas para el Desarrollo en Veracruz\",\"SEGALMEX\"],\"articleSection\":[\"De Boleto\"],\"inLanguage\":\"es\",\"potentialAction\":[{\"@type\":\"CommentAction\",\"name\":\"Comment\",\"target\":[\"https:\\\/\\\/lospoliticosveracruz.com\\\/?p=64429#respond\"]}]},{\"@type\":\"WebPage\",\"@id\":\"https:\\\/\\\/lospoliticosveracruz.com\\\/?p=64429\",\"url\":\"https:\\\/\\\/lospoliticosveracruz.com\\\/?p=64429\",\"name\":\"Sin intermediarios ni moches - Los pol\u00edticos Veracruz\",\"isPartOf\":{\"@id\":\"https:\\\/\\\/lospoliticosveracruz.com\\\/#website\"},\"datePublished\":\"2020-11-25T02:26:47+00:00\",\"breadcrumb\":{\"@id\":\"https:\\\/\\\/lospoliticosveracruz.com\\\/?p=64429#breadcrumb\"},\"inLanguage\":\"es\",\"potentialAction\":[{\"@type\":\"ReadAction\",\"target\":[\"https:\\\/\\\/lospoliticosveracruz.com\\\/?p=64429\"]}]},{\"@type\":\"BreadcrumbList\",\"@id\":\"https:\\\/\\\/lospoliticosveracruz.com\\\/?p=64429#breadcrumb\",\"itemListElement\":[{\"@type\":\"ListItem\",\"position\":1,\"name\":\"Portada\",\"item\":\"https:\\\/\\\/lospoliticosveracruz.com\\\/\"},{\"@type\":\"ListItem\",\"position\":2,\"name\":\"Sin intermediarios ni moches\"}]},{\"@type\":\"WebSite\",\"@id\":\"https:\\\/\\\/lospoliticosveracruz.com\\\/#website\",\"url\":\"https:\\\/\\\/lospoliticosveracruz.com\\\/\",\"name\":\"Los pol\u00edticos Veracruz\",\"description\":\"\",\"publisher\":{\"@id\":\"https:\\\/\\\/lospoliticosveracruz.com\\\/#organization\"},\"potentialAction\":[{\"@type\":\"SearchAction\",\"target\":{\"@type\":\"EntryPoint\",\"urlTemplate\":\"https:\\\/\\\/lospoliticosveracruz.com\\\/?s={search_term_string}\"},\"query-input\":{\"@type\":\"PropertyValueSpecification\",\"valueRequired\":true,\"valueName\":\"search_term_string\"}}],\"inLanguage\":\"es\"},{\"@type\":\"Organization\",\"@id\":\"https:\\\/\\\/lospoliticosveracruz.com\\\/#organization\",\"name\":\"Los pol\u00edticos Veracruz\",\"url\":\"https:\\\/\\\/lospoliticosveracruz.com\\\/\",\"logo\":{\"@type\":\"ImageObject\",\"inLanguage\":\"es\",\"@id\":\"https:\\\/\\\/lospoliticosveracruz.com\\\/#\\\/schema\\\/logo\\\/image\\\/\",\"url\":\"https:\\\/\\\/lospoliticosveracruz.com\\\/wp-content\\\/uploads\\\/2025\\\/12\\\/Logo-Nuevo-LOS-POLITICOS-1.jpg\",\"contentUrl\":\"https:\\\/\\\/lospoliticosveracruz.com\\\/wp-content\\\/uploads\\\/2025\\\/12\\\/Logo-Nuevo-LOS-POLITICOS-1.jpg\",\"width\":260,\"height\":70,\"caption\":\"Los pol\u00edticos Veracruz\"},\"image\":{\"@id\":\"https:\\\/\\\/lospoliticosveracruz.com\\\/#\\\/schema\\\/logo\\\/image\\\/\"},\"sameAs\":[\"https:\\\/\\\/www.facebook.com\\\/people\\\/Notimemes-de-los-Polticos\\\/61565672886568\\\/\",\"https:\\\/\\\/x.com\\\/LosPoliticosVer\"]},{\"@type\":\"Person\",\"@id\":\"https:\\\/\\\/lospoliticosveracruz.com\\\/#\\\/schema\\\/person\\\/b8702bb0e538456e6efd07080bf2a4a2\",\"name\":\"Lo viste en Los Pol\u00edticos\",\"image\":{\"@type\":\"ImageObject\",\"inLanguage\":\"es\",\"@id\":\"https:\\\/\\\/secure.gravatar.com\\\/avatar\\\/3a8de04a2656d44082be478bd6c086daa447c4651605818287b9532d3d0bd435?s=96&d=mm&r=g\",\"url\":\"https:\\\/\\\/secure.gravatar.com\\\/avatar\\\/3a8de04a2656d44082be478bd6c086daa447c4651605818287b9532d3d0bd435?s=96&d=mm&r=g\",\"contentUrl\":\"https:\\\/\\\/secure.gravatar.com\\\/avatar\\\/3a8de04a2656d44082be478bd6c086daa447c4651605818287b9532d3d0bd435?s=96&d=mm&r=g\",\"caption\":\"Lo viste en Los Pol\u00edticos\"},\"url\":\"https:\\\/\\\/lospoliticosveracruz.com\\\/?author=2\"}]}<\/script>\n<!-- \/ Yoast SEO plugin. -->","yoast_head_json":{"title":"Sin intermediarios ni moches - Los pol\u00edticos Veracruz","robots":{"index":"index","follow":"follow","max-snippet":"max-snippet:-1","max-image-preview":"max-image-preview:large","max-video-preview":"max-video-preview:-1"},"canonical":"https:\/\/lospoliticosveracruz.com\/?p=64429","og_locale":"es_ES","og_type":"article","og_title":"Sin intermediarios ni moches - Los pol\u00edticos Veracruz","og_description":"&nbsp; Pr\u00e1cticamente al cierre del 2020, el Programa de apoyo a los peque\u00f1os productores y agricultores \u201cProducci\u00f3n para el Bienestar\u201d supera los 150 mil beneficiarios en la entidad veracruzana, revel\u00f3 el Delegado de los Programas para el Desarrollo en Veracruz, Manuel Huerta Ladr\u00f3n de Guevara, quien expone que gracias a estas acciones se cuenta con [&hellip;]","og_url":"https:\/\/lospoliticosveracruz.com\/?p=64429","og_site_name":"Los pol\u00edticos Veracruz","article_publisher":"https:\/\/www.facebook.com\/people\/Notimemes-de-los-Polticos\/61565672886568\/","article_published_time":"2020-11-25T02:26:47+00:00","og_image":[{"width":200,"height":200,"url":"https:\/\/lospoliticosveracruz.com\/wp-content\/uploads\/2016\/07\/Logo-Dor.jpg","type":"image\/jpeg"}],"author":"Lo viste en Los Pol\u00edticos","twitter_card":"summary_large_image","twitter_creator":"@LosPoliticosVer","twitter_site":"@LosPoliticosVer","twitter_misc":{"Escrito por":"Lo viste en Los Pol\u00edticos","Tiempo de lectura":"2 minutos"},"schema":{"@context":"https:\/\/schema.org","@graph":[{"@type":"Article","@id":"https:\/\/lospoliticosveracruz.com\/?p=64429#article","isPartOf":{"@id":"https:\/\/lospoliticosveracruz.com\/?p=64429"},"author":{"name":"Lo viste en Los Pol\u00edticos","@id":"https:\/\/lospoliticosveracruz.com\/#\/schema\/person\/b8702bb0e538456e6efd07080bf2a4a2"},"headline":"Sin intermediarios ni moches","datePublished":"2020-11-25T02:26:47+00:00","mainEntityOfPage":{"@id":"https:\/\/lospoliticosveracruz.com\/?p=64429"},"wordCount":479,"commentCount":0,"publisher":{"@id":"https:\/\/lospoliticosveracruz.com\/#organization"},"keywords":["Andr\u00e9s Manuel L\u00f3pez Obrador","Coxquihui","Manuel Huerta Ladr\u00f3n de Guevara","Papantla","Producci\u00f3n para el Bienestar","Programas para el Desarrollo en Veracruz","SEGALMEX"],"articleSection":["De Boleto"],"inLanguage":"es","potentialAction":[{"@type":"CommentAction","name":"Comment","target":["https:\/\/lospoliticosveracruz.com\/?p=64429#respond"]}]},{"@type":"WebPage","@id":"https:\/\/lospoliticosveracruz.com\/?p=64429","url":"https:\/\/lospoliticosveracruz.com\/?p=64429","name":"Sin intermediarios ni moches - Los pol\u00edticos Veracruz","isPartOf":{"@id":"https:\/\/lospoliticosveracruz.com\/#website"},"datePublished":"2020-11-25T02:26:47+00:00","breadcrumb":{"@id":"https:\/\/lospoliticosveracruz.com\/?p=64429#breadcrumb"},"inLanguage":"es","potentialAction":[{"@type":"ReadAction","target":["https:\/\/lospoliticosveracruz.com\/?p=64429"]}]},{"@type":"BreadcrumbList","@id":"https:\/\/lospoliticosveracruz.com\/?p=64429#breadcrumb","itemListElement":[{"@type":"ListItem","position":1,"name":"Portada","item":"https:\/\/lospoliticosveracruz.com\/"},{"@type":"ListItem","position":2,"name":"Sin intermediarios ni moches"}]},{"@type":"WebSite","@id":"https:\/\/lospoliticosveracruz.com\/#website","url":"https:\/\/lospoliticosveracruz.com\/","name":"Los pol\u00edticos Veracruz","description":"","publisher":{"@id":"https:\/\/lospoliticosveracruz.com\/#organization"},"potentialAction":[{"@type":"SearchAction","target":{"@type":"EntryPoint","urlTemplate":"https:\/\/lospoliticosveracruz.com\/?s={search_term_string}"},"query-input":{"@type":"PropertyValueSpecification","valueRequired":true,"valueName":"search_term_string"}}],"inLanguage":"es"},{"@type":"Organization","@id":"https:\/\/lospoliticosveracruz.com\/#organization","name":"Los pol\u00edticos Veracruz","url":"https:\/\/lospoliticosveracruz.com\/","logo":{"@type":"ImageObject","inLanguage":"es","@id":"https:\/\/lospoliticosveracruz.com\/#\/schema\/logo\/image\/","url":"https:\/\/lospoliticosveracruz.com\/wp-content\/uploads\/2025\/12\/Logo-Nuevo-LOS-POLITICOS-1.jpg","contentUrl":"https:\/\/lospoliticosveracruz.com\/wp-content\/uploads\/2025\/12\/Logo-Nuevo-LOS-POLITICOS-1.jpg","width":260,"height":70,"caption":"Los pol\u00edticos Veracruz"},"image":{"@id":"https:\/\/lospoliticosveracruz.com\/#\/schema\/logo\/image\/"},"sameAs":["https:\/\/www.facebook.com\/people\/Notimemes-de-los-Polticos\/61565672886568\/","https:\/\/x.com\/LosPoliticosVer"]},{"@type":"Person","@id":"https:\/\/lospoliticosveracruz.com\/#\/schema\/person\/b8702bb0e538456e6efd07080bf2a4a2","name":"Lo viste en Los Pol\u00edticos","image":{"@type":"ImageObject","inLanguage":"es","@id":"https:\/\/secure.gravatar.com\/avatar\/3a8de04a2656d44082be478bd6c086daa447c4651605818287b9532d3d0bd435?s=96&d=mm&r=g","url":"https:\/\/secure.gravatar.com\/avatar\/3a8de04a2656d44082be478bd6c086daa447c4651605818287b9532d3d0bd435?s=96&d=mm&r=g","contentUrl":"https:\/\/secure.gravatar.com\/avatar\/3a8de04a2656d44082be478bd6c086daa447c4651605818287b9532d3d0bd435?s=96&d=mm&r=g","caption":"Lo viste en Los Pol\u00edticos"},"url":"https:\/\/lospoliticosveracruz.com\/?author=2"}]}},"_links":{"self":[{"href":"https:\/\/lospoliticosveracruz.com\/index.php?rest_route=\/wp\/v2\/posts\/64429","targetHints":{"allow":["GET"]}}],"collection":[{"href":"https:\/\/lospoliticosveracruz.com\/index.php?rest_route=\/wp\/v2\/posts"}],"about":[{"href":"https:\/\/lospoliticosveracruz.com\/index.php?rest_route=\/wp\/v2\/types\/post"}],"author":[{"embeddable":true,"href":"https:\/\/lospoliticosveracruz.com\/index.php?rest_route=\/wp\/v2\/users\/2"}],"replies":[{"embeddable":true,"href":"https:\/\/lospoliticosveracruz.com\/index.php?rest_route=%2Fwp%2Fv2%2Fcomments&post=64429"}],"version-history":[{"count":1,"href":"https:\/\/lospoliticosveracruz.com\/index.php?rest_route=\/wp\/v2\/posts\/64429\/revisions"}],"predecessor-version":[{"id":64431,"href":"https:\/\/lospoliticosveracruz.com\/index.php?rest_route=\/wp\/v2\/posts\/64429\/revisions\/64431"}],"wp:attachment":[{"href":"https:\/\/lospoliticosveracruz.com\/index.php?rest_route=%2Fwp%2Fv2%2Fmedia&parent=64429"}],"wp:term":[{"taxonomy":"category","embeddable":true,"href":"https:\/\/lospoliticosveracruz.com\/index.php?rest_route=%2Fwp%2Fv2%2Fcategories&post=64429"},{"taxonomy":"post_tag","embeddable":true,"href":"https:\/\/lospoliticosveracruz.com\/index.php?rest_route=%2Fwp%2Fv2%2Ftags&post=64429"}],"curies":[{"name":"wp","href":"https:\/\/api.w.org\/{rel}","templated":true}]}}