{"id":64478,"date":"2020-11-25T12:57:55","date_gmt":"2020-11-25T18:57:55","guid":{"rendered":"http:\/\/www.lospoliticosveracruz.com.mx\/?p=64478"},"modified":"2020-11-25T12:57:55","modified_gmt":"2020-11-25T18:57:55","slug":"elio-no-las-pela","status":"publish","type":"post","link":"https:\/\/lospoliticosveracruz.com\/?p=64478","title":{"rendered":"Elio no las pela!"},"content":{"rendered":"<p>&nbsp;<\/p>\n<p>El Coordinador del Grupo Legislativo del PAN en Veracruz, Omar Miranda, lament\u00f3 que el Gobierno del Estado no ejecute obras de calidad en la entidad y que la Secretar\u00eda de Infraestructura y Obras P\u00fablicas (SIOP) no tome en cuenta a las empresas constructoras veracruzanas.<br \/>\nEl diputado local panista cuestion\u00f3 al titular de la SIOP, Elio Hern\u00e1ndez, durante su comparecencia y lo exhort\u00f3 para que voltee a ver a las empresas veracruzanas que tienen la capacidad para realizar cualquier obra en el estado, ya que con esta acci\u00f3n el gobierno podr\u00eda reactivar la econom\u00eda y la generaci\u00f3n de empleos.<br \/>\n\u201cEs preocupante que haya obras que se declararon desiertas o que se sigan realizando adjudicaciones directas, cuando aqu\u00ed en la entidad hay empresas que se dedican a la construcci\u00f3n, que cuentan con la capacidad para hacer cualquier obra en el estado y han sido descalificadas. Lo que necesita Veracruz es la reactivaci\u00f3n econ\u00f3mica y usted debe saber que el tema de la construcci\u00f3n puede reactivar la econom\u00eda y la generaci\u00f3n de empleos, sobretodo en medio de la crisis ocasionada por la pandemia\u201d asegur\u00f3.<br \/>\nEl Vocal de la Comisi\u00f3n de Comunicaciones en el Congreso local, explic\u00f3 al funcionario estatal la importancia de la representatividad de cada uno de los integrantes de la LXV legislatura, ya que son representantes de los veracruzanos quienes a diario les hacen llegar observaciones sobre las acciones pendientes que tiene el gobierno estatal, raz\u00f3n por la cual pidi\u00f3 mayor apertura para resolver las demandas ciudadanas que le han planteado diputados de oposici\u00f3n.<br \/>\nLament\u00f3 que a la fecha no haya dado respuesta a la solicitud por escrito que realiz\u00f3 la Comisi\u00f3n de Comunicaciones, respecto a la informaci\u00f3n t\u00e9cnica de una obra por m\u00e1s de 34 millones de pesos en el Boulevard C\u00f3rdoba-Pe\u00f1uela, donde la empresa incumpli\u00f3 con la entrega estipulada y tras varias irregularidades, ocasion\u00f3 un accidente donde perdi\u00f3 la vida una menor de edad.<br \/>\nOmar Miranda afirm\u00f3 que la ca\u00edda presupuestal del 99.93% del Fondo de Desastres Naturales Veracruz y las pol\u00edticas del gobierno de MORENA, siguen complicando la atenci\u00f3n oportuna frente a un desastre natural; ya que ante los cuestionamientos del diputado local por la desaparici\u00f3n del FONDEN, el titular de la SIOP reconoci\u00f3 que el estado no tiene el dinero suficiente para atender un fen\u00f3meno natural, por lo que en caso de sufrir un impacto natural tendr\u00edan que quitar dinero de las obras programadas para atender la emergencia.<\/p>\n","protected":false},"excerpt":{"rendered":"<p>&nbsp; El Coordinador del Grupo Legislativo del PAN en Veracruz, Omar Miranda, lament\u00f3 que el Gobierno del Estado no ejecute obras de calidad en la entidad y que la Secretar\u00eda de Infraestructura y Obras P\u00fablicas (SIOP) no tome en cuenta a las empresas constructoras veracruzanas. El diputado local panista cuestion\u00f3 al titular de la SIOP, [&hellip;]<\/p>\n","protected":false},"author":2,"featured_media":0,"comment_status":"open","ping_status":"open","sticky":false,"template":"","format":"standard","meta":{"tdm_status":"","tdm_grid_status":"","footnotes":""},"categories":[73],"tags":[23903,15828,9649,23904,7144,7592,12807,19500,17200,22594,342],"class_list":{"0":"post-64478","1":"post","2":"type-post","3":"status-publish","4":"format-standard","6":"category-de-boleto","7":"tag-constructoras-veracruzanas","8":"tag-elio-hernandez","9":"tag-fonden","10":"tag-fondo-de-desastres-naturales-veracruz","11":"tag-generacion-de-empleos","12":"tag-irregularidades","13":"tag-omar-miranda","14":"tag-pan-en-veracruz","15":"tag-reactivacion-economica","16":"tag-secretaria-de-infraestructura-y-obras-publicas","17":"tag-siop"},"yoast_head":"<!-- This site is optimized with the Yoast SEO plugin v27.4 - https:\/\/yoast.com\/product\/yoast-seo-wordpress\/ -->\n<title>Elio no las pela! - Los pol\u00edticos Veracruz<\/title>\n<meta name=\"robots\" content=\"index, follow, max-snippet:-1, max-image-preview:large, max-video-preview:-1\" \/>\n<link rel=\"canonical\" href=\"https:\/\/lospoliticosveracruz.com\/?p=64478\" \/>\n<meta property=\"og:locale\" content=\"es_ES\" \/>\n<meta property=\"og:type\" content=\"article\" \/>\n<meta property=\"og:title\" content=\"Elio no las pela! - Los pol\u00edticos Veracruz\" \/>\n<meta property=\"og:description\" content=\"&nbsp; El Coordinador del Grupo Legislativo del PAN en Veracruz, Omar Miranda, lament\u00f3 que el Gobierno del Estado no ejecute obras de calidad en la entidad y que la Secretar\u00eda de Infraestructura y Obras P\u00fablicas (SIOP) no tome en cuenta a las empresas constructoras veracruzanas. El diputado local panista cuestion\u00f3 al titular de la SIOP, [&hellip;]\" \/>\n<meta property=\"og:url\" content=\"https:\/\/lospoliticosveracruz.com\/?p=64478\" \/>\n<meta property=\"og:site_name\" content=\"Los pol\u00edticos Veracruz\" \/>\n<meta property=\"article:publisher\" content=\"https:\/\/www.facebook.com\/people\/Notimemes-de-los-Polticos\/61565672886568\/\" \/>\n<meta property=\"article:published_time\" content=\"2020-11-25T18:57:55+00:00\" \/>\n<meta property=\"og:image\" content=\"https:\/\/lospoliticosveracruz.com\/wp-content\/uploads\/2016\/07\/Logo-Dor.jpg\" \/>\n\t<meta property=\"og:image:width\" content=\"200\" \/>\n\t<meta property=\"og:image:height\" content=\"200\" \/>\n\t<meta property=\"og:image:type\" content=\"image\/jpeg\" \/>\n<meta name=\"author\" content=\"Lo viste en Los Pol\u00edticos\" \/>\n<meta name=\"twitter:card\" content=\"summary_large_image\" \/>\n<meta name=\"twitter:creator\" content=\"@LosPoliticosVer\" \/>\n<meta name=\"twitter:site\" content=\"@LosPoliticosVer\" \/>\n<meta name=\"twitter:label1\" content=\"Escrito por\" \/>\n\t<meta name=\"twitter:data1\" content=\"Lo viste en Los Pol\u00edticos\" \/>\n\t<meta name=\"twitter:label2\" content=\"Tiempo de lectura\" \/>\n\t<meta name=\"twitter:data2\" content=\"2 minutos\" \/>\n<script type=\"application\/ld+json\" class=\"yoast-schema-graph\">{\"@context\":\"https:\\\/\\\/schema.org\",\"@graph\":[{\"@type\":\"Article\",\"@id\":\"https:\\\/\\\/lospoliticosveracruz.com\\\/?p=64478#article\",\"isPartOf\":{\"@id\":\"https:\\\/\\\/lospoliticosveracruz.com\\\/?p=64478\"},\"author\":{\"name\":\"Lo viste en Los Pol\u00edticos\",\"@id\":\"https:\\\/\\\/lospoliticosveracruz.com\\\/#\\\/schema\\\/person\\\/b8702bb0e538456e6efd07080bf2a4a2\"},\"headline\":\"Elio no las pela!\",\"datePublished\":\"2020-11-25T18:57:55+00:00\",\"mainEntityOfPage\":{\"@id\":\"https:\\\/\\\/lospoliticosveracruz.com\\\/?p=64478\"},\"wordCount\":432,\"commentCount\":0,\"publisher\":{\"@id\":\"https:\\\/\\\/lospoliticosveracruz.com\\\/#organization\"},\"keywords\":[\"Constructoras veracruzanas\",\"Elio Hern\u00e1ndez\",\"Fonden\",\"Fondo de Desastres Naturales Veracruz\",\"generaci\u00f3n de empleos\",\"Irregularidades\",\"Omar Miranda\",\"PAN en Veracruz\",\"Reactivaci\u00f3n Econ\u00f3mica\",\"Secretar\u00eda de Infraestructura y Obras P\u00fablicas\",\"SIOP\"],\"articleSection\":[\"De Boleto\"],\"inLanguage\":\"es\",\"potentialAction\":[{\"@type\":\"CommentAction\",\"name\":\"Comment\",\"target\":[\"https:\\\/\\\/lospoliticosveracruz.com\\\/?p=64478#respond\"]}]},{\"@type\":\"WebPage\",\"@id\":\"https:\\\/\\\/lospoliticosveracruz.com\\\/?p=64478\",\"url\":\"https:\\\/\\\/lospoliticosveracruz.com\\\/?p=64478\",\"name\":\"Elio no las pela! - Los pol\u00edticos Veracruz\",\"isPartOf\":{\"@id\":\"https:\\\/\\\/lospoliticosveracruz.com\\\/#website\"},\"datePublished\":\"2020-11-25T18:57:55+00:00\",\"breadcrumb\":{\"@id\":\"https:\\\/\\\/lospoliticosveracruz.com\\\/?p=64478#breadcrumb\"},\"inLanguage\":\"es\",\"potentialAction\":[{\"@type\":\"ReadAction\",\"target\":[\"https:\\\/\\\/lospoliticosveracruz.com\\\/?p=64478\"]}]},{\"@type\":\"BreadcrumbList\",\"@id\":\"https:\\\/\\\/lospoliticosveracruz.com\\\/?p=64478#breadcrumb\",\"itemListElement\":[{\"@type\":\"ListItem\",\"position\":1,\"name\":\"Portada\",\"item\":\"https:\\\/\\\/lospoliticosveracruz.com\\\/\"},{\"@type\":\"ListItem\",\"position\":2,\"name\":\"Elio no las pela!\"}]},{\"@type\":\"WebSite\",\"@id\":\"https:\\\/\\\/lospoliticosveracruz.com\\\/#website\",\"url\":\"https:\\\/\\\/lospoliticosveracruz.com\\\/\",\"name\":\"Los pol\u00edticos Veracruz\",\"description\":\"\",\"publisher\":{\"@id\":\"https:\\\/\\\/lospoliticosveracruz.com\\\/#organization\"},\"potentialAction\":[{\"@type\":\"SearchAction\",\"target\":{\"@type\":\"EntryPoint\",\"urlTemplate\":\"https:\\\/\\\/lospoliticosveracruz.com\\\/?s={search_term_string}\"},\"query-input\":{\"@type\":\"PropertyValueSpecification\",\"valueRequired\":true,\"valueName\":\"search_term_string\"}}],\"inLanguage\":\"es\"},{\"@type\":\"Organization\",\"@id\":\"https:\\\/\\\/lospoliticosveracruz.com\\\/#organization\",\"name\":\"Los pol\u00edticos Veracruz\",\"url\":\"https:\\\/\\\/lospoliticosveracruz.com\\\/\",\"logo\":{\"@type\":\"ImageObject\",\"inLanguage\":\"es\",\"@id\":\"https:\\\/\\\/lospoliticosveracruz.com\\\/#\\\/schema\\\/logo\\\/image\\\/\",\"url\":\"https:\\\/\\\/lospoliticosveracruz.com\\\/wp-content\\\/uploads\\\/2025\\\/12\\\/Logo-Nuevo-LOS-POLITICOS-1.jpg\",\"contentUrl\":\"https:\\\/\\\/lospoliticosveracruz.com\\\/wp-content\\\/uploads\\\/2025\\\/12\\\/Logo-Nuevo-LOS-POLITICOS-1.jpg\",\"width\":260,\"height\":70,\"caption\":\"Los pol\u00edticos Veracruz\"},\"image\":{\"@id\":\"https:\\\/\\\/lospoliticosveracruz.com\\\/#\\\/schema\\\/logo\\\/image\\\/\"},\"sameAs\":[\"https:\\\/\\\/www.facebook.com\\\/people\\\/Notimemes-de-los-Polticos\\\/61565672886568\\\/\",\"https:\\\/\\\/x.com\\\/LosPoliticosVer\"]},{\"@type\":\"Person\",\"@id\":\"https:\\\/\\\/lospoliticosveracruz.com\\\/#\\\/schema\\\/person\\\/b8702bb0e538456e6efd07080bf2a4a2\",\"name\":\"Lo viste en Los Pol\u00edticos\",\"image\":{\"@type\":\"ImageObject\",\"inLanguage\":\"es\",\"@id\":\"https:\\\/\\\/secure.gravatar.com\\\/avatar\\\/3a8de04a2656d44082be478bd6c086daa447c4651605818287b9532d3d0bd435?s=96&d=mm&r=g\",\"url\":\"https:\\\/\\\/secure.gravatar.com\\\/avatar\\\/3a8de04a2656d44082be478bd6c086daa447c4651605818287b9532d3d0bd435?s=96&d=mm&r=g\",\"contentUrl\":\"https:\\\/\\\/secure.gravatar.com\\\/avatar\\\/3a8de04a2656d44082be478bd6c086daa447c4651605818287b9532d3d0bd435?s=96&d=mm&r=g\",\"caption\":\"Lo viste en Los Pol\u00edticos\"},\"url\":\"https:\\\/\\\/lospoliticosveracruz.com\\\/?author=2\"}]}<\/script>\n<!-- \/ Yoast SEO plugin. -->","yoast_head_json":{"title":"Elio no las pela! - Los pol\u00edticos Veracruz","robots":{"index":"index","follow":"follow","max-snippet":"max-snippet:-1","max-image-preview":"max-image-preview:large","max-video-preview":"max-video-preview:-1"},"canonical":"https:\/\/lospoliticosveracruz.com\/?p=64478","og_locale":"es_ES","og_type":"article","og_title":"Elio no las pela! - Los pol\u00edticos Veracruz","og_description":"&nbsp; El Coordinador del Grupo Legislativo del PAN en Veracruz, Omar Miranda, lament\u00f3 que el Gobierno del Estado no ejecute obras de calidad en la entidad y que la Secretar\u00eda de Infraestructura y Obras P\u00fablicas (SIOP) no tome en cuenta a las empresas constructoras veracruzanas. El diputado local panista cuestion\u00f3 al titular de la SIOP, [&hellip;]","og_url":"https:\/\/lospoliticosveracruz.com\/?p=64478","og_site_name":"Los pol\u00edticos Veracruz","article_publisher":"https:\/\/www.facebook.com\/people\/Notimemes-de-los-Polticos\/61565672886568\/","article_published_time":"2020-11-25T18:57:55+00:00","og_image":[{"width":200,"height":200,"url":"https:\/\/lospoliticosveracruz.com\/wp-content\/uploads\/2016\/07\/Logo-Dor.jpg","type":"image\/jpeg"}],"author":"Lo viste en Los Pol\u00edticos","twitter_card":"summary_large_image","twitter_creator":"@LosPoliticosVer","twitter_site":"@LosPoliticosVer","twitter_misc":{"Escrito por":"Lo viste en Los Pol\u00edticos","Tiempo de lectura":"2 minutos"},"schema":{"@context":"https:\/\/schema.org","@graph":[{"@type":"Article","@id":"https:\/\/lospoliticosveracruz.com\/?p=64478#article","isPartOf":{"@id":"https:\/\/lospoliticosveracruz.com\/?p=64478"},"author":{"name":"Lo viste en Los Pol\u00edticos","@id":"https:\/\/lospoliticosveracruz.com\/#\/schema\/person\/b8702bb0e538456e6efd07080bf2a4a2"},"headline":"Elio no las pela!","datePublished":"2020-11-25T18:57:55+00:00","mainEntityOfPage":{"@id":"https:\/\/lospoliticosveracruz.com\/?p=64478"},"wordCount":432,"commentCount":0,"publisher":{"@id":"https:\/\/lospoliticosveracruz.com\/#organization"},"keywords":["Constructoras veracruzanas","Elio Hern\u00e1ndez","Fonden","Fondo de Desastres Naturales Veracruz","generaci\u00f3n de empleos","Irregularidades","Omar Miranda","PAN en Veracruz","Reactivaci\u00f3n Econ\u00f3mica","Secretar\u00eda de Infraestructura y Obras P\u00fablicas","SIOP"],"articleSection":["De Boleto"],"inLanguage":"es","potentialAction":[{"@type":"CommentAction","name":"Comment","target":["https:\/\/lospoliticosveracruz.com\/?p=64478#respond"]}]},{"@type":"WebPage","@id":"https:\/\/lospoliticosveracruz.com\/?p=64478","url":"https:\/\/lospoliticosveracruz.com\/?p=64478","name":"Elio no las pela! - Los pol\u00edticos Veracruz","isPartOf":{"@id":"https:\/\/lospoliticosveracruz.com\/#website"},"datePublished":"2020-11-25T18:57:55+00:00","breadcrumb":{"@id":"https:\/\/lospoliticosveracruz.com\/?p=64478#breadcrumb"},"inLanguage":"es","potentialAction":[{"@type":"ReadAction","target":["https:\/\/lospoliticosveracruz.com\/?p=64478"]}]},{"@type":"BreadcrumbList","@id":"https:\/\/lospoliticosveracruz.com\/?p=64478#breadcrumb","itemListElement":[{"@type":"ListItem","position":1,"name":"Portada","item":"https:\/\/lospoliticosveracruz.com\/"},{"@type":"ListItem","position":2,"name":"Elio no las pela!"}]},{"@type":"WebSite","@id":"https:\/\/lospoliticosveracruz.com\/#website","url":"https:\/\/lospoliticosveracruz.com\/","name":"Los pol\u00edticos Veracruz","description":"","publisher":{"@id":"https:\/\/lospoliticosveracruz.com\/#organization"},"potentialAction":[{"@type":"SearchAction","target":{"@type":"EntryPoint","urlTemplate":"https:\/\/lospoliticosveracruz.com\/?s={search_term_string}"},"query-input":{"@type":"PropertyValueSpecification","valueRequired":true,"valueName":"search_term_string"}}],"inLanguage":"es"},{"@type":"Organization","@id":"https:\/\/lospoliticosveracruz.com\/#organization","name":"Los pol\u00edticos Veracruz","url":"https:\/\/lospoliticosveracruz.com\/","logo":{"@type":"ImageObject","inLanguage":"es","@id":"https:\/\/lospoliticosveracruz.com\/#\/schema\/logo\/image\/","url":"https:\/\/lospoliticosveracruz.com\/wp-content\/uploads\/2025\/12\/Logo-Nuevo-LOS-POLITICOS-1.jpg","contentUrl":"https:\/\/lospoliticosveracruz.com\/wp-content\/uploads\/2025\/12\/Logo-Nuevo-LOS-POLITICOS-1.jpg","width":260,"height":70,"caption":"Los pol\u00edticos Veracruz"},"image":{"@id":"https:\/\/lospoliticosveracruz.com\/#\/schema\/logo\/image\/"},"sameAs":["https:\/\/www.facebook.com\/people\/Notimemes-de-los-Polticos\/61565672886568\/","https:\/\/x.com\/LosPoliticosVer"]},{"@type":"Person","@id":"https:\/\/lospoliticosveracruz.com\/#\/schema\/person\/b8702bb0e538456e6efd07080bf2a4a2","name":"Lo viste en Los Pol\u00edticos","image":{"@type":"ImageObject","inLanguage":"es","@id":"https:\/\/secure.gravatar.com\/avatar\/3a8de04a2656d44082be478bd6c086daa447c4651605818287b9532d3d0bd435?s=96&d=mm&r=g","url":"https:\/\/secure.gravatar.com\/avatar\/3a8de04a2656d44082be478bd6c086daa447c4651605818287b9532d3d0bd435?s=96&d=mm&r=g","contentUrl":"https:\/\/secure.gravatar.com\/avatar\/3a8de04a2656d44082be478bd6c086daa447c4651605818287b9532d3d0bd435?s=96&d=mm&r=g","caption":"Lo viste en Los Pol\u00edticos"},"url":"https:\/\/lospoliticosveracruz.com\/?author=2"}]}},"_links":{"self":[{"href":"https:\/\/lospoliticosveracruz.com\/index.php?rest_route=\/wp\/v2\/posts\/64478","targetHints":{"allow":["GET"]}}],"collection":[{"href":"https:\/\/lospoliticosveracruz.com\/index.php?rest_route=\/wp\/v2\/posts"}],"about":[{"href":"https:\/\/lospoliticosveracruz.com\/index.php?rest_route=\/wp\/v2\/types\/post"}],"author":[{"embeddable":true,"href":"https:\/\/lospoliticosveracruz.com\/index.php?rest_route=\/wp\/v2\/users\/2"}],"replies":[{"embeddable":true,"href":"https:\/\/lospoliticosveracruz.com\/index.php?rest_route=%2Fwp%2Fv2%2Fcomments&post=64478"}],"version-history":[{"count":1,"href":"https:\/\/lospoliticosveracruz.com\/index.php?rest_route=\/wp\/v2\/posts\/64478\/revisions"}],"predecessor-version":[{"id":64479,"href":"https:\/\/lospoliticosveracruz.com\/index.php?rest_route=\/wp\/v2\/posts\/64478\/revisions\/64479"}],"wp:attachment":[{"href":"https:\/\/lospoliticosveracruz.com\/index.php?rest_route=%2Fwp%2Fv2%2Fmedia&parent=64478"}],"wp:term":[{"taxonomy":"category","embeddable":true,"href":"https:\/\/lospoliticosveracruz.com\/index.php?rest_route=%2Fwp%2Fv2%2Fcategories&post=64478"},{"taxonomy":"post_tag","embeddable":true,"href":"https:\/\/lospoliticosveracruz.com\/index.php?rest_route=%2Fwp%2Fv2%2Ftags&post=64478"}],"curies":[{"name":"wp","href":"https:\/\/api.w.org\/{rel}","templated":true}]}}