{"id":64480,"date":"2020-11-25T13:07:10","date_gmt":"2020-11-25T19:07:10","guid":{"rendered":"http:\/\/www.lospoliticosveracruz.com.mx\/?p=64480"},"modified":"2020-11-25T13:07:10","modified_gmt":"2020-11-25T19:07:10","slug":"fin-al-despilfarro-electoral-en-veracruz","status":"publish","type":"post","link":"https:\/\/lospoliticosveracruz.com\/?p=64480","title":{"rendered":"Fin al despilfarro electoral en Veracruz!"},"content":{"rendered":"<p>En ning\u00fan momento, los ministros de la Suprema Corte de Justicia de la Naci\u00f3n (SCJN), realizaron un estudio del fondo de la reforma electoral, discutida y aprobada por los diputados que integramos la LXV Legislatura del Congreso del Estado, la que disminu\u00eda, entre otras acciones, en un 50 por ciento las prerrogativas econ\u00f3micas que se otorgan a los partidos pol\u00edticos en la entidad.<\/p>\n<p>Afirm\u00f3 lo anterior, en entrevista, el diputado Raymundo Andrade, al ser cuestionado sobre la determinaci\u00f3n de la SCJN de declarar la inconstitucionalidad de dicha reforma; la decisi\u00f3n de los ministros, agreg\u00f3, se bas\u00f3 \u00fanicamente en la revisi\u00f3n del procedimiento legislativo y extra\u00f1amente se prestaron al juego pol\u00edtico de esos partidos que, en su mezquindad, s\u00f3lo consideraron que ya no podr\u00edan dilapidar el dinero de los veracruzanos.<br \/>\nLa invalidez de la reforma, determinada por la SCJN, destac\u00f3 el legislador Raymundo Andrade, como ya lo dijo el Ejecutivo del Estado, se respetar\u00e1 y de no haberse echado abajo, destac\u00f3, se habr\u00edan ahorrado 474 millones 251 mil 494 pesos, al pasar de mil 182 millones 65 mil 211 pesos a 707 millones 813 mil 717 pesos.<br \/>\nEste ahorro, subray\u00f3 el diputado de MORENA, hubiera servido para consolidar el programa de rehabilitaci\u00f3n de escuelas y hospitales, abandonados por las anteriores administraciones; como impulsar la obra p\u00fablica, que se encuentra en las mismas circunstancias; el financiamiento de los partidos pol\u00edticos es excesivo, no s\u00f3lo en Veracruz, sino en todo el pa\u00eds.<br \/>\nEn el continente americano, agreg\u00f3 el representante del Distrito Local XII, s\u00f3lo hay tres pa\u00edses en que no tienen financiamiento p\u00fablico los partidos pol\u00edticos, uno de ellos es Estados Unidos: Tambi\u00e9n, con la reforma, continu\u00f3, se pretend\u00eda reducir la estructura electoral, la que por igual resulta demasiado onerosa para el gobierno, pero la oposici\u00f3n s\u00f3lo busca continuar recibiendo el dinero de los ciudadanos, del pueblo, para pagar sus lujos.<br \/>\nEl pr\u00f3ximo a\u00f1o habr\u00e1 un proceso electoral in\u00e9dito en todo el pa\u00eds; en Veracruz se renovar\u00e1n 50 diputaciones locales y 212 ayuntamientos y es claro que la oposici\u00f3n no quiere perder sus privilegios, estos son m\u00e1s importantes para ellos que destinar los ahorros de las prerrogativas al sector salud, para su estrategia de combate a la pandemia, provocada por el COVID19, por s\u00f3lo dar un ejemplo.<br \/>\nFinalmente, el diputado Raymundo Andrade, se\u00f1al\u00f3 que su partido continuar\u00e1 insistiendo en el tema de la reducci\u00f3n de las prerrogativas de ley, para los partidos pol\u00edticos, que debe acabarse con el despilfarro electoral, \u00abese dinero debe destinarse a cubrir las necesidades del pueblo en salud, educaci\u00f3n, infraestructura, seguridad p\u00fablica y empleo\u00bb.<\/p>\n","protected":false},"excerpt":{"rendered":"<p>En ning\u00fan momento, los ministros de la Suprema Corte de Justicia de la Naci\u00f3n (SCJN), realizaron un estudio del fondo de la reforma electoral, discutida y aprobada por los diputados que integramos la LXV Legislatura del Congreso del Estado, la que disminu\u00eda, entre otras acciones, en un 50 por ciento las prerrogativas econ\u00f3micas que se [&hellip;]<\/p>\n","protected":false},"author":2,"featured_media":0,"comment_status":"open","ping_status":"open","sticky":false,"template":"","format":"standard","meta":{"tdm_status":"","tdm_grid_status":"","footnotes":""},"categories":[6446],"tags":[20538,23905,1026,11193,13124,1414,3965,6361],"class_list":{"0":"post-64480","1":"post","2":"type-post","3":"status-publish","4":"format-standard","6":"category-la-nota","7":"tag-inconstitucionalidad","8":"tag-legislatura-del-congreso-del-estado","9":"tag-morena","10":"tag-proceso-electoral","11":"tag-raymundo-andrade","12":"tag-reforma-electoral","13":"tag-scjn","14":"tag-suprema-corte-de-justicia-de-la-nacion"},"yoast_head":"<!-- This site is optimized with the Yoast SEO plugin v27.4 - https:\/\/yoast.com\/product\/yoast-seo-wordpress\/ -->\n<title>Fin al despilfarro electoral en Veracruz! - Los pol\u00edticos Veracruz<\/title>\n<meta name=\"robots\" content=\"index, follow, max-snippet:-1, max-image-preview:large, max-video-preview:-1\" \/>\n<link rel=\"canonical\" href=\"https:\/\/lospoliticosveracruz.com\/?p=64480\" \/>\n<meta property=\"og:locale\" content=\"es_ES\" \/>\n<meta property=\"og:type\" content=\"article\" \/>\n<meta property=\"og:title\" content=\"Fin al despilfarro electoral en Veracruz! - Los pol\u00edticos Veracruz\" \/>\n<meta property=\"og:description\" content=\"En ning\u00fan momento, los ministros de la Suprema Corte de Justicia de la Naci\u00f3n (SCJN), realizaron un estudio del fondo de la reforma electoral, discutida y aprobada por los diputados que integramos la LXV Legislatura del Congreso del Estado, la que disminu\u00eda, entre otras acciones, en un 50 por ciento las prerrogativas econ\u00f3micas que se [&hellip;]\" \/>\n<meta property=\"og:url\" content=\"https:\/\/lospoliticosveracruz.com\/?p=64480\" \/>\n<meta property=\"og:site_name\" content=\"Los pol\u00edticos Veracruz\" \/>\n<meta property=\"article:publisher\" content=\"https:\/\/www.facebook.com\/people\/Notimemes-de-los-Polticos\/61565672886568\/\" \/>\n<meta property=\"article:published_time\" content=\"2020-11-25T19:07:10+00:00\" \/>\n<meta property=\"og:image\" content=\"https:\/\/lospoliticosveracruz.com\/wp-content\/uploads\/2016\/07\/Logo-Dor.jpg\" \/>\n\t<meta property=\"og:image:width\" content=\"200\" \/>\n\t<meta property=\"og:image:height\" content=\"200\" \/>\n\t<meta property=\"og:image:type\" content=\"image\/jpeg\" \/>\n<meta name=\"author\" content=\"Lo viste en Los Pol\u00edticos\" \/>\n<meta name=\"twitter:card\" content=\"summary_large_image\" \/>\n<meta name=\"twitter:creator\" content=\"@LosPoliticosVer\" \/>\n<meta name=\"twitter:site\" content=\"@LosPoliticosVer\" \/>\n<meta name=\"twitter:label1\" content=\"Escrito por\" \/>\n\t<meta name=\"twitter:data1\" content=\"Lo viste en Los Pol\u00edticos\" \/>\n\t<meta name=\"twitter:label2\" content=\"Tiempo de lectura\" \/>\n\t<meta name=\"twitter:data2\" content=\"2 minutos\" \/>\n<script type=\"application\/ld+json\" class=\"yoast-schema-graph\">{\"@context\":\"https:\\\/\\\/schema.org\",\"@graph\":[{\"@type\":\"Article\",\"@id\":\"https:\\\/\\\/lospoliticosveracruz.com\\\/?p=64480#article\",\"isPartOf\":{\"@id\":\"https:\\\/\\\/lospoliticosveracruz.com\\\/?p=64480\"},\"author\":{\"name\":\"Lo viste en Los Pol\u00edticos\",\"@id\":\"https:\\\/\\\/lospoliticosveracruz.com\\\/#\\\/schema\\\/person\\\/b8702bb0e538456e6efd07080bf2a4a2\"},\"headline\":\"Fin al despilfarro electoral en Veracruz!\",\"datePublished\":\"2020-11-25T19:07:10+00:00\",\"mainEntityOfPage\":{\"@id\":\"https:\\\/\\\/lospoliticosveracruz.com\\\/?p=64480\"},\"wordCount\":458,\"commentCount\":0,\"publisher\":{\"@id\":\"https:\\\/\\\/lospoliticosveracruz.com\\\/#organization\"},\"keywords\":[\"Inconstitucionalidad\",\"Legislatura del Congreso del Estado\",\"Morena\",\"proceso electoral\",\"Raymundo Andrade\",\"reforma electoral\",\"SCJN\",\"Suprema Corte de Justicia de la Naci\u00f3n\"],\"articleSection\":[\"La Nota\"],\"inLanguage\":\"es\",\"potentialAction\":[{\"@type\":\"CommentAction\",\"name\":\"Comment\",\"target\":[\"https:\\\/\\\/lospoliticosveracruz.com\\\/?p=64480#respond\"]}]},{\"@type\":\"WebPage\",\"@id\":\"https:\\\/\\\/lospoliticosveracruz.com\\\/?p=64480\",\"url\":\"https:\\\/\\\/lospoliticosveracruz.com\\\/?p=64480\",\"name\":\"Fin al despilfarro electoral en Veracruz! - Los pol\u00edticos Veracruz\",\"isPartOf\":{\"@id\":\"https:\\\/\\\/lospoliticosveracruz.com\\\/#website\"},\"datePublished\":\"2020-11-25T19:07:10+00:00\",\"breadcrumb\":{\"@id\":\"https:\\\/\\\/lospoliticosveracruz.com\\\/?p=64480#breadcrumb\"},\"inLanguage\":\"es\",\"potentialAction\":[{\"@type\":\"ReadAction\",\"target\":[\"https:\\\/\\\/lospoliticosveracruz.com\\\/?p=64480\"]}]},{\"@type\":\"BreadcrumbList\",\"@id\":\"https:\\\/\\\/lospoliticosveracruz.com\\\/?p=64480#breadcrumb\",\"itemListElement\":[{\"@type\":\"ListItem\",\"position\":1,\"name\":\"Portada\",\"item\":\"https:\\\/\\\/lospoliticosveracruz.com\\\/\"},{\"@type\":\"ListItem\",\"position\":2,\"name\":\"Fin al despilfarro electoral en Veracruz!\"}]},{\"@type\":\"WebSite\",\"@id\":\"https:\\\/\\\/lospoliticosveracruz.com\\\/#website\",\"url\":\"https:\\\/\\\/lospoliticosveracruz.com\\\/\",\"name\":\"Los pol\u00edticos Veracruz\",\"description\":\"\",\"publisher\":{\"@id\":\"https:\\\/\\\/lospoliticosveracruz.com\\\/#organization\"},\"potentialAction\":[{\"@type\":\"SearchAction\",\"target\":{\"@type\":\"EntryPoint\",\"urlTemplate\":\"https:\\\/\\\/lospoliticosveracruz.com\\\/?s={search_term_string}\"},\"query-input\":{\"@type\":\"PropertyValueSpecification\",\"valueRequired\":true,\"valueName\":\"search_term_string\"}}],\"inLanguage\":\"es\"},{\"@type\":\"Organization\",\"@id\":\"https:\\\/\\\/lospoliticosveracruz.com\\\/#organization\",\"name\":\"Los pol\u00edticos Veracruz\",\"url\":\"https:\\\/\\\/lospoliticosveracruz.com\\\/\",\"logo\":{\"@type\":\"ImageObject\",\"inLanguage\":\"es\",\"@id\":\"https:\\\/\\\/lospoliticosveracruz.com\\\/#\\\/schema\\\/logo\\\/image\\\/\",\"url\":\"https:\\\/\\\/lospoliticosveracruz.com\\\/wp-content\\\/uploads\\\/2025\\\/12\\\/Logo-Nuevo-LOS-POLITICOS-1.jpg\",\"contentUrl\":\"https:\\\/\\\/lospoliticosveracruz.com\\\/wp-content\\\/uploads\\\/2025\\\/12\\\/Logo-Nuevo-LOS-POLITICOS-1.jpg\",\"width\":260,\"height\":70,\"caption\":\"Los pol\u00edticos Veracruz\"},\"image\":{\"@id\":\"https:\\\/\\\/lospoliticosveracruz.com\\\/#\\\/schema\\\/logo\\\/image\\\/\"},\"sameAs\":[\"https:\\\/\\\/www.facebook.com\\\/people\\\/Notimemes-de-los-Polticos\\\/61565672886568\\\/\",\"https:\\\/\\\/x.com\\\/LosPoliticosVer\"]},{\"@type\":\"Person\",\"@id\":\"https:\\\/\\\/lospoliticosveracruz.com\\\/#\\\/schema\\\/person\\\/b8702bb0e538456e6efd07080bf2a4a2\",\"name\":\"Lo viste en Los Pol\u00edticos\",\"image\":{\"@type\":\"ImageObject\",\"inLanguage\":\"es\",\"@id\":\"https:\\\/\\\/secure.gravatar.com\\\/avatar\\\/3a8de04a2656d44082be478bd6c086daa447c4651605818287b9532d3d0bd435?s=96&d=mm&r=g\",\"url\":\"https:\\\/\\\/secure.gravatar.com\\\/avatar\\\/3a8de04a2656d44082be478bd6c086daa447c4651605818287b9532d3d0bd435?s=96&d=mm&r=g\",\"contentUrl\":\"https:\\\/\\\/secure.gravatar.com\\\/avatar\\\/3a8de04a2656d44082be478bd6c086daa447c4651605818287b9532d3d0bd435?s=96&d=mm&r=g\",\"caption\":\"Lo viste en Los Pol\u00edticos\"},\"url\":\"https:\\\/\\\/lospoliticosveracruz.com\\\/?author=2\"}]}<\/script>\n<!-- \/ Yoast SEO plugin. -->","yoast_head_json":{"title":"Fin al despilfarro electoral en Veracruz! - Los pol\u00edticos Veracruz","robots":{"index":"index","follow":"follow","max-snippet":"max-snippet:-1","max-image-preview":"max-image-preview:large","max-video-preview":"max-video-preview:-1"},"canonical":"https:\/\/lospoliticosveracruz.com\/?p=64480","og_locale":"es_ES","og_type":"article","og_title":"Fin al despilfarro electoral en Veracruz! - Los pol\u00edticos Veracruz","og_description":"En ning\u00fan momento, los ministros de la Suprema Corte de Justicia de la Naci\u00f3n (SCJN), realizaron un estudio del fondo de la reforma electoral, discutida y aprobada por los diputados que integramos la LXV Legislatura del Congreso del Estado, la que disminu\u00eda, entre otras acciones, en un 50 por ciento las prerrogativas econ\u00f3micas que se [&hellip;]","og_url":"https:\/\/lospoliticosveracruz.com\/?p=64480","og_site_name":"Los pol\u00edticos Veracruz","article_publisher":"https:\/\/www.facebook.com\/people\/Notimemes-de-los-Polticos\/61565672886568\/","article_published_time":"2020-11-25T19:07:10+00:00","og_image":[{"width":200,"height":200,"url":"https:\/\/lospoliticosveracruz.com\/wp-content\/uploads\/2016\/07\/Logo-Dor.jpg","type":"image\/jpeg"}],"author":"Lo viste en Los Pol\u00edticos","twitter_card":"summary_large_image","twitter_creator":"@LosPoliticosVer","twitter_site":"@LosPoliticosVer","twitter_misc":{"Escrito por":"Lo viste en Los Pol\u00edticos","Tiempo de lectura":"2 minutos"},"schema":{"@context":"https:\/\/schema.org","@graph":[{"@type":"Article","@id":"https:\/\/lospoliticosveracruz.com\/?p=64480#article","isPartOf":{"@id":"https:\/\/lospoliticosveracruz.com\/?p=64480"},"author":{"name":"Lo viste en Los Pol\u00edticos","@id":"https:\/\/lospoliticosveracruz.com\/#\/schema\/person\/b8702bb0e538456e6efd07080bf2a4a2"},"headline":"Fin al despilfarro electoral en Veracruz!","datePublished":"2020-11-25T19:07:10+00:00","mainEntityOfPage":{"@id":"https:\/\/lospoliticosveracruz.com\/?p=64480"},"wordCount":458,"commentCount":0,"publisher":{"@id":"https:\/\/lospoliticosveracruz.com\/#organization"},"keywords":["Inconstitucionalidad","Legislatura del Congreso del Estado","Morena","proceso electoral","Raymundo Andrade","reforma electoral","SCJN","Suprema Corte de Justicia de la Naci\u00f3n"],"articleSection":["La Nota"],"inLanguage":"es","potentialAction":[{"@type":"CommentAction","name":"Comment","target":["https:\/\/lospoliticosveracruz.com\/?p=64480#respond"]}]},{"@type":"WebPage","@id":"https:\/\/lospoliticosveracruz.com\/?p=64480","url":"https:\/\/lospoliticosveracruz.com\/?p=64480","name":"Fin al despilfarro electoral en Veracruz! - Los pol\u00edticos Veracruz","isPartOf":{"@id":"https:\/\/lospoliticosveracruz.com\/#website"},"datePublished":"2020-11-25T19:07:10+00:00","breadcrumb":{"@id":"https:\/\/lospoliticosveracruz.com\/?p=64480#breadcrumb"},"inLanguage":"es","potentialAction":[{"@type":"ReadAction","target":["https:\/\/lospoliticosveracruz.com\/?p=64480"]}]},{"@type":"BreadcrumbList","@id":"https:\/\/lospoliticosveracruz.com\/?p=64480#breadcrumb","itemListElement":[{"@type":"ListItem","position":1,"name":"Portada","item":"https:\/\/lospoliticosveracruz.com\/"},{"@type":"ListItem","position":2,"name":"Fin al despilfarro electoral en Veracruz!"}]},{"@type":"WebSite","@id":"https:\/\/lospoliticosveracruz.com\/#website","url":"https:\/\/lospoliticosveracruz.com\/","name":"Los pol\u00edticos Veracruz","description":"","publisher":{"@id":"https:\/\/lospoliticosveracruz.com\/#organization"},"potentialAction":[{"@type":"SearchAction","target":{"@type":"EntryPoint","urlTemplate":"https:\/\/lospoliticosveracruz.com\/?s={search_term_string}"},"query-input":{"@type":"PropertyValueSpecification","valueRequired":true,"valueName":"search_term_string"}}],"inLanguage":"es"},{"@type":"Organization","@id":"https:\/\/lospoliticosveracruz.com\/#organization","name":"Los pol\u00edticos Veracruz","url":"https:\/\/lospoliticosveracruz.com\/","logo":{"@type":"ImageObject","inLanguage":"es","@id":"https:\/\/lospoliticosveracruz.com\/#\/schema\/logo\/image\/","url":"https:\/\/lospoliticosveracruz.com\/wp-content\/uploads\/2025\/12\/Logo-Nuevo-LOS-POLITICOS-1.jpg","contentUrl":"https:\/\/lospoliticosveracruz.com\/wp-content\/uploads\/2025\/12\/Logo-Nuevo-LOS-POLITICOS-1.jpg","width":260,"height":70,"caption":"Los pol\u00edticos Veracruz"},"image":{"@id":"https:\/\/lospoliticosveracruz.com\/#\/schema\/logo\/image\/"},"sameAs":["https:\/\/www.facebook.com\/people\/Notimemes-de-los-Polticos\/61565672886568\/","https:\/\/x.com\/LosPoliticosVer"]},{"@type":"Person","@id":"https:\/\/lospoliticosveracruz.com\/#\/schema\/person\/b8702bb0e538456e6efd07080bf2a4a2","name":"Lo viste en Los Pol\u00edticos","image":{"@type":"ImageObject","inLanguage":"es","@id":"https:\/\/secure.gravatar.com\/avatar\/3a8de04a2656d44082be478bd6c086daa447c4651605818287b9532d3d0bd435?s=96&d=mm&r=g","url":"https:\/\/secure.gravatar.com\/avatar\/3a8de04a2656d44082be478bd6c086daa447c4651605818287b9532d3d0bd435?s=96&d=mm&r=g","contentUrl":"https:\/\/secure.gravatar.com\/avatar\/3a8de04a2656d44082be478bd6c086daa447c4651605818287b9532d3d0bd435?s=96&d=mm&r=g","caption":"Lo viste en Los Pol\u00edticos"},"url":"https:\/\/lospoliticosveracruz.com\/?author=2"}]}},"_links":{"self":[{"href":"https:\/\/lospoliticosveracruz.com\/index.php?rest_route=\/wp\/v2\/posts\/64480","targetHints":{"allow":["GET"]}}],"collection":[{"href":"https:\/\/lospoliticosveracruz.com\/index.php?rest_route=\/wp\/v2\/posts"}],"about":[{"href":"https:\/\/lospoliticosveracruz.com\/index.php?rest_route=\/wp\/v2\/types\/post"}],"author":[{"embeddable":true,"href":"https:\/\/lospoliticosveracruz.com\/index.php?rest_route=\/wp\/v2\/users\/2"}],"replies":[{"embeddable":true,"href":"https:\/\/lospoliticosveracruz.com\/index.php?rest_route=%2Fwp%2Fv2%2Fcomments&post=64480"}],"version-history":[{"count":1,"href":"https:\/\/lospoliticosveracruz.com\/index.php?rest_route=\/wp\/v2\/posts\/64480\/revisions"}],"predecessor-version":[{"id":64483,"href":"https:\/\/lospoliticosveracruz.com\/index.php?rest_route=\/wp\/v2\/posts\/64480\/revisions\/64483"}],"wp:attachment":[{"href":"https:\/\/lospoliticosveracruz.com\/index.php?rest_route=%2Fwp%2Fv2%2Fmedia&parent=64480"}],"wp:term":[{"taxonomy":"category","embeddable":true,"href":"https:\/\/lospoliticosveracruz.com\/index.php?rest_route=%2Fwp%2Fv2%2Fcategories&post=64480"},{"taxonomy":"post_tag","embeddable":true,"href":"https:\/\/lospoliticosveracruz.com\/index.php?rest_route=%2Fwp%2Fv2%2Ftags&post=64480"}],"curies":[{"name":"wp","href":"https:\/\/api.w.org\/{rel}","templated":true}]}}