{"id":64490,"date":"2020-11-25T14:44:57","date_gmt":"2020-11-25T20:44:57","guid":{"rendered":"http:\/\/www.lospoliticosveracruz.com.mx\/?p=64490"},"modified":"2020-11-25T14:44:57","modified_gmt":"2020-11-25T20:44:57","slug":"reparten-violentometro-en-cordoba","status":"publish","type":"post","link":"https:\/\/lospoliticosveracruz.com\/?p=64490","title":{"rendered":"Reparten Violent\u00f3metro en C\u00f3rdoba!"},"content":{"rendered":"<p>&nbsp;<\/p>\n<p>La titular del Instituto Cordob\u00e9s de las Mujeres por la Igualdad, Sara Gabriela Palacios Hern\u00e1ndez, encabez\u00f3 la entrega de la herramienta para hacer conciencia entre la poblaci\u00f3n del riesgo en que puede estar una mujer que sufre violencia, misma que se le denomina violent\u00f3metro.<br \/>\nSara Gabriela Palacios se\u00f1al\u00f3 que primer paso para combatir la violencia contra las mujeres es identificarla, por lo que el violent\u00f3metro ayuda a ubicar el tipo de violencia y el grado de riesgo que enfrenta una mujer en su entorno, cabe destacar que esta herramienta fue desarrollada en el Instituto Polit\u00e9nico Nacional y su distribuci\u00f3n ha sido apoyada por instituciones p\u00fablicas as\u00ed como empresas privadas.<br \/>\nAgreg\u00f3 que, a partir de identificar el nivel de riesgo, las mujeres cuentan con el apoyo de las autoridades para activar los protocolos de actuaci\u00f3n de las instituciones p\u00fablicas que brindan apoyo, respaldo y seguimiento a estos casos.<br \/>\nLa servidora publica, destac\u00f3 la importancia de solicitar la intervenci\u00f3n, un paso que puede cambiar la vida de una mujer y de su entorno. Acentu\u00f3 que las mujeres en C\u00f3rdoba no est\u00e1n solas porque de necesitar ayuda cuentan con profesionales de la salud y en materia legal para dar acompa\u00f1amiento y seguridad a las v\u00edctimas de violencia de g\u00e9nero.<br \/>\nSara Gabriela Palacios destac\u00f3 que con la visi\u00f3n y el respaldo de la presidenta municipal, Leticia L\u00f3pez Landero, se trabaja de manera coordinada con el Centro de Atenci\u00f3n Integral a V\u00edctimas (CAIV) del DIF municipal quienes cuentan con un servicio multidisciplinario para cuidar de las mujeres que necesitan auxilio y albergue por situaciones de violencia.<br \/>\nTambi\u00e9n hizo un llamado a la poblaci\u00f3n a no normalizar los actos de violencia contra las mujeres y a ser parte de la soluci\u00f3n al proteger los derechos de las mujeres a vivir una vida libre de violencia, y puso a disposici\u00f3n la l\u00ednea telef\u00f3nica de ayuda, que es el 271 260 97 76.<br \/>\nLa titular del ICMI rechaz\u00f3 cualquier tipo de violencia en cualquiera de sus dimensiones ya que impiden el desarrollo pleno de las mujeres.<br \/>\nEl ayuntamiento de C\u00f3rdoba cuenta con la Unidad de Atenci\u00f3n a V\u00edctimas de Violencia de G\u00e9nero, la cual est\u00e1 conformada por 10 mujeres polic\u00edas para fungir como primeras respondientes ante casos de violencia hacia mujeres o intrafamiliar.<\/p>\n","protected":false},"excerpt":{"rendered":"<p>&nbsp; La titular del Instituto Cordob\u00e9s de las Mujeres por la Igualdad, Sara Gabriela Palacios Hern\u00e1ndez, encabez\u00f3 la entrega de la herramienta para hacer conciencia entre la poblaci\u00f3n del riesgo en que puede estar una mujer que sufre violencia, misma que se le denomina violent\u00f3metro. Sara Gabriela Palacios se\u00f1al\u00f3 que primer paso para combatir la [&hellip;]<\/p>\n","protected":false},"author":2,"featured_media":0,"comment_status":"open","ping_status":"open","sticky":false,"template":"","format":"standard","meta":{"tdm_status":"","tdm_grid_status":"","footnotes":""},"categories":[73],"tags":[23908,23909,5746,17309,23907,7641,8770,4182,3360],"class_list":{"0":"post-64490","1":"post","2":"type-post","3":"status-publish","4":"format-standard","6":"category-de-boleto","7":"tag-caiv","8":"tag-centro-de-atencion-integral-a-victimas","9":"tag-dif-municipal","10":"tag-instituto-cordobes-de-las-mujeres-por-la-igualdad","11":"tag-instituto-politenico-nacional","12":"tag-leticia-lopez-landero","13":"tag-sara-gabriela-palacios-hernandez","14":"tag-violencia-contra-las-mujeres","15":"tag-violencia-de-genero"},"yoast_head":"<!-- This site is optimized with the Yoast SEO plugin v27.4 - https:\/\/yoast.com\/product\/yoast-seo-wordpress\/ -->\n<title>Reparten Violent\u00f3metro en C\u00f3rdoba! - Los pol\u00edticos Veracruz<\/title>\n<meta name=\"robots\" content=\"index, follow, max-snippet:-1, max-image-preview:large, max-video-preview:-1\" \/>\n<link rel=\"canonical\" href=\"https:\/\/lospoliticosveracruz.com\/?p=64490\" \/>\n<meta property=\"og:locale\" content=\"es_ES\" \/>\n<meta property=\"og:type\" content=\"article\" \/>\n<meta property=\"og:title\" content=\"Reparten Violent\u00f3metro en C\u00f3rdoba! - Los pol\u00edticos Veracruz\" \/>\n<meta property=\"og:description\" content=\"&nbsp; La titular del Instituto Cordob\u00e9s de las Mujeres por la Igualdad, Sara Gabriela Palacios Hern\u00e1ndez, encabez\u00f3 la entrega de la herramienta para hacer conciencia entre la poblaci\u00f3n del riesgo en que puede estar una mujer que sufre violencia, misma que se le denomina violent\u00f3metro. Sara Gabriela Palacios se\u00f1al\u00f3 que primer paso para combatir la [&hellip;]\" \/>\n<meta property=\"og:url\" content=\"https:\/\/lospoliticosveracruz.com\/?p=64490\" \/>\n<meta property=\"og:site_name\" content=\"Los pol\u00edticos Veracruz\" \/>\n<meta property=\"article:publisher\" content=\"https:\/\/www.facebook.com\/people\/Notimemes-de-los-Polticos\/61565672886568\/\" \/>\n<meta property=\"article:published_time\" content=\"2020-11-25T20:44:57+00:00\" \/>\n<meta property=\"og:image\" content=\"https:\/\/lospoliticosveracruz.com\/wp-content\/uploads\/2016\/07\/Logo-Dor.jpg\" \/>\n\t<meta property=\"og:image:width\" content=\"200\" \/>\n\t<meta property=\"og:image:height\" content=\"200\" \/>\n\t<meta property=\"og:image:type\" content=\"image\/jpeg\" \/>\n<meta name=\"author\" content=\"Lo viste en Los Pol\u00edticos\" \/>\n<meta name=\"twitter:card\" content=\"summary_large_image\" \/>\n<meta name=\"twitter:creator\" content=\"@LosPoliticosVer\" \/>\n<meta name=\"twitter:site\" content=\"@LosPoliticosVer\" \/>\n<meta name=\"twitter:label1\" content=\"Escrito por\" \/>\n\t<meta name=\"twitter:data1\" content=\"Lo viste en Los Pol\u00edticos\" \/>\n\t<meta name=\"twitter:label2\" content=\"Tiempo de lectura\" \/>\n\t<meta name=\"twitter:data2\" content=\"2 minutos\" \/>\n<script type=\"application\/ld+json\" class=\"yoast-schema-graph\">{\"@context\":\"https:\\\/\\\/schema.org\",\"@graph\":[{\"@type\":\"Article\",\"@id\":\"https:\\\/\\\/lospoliticosveracruz.com\\\/?p=64490#article\",\"isPartOf\":{\"@id\":\"https:\\\/\\\/lospoliticosveracruz.com\\\/?p=64490\"},\"author\":{\"name\":\"Lo viste en Los Pol\u00edticos\",\"@id\":\"https:\\\/\\\/lospoliticosveracruz.com\\\/#\\\/schema\\\/person\\\/b8702bb0e538456e6efd07080bf2a4a2\"},\"headline\":\"Reparten Violent\u00f3metro en C\u00f3rdoba!\",\"datePublished\":\"2020-11-25T20:44:57+00:00\",\"mainEntityOfPage\":{\"@id\":\"https:\\\/\\\/lospoliticosveracruz.com\\\/?p=64490\"},\"wordCount\":409,\"commentCount\":0,\"publisher\":{\"@id\":\"https:\\\/\\\/lospoliticosveracruz.com\\\/#organization\"},\"keywords\":[\"CAIV\",\"Centro de Atenci\u00f3n Integral a V\u00edctimas\",\"DIF municipal\",\"Instituto Cordob\u00e9s de las Mujeres por la Igualdad\",\"Instituto Polit\u00e9nico Nacional\",\"Leticia L\u00f3pez Landero\",\"Sara Gabriela Palacios Hern\u00e1ndez\",\"Violencia contra las mujeres\",\"violencia de g\u00e9nero\"],\"articleSection\":[\"De Boleto\"],\"inLanguage\":\"es\",\"potentialAction\":[{\"@type\":\"CommentAction\",\"name\":\"Comment\",\"target\":[\"https:\\\/\\\/lospoliticosveracruz.com\\\/?p=64490#respond\"]}]},{\"@type\":\"WebPage\",\"@id\":\"https:\\\/\\\/lospoliticosveracruz.com\\\/?p=64490\",\"url\":\"https:\\\/\\\/lospoliticosveracruz.com\\\/?p=64490\",\"name\":\"Reparten Violent\u00f3metro en C\u00f3rdoba! - Los pol\u00edticos Veracruz\",\"isPartOf\":{\"@id\":\"https:\\\/\\\/lospoliticosveracruz.com\\\/#website\"},\"datePublished\":\"2020-11-25T20:44:57+00:00\",\"breadcrumb\":{\"@id\":\"https:\\\/\\\/lospoliticosveracruz.com\\\/?p=64490#breadcrumb\"},\"inLanguage\":\"es\",\"potentialAction\":[{\"@type\":\"ReadAction\",\"target\":[\"https:\\\/\\\/lospoliticosveracruz.com\\\/?p=64490\"]}]},{\"@type\":\"BreadcrumbList\",\"@id\":\"https:\\\/\\\/lospoliticosveracruz.com\\\/?p=64490#breadcrumb\",\"itemListElement\":[{\"@type\":\"ListItem\",\"position\":1,\"name\":\"Portada\",\"item\":\"https:\\\/\\\/lospoliticosveracruz.com\\\/\"},{\"@type\":\"ListItem\",\"position\":2,\"name\":\"Reparten Violent\u00f3metro en C\u00f3rdoba!\"}]},{\"@type\":\"WebSite\",\"@id\":\"https:\\\/\\\/lospoliticosveracruz.com\\\/#website\",\"url\":\"https:\\\/\\\/lospoliticosveracruz.com\\\/\",\"name\":\"Los pol\u00edticos Veracruz\",\"description\":\"\",\"publisher\":{\"@id\":\"https:\\\/\\\/lospoliticosveracruz.com\\\/#organization\"},\"potentialAction\":[{\"@type\":\"SearchAction\",\"target\":{\"@type\":\"EntryPoint\",\"urlTemplate\":\"https:\\\/\\\/lospoliticosveracruz.com\\\/?s={search_term_string}\"},\"query-input\":{\"@type\":\"PropertyValueSpecification\",\"valueRequired\":true,\"valueName\":\"search_term_string\"}}],\"inLanguage\":\"es\"},{\"@type\":\"Organization\",\"@id\":\"https:\\\/\\\/lospoliticosveracruz.com\\\/#organization\",\"name\":\"Los pol\u00edticos Veracruz\",\"url\":\"https:\\\/\\\/lospoliticosveracruz.com\\\/\",\"logo\":{\"@type\":\"ImageObject\",\"inLanguage\":\"es\",\"@id\":\"https:\\\/\\\/lospoliticosveracruz.com\\\/#\\\/schema\\\/logo\\\/image\\\/\",\"url\":\"https:\\\/\\\/lospoliticosveracruz.com\\\/wp-content\\\/uploads\\\/2025\\\/12\\\/Logo-Nuevo-LOS-POLITICOS-1.jpg\",\"contentUrl\":\"https:\\\/\\\/lospoliticosveracruz.com\\\/wp-content\\\/uploads\\\/2025\\\/12\\\/Logo-Nuevo-LOS-POLITICOS-1.jpg\",\"width\":260,\"height\":70,\"caption\":\"Los pol\u00edticos Veracruz\"},\"image\":{\"@id\":\"https:\\\/\\\/lospoliticosveracruz.com\\\/#\\\/schema\\\/logo\\\/image\\\/\"},\"sameAs\":[\"https:\\\/\\\/www.facebook.com\\\/people\\\/Notimemes-de-los-Polticos\\\/61565672886568\\\/\",\"https:\\\/\\\/x.com\\\/LosPoliticosVer\"]},{\"@type\":\"Person\",\"@id\":\"https:\\\/\\\/lospoliticosveracruz.com\\\/#\\\/schema\\\/person\\\/b8702bb0e538456e6efd07080bf2a4a2\",\"name\":\"Lo viste en Los Pol\u00edticos\",\"image\":{\"@type\":\"ImageObject\",\"inLanguage\":\"es\",\"@id\":\"https:\\\/\\\/secure.gravatar.com\\\/avatar\\\/3a8de04a2656d44082be478bd6c086daa447c4651605818287b9532d3d0bd435?s=96&d=mm&r=g\",\"url\":\"https:\\\/\\\/secure.gravatar.com\\\/avatar\\\/3a8de04a2656d44082be478bd6c086daa447c4651605818287b9532d3d0bd435?s=96&d=mm&r=g\",\"contentUrl\":\"https:\\\/\\\/secure.gravatar.com\\\/avatar\\\/3a8de04a2656d44082be478bd6c086daa447c4651605818287b9532d3d0bd435?s=96&d=mm&r=g\",\"caption\":\"Lo viste en Los Pol\u00edticos\"},\"url\":\"https:\\\/\\\/lospoliticosveracruz.com\\\/?author=2\"}]}<\/script>\n<!-- \/ Yoast SEO plugin. -->","yoast_head_json":{"title":"Reparten Violent\u00f3metro en C\u00f3rdoba! - Los pol\u00edticos Veracruz","robots":{"index":"index","follow":"follow","max-snippet":"max-snippet:-1","max-image-preview":"max-image-preview:large","max-video-preview":"max-video-preview:-1"},"canonical":"https:\/\/lospoliticosveracruz.com\/?p=64490","og_locale":"es_ES","og_type":"article","og_title":"Reparten Violent\u00f3metro en C\u00f3rdoba! - Los pol\u00edticos Veracruz","og_description":"&nbsp; La titular del Instituto Cordob\u00e9s de las Mujeres por la Igualdad, Sara Gabriela Palacios Hern\u00e1ndez, encabez\u00f3 la entrega de la herramienta para hacer conciencia entre la poblaci\u00f3n del riesgo en que puede estar una mujer que sufre violencia, misma que se le denomina violent\u00f3metro. Sara Gabriela Palacios se\u00f1al\u00f3 que primer paso para combatir la [&hellip;]","og_url":"https:\/\/lospoliticosveracruz.com\/?p=64490","og_site_name":"Los pol\u00edticos Veracruz","article_publisher":"https:\/\/www.facebook.com\/people\/Notimemes-de-los-Polticos\/61565672886568\/","article_published_time":"2020-11-25T20:44:57+00:00","og_image":[{"width":200,"height":200,"url":"https:\/\/lospoliticosveracruz.com\/wp-content\/uploads\/2016\/07\/Logo-Dor.jpg","type":"image\/jpeg"}],"author":"Lo viste en Los Pol\u00edticos","twitter_card":"summary_large_image","twitter_creator":"@LosPoliticosVer","twitter_site":"@LosPoliticosVer","twitter_misc":{"Escrito por":"Lo viste en Los Pol\u00edticos","Tiempo de lectura":"2 minutos"},"schema":{"@context":"https:\/\/schema.org","@graph":[{"@type":"Article","@id":"https:\/\/lospoliticosveracruz.com\/?p=64490#article","isPartOf":{"@id":"https:\/\/lospoliticosveracruz.com\/?p=64490"},"author":{"name":"Lo viste en Los Pol\u00edticos","@id":"https:\/\/lospoliticosveracruz.com\/#\/schema\/person\/b8702bb0e538456e6efd07080bf2a4a2"},"headline":"Reparten Violent\u00f3metro en C\u00f3rdoba!","datePublished":"2020-11-25T20:44:57+00:00","mainEntityOfPage":{"@id":"https:\/\/lospoliticosveracruz.com\/?p=64490"},"wordCount":409,"commentCount":0,"publisher":{"@id":"https:\/\/lospoliticosveracruz.com\/#organization"},"keywords":["CAIV","Centro de Atenci\u00f3n Integral a V\u00edctimas","DIF municipal","Instituto Cordob\u00e9s de las Mujeres por la Igualdad","Instituto Polit\u00e9nico Nacional","Leticia L\u00f3pez Landero","Sara Gabriela Palacios Hern\u00e1ndez","Violencia contra las mujeres","violencia de g\u00e9nero"],"articleSection":["De Boleto"],"inLanguage":"es","potentialAction":[{"@type":"CommentAction","name":"Comment","target":["https:\/\/lospoliticosveracruz.com\/?p=64490#respond"]}]},{"@type":"WebPage","@id":"https:\/\/lospoliticosveracruz.com\/?p=64490","url":"https:\/\/lospoliticosveracruz.com\/?p=64490","name":"Reparten Violent\u00f3metro en C\u00f3rdoba! - Los pol\u00edticos Veracruz","isPartOf":{"@id":"https:\/\/lospoliticosveracruz.com\/#website"},"datePublished":"2020-11-25T20:44:57+00:00","breadcrumb":{"@id":"https:\/\/lospoliticosveracruz.com\/?p=64490#breadcrumb"},"inLanguage":"es","potentialAction":[{"@type":"ReadAction","target":["https:\/\/lospoliticosveracruz.com\/?p=64490"]}]},{"@type":"BreadcrumbList","@id":"https:\/\/lospoliticosveracruz.com\/?p=64490#breadcrumb","itemListElement":[{"@type":"ListItem","position":1,"name":"Portada","item":"https:\/\/lospoliticosveracruz.com\/"},{"@type":"ListItem","position":2,"name":"Reparten Violent\u00f3metro en C\u00f3rdoba!"}]},{"@type":"WebSite","@id":"https:\/\/lospoliticosveracruz.com\/#website","url":"https:\/\/lospoliticosveracruz.com\/","name":"Los pol\u00edticos Veracruz","description":"","publisher":{"@id":"https:\/\/lospoliticosveracruz.com\/#organization"},"potentialAction":[{"@type":"SearchAction","target":{"@type":"EntryPoint","urlTemplate":"https:\/\/lospoliticosveracruz.com\/?s={search_term_string}"},"query-input":{"@type":"PropertyValueSpecification","valueRequired":true,"valueName":"search_term_string"}}],"inLanguage":"es"},{"@type":"Organization","@id":"https:\/\/lospoliticosveracruz.com\/#organization","name":"Los pol\u00edticos Veracruz","url":"https:\/\/lospoliticosveracruz.com\/","logo":{"@type":"ImageObject","inLanguage":"es","@id":"https:\/\/lospoliticosveracruz.com\/#\/schema\/logo\/image\/","url":"https:\/\/lospoliticosveracruz.com\/wp-content\/uploads\/2025\/12\/Logo-Nuevo-LOS-POLITICOS-1.jpg","contentUrl":"https:\/\/lospoliticosveracruz.com\/wp-content\/uploads\/2025\/12\/Logo-Nuevo-LOS-POLITICOS-1.jpg","width":260,"height":70,"caption":"Los pol\u00edticos Veracruz"},"image":{"@id":"https:\/\/lospoliticosveracruz.com\/#\/schema\/logo\/image\/"},"sameAs":["https:\/\/www.facebook.com\/people\/Notimemes-de-los-Polticos\/61565672886568\/","https:\/\/x.com\/LosPoliticosVer"]},{"@type":"Person","@id":"https:\/\/lospoliticosveracruz.com\/#\/schema\/person\/b8702bb0e538456e6efd07080bf2a4a2","name":"Lo viste en Los Pol\u00edticos","image":{"@type":"ImageObject","inLanguage":"es","@id":"https:\/\/secure.gravatar.com\/avatar\/3a8de04a2656d44082be478bd6c086daa447c4651605818287b9532d3d0bd435?s=96&d=mm&r=g","url":"https:\/\/secure.gravatar.com\/avatar\/3a8de04a2656d44082be478bd6c086daa447c4651605818287b9532d3d0bd435?s=96&d=mm&r=g","contentUrl":"https:\/\/secure.gravatar.com\/avatar\/3a8de04a2656d44082be478bd6c086daa447c4651605818287b9532d3d0bd435?s=96&d=mm&r=g","caption":"Lo viste en Los Pol\u00edticos"},"url":"https:\/\/lospoliticosveracruz.com\/?author=2"}]}},"_links":{"self":[{"href":"https:\/\/lospoliticosveracruz.com\/index.php?rest_route=\/wp\/v2\/posts\/64490","targetHints":{"allow":["GET"]}}],"collection":[{"href":"https:\/\/lospoliticosveracruz.com\/index.php?rest_route=\/wp\/v2\/posts"}],"about":[{"href":"https:\/\/lospoliticosveracruz.com\/index.php?rest_route=\/wp\/v2\/types\/post"}],"author":[{"embeddable":true,"href":"https:\/\/lospoliticosveracruz.com\/index.php?rest_route=\/wp\/v2\/users\/2"}],"replies":[{"embeddable":true,"href":"https:\/\/lospoliticosveracruz.com\/index.php?rest_route=%2Fwp%2Fv2%2Fcomments&post=64490"}],"version-history":[{"count":1,"href":"https:\/\/lospoliticosveracruz.com\/index.php?rest_route=\/wp\/v2\/posts\/64490\/revisions"}],"predecessor-version":[{"id":64492,"href":"https:\/\/lospoliticosveracruz.com\/index.php?rest_route=\/wp\/v2\/posts\/64490\/revisions\/64492"}],"wp:attachment":[{"href":"https:\/\/lospoliticosveracruz.com\/index.php?rest_route=%2Fwp%2Fv2%2Fmedia&parent=64490"}],"wp:term":[{"taxonomy":"category","embeddable":true,"href":"https:\/\/lospoliticosveracruz.com\/index.php?rest_route=%2Fwp%2Fv2%2Fcategories&post=64490"},{"taxonomy":"post_tag","embeddable":true,"href":"https:\/\/lospoliticosveracruz.com\/index.php?rest_route=%2Fwp%2Fv2%2Ftags&post=64490"}],"curies":[{"name":"wp","href":"https:\/\/api.w.org\/{rel}","templated":true}]}}