{"id":64504,"date":"2020-11-25T17:44:55","date_gmt":"2020-11-25T23:44:55","guid":{"rendered":"http:\/\/www.lospoliticosveracruz.com.mx\/?p=64504"},"modified":"2020-11-25T17:44:55","modified_gmt":"2020-11-25T23:44:55","slug":"pensar-y-golpear-al-mismo-tiempo","status":"publish","type":"post","link":"https:\/\/lospoliticosveracruz.com\/?p=64504","title":{"rendered":"Pensar y golpear al mismo tiempo"},"content":{"rendered":"<p>&nbsp;<\/p>\n<p><strong>Jorge Arturo Rodr\u00edguez<\/strong><\/p>\n<p><em>Tierra de Babel<\/em><\/p>\n<p>\u201cTodas las mujeres son iguales, pero cada una es diferente a la otra\u201d. (Carlos Drummond de Andrade).<\/p>\n<p>No s\u00e9 si realmente la totalidad de la 4T sea feminista, porque se ha conocido de cada caso, ah\u00ed mismito dentro de la Cuarta Transformaci\u00f3n, de malandrines y asociados que no saben ni lo que eso significa y mucho menos les importa; es m\u00e1s, les vale madres. En lo que s\u00ed estoy de acuerdo, y eso est\u00e1 en veremos pues el tiempo pasa y nos estamos volviendo viejos, es en lo que expres\u00f3 la secretaria de Gobernaci\u00f3n (Segob), Olga S\u00e1nchez Cordero: \u201cTenemos una deuda hist\u00f3rica con las mujeres en especial con las v\u00edctimas de violencia, y no podemos permitir la impunidad, pero tampoco lo permitiremos ni lo haremos, la corrupci\u00f3n y la impunidad son parte de la violencia estructural y el Estado debe hacerse responsable de no generar estas v\u00edctimas\u201d. \u00a1Aj\u00e1! \u00bfC\u00f3mo ves?, le dijo el ciego al tuerto. Porque ya no se puede esperar y mucho menos aguantar m\u00e1s. S\u00e1nchez Cordero ofreci\u00f3 algunos datos estad\u00edsticos (\u00a1otra vez!), entre ellos, que 6 de cada 10 mujeres han vivido alg\u00fan tipo de violencia, 8 de cada 10 sienten temor en las calles, cada d\u00eda 32 ni\u00f1as entre 10 y 14 a\u00f1os se convierten en madres como v\u00edctimas de violencia. O sea, M\u00e9xico anda de la chingada y no se ve un horizonte promisorio. Y como siempre, falta mucho por hacer.<br \/>\nLa ONU dijo que la violencia contra las mujeres y las ni\u00f1as, ha generado que en M\u00e9xico 7 de cada 10 mujeres hayan enfrentado alg\u00fan tipo de violencia, y anot\u00f3 que \u201cla violencia contra las mujeres y las ni\u00f1as es una pandemia que no hemos logrado erradicar y que afecta a todos los pa\u00edses del mundo\u201d; convoc\u00f3 a los gobiernos y a la sociedad en su conjunto a \u201chacer frente a otra pandemia: la violencia contra las mujeres\u201d.<br \/>\nClaro, en el D\u00eda Internacional de la Eliminaci\u00f3n de la Violencia contra la Mujer, porque ma\u00f1ana ya es otro p\u2026problema, donde deben asistir otros discursos. Mientras, mijita, a darle duro pa\u2019 la papa\u2026<br \/>\nAna Karen Garc\u00eda, en su art\u00edculo \u201c25N: la desigualdad de g\u00e9nero tambi\u00e9n es una violencia\u201d, escribi\u00f3: \u201cA\u00fan con los avances significativos en algunas naciones y algunos m\u00e1s modestos en otras, todav\u00eda ning\u00fan pa\u00eds en el globo ha logrado la paridad de g\u00e9nero, y de acuerdo con las estimaciones realizadas en el Foro Econ\u00f3mico Mundial, el camino todav\u00eda es largo: a este paso todav\u00eda tendremos que esperar 200 a\u00f1os para habitar un mundo en el que hombres y mujeres se encuentren en iguales condiciones econ\u00f3micas y sociales.<br \/>\n\u201cEn este sentido, se enfatiza tambi\u00e9n la necesidad de integrar una perspectiva interseccional cuando se habla de violencia de g\u00e9nero; la Oxfam resalta que \u201cpese a que usualmente pensamos que hablar de violencia hacia las mujeres es hablar s\u00f3lo de golpes, y aunque la prevalencia de la violencia f\u00edsica y sexual contra las mujeres es ampliamente reconocida, existen otras formas de violencia estructural \u2013menos visibles, pero igualmente presentes\u2013 como la violencia econ\u00f3mica\u201d. (<a href=\"http:\/\/eleconomista.com.mx\/\"><em><strong>eleconomista.com.mx<\/strong><\/em><\/a>, 25\/11\/20). Ah\u00ed est\u00e1 el otro p\u2026problema.<br \/>\nEscribi\u00f3 Susan Sontag: \u201cParafraseando a los sabios: Nadie puede pensar y golpear a alguien al mismo tiempo\u201d. Quien entendi\u00f3, entendi\u00f3.<\/p>\n<p><em><strong>Los d\u00edas y los temas<\/strong><\/em><\/p>\n<p>\u00bfUsted puede sobrevivir, por 15 d\u00edas, con una canasta b\u00e1sica o despensa de mil pesos? Quiz\u00e1s s\u00ed, quiz\u00e1s no. Todo depende del cristal con que se mire o las panzas que se tenga que mantener. En todo caso, el exsecretario ejecutivo del Coneval, Gonzalo Hern\u00e1ndez Licona, sostuvo que a 55 millones de personas en M\u00e9xico no les alcanza para una canasta b\u00e1sica. En entrevista con Luis C\u00e1rdenas, a\u00f1adi\u00f3 que en este a\u00f1o hubo mucha gente que se qued\u00f3 sin chamba, gente cuyo ingreso baj\u00f3 much\u00edsimo. Son familias, cuya principal fuente de ingresos es el trabajo. Hay m\u00e1s gente con ingresos laborales tan bajos, que no se permite comprar una canasta alimentaria para los miembros de la familia.<br \/>\nY agreg\u00f3: \u201cTenemos una tragedia triple: aumentan los problemas de salud, aumenta la mortalidad y aumenta el problema econ\u00f3mico, que se hace mucho m\u00e1s complicado\u201d. (<a href=\"http:\/\/mvsnoticias.com\/\"><em><strong>mvsnoticias.com<\/strong><\/em><\/a>, 25\/11\/20).<br \/>\nLo seguro es que al secretario de Desarrollo Social (Sedesol) en Veracruz, Guillermo Fern\u00e1ndez S\u00e1nchez, no le alcanza para nada una despensa de mil pesos. \u00bfO s\u00ed?<\/p>\n<p>De cinismo y anexas<\/p>\n<p>De Ram\u00f3n G\u00f3mez de la Serna: \u201cEl femenino del \u00abotro yo\u00bb es el \u00abotro ya\u00bb.<br \/>\nAh\u00ed se ven.<\/p>\n","protected":false},"excerpt":{"rendered":"<p>&nbsp; Jorge Arturo Rodr\u00edguez Tierra de Babel \u201cTodas las mujeres son iguales, pero cada una es diferente a la otra\u201d. (Carlos Drummond de Andrade). No s\u00e9 si realmente la totalidad de la 4T sea feminista, porque se ha conocido de cada caso, ah\u00ed mismito dentro de la Cuarta Transformaci\u00f3n, de malandrines y asociados que no [&hellip;]<\/p>\n","protected":false},"author":2,"featured_media":0,"comment_status":"open","ping_status":"open","sticky":false,"template":"","format":"standard","meta":{"tdm_status":"","tdm_grid_status":"","footnotes":""},"categories":[70],"tags":[17426,1824,282,12744,23921,9796,23922,15116,687,385,715,3157,4182],"class_list":{"0":"post-64504","1":"post","2":"type-post","3":"status-publish","4":"format-standard","6":"category-de-opinion","7":"tag-4t","8":"tag-coneval","9":"tag-corrupcion","10":"tag-cuarta-transformacion","11":"tag-eliminacion-de-la-violencia","12":"tag-feminista","13":"tag-gonzalo-hernandez-licona","14":"tag-guillermo-fernandez-sanchez","15":"tag-olga-sanchez-cordero","16":"tag-onu","17":"tag-sedesol","18":"tag-segob","19":"tag-violencia-contra-las-mujeres"},"yoast_head":"<!-- This site is optimized with the Yoast SEO plugin v27.4 - https:\/\/yoast.com\/product\/yoast-seo-wordpress\/ -->\n<title>Pensar y golpear al mismo tiempo - Los pol\u00edticos Veracruz<\/title>\n<meta name=\"robots\" content=\"index, follow, max-snippet:-1, max-image-preview:large, max-video-preview:-1\" \/>\n<link rel=\"canonical\" href=\"https:\/\/lospoliticosveracruz.com\/?p=64504\" \/>\n<meta property=\"og:locale\" content=\"es_ES\" \/>\n<meta property=\"og:type\" content=\"article\" \/>\n<meta property=\"og:title\" content=\"Pensar y golpear al mismo tiempo - Los pol\u00edticos Veracruz\" \/>\n<meta property=\"og:description\" content=\"&nbsp; Jorge Arturo Rodr\u00edguez Tierra de Babel \u201cTodas las mujeres son iguales, pero cada una es diferente a la otra\u201d. (Carlos Drummond de Andrade). No s\u00e9 si realmente la totalidad de la 4T sea feminista, porque se ha conocido de cada caso, ah\u00ed mismito dentro de la Cuarta Transformaci\u00f3n, de malandrines y asociados que no [&hellip;]\" \/>\n<meta property=\"og:url\" content=\"https:\/\/lospoliticosveracruz.com\/?p=64504\" \/>\n<meta property=\"og:site_name\" content=\"Los pol\u00edticos Veracruz\" \/>\n<meta property=\"article:publisher\" content=\"https:\/\/www.facebook.com\/people\/Notimemes-de-los-Polticos\/61565672886568\/\" \/>\n<meta property=\"article:published_time\" content=\"2020-11-25T23:44:55+00:00\" \/>\n<meta property=\"og:image\" content=\"https:\/\/lospoliticosveracruz.com\/wp-content\/uploads\/2016\/07\/Logo-Dor.jpg\" \/>\n\t<meta property=\"og:image:width\" content=\"200\" \/>\n\t<meta property=\"og:image:height\" content=\"200\" \/>\n\t<meta property=\"og:image:type\" content=\"image\/jpeg\" \/>\n<meta name=\"author\" content=\"Lo viste en Los Pol\u00edticos\" \/>\n<meta name=\"twitter:card\" content=\"summary_large_image\" \/>\n<meta name=\"twitter:creator\" content=\"@LosPoliticosVer\" \/>\n<meta name=\"twitter:site\" content=\"@LosPoliticosVer\" \/>\n<meta name=\"twitter:label1\" content=\"Escrito por\" \/>\n\t<meta name=\"twitter:data1\" content=\"Lo viste en Los Pol\u00edticos\" \/>\n\t<meta name=\"twitter:label2\" content=\"Tiempo de lectura\" \/>\n\t<meta name=\"twitter:data2\" content=\"4 minutos\" \/>\n<script type=\"application\/ld+json\" class=\"yoast-schema-graph\">{\"@context\":\"https:\\\/\\\/schema.org\",\"@graph\":[{\"@type\":\"Article\",\"@id\":\"https:\\\/\\\/lospoliticosveracruz.com\\\/?p=64504#article\",\"isPartOf\":{\"@id\":\"https:\\\/\\\/lospoliticosveracruz.com\\\/?p=64504\"},\"author\":{\"name\":\"Lo viste en Los Pol\u00edticos\",\"@id\":\"https:\\\/\\\/lospoliticosveracruz.com\\\/#\\\/schema\\\/person\\\/b8702bb0e538456e6efd07080bf2a4a2\"},\"headline\":\"Pensar y golpear al mismo tiempo\",\"datePublished\":\"2020-11-25T23:44:55+00:00\",\"mainEntityOfPage\":{\"@id\":\"https:\\\/\\\/lospoliticosveracruz.com\\\/?p=64504\"},\"wordCount\":800,\"commentCount\":0,\"publisher\":{\"@id\":\"https:\\\/\\\/lospoliticosveracruz.com\\\/#organization\"},\"keywords\":[\"4T\",\"Coneval\",\"corrupci\u00f3n\",\"Cuarta Transformaci\u00f3n\",\"Eliminaci\u00f3n de la Violencia\",\"feminista\",\"Gonzalo Hern\u00e1ndez Licona\",\"Guillermo Fern\u00e1ndez S\u00e1nchez\",\"Olga S\u00e1nchez Cordero\",\"ONU\",\"Sedesol\",\"Segob\",\"Violencia contra las mujeres\"],\"articleSection\":[\"De Opini\u00f3n\"],\"inLanguage\":\"es\",\"potentialAction\":[{\"@type\":\"CommentAction\",\"name\":\"Comment\",\"target\":[\"https:\\\/\\\/lospoliticosveracruz.com\\\/?p=64504#respond\"]}]},{\"@type\":\"WebPage\",\"@id\":\"https:\\\/\\\/lospoliticosveracruz.com\\\/?p=64504\",\"url\":\"https:\\\/\\\/lospoliticosveracruz.com\\\/?p=64504\",\"name\":\"Pensar y golpear al mismo tiempo - Los pol\u00edticos Veracruz\",\"isPartOf\":{\"@id\":\"https:\\\/\\\/lospoliticosveracruz.com\\\/#website\"},\"datePublished\":\"2020-11-25T23:44:55+00:00\",\"breadcrumb\":{\"@id\":\"https:\\\/\\\/lospoliticosveracruz.com\\\/?p=64504#breadcrumb\"},\"inLanguage\":\"es\",\"potentialAction\":[{\"@type\":\"ReadAction\",\"target\":[\"https:\\\/\\\/lospoliticosveracruz.com\\\/?p=64504\"]}]},{\"@type\":\"BreadcrumbList\",\"@id\":\"https:\\\/\\\/lospoliticosveracruz.com\\\/?p=64504#breadcrumb\",\"itemListElement\":[{\"@type\":\"ListItem\",\"position\":1,\"name\":\"Portada\",\"item\":\"https:\\\/\\\/lospoliticosveracruz.com\\\/\"},{\"@type\":\"ListItem\",\"position\":2,\"name\":\"Pensar y golpear al mismo tiempo\"}]},{\"@type\":\"WebSite\",\"@id\":\"https:\\\/\\\/lospoliticosveracruz.com\\\/#website\",\"url\":\"https:\\\/\\\/lospoliticosveracruz.com\\\/\",\"name\":\"Los pol\u00edticos Veracruz\",\"description\":\"\",\"publisher\":{\"@id\":\"https:\\\/\\\/lospoliticosveracruz.com\\\/#organization\"},\"potentialAction\":[{\"@type\":\"SearchAction\",\"target\":{\"@type\":\"EntryPoint\",\"urlTemplate\":\"https:\\\/\\\/lospoliticosveracruz.com\\\/?s={search_term_string}\"},\"query-input\":{\"@type\":\"PropertyValueSpecification\",\"valueRequired\":true,\"valueName\":\"search_term_string\"}}],\"inLanguage\":\"es\"},{\"@type\":\"Organization\",\"@id\":\"https:\\\/\\\/lospoliticosveracruz.com\\\/#organization\",\"name\":\"Los pol\u00edticos Veracruz\",\"url\":\"https:\\\/\\\/lospoliticosveracruz.com\\\/\",\"logo\":{\"@type\":\"ImageObject\",\"inLanguage\":\"es\",\"@id\":\"https:\\\/\\\/lospoliticosveracruz.com\\\/#\\\/schema\\\/logo\\\/image\\\/\",\"url\":\"https:\\\/\\\/lospoliticosveracruz.com\\\/wp-content\\\/uploads\\\/2025\\\/12\\\/Logo-Nuevo-LOS-POLITICOS-1.jpg\",\"contentUrl\":\"https:\\\/\\\/lospoliticosveracruz.com\\\/wp-content\\\/uploads\\\/2025\\\/12\\\/Logo-Nuevo-LOS-POLITICOS-1.jpg\",\"width\":260,\"height\":70,\"caption\":\"Los pol\u00edticos Veracruz\"},\"image\":{\"@id\":\"https:\\\/\\\/lospoliticosveracruz.com\\\/#\\\/schema\\\/logo\\\/image\\\/\"},\"sameAs\":[\"https:\\\/\\\/www.facebook.com\\\/people\\\/Notimemes-de-los-Polticos\\\/61565672886568\\\/\",\"https:\\\/\\\/x.com\\\/LosPoliticosVer\"]},{\"@type\":\"Person\",\"@id\":\"https:\\\/\\\/lospoliticosveracruz.com\\\/#\\\/schema\\\/person\\\/b8702bb0e538456e6efd07080bf2a4a2\",\"name\":\"Lo viste en Los Pol\u00edticos\",\"image\":{\"@type\":\"ImageObject\",\"inLanguage\":\"es\",\"@id\":\"https:\\\/\\\/secure.gravatar.com\\\/avatar\\\/3a8de04a2656d44082be478bd6c086daa447c4651605818287b9532d3d0bd435?s=96&d=mm&r=g\",\"url\":\"https:\\\/\\\/secure.gravatar.com\\\/avatar\\\/3a8de04a2656d44082be478bd6c086daa447c4651605818287b9532d3d0bd435?s=96&d=mm&r=g\",\"contentUrl\":\"https:\\\/\\\/secure.gravatar.com\\\/avatar\\\/3a8de04a2656d44082be478bd6c086daa447c4651605818287b9532d3d0bd435?s=96&d=mm&r=g\",\"caption\":\"Lo viste en Los Pol\u00edticos\"},\"url\":\"https:\\\/\\\/lospoliticosveracruz.com\\\/?author=2\"}]}<\/script>\n<!-- \/ Yoast SEO plugin. -->","yoast_head_json":{"title":"Pensar y golpear al mismo tiempo - Los pol\u00edticos Veracruz","robots":{"index":"index","follow":"follow","max-snippet":"max-snippet:-1","max-image-preview":"max-image-preview:large","max-video-preview":"max-video-preview:-1"},"canonical":"https:\/\/lospoliticosveracruz.com\/?p=64504","og_locale":"es_ES","og_type":"article","og_title":"Pensar y golpear al mismo tiempo - Los pol\u00edticos Veracruz","og_description":"&nbsp; Jorge Arturo Rodr\u00edguez Tierra de Babel \u201cTodas las mujeres son iguales, pero cada una es diferente a la otra\u201d. (Carlos Drummond de Andrade). No s\u00e9 si realmente la totalidad de la 4T sea feminista, porque se ha conocido de cada caso, ah\u00ed mismito dentro de la Cuarta Transformaci\u00f3n, de malandrines y asociados que no [&hellip;]","og_url":"https:\/\/lospoliticosveracruz.com\/?p=64504","og_site_name":"Los pol\u00edticos Veracruz","article_publisher":"https:\/\/www.facebook.com\/people\/Notimemes-de-los-Polticos\/61565672886568\/","article_published_time":"2020-11-25T23:44:55+00:00","og_image":[{"width":200,"height":200,"url":"https:\/\/lospoliticosveracruz.com\/wp-content\/uploads\/2016\/07\/Logo-Dor.jpg","type":"image\/jpeg"}],"author":"Lo viste en Los Pol\u00edticos","twitter_card":"summary_large_image","twitter_creator":"@LosPoliticosVer","twitter_site":"@LosPoliticosVer","twitter_misc":{"Escrito por":"Lo viste en Los Pol\u00edticos","Tiempo de lectura":"4 minutos"},"schema":{"@context":"https:\/\/schema.org","@graph":[{"@type":"Article","@id":"https:\/\/lospoliticosveracruz.com\/?p=64504#article","isPartOf":{"@id":"https:\/\/lospoliticosveracruz.com\/?p=64504"},"author":{"name":"Lo viste en Los Pol\u00edticos","@id":"https:\/\/lospoliticosveracruz.com\/#\/schema\/person\/b8702bb0e538456e6efd07080bf2a4a2"},"headline":"Pensar y golpear al mismo tiempo","datePublished":"2020-11-25T23:44:55+00:00","mainEntityOfPage":{"@id":"https:\/\/lospoliticosveracruz.com\/?p=64504"},"wordCount":800,"commentCount":0,"publisher":{"@id":"https:\/\/lospoliticosveracruz.com\/#organization"},"keywords":["4T","Coneval","corrupci\u00f3n","Cuarta Transformaci\u00f3n","Eliminaci\u00f3n de la Violencia","feminista","Gonzalo Hern\u00e1ndez Licona","Guillermo Fern\u00e1ndez S\u00e1nchez","Olga S\u00e1nchez Cordero","ONU","Sedesol","Segob","Violencia contra las mujeres"],"articleSection":["De Opini\u00f3n"],"inLanguage":"es","potentialAction":[{"@type":"CommentAction","name":"Comment","target":["https:\/\/lospoliticosveracruz.com\/?p=64504#respond"]}]},{"@type":"WebPage","@id":"https:\/\/lospoliticosveracruz.com\/?p=64504","url":"https:\/\/lospoliticosveracruz.com\/?p=64504","name":"Pensar y golpear al mismo tiempo - Los pol\u00edticos Veracruz","isPartOf":{"@id":"https:\/\/lospoliticosveracruz.com\/#website"},"datePublished":"2020-11-25T23:44:55+00:00","breadcrumb":{"@id":"https:\/\/lospoliticosveracruz.com\/?p=64504#breadcrumb"},"inLanguage":"es","potentialAction":[{"@type":"ReadAction","target":["https:\/\/lospoliticosveracruz.com\/?p=64504"]}]},{"@type":"BreadcrumbList","@id":"https:\/\/lospoliticosveracruz.com\/?p=64504#breadcrumb","itemListElement":[{"@type":"ListItem","position":1,"name":"Portada","item":"https:\/\/lospoliticosveracruz.com\/"},{"@type":"ListItem","position":2,"name":"Pensar y golpear al mismo tiempo"}]},{"@type":"WebSite","@id":"https:\/\/lospoliticosveracruz.com\/#website","url":"https:\/\/lospoliticosveracruz.com\/","name":"Los pol\u00edticos Veracruz","description":"","publisher":{"@id":"https:\/\/lospoliticosveracruz.com\/#organization"},"potentialAction":[{"@type":"SearchAction","target":{"@type":"EntryPoint","urlTemplate":"https:\/\/lospoliticosveracruz.com\/?s={search_term_string}"},"query-input":{"@type":"PropertyValueSpecification","valueRequired":true,"valueName":"search_term_string"}}],"inLanguage":"es"},{"@type":"Organization","@id":"https:\/\/lospoliticosveracruz.com\/#organization","name":"Los pol\u00edticos Veracruz","url":"https:\/\/lospoliticosveracruz.com\/","logo":{"@type":"ImageObject","inLanguage":"es","@id":"https:\/\/lospoliticosveracruz.com\/#\/schema\/logo\/image\/","url":"https:\/\/lospoliticosveracruz.com\/wp-content\/uploads\/2025\/12\/Logo-Nuevo-LOS-POLITICOS-1.jpg","contentUrl":"https:\/\/lospoliticosveracruz.com\/wp-content\/uploads\/2025\/12\/Logo-Nuevo-LOS-POLITICOS-1.jpg","width":260,"height":70,"caption":"Los pol\u00edticos Veracruz"},"image":{"@id":"https:\/\/lospoliticosveracruz.com\/#\/schema\/logo\/image\/"},"sameAs":["https:\/\/www.facebook.com\/people\/Notimemes-de-los-Polticos\/61565672886568\/","https:\/\/x.com\/LosPoliticosVer"]},{"@type":"Person","@id":"https:\/\/lospoliticosveracruz.com\/#\/schema\/person\/b8702bb0e538456e6efd07080bf2a4a2","name":"Lo viste en Los Pol\u00edticos","image":{"@type":"ImageObject","inLanguage":"es","@id":"https:\/\/secure.gravatar.com\/avatar\/3a8de04a2656d44082be478bd6c086daa447c4651605818287b9532d3d0bd435?s=96&d=mm&r=g","url":"https:\/\/secure.gravatar.com\/avatar\/3a8de04a2656d44082be478bd6c086daa447c4651605818287b9532d3d0bd435?s=96&d=mm&r=g","contentUrl":"https:\/\/secure.gravatar.com\/avatar\/3a8de04a2656d44082be478bd6c086daa447c4651605818287b9532d3d0bd435?s=96&d=mm&r=g","caption":"Lo viste en Los Pol\u00edticos"},"url":"https:\/\/lospoliticosveracruz.com\/?author=2"}]}},"_links":{"self":[{"href":"https:\/\/lospoliticosveracruz.com\/index.php?rest_route=\/wp\/v2\/posts\/64504","targetHints":{"allow":["GET"]}}],"collection":[{"href":"https:\/\/lospoliticosveracruz.com\/index.php?rest_route=\/wp\/v2\/posts"}],"about":[{"href":"https:\/\/lospoliticosveracruz.com\/index.php?rest_route=\/wp\/v2\/types\/post"}],"author":[{"embeddable":true,"href":"https:\/\/lospoliticosveracruz.com\/index.php?rest_route=\/wp\/v2\/users\/2"}],"replies":[{"embeddable":true,"href":"https:\/\/lospoliticosveracruz.com\/index.php?rest_route=%2Fwp%2Fv2%2Fcomments&post=64504"}],"version-history":[{"count":1,"href":"https:\/\/lospoliticosveracruz.com\/index.php?rest_route=\/wp\/v2\/posts\/64504\/revisions"}],"predecessor-version":[{"id":64506,"href":"https:\/\/lospoliticosveracruz.com\/index.php?rest_route=\/wp\/v2\/posts\/64504\/revisions\/64506"}],"wp:attachment":[{"href":"https:\/\/lospoliticosveracruz.com\/index.php?rest_route=%2Fwp%2Fv2%2Fmedia&parent=64504"}],"wp:term":[{"taxonomy":"category","embeddable":true,"href":"https:\/\/lospoliticosveracruz.com\/index.php?rest_route=%2Fwp%2Fv2%2Fcategories&post=64504"},{"taxonomy":"post_tag","embeddable":true,"href":"https:\/\/lospoliticosveracruz.com\/index.php?rest_route=%2Fwp%2Fv2%2Ftags&post=64504"}],"curies":[{"name":"wp","href":"https:\/\/api.w.org\/{rel}","templated":true}]}}