{"id":64507,"date":"2020-11-25T20:44:44","date_gmt":"2020-11-26T02:44:44","guid":{"rendered":"http:\/\/www.lospoliticosveracruz.com.mx\/?p=64507"},"modified":"2020-11-25T20:44:44","modified_gmt":"2020-11-26T02:44:44","slug":"los-abriran-hasta-el-verde","status":"publish","type":"post","link":"https:\/\/lospoliticosveracruz.com\/?p=64507","title":{"rendered":"Los abrir\u00e1n, hasta el Verde"},"content":{"rendered":"<p>&nbsp;<\/p>\n<p>La presidenta Leticia L\u00f3pez Landero se\u00f1al\u00f3 que los parques infantiles municipales reabrir\u00e1n sus puertas hasta que C\u00f3rdoba alcance el color verde en el sem\u00e1foro epidemiol\u00f3gico con la finalidad de procurar la salud de la ni\u00f1ez cordobesa.<br \/>\nL\u00f3pez Landero indic\u00f3 que se determin\u00f3 mantener cerrados estos espacios debido a que la ni\u00f1ez constituye uno de los grupos de riesgo, y se trata de un sector de poblaci\u00f3n donde es m\u00e1s complicado mantener activos los protocolos de seguridad sanitaria.<br \/>\nDijo que los parques San Jos\u00e9, Alameda Rafael Murillo Vidal y DIF continuar\u00e1n cerrados al p\u00fablico a fin de contribuir a la mitigaci\u00f3n de contagios por SARS-CoV-2. Se\u00f1al\u00f3 que actualmente personal de parques y jardines del Ayuntamiento de C\u00f3rdoba se encuentra d\u00e1ndoles mantenimiento para que se mantengan en condiciones \u00f3ptimas de funcionamiento.<br \/>\nDurante la d\u00e9cima sexta edici\u00f3n de la plataforma de atenci\u00f3n ciudadana Mi\u00e9rcoles Contigo, L\u00f3pez Landero destac\u00f3 que se contin\u00faa con el programa de descuentos en cuentas con rezago en el pago del servicio de agua potable, por lo que exhort\u00f3 a los usuarios a acercarse a Hidrosistema y regularizar su situaci\u00f3n con la paramunicipal.<br \/>\nEnfatiz\u00f3 que las aportaciones ciudadanas permiten dar mantenimiento a la red general de distribuci\u00f3n, ampliar el servicio a la poblaci\u00f3n, reparar fallas en la tuber\u00eda y mejorar el servicio de suministro de agua a las y los cordobeses.<br \/>\nFinalmente, y ante la proximidad del inicio de las fiestas decembrinas, L\u00f3pez Landero inform\u00f3 que ser\u00e1 el pr\u00f3ximo uno de diciembre cuando se haga el tradicional encendido del pino de navidad ubicado en el parque 21 de mayo, evento que se realizar\u00e1 a distancia tal y como lo indican las medidas sanitarias.<br \/>\nExpuso que el encendido del \u00e1rbol de navidad ser\u00e1 transmitido a trav\u00e9s de la p\u00e1gina oficial de Facebook del Honorable Ayuntamiento de C\u00f3rdoba, a trav\u00e9s de la cual tambi\u00e9n se transmitir\u00e1 el festival navide\u00f1o planteado para tal ocasi\u00f3n.<\/p>\n","protected":false},"excerpt":{"rendered":"<p>&nbsp; La presidenta Leticia L\u00f3pez Landero se\u00f1al\u00f3 que los parques infantiles municipales reabrir\u00e1n sus puertas hasta que C\u00f3rdoba alcance el color verde en el sem\u00e1foro epidemiol\u00f3gico con la finalidad de procurar la salud de la ni\u00f1ez cordobesa. L\u00f3pez Landero indic\u00f3 que se determin\u00f3 mantener cerrados estos espacios debido a que la ni\u00f1ez constituye uno de [&hellip;]<\/p>\n","protected":false},"author":2,"featured_media":0,"comment_status":"open","ping_status":"open","sticky":false,"template":"","format":"standard","meta":{"tdm_status":"","tdm_grid_status":"","footnotes":""},"categories":[73],"tags":[751,23672,7641,19553,20533,18970],"class_list":{"0":"post-64507","1":"post","2":"type-post","3":"status-publish","4":"format-standard","6":"category-de-boleto","7":"tag-cordoba","8":"tag-fiestas-decembrinas","9":"tag-leticia-lopez-landero","10":"tag-miercoles-contigo","11":"tag-seguridad-sanitaria","12":"tag-semaforo-epidemiologico"},"yoast_head":"<!-- This site is optimized with the Yoast SEO plugin v27.4 - https:\/\/yoast.com\/product\/yoast-seo-wordpress\/ -->\n<title>Los abrir\u00e1n, hasta el Verde - Los pol\u00edticos Veracruz<\/title>\n<meta name=\"robots\" content=\"index, follow, max-snippet:-1, max-image-preview:large, max-video-preview:-1\" \/>\n<link rel=\"canonical\" href=\"https:\/\/lospoliticosveracruz.com\/?p=64507\" \/>\n<meta property=\"og:locale\" content=\"es_ES\" \/>\n<meta property=\"og:type\" content=\"article\" \/>\n<meta property=\"og:title\" content=\"Los abrir\u00e1n, hasta el Verde - Los pol\u00edticos Veracruz\" \/>\n<meta property=\"og:description\" content=\"&nbsp; La presidenta Leticia L\u00f3pez Landero se\u00f1al\u00f3 que los parques infantiles municipales reabrir\u00e1n sus puertas hasta que C\u00f3rdoba alcance el color verde en el sem\u00e1foro epidemiol\u00f3gico con la finalidad de procurar la salud de la ni\u00f1ez cordobesa. L\u00f3pez Landero indic\u00f3 que se determin\u00f3 mantener cerrados estos espacios debido a que la ni\u00f1ez constituye uno de [&hellip;]\" \/>\n<meta property=\"og:url\" content=\"https:\/\/lospoliticosveracruz.com\/?p=64507\" \/>\n<meta property=\"og:site_name\" content=\"Los pol\u00edticos Veracruz\" \/>\n<meta property=\"article:publisher\" content=\"https:\/\/www.facebook.com\/people\/Notimemes-de-los-Polticos\/61565672886568\/\" \/>\n<meta property=\"article:published_time\" content=\"2020-11-26T02:44:44+00:00\" \/>\n<meta property=\"og:image\" content=\"https:\/\/lospoliticosveracruz.com\/wp-content\/uploads\/2016\/07\/Logo-Dor.jpg\" \/>\n\t<meta property=\"og:image:width\" content=\"200\" \/>\n\t<meta property=\"og:image:height\" content=\"200\" \/>\n\t<meta property=\"og:image:type\" content=\"image\/jpeg\" \/>\n<meta name=\"author\" content=\"Lo viste en Los Pol\u00edticos\" \/>\n<meta name=\"twitter:card\" content=\"summary_large_image\" \/>\n<meta name=\"twitter:creator\" content=\"@LosPoliticosVer\" \/>\n<meta name=\"twitter:site\" content=\"@LosPoliticosVer\" \/>\n<meta name=\"twitter:label1\" content=\"Escrito por\" \/>\n\t<meta name=\"twitter:data1\" content=\"Lo viste en Los Pol\u00edticos\" \/>\n\t<meta name=\"twitter:label2\" content=\"Tiempo de lectura\" \/>\n\t<meta name=\"twitter:data2\" content=\"2 minutos\" \/>\n<script type=\"application\/ld+json\" class=\"yoast-schema-graph\">{\"@context\":\"https:\\\/\\\/schema.org\",\"@graph\":[{\"@type\":\"Article\",\"@id\":\"https:\\\/\\\/lospoliticosveracruz.com\\\/?p=64507#article\",\"isPartOf\":{\"@id\":\"https:\\\/\\\/lospoliticosveracruz.com\\\/?p=64507\"},\"author\":{\"name\":\"Lo viste en Los Pol\u00edticos\",\"@id\":\"https:\\\/\\\/lospoliticosveracruz.com\\\/#\\\/schema\\\/person\\\/b8702bb0e538456e6efd07080bf2a4a2\"},\"headline\":\"Los abrir\u00e1n, hasta el Verde\",\"datePublished\":\"2020-11-26T02:44:44+00:00\",\"mainEntityOfPage\":{\"@id\":\"https:\\\/\\\/lospoliticosveracruz.com\\\/?p=64507\"},\"wordCount\":353,\"commentCount\":0,\"publisher\":{\"@id\":\"https:\\\/\\\/lospoliticosveracruz.com\\\/#organization\"},\"keywords\":[\"C\u00f3rdoba\",\"Fiestas decembrinas\",\"Leticia L\u00f3pez Landero\",\"Mi\u00e9rcoles Contigo\",\"Seguridad sanitaria\",\"sem\u00e1foro epidemiol\u00f3gico\"],\"articleSection\":[\"De Boleto\"],\"inLanguage\":\"es\",\"potentialAction\":[{\"@type\":\"CommentAction\",\"name\":\"Comment\",\"target\":[\"https:\\\/\\\/lospoliticosveracruz.com\\\/?p=64507#respond\"]}]},{\"@type\":\"WebPage\",\"@id\":\"https:\\\/\\\/lospoliticosveracruz.com\\\/?p=64507\",\"url\":\"https:\\\/\\\/lospoliticosveracruz.com\\\/?p=64507\",\"name\":\"Los abrir\u00e1n, hasta el Verde - Los pol\u00edticos Veracruz\",\"isPartOf\":{\"@id\":\"https:\\\/\\\/lospoliticosveracruz.com\\\/#website\"},\"datePublished\":\"2020-11-26T02:44:44+00:00\",\"breadcrumb\":{\"@id\":\"https:\\\/\\\/lospoliticosveracruz.com\\\/?p=64507#breadcrumb\"},\"inLanguage\":\"es\",\"potentialAction\":[{\"@type\":\"ReadAction\",\"target\":[\"https:\\\/\\\/lospoliticosveracruz.com\\\/?p=64507\"]}]},{\"@type\":\"BreadcrumbList\",\"@id\":\"https:\\\/\\\/lospoliticosveracruz.com\\\/?p=64507#breadcrumb\",\"itemListElement\":[{\"@type\":\"ListItem\",\"position\":1,\"name\":\"Portada\",\"item\":\"https:\\\/\\\/lospoliticosveracruz.com\\\/\"},{\"@type\":\"ListItem\",\"position\":2,\"name\":\"Los abrir\u00e1n, hasta el Verde\"}]},{\"@type\":\"WebSite\",\"@id\":\"https:\\\/\\\/lospoliticosveracruz.com\\\/#website\",\"url\":\"https:\\\/\\\/lospoliticosveracruz.com\\\/\",\"name\":\"Los pol\u00edticos Veracruz\",\"description\":\"\",\"publisher\":{\"@id\":\"https:\\\/\\\/lospoliticosveracruz.com\\\/#organization\"},\"potentialAction\":[{\"@type\":\"SearchAction\",\"target\":{\"@type\":\"EntryPoint\",\"urlTemplate\":\"https:\\\/\\\/lospoliticosveracruz.com\\\/?s={search_term_string}\"},\"query-input\":{\"@type\":\"PropertyValueSpecification\",\"valueRequired\":true,\"valueName\":\"search_term_string\"}}],\"inLanguage\":\"es\"},{\"@type\":\"Organization\",\"@id\":\"https:\\\/\\\/lospoliticosveracruz.com\\\/#organization\",\"name\":\"Los pol\u00edticos Veracruz\",\"url\":\"https:\\\/\\\/lospoliticosveracruz.com\\\/\",\"logo\":{\"@type\":\"ImageObject\",\"inLanguage\":\"es\",\"@id\":\"https:\\\/\\\/lospoliticosveracruz.com\\\/#\\\/schema\\\/logo\\\/image\\\/\",\"url\":\"https:\\\/\\\/lospoliticosveracruz.com\\\/wp-content\\\/uploads\\\/2025\\\/12\\\/Logo-Nuevo-LOS-POLITICOS-1.jpg\",\"contentUrl\":\"https:\\\/\\\/lospoliticosveracruz.com\\\/wp-content\\\/uploads\\\/2025\\\/12\\\/Logo-Nuevo-LOS-POLITICOS-1.jpg\",\"width\":260,\"height\":70,\"caption\":\"Los pol\u00edticos Veracruz\"},\"image\":{\"@id\":\"https:\\\/\\\/lospoliticosveracruz.com\\\/#\\\/schema\\\/logo\\\/image\\\/\"},\"sameAs\":[\"https:\\\/\\\/www.facebook.com\\\/people\\\/Notimemes-de-los-Polticos\\\/61565672886568\\\/\",\"https:\\\/\\\/x.com\\\/LosPoliticosVer\"]},{\"@type\":\"Person\",\"@id\":\"https:\\\/\\\/lospoliticosveracruz.com\\\/#\\\/schema\\\/person\\\/b8702bb0e538456e6efd07080bf2a4a2\",\"name\":\"Lo viste en Los Pol\u00edticos\",\"image\":{\"@type\":\"ImageObject\",\"inLanguage\":\"es\",\"@id\":\"https:\\\/\\\/secure.gravatar.com\\\/avatar\\\/3a8de04a2656d44082be478bd6c086daa447c4651605818287b9532d3d0bd435?s=96&d=mm&r=g\",\"url\":\"https:\\\/\\\/secure.gravatar.com\\\/avatar\\\/3a8de04a2656d44082be478bd6c086daa447c4651605818287b9532d3d0bd435?s=96&d=mm&r=g\",\"contentUrl\":\"https:\\\/\\\/secure.gravatar.com\\\/avatar\\\/3a8de04a2656d44082be478bd6c086daa447c4651605818287b9532d3d0bd435?s=96&d=mm&r=g\",\"caption\":\"Lo viste en Los Pol\u00edticos\"},\"url\":\"https:\\\/\\\/lospoliticosveracruz.com\\\/?author=2\"}]}<\/script>\n<!-- \/ Yoast SEO plugin. -->","yoast_head_json":{"title":"Los abrir\u00e1n, hasta el Verde - Los pol\u00edticos Veracruz","robots":{"index":"index","follow":"follow","max-snippet":"max-snippet:-1","max-image-preview":"max-image-preview:large","max-video-preview":"max-video-preview:-1"},"canonical":"https:\/\/lospoliticosveracruz.com\/?p=64507","og_locale":"es_ES","og_type":"article","og_title":"Los abrir\u00e1n, hasta el Verde - Los pol\u00edticos Veracruz","og_description":"&nbsp; La presidenta Leticia L\u00f3pez Landero se\u00f1al\u00f3 que los parques infantiles municipales reabrir\u00e1n sus puertas hasta que C\u00f3rdoba alcance el color verde en el sem\u00e1foro epidemiol\u00f3gico con la finalidad de procurar la salud de la ni\u00f1ez cordobesa. L\u00f3pez Landero indic\u00f3 que se determin\u00f3 mantener cerrados estos espacios debido a que la ni\u00f1ez constituye uno de [&hellip;]","og_url":"https:\/\/lospoliticosveracruz.com\/?p=64507","og_site_name":"Los pol\u00edticos Veracruz","article_publisher":"https:\/\/www.facebook.com\/people\/Notimemes-de-los-Polticos\/61565672886568\/","article_published_time":"2020-11-26T02:44:44+00:00","og_image":[{"width":200,"height":200,"url":"https:\/\/lospoliticosveracruz.com\/wp-content\/uploads\/2016\/07\/Logo-Dor.jpg","type":"image\/jpeg"}],"author":"Lo viste en Los Pol\u00edticos","twitter_card":"summary_large_image","twitter_creator":"@LosPoliticosVer","twitter_site":"@LosPoliticosVer","twitter_misc":{"Escrito por":"Lo viste en Los Pol\u00edticos","Tiempo de lectura":"2 minutos"},"schema":{"@context":"https:\/\/schema.org","@graph":[{"@type":"Article","@id":"https:\/\/lospoliticosveracruz.com\/?p=64507#article","isPartOf":{"@id":"https:\/\/lospoliticosveracruz.com\/?p=64507"},"author":{"name":"Lo viste en Los Pol\u00edticos","@id":"https:\/\/lospoliticosveracruz.com\/#\/schema\/person\/b8702bb0e538456e6efd07080bf2a4a2"},"headline":"Los abrir\u00e1n, hasta el Verde","datePublished":"2020-11-26T02:44:44+00:00","mainEntityOfPage":{"@id":"https:\/\/lospoliticosveracruz.com\/?p=64507"},"wordCount":353,"commentCount":0,"publisher":{"@id":"https:\/\/lospoliticosveracruz.com\/#organization"},"keywords":["C\u00f3rdoba","Fiestas decembrinas","Leticia L\u00f3pez Landero","Mi\u00e9rcoles Contigo","Seguridad sanitaria","sem\u00e1foro epidemiol\u00f3gico"],"articleSection":["De Boleto"],"inLanguage":"es","potentialAction":[{"@type":"CommentAction","name":"Comment","target":["https:\/\/lospoliticosveracruz.com\/?p=64507#respond"]}]},{"@type":"WebPage","@id":"https:\/\/lospoliticosveracruz.com\/?p=64507","url":"https:\/\/lospoliticosveracruz.com\/?p=64507","name":"Los abrir\u00e1n, hasta el Verde - Los pol\u00edticos Veracruz","isPartOf":{"@id":"https:\/\/lospoliticosveracruz.com\/#website"},"datePublished":"2020-11-26T02:44:44+00:00","breadcrumb":{"@id":"https:\/\/lospoliticosveracruz.com\/?p=64507#breadcrumb"},"inLanguage":"es","potentialAction":[{"@type":"ReadAction","target":["https:\/\/lospoliticosveracruz.com\/?p=64507"]}]},{"@type":"BreadcrumbList","@id":"https:\/\/lospoliticosveracruz.com\/?p=64507#breadcrumb","itemListElement":[{"@type":"ListItem","position":1,"name":"Portada","item":"https:\/\/lospoliticosveracruz.com\/"},{"@type":"ListItem","position":2,"name":"Los abrir\u00e1n, hasta el Verde"}]},{"@type":"WebSite","@id":"https:\/\/lospoliticosveracruz.com\/#website","url":"https:\/\/lospoliticosveracruz.com\/","name":"Los pol\u00edticos Veracruz","description":"","publisher":{"@id":"https:\/\/lospoliticosveracruz.com\/#organization"},"potentialAction":[{"@type":"SearchAction","target":{"@type":"EntryPoint","urlTemplate":"https:\/\/lospoliticosveracruz.com\/?s={search_term_string}"},"query-input":{"@type":"PropertyValueSpecification","valueRequired":true,"valueName":"search_term_string"}}],"inLanguage":"es"},{"@type":"Organization","@id":"https:\/\/lospoliticosveracruz.com\/#organization","name":"Los pol\u00edticos Veracruz","url":"https:\/\/lospoliticosveracruz.com\/","logo":{"@type":"ImageObject","inLanguage":"es","@id":"https:\/\/lospoliticosveracruz.com\/#\/schema\/logo\/image\/","url":"https:\/\/lospoliticosveracruz.com\/wp-content\/uploads\/2025\/12\/Logo-Nuevo-LOS-POLITICOS-1.jpg","contentUrl":"https:\/\/lospoliticosveracruz.com\/wp-content\/uploads\/2025\/12\/Logo-Nuevo-LOS-POLITICOS-1.jpg","width":260,"height":70,"caption":"Los pol\u00edticos Veracruz"},"image":{"@id":"https:\/\/lospoliticosveracruz.com\/#\/schema\/logo\/image\/"},"sameAs":["https:\/\/www.facebook.com\/people\/Notimemes-de-los-Polticos\/61565672886568\/","https:\/\/x.com\/LosPoliticosVer"]},{"@type":"Person","@id":"https:\/\/lospoliticosveracruz.com\/#\/schema\/person\/b8702bb0e538456e6efd07080bf2a4a2","name":"Lo viste en Los Pol\u00edticos","image":{"@type":"ImageObject","inLanguage":"es","@id":"https:\/\/secure.gravatar.com\/avatar\/3a8de04a2656d44082be478bd6c086daa447c4651605818287b9532d3d0bd435?s=96&d=mm&r=g","url":"https:\/\/secure.gravatar.com\/avatar\/3a8de04a2656d44082be478bd6c086daa447c4651605818287b9532d3d0bd435?s=96&d=mm&r=g","contentUrl":"https:\/\/secure.gravatar.com\/avatar\/3a8de04a2656d44082be478bd6c086daa447c4651605818287b9532d3d0bd435?s=96&d=mm&r=g","caption":"Lo viste en Los Pol\u00edticos"},"url":"https:\/\/lospoliticosveracruz.com\/?author=2"}]}},"_links":{"self":[{"href":"https:\/\/lospoliticosveracruz.com\/index.php?rest_route=\/wp\/v2\/posts\/64507","targetHints":{"allow":["GET"]}}],"collection":[{"href":"https:\/\/lospoliticosveracruz.com\/index.php?rest_route=\/wp\/v2\/posts"}],"about":[{"href":"https:\/\/lospoliticosveracruz.com\/index.php?rest_route=\/wp\/v2\/types\/post"}],"author":[{"embeddable":true,"href":"https:\/\/lospoliticosveracruz.com\/index.php?rest_route=\/wp\/v2\/users\/2"}],"replies":[{"embeddable":true,"href":"https:\/\/lospoliticosveracruz.com\/index.php?rest_route=%2Fwp%2Fv2%2Fcomments&post=64507"}],"version-history":[{"count":1,"href":"https:\/\/lospoliticosveracruz.com\/index.php?rest_route=\/wp\/v2\/posts\/64507\/revisions"}],"predecessor-version":[{"id":64509,"href":"https:\/\/lospoliticosveracruz.com\/index.php?rest_route=\/wp\/v2\/posts\/64507\/revisions\/64509"}],"wp:attachment":[{"href":"https:\/\/lospoliticosveracruz.com\/index.php?rest_route=%2Fwp%2Fv2%2Fmedia&parent=64507"}],"wp:term":[{"taxonomy":"category","embeddable":true,"href":"https:\/\/lospoliticosveracruz.com\/index.php?rest_route=%2Fwp%2Fv2%2Fcategories&post=64507"},{"taxonomy":"post_tag","embeddable":true,"href":"https:\/\/lospoliticosveracruz.com\/index.php?rest_route=%2Fwp%2Fv2%2Ftags&post=64507"}],"curies":[{"name":"wp","href":"https:\/\/api.w.org\/{rel}","templated":true}]}}