{"id":64539,"date":"2020-11-26T14:34:43","date_gmt":"2020-11-26T20:34:43","guid":{"rendered":"http:\/\/www.lospoliticosveracruz.com.mx\/?p=64539"},"modified":"2020-11-26T14:34:43","modified_gmt":"2020-11-26T20:34:43","slug":"cuitlahuac-tiene-que-devolver-el-pirata-a-kuri","status":"publish","type":"post","link":"https:\/\/lospoliticosveracruz.com\/?p=64539","title":{"rendered":"Cuitl\u00e1huac tiene que devolver el Pirata a Kuri"},"content":{"rendered":"<p>Y para cerrar la semana, un rev\u00e9s m\u00e1s, o mejor dicho, ahora un aletazo es lo que recibe\u00a0el gobierno de Cuitl\u00e1huac Garc\u00eda Jim\u00e9nez cuando el Poder Judicial de la Federaci\u00f3n le concede amparo a Fidel Kuri Grajales,\u00a0despu\u00e9s de que\u00a0le fuera retirado el Pirata\u00a0Fuente.<\/p>\n<p>Este pasado 25 de noviembre, el Juzgado Tercero de Distrito con residencia en Boca Del R\u00edo, concedi\u00f3 a la Promotora Deportiva Del Valle de Orizaba, Asociaci\u00f3n Civil, la suspensi\u00f3n del \u00a0acto reclamado, \u00fanica y exclusivamente para el efecto de que las cosas se mantengan en el estado que actualmente guardan, y no se realicen actos de ejecuci\u00f3n en el procedimiento administrativo de origen.<\/p>\n<p>Apenas hace menos de una semana, el gobierno de Veracruz llev\u00f3 a cabo el\u00a0desalojo del\u00a0personal de Fidel Kuri que\u00a0laboraba en el estadio Luis Pirata Fuente bajo el concepto de\u00a0recuperar \u00a0nombre, \u00a0estadio, \u00a0escudo de los Tiburones Rojos del Veracruz.<br \/>\nLa Direcci\u00f3n General del Patrimonio del Estado de Veracruz se encarg\u00f3 de hacer las diligencias.<br \/>\nPor su parte, el empresario orizabe\u00f1o en\u00a0su momento, dijo que con esta acci\u00f3n, el Gobierno del Estado de Veracruz romp\u00eda un acuerdo\u00a0establecido al inicio del mandato de Cuitl\u00e1huac Garc\u00eda\u00a0Jim\u00e9nez.<br \/>\nEste acuerdo que se hizo con Sefiplan, establec\u00eda que\u00a0los equipos de la Liga Mexicana de Balompi\u00e9 que solicitaran usar el estadio Pirata Fuente, deb\u00edan de acercarse al empresario para usar el inmueble, por medio de un oficio hecho por la propia administraci\u00f3n estatal. Adem\u00e1s,\u00a0Fidel Kuri manten\u00eda el comodato,\u00a0nombre y escudo del equipo a cambio de no cobrarle al Estado una deuda de mil doscientos millones de pesos. Esto, debido a que en 2013,\u00a0el gobierno del estado de Veracruz\u00a0se hab\u00eda comprometido a pagar\u00a0las deudas de anteriores administraciones, lo que nunca hizo. A ello se suma el reclamo\u00a0del pago de las obras que realiz\u00f3 Fidel Kuri\u00a0durante la organizaci\u00f3n de los Juegos Centroamericanos del 2014.<br \/>\nHoy,\u00a0el Poder Judicial de la Federaci\u00f3n ordena que\u00a0Promotora Deportiva Del Valle de Orizaba no sea despose\u00edda\u00a0de los bienes que contempla el comodato, incluyendo el estado Luis Pirata Fuente y el Centro de Alto Rendimiento ubicados en Boca Del R\u00edo, en tanto se resuelva\u00a0sobre la suspensi\u00f3n definitiva, en la inteligencia de que esta medida cautelar tiene efectos restitutorios.<\/p>\n<p>As\u00ed las cosas, cierra con broche de oro la semana Cuitl\u00e1huac Garc\u00eda Jim\u00e9nez dejando en claro que su gobierno no la lleva muy bien con el manejo de las Leyes&#8230;<\/p>\n","protected":false},"excerpt":{"rendered":"<p>Y para cerrar la semana, un rev\u00e9s m\u00e1s, o mejor dicho, ahora un aletazo es lo que recibe\u00a0el gobierno de Cuitl\u00e1huac Garc\u00eda Jim\u00e9nez cuando el Poder Judicial de la Federaci\u00f3n le concede amparo a Fidel Kuri Grajales,\u00a0despu\u00e9s de que\u00a0le fuera retirado el Pirata\u00a0Fuente. Este pasado 25 de noviembre, el Juzgado Tercero de Distrito con residencia [&hellip;]<\/p>\n","protected":false},"author":2,"featured_media":0,"comment_status":"open","ping_status":"open","sticky":false,"template":"","format":"standard","meta":{"tdm_status":"","tdm_grid_status":"","footnotes":""},"categories":[6446],"tags":[601,1563,608,4076,11986,1639,195],"class_list":{"0":"post-64539","1":"post","2":"type-post","3":"status-publish","4":"format-standard","6":"category-la-nota","7":"tag-boca-del-rio","8":"tag-cuitlahuac-garcia-jimenez","9":"tag-fidel-kuri-grajales","10":"tag-gobierno-del-estado","11":"tag-luis-pirata-fuente","12":"tag-orizaba","13":"tag-veracruz"},"yoast_head":"<!-- This site is optimized with the Yoast SEO plugin v27.4 - https:\/\/yoast.com\/product\/yoast-seo-wordpress\/ -->\n<title>Cuitl\u00e1huac tiene que devolver el Pirata a Kuri - Los pol\u00edticos Veracruz<\/title>\n<meta name=\"robots\" content=\"index, follow, max-snippet:-1, max-image-preview:large, max-video-preview:-1\" \/>\n<link rel=\"canonical\" href=\"https:\/\/lospoliticosveracruz.com\/?p=64539\" \/>\n<meta property=\"og:locale\" content=\"es_ES\" \/>\n<meta property=\"og:type\" content=\"article\" \/>\n<meta property=\"og:title\" content=\"Cuitl\u00e1huac tiene que devolver el Pirata a Kuri - Los pol\u00edticos Veracruz\" \/>\n<meta property=\"og:description\" content=\"Y para cerrar la semana, un rev\u00e9s m\u00e1s, o mejor dicho, ahora un aletazo es lo que recibe\u00a0el gobierno de Cuitl\u00e1huac Garc\u00eda Jim\u00e9nez cuando el Poder Judicial de la Federaci\u00f3n le concede amparo a Fidel Kuri Grajales,\u00a0despu\u00e9s de que\u00a0le fuera retirado el Pirata\u00a0Fuente. Este pasado 25 de noviembre, el Juzgado Tercero de Distrito con residencia [&hellip;]\" \/>\n<meta property=\"og:url\" content=\"https:\/\/lospoliticosveracruz.com\/?p=64539\" \/>\n<meta property=\"og:site_name\" content=\"Los pol\u00edticos Veracruz\" \/>\n<meta property=\"article:publisher\" content=\"https:\/\/www.facebook.com\/people\/Notimemes-de-los-Polticos\/61565672886568\/\" \/>\n<meta property=\"article:published_time\" content=\"2020-11-26T20:34:43+00:00\" \/>\n<meta property=\"og:image\" content=\"https:\/\/lospoliticosveracruz.com\/wp-content\/uploads\/2016\/07\/Logo-Dor.jpg\" \/>\n\t<meta property=\"og:image:width\" content=\"200\" \/>\n\t<meta property=\"og:image:height\" content=\"200\" \/>\n\t<meta property=\"og:image:type\" content=\"image\/jpeg\" \/>\n<meta name=\"author\" content=\"Lo viste en Los Pol\u00edticos\" \/>\n<meta name=\"twitter:card\" content=\"summary_large_image\" \/>\n<meta name=\"twitter:creator\" content=\"@LosPoliticosVer\" \/>\n<meta name=\"twitter:site\" content=\"@LosPoliticosVer\" \/>\n<meta name=\"twitter:label1\" content=\"Escrito por\" \/>\n\t<meta name=\"twitter:data1\" content=\"Lo viste en Los Pol\u00edticos\" \/>\n\t<meta name=\"twitter:label2\" content=\"Tiempo de lectura\" \/>\n\t<meta name=\"twitter:data2\" content=\"2 minutos\" \/>\n<script type=\"application\/ld+json\" class=\"yoast-schema-graph\">{\"@context\":\"https:\\\/\\\/schema.org\",\"@graph\":[{\"@type\":\"Article\",\"@id\":\"https:\\\/\\\/lospoliticosveracruz.com\\\/?p=64539#article\",\"isPartOf\":{\"@id\":\"https:\\\/\\\/lospoliticosveracruz.com\\\/?p=64539\"},\"author\":{\"name\":\"Lo viste en Los Pol\u00edticos\",\"@id\":\"https:\\\/\\\/lospoliticosveracruz.com\\\/#\\\/schema\\\/person\\\/b8702bb0e538456e6efd07080bf2a4a2\"},\"headline\":\"Cuitl\u00e1huac tiene que devolver el Pirata a Kuri\",\"datePublished\":\"2020-11-26T20:34:43+00:00\",\"mainEntityOfPage\":{\"@id\":\"https:\\\/\\\/lospoliticosveracruz.com\\\/?p=64539\"},\"wordCount\":448,\"commentCount\":0,\"publisher\":{\"@id\":\"https:\\\/\\\/lospoliticosveracruz.com\\\/#organization\"},\"keywords\":[\"Boca del R\u00edo\",\"Cuitl\u00e1huac Garc\u00eda Jim\u00e9nez\",\"Fidel Kuri Grajales\",\"Gobierno del Estado\",\"Luis Pirata Fuente\",\"Orizaba\",\"Veracruz\"],\"articleSection\":[\"La Nota\"],\"inLanguage\":\"es\",\"potentialAction\":[{\"@type\":\"CommentAction\",\"name\":\"Comment\",\"target\":[\"https:\\\/\\\/lospoliticosveracruz.com\\\/?p=64539#respond\"]}]},{\"@type\":\"WebPage\",\"@id\":\"https:\\\/\\\/lospoliticosveracruz.com\\\/?p=64539\",\"url\":\"https:\\\/\\\/lospoliticosveracruz.com\\\/?p=64539\",\"name\":\"Cuitl\u00e1huac tiene que devolver el Pirata a Kuri - Los pol\u00edticos Veracruz\",\"isPartOf\":{\"@id\":\"https:\\\/\\\/lospoliticosveracruz.com\\\/#website\"},\"datePublished\":\"2020-11-26T20:34:43+00:00\",\"breadcrumb\":{\"@id\":\"https:\\\/\\\/lospoliticosveracruz.com\\\/?p=64539#breadcrumb\"},\"inLanguage\":\"es\",\"potentialAction\":[{\"@type\":\"ReadAction\",\"target\":[\"https:\\\/\\\/lospoliticosveracruz.com\\\/?p=64539\"]}]},{\"@type\":\"BreadcrumbList\",\"@id\":\"https:\\\/\\\/lospoliticosveracruz.com\\\/?p=64539#breadcrumb\",\"itemListElement\":[{\"@type\":\"ListItem\",\"position\":1,\"name\":\"Portada\",\"item\":\"https:\\\/\\\/lospoliticosveracruz.com\\\/\"},{\"@type\":\"ListItem\",\"position\":2,\"name\":\"Cuitl\u00e1huac tiene que devolver el Pirata a Kuri\"}]},{\"@type\":\"WebSite\",\"@id\":\"https:\\\/\\\/lospoliticosveracruz.com\\\/#website\",\"url\":\"https:\\\/\\\/lospoliticosveracruz.com\\\/\",\"name\":\"Los pol\u00edticos Veracruz\",\"description\":\"\",\"publisher\":{\"@id\":\"https:\\\/\\\/lospoliticosveracruz.com\\\/#organization\"},\"potentialAction\":[{\"@type\":\"SearchAction\",\"target\":{\"@type\":\"EntryPoint\",\"urlTemplate\":\"https:\\\/\\\/lospoliticosveracruz.com\\\/?s={search_term_string}\"},\"query-input\":{\"@type\":\"PropertyValueSpecification\",\"valueRequired\":true,\"valueName\":\"search_term_string\"}}],\"inLanguage\":\"es\"},{\"@type\":\"Organization\",\"@id\":\"https:\\\/\\\/lospoliticosveracruz.com\\\/#organization\",\"name\":\"Los pol\u00edticos Veracruz\",\"url\":\"https:\\\/\\\/lospoliticosveracruz.com\\\/\",\"logo\":{\"@type\":\"ImageObject\",\"inLanguage\":\"es\",\"@id\":\"https:\\\/\\\/lospoliticosveracruz.com\\\/#\\\/schema\\\/logo\\\/image\\\/\",\"url\":\"https:\\\/\\\/lospoliticosveracruz.com\\\/wp-content\\\/uploads\\\/2025\\\/12\\\/Logo-Nuevo-LOS-POLITICOS-1.jpg\",\"contentUrl\":\"https:\\\/\\\/lospoliticosveracruz.com\\\/wp-content\\\/uploads\\\/2025\\\/12\\\/Logo-Nuevo-LOS-POLITICOS-1.jpg\",\"width\":260,\"height\":70,\"caption\":\"Los pol\u00edticos Veracruz\"},\"image\":{\"@id\":\"https:\\\/\\\/lospoliticosveracruz.com\\\/#\\\/schema\\\/logo\\\/image\\\/\"},\"sameAs\":[\"https:\\\/\\\/www.facebook.com\\\/people\\\/Notimemes-de-los-Polticos\\\/61565672886568\\\/\",\"https:\\\/\\\/x.com\\\/LosPoliticosVer\"]},{\"@type\":\"Person\",\"@id\":\"https:\\\/\\\/lospoliticosveracruz.com\\\/#\\\/schema\\\/person\\\/b8702bb0e538456e6efd07080bf2a4a2\",\"name\":\"Lo viste en Los Pol\u00edticos\",\"image\":{\"@type\":\"ImageObject\",\"inLanguage\":\"es\",\"@id\":\"https:\\\/\\\/secure.gravatar.com\\\/avatar\\\/3a8de04a2656d44082be478bd6c086daa447c4651605818287b9532d3d0bd435?s=96&d=mm&r=g\",\"url\":\"https:\\\/\\\/secure.gravatar.com\\\/avatar\\\/3a8de04a2656d44082be478bd6c086daa447c4651605818287b9532d3d0bd435?s=96&d=mm&r=g\",\"contentUrl\":\"https:\\\/\\\/secure.gravatar.com\\\/avatar\\\/3a8de04a2656d44082be478bd6c086daa447c4651605818287b9532d3d0bd435?s=96&d=mm&r=g\",\"caption\":\"Lo viste en Los Pol\u00edticos\"},\"url\":\"https:\\\/\\\/lospoliticosveracruz.com\\\/?author=2\"}]}<\/script>\n<!-- \/ Yoast SEO plugin. -->","yoast_head_json":{"title":"Cuitl\u00e1huac tiene que devolver el Pirata a Kuri - Los pol\u00edticos Veracruz","robots":{"index":"index","follow":"follow","max-snippet":"max-snippet:-1","max-image-preview":"max-image-preview:large","max-video-preview":"max-video-preview:-1"},"canonical":"https:\/\/lospoliticosveracruz.com\/?p=64539","og_locale":"es_ES","og_type":"article","og_title":"Cuitl\u00e1huac tiene que devolver el Pirata a Kuri - Los pol\u00edticos Veracruz","og_description":"Y para cerrar la semana, un rev\u00e9s m\u00e1s, o mejor dicho, ahora un aletazo es lo que recibe\u00a0el gobierno de Cuitl\u00e1huac Garc\u00eda Jim\u00e9nez cuando el Poder Judicial de la Federaci\u00f3n le concede amparo a Fidel Kuri Grajales,\u00a0despu\u00e9s de que\u00a0le fuera retirado el Pirata\u00a0Fuente. Este pasado 25 de noviembre, el Juzgado Tercero de Distrito con residencia [&hellip;]","og_url":"https:\/\/lospoliticosveracruz.com\/?p=64539","og_site_name":"Los pol\u00edticos Veracruz","article_publisher":"https:\/\/www.facebook.com\/people\/Notimemes-de-los-Polticos\/61565672886568\/","article_published_time":"2020-11-26T20:34:43+00:00","og_image":[{"width":200,"height":200,"url":"https:\/\/lospoliticosveracruz.com\/wp-content\/uploads\/2016\/07\/Logo-Dor.jpg","type":"image\/jpeg"}],"author":"Lo viste en Los Pol\u00edticos","twitter_card":"summary_large_image","twitter_creator":"@LosPoliticosVer","twitter_site":"@LosPoliticosVer","twitter_misc":{"Escrito por":"Lo viste en Los Pol\u00edticos","Tiempo de lectura":"2 minutos"},"schema":{"@context":"https:\/\/schema.org","@graph":[{"@type":"Article","@id":"https:\/\/lospoliticosveracruz.com\/?p=64539#article","isPartOf":{"@id":"https:\/\/lospoliticosveracruz.com\/?p=64539"},"author":{"name":"Lo viste en Los Pol\u00edticos","@id":"https:\/\/lospoliticosveracruz.com\/#\/schema\/person\/b8702bb0e538456e6efd07080bf2a4a2"},"headline":"Cuitl\u00e1huac tiene que devolver el Pirata a Kuri","datePublished":"2020-11-26T20:34:43+00:00","mainEntityOfPage":{"@id":"https:\/\/lospoliticosveracruz.com\/?p=64539"},"wordCount":448,"commentCount":0,"publisher":{"@id":"https:\/\/lospoliticosveracruz.com\/#organization"},"keywords":["Boca del R\u00edo","Cuitl\u00e1huac Garc\u00eda Jim\u00e9nez","Fidel Kuri Grajales","Gobierno del Estado","Luis Pirata Fuente","Orizaba","Veracruz"],"articleSection":["La Nota"],"inLanguage":"es","potentialAction":[{"@type":"CommentAction","name":"Comment","target":["https:\/\/lospoliticosveracruz.com\/?p=64539#respond"]}]},{"@type":"WebPage","@id":"https:\/\/lospoliticosveracruz.com\/?p=64539","url":"https:\/\/lospoliticosveracruz.com\/?p=64539","name":"Cuitl\u00e1huac tiene que devolver el Pirata a Kuri - Los pol\u00edticos Veracruz","isPartOf":{"@id":"https:\/\/lospoliticosveracruz.com\/#website"},"datePublished":"2020-11-26T20:34:43+00:00","breadcrumb":{"@id":"https:\/\/lospoliticosveracruz.com\/?p=64539#breadcrumb"},"inLanguage":"es","potentialAction":[{"@type":"ReadAction","target":["https:\/\/lospoliticosveracruz.com\/?p=64539"]}]},{"@type":"BreadcrumbList","@id":"https:\/\/lospoliticosveracruz.com\/?p=64539#breadcrumb","itemListElement":[{"@type":"ListItem","position":1,"name":"Portada","item":"https:\/\/lospoliticosveracruz.com\/"},{"@type":"ListItem","position":2,"name":"Cuitl\u00e1huac tiene que devolver el Pirata a Kuri"}]},{"@type":"WebSite","@id":"https:\/\/lospoliticosveracruz.com\/#website","url":"https:\/\/lospoliticosveracruz.com\/","name":"Los pol\u00edticos Veracruz","description":"","publisher":{"@id":"https:\/\/lospoliticosveracruz.com\/#organization"},"potentialAction":[{"@type":"SearchAction","target":{"@type":"EntryPoint","urlTemplate":"https:\/\/lospoliticosveracruz.com\/?s={search_term_string}"},"query-input":{"@type":"PropertyValueSpecification","valueRequired":true,"valueName":"search_term_string"}}],"inLanguage":"es"},{"@type":"Organization","@id":"https:\/\/lospoliticosveracruz.com\/#organization","name":"Los pol\u00edticos Veracruz","url":"https:\/\/lospoliticosveracruz.com\/","logo":{"@type":"ImageObject","inLanguage":"es","@id":"https:\/\/lospoliticosveracruz.com\/#\/schema\/logo\/image\/","url":"https:\/\/lospoliticosveracruz.com\/wp-content\/uploads\/2025\/12\/Logo-Nuevo-LOS-POLITICOS-1.jpg","contentUrl":"https:\/\/lospoliticosveracruz.com\/wp-content\/uploads\/2025\/12\/Logo-Nuevo-LOS-POLITICOS-1.jpg","width":260,"height":70,"caption":"Los pol\u00edticos Veracruz"},"image":{"@id":"https:\/\/lospoliticosveracruz.com\/#\/schema\/logo\/image\/"},"sameAs":["https:\/\/www.facebook.com\/people\/Notimemes-de-los-Polticos\/61565672886568\/","https:\/\/x.com\/LosPoliticosVer"]},{"@type":"Person","@id":"https:\/\/lospoliticosveracruz.com\/#\/schema\/person\/b8702bb0e538456e6efd07080bf2a4a2","name":"Lo viste en Los Pol\u00edticos","image":{"@type":"ImageObject","inLanguage":"es","@id":"https:\/\/secure.gravatar.com\/avatar\/3a8de04a2656d44082be478bd6c086daa447c4651605818287b9532d3d0bd435?s=96&d=mm&r=g","url":"https:\/\/secure.gravatar.com\/avatar\/3a8de04a2656d44082be478bd6c086daa447c4651605818287b9532d3d0bd435?s=96&d=mm&r=g","contentUrl":"https:\/\/secure.gravatar.com\/avatar\/3a8de04a2656d44082be478bd6c086daa447c4651605818287b9532d3d0bd435?s=96&d=mm&r=g","caption":"Lo viste en Los Pol\u00edticos"},"url":"https:\/\/lospoliticosveracruz.com\/?author=2"}]}},"_links":{"self":[{"href":"https:\/\/lospoliticosveracruz.com\/index.php?rest_route=\/wp\/v2\/posts\/64539","targetHints":{"allow":["GET"]}}],"collection":[{"href":"https:\/\/lospoliticosveracruz.com\/index.php?rest_route=\/wp\/v2\/posts"}],"about":[{"href":"https:\/\/lospoliticosveracruz.com\/index.php?rest_route=\/wp\/v2\/types\/post"}],"author":[{"embeddable":true,"href":"https:\/\/lospoliticosveracruz.com\/index.php?rest_route=\/wp\/v2\/users\/2"}],"replies":[{"embeddable":true,"href":"https:\/\/lospoliticosveracruz.com\/index.php?rest_route=%2Fwp%2Fv2%2Fcomments&post=64539"}],"version-history":[{"count":1,"href":"https:\/\/lospoliticosveracruz.com\/index.php?rest_route=\/wp\/v2\/posts\/64539\/revisions"}],"predecessor-version":[{"id":64541,"href":"https:\/\/lospoliticosveracruz.com\/index.php?rest_route=\/wp\/v2\/posts\/64539\/revisions\/64541"}],"wp:attachment":[{"href":"https:\/\/lospoliticosveracruz.com\/index.php?rest_route=%2Fwp%2Fv2%2Fmedia&parent=64539"}],"wp:term":[{"taxonomy":"category","embeddable":true,"href":"https:\/\/lospoliticosveracruz.com\/index.php?rest_route=%2Fwp%2Fv2%2Fcategories&post=64539"},{"taxonomy":"post_tag","embeddable":true,"href":"https:\/\/lospoliticosveracruz.com\/index.php?rest_route=%2Fwp%2Fv2%2Ftags&post=64539"}],"curies":[{"name":"wp","href":"https:\/\/api.w.org\/{rel}","templated":true}]}}