{"id":64612,"date":"2020-11-28T09:59:15","date_gmt":"2020-11-28T15:59:15","guid":{"rendered":"http:\/\/www.lospoliticosveracruz.com.mx\/?p=64612"},"modified":"2020-11-28T09:59:15","modified_gmt":"2020-11-28T15:59:15","slug":"xv-anos-de-resistencia-civil-pacifica","status":"publish","type":"post","link":"https:\/\/lospoliticosveracruz.com\/?p=64612","title":{"rendered":"XV a\u00f1os de resistencia civil pac\u00edfica"},"content":{"rendered":"<p><strong>Teresa Carbajal<\/strong><\/p>\n<p><em>Debo, no niego; pago, lo justo<\/em><\/p>\n<p>El pasado 23 de noviembre y de modo at\u00edpico por evidentes razones celebramos un aniversario m\u00e1s de la fundaci\u00f3n legal del Barz\u00f3n RC en Veracruz, imposible resumir en tan breve espacio lo que esos a\u00f1os han significado para los fundadores, m\u00e1s para los beneficiarios de la causa.<br \/>\nLas organizaciones de la sociedad civil que nacen con un inter\u00e9s genuinamente social y apartidista, habremos de ser por lo mismo las que enfrentaremos desde siempre los mayores retos, sin embargo cada uno de ellos ha abonado a la madurez pero sobre todo profesionalizaci\u00f3n de quienes la conformamos.<br \/>\nNo puedo dejar de agradecer a todos los que han sido parte del movimiento desde asociados, voluntarios, directivos, consejeros, administradores, asesores, todos contribuyen con su labor a hacer de \u00e9ste movimiento social esa luz de esperanza para quienes vencidos por la adversidad econ\u00f3mica se sienten solos, desamparados, desorientados, olvidados y sin cabida en ning\u00fan lado.<br \/>\nAqu\u00ed, los destinatarios de la causa de pago justo y defensa efectiva del patrimonio familiar han encontrado esa ventanilla en donde en primer lugar se les escucha y en segundo se les acompa\u00f1a (hasta salir) en la nada f\u00e1cil batalla de exigencia de sus derechos mediante el reclamo de ser o\u00eddos, comenzando por el rescate de su dignidad.<br \/>\nAs\u00ed hemos sido testigos de c\u00f3mo, cada cien de cien personas que ingresan al Barz\u00f3n con intenci\u00f3n de pago, honestidad y mucho esfuerzo logran su objetivo.<br \/>\nEse resultado no es f\u00e1cil ha requerido innovaci\u00f3n, creatividad, muchos aliados pero sobre todo acciones concretas de llegar a las personas que nos necesitan en el momento justo y a tiempo para poder brindarles la ayuda; por ejemplo, una de las campa\u00f1as m\u00e1s exitosas para el rescate de viviendas en riesgo de remate ha sido la de Edictos; y es que pocos saben que en los peri\u00f3dicos se publican diariamente avisos de venta de propiedades que despu\u00e9s de un proceso judicial y dada la incapacidad de pago, (insolvencia) de su propietario para responder de una deuda se \u00absacan\u00bb por orden de un juez a venta forzosa con la finalidad de que alguien los compre y as\u00ed pagar al acreedor.<br \/>\nPero, \u00bfqui\u00e9n que enfrente un problema, se pone a buscar en el peri\u00f3dico para saber cu\u00e1ndo saldr\u00e1 su casa a remate?, por eso en muchos casos los afectados se enteran de que perdieron el derecho de defenderse cuando hay un cerrajero a la puerta con polic\u00edas y personal judicial para llevar a cabo un desalojo y hasta entonces buscaban la ayuda o \u00abun amparo\u00bb o a \u00abderechos humanos\u00bb para salvarse de lo que se considera -lo es- una injusticia, sin obtener resultados pues ya nada se pod\u00eda hacer. De ah\u00ed la necesidad de crear una acci\u00f3n concreta del Barz\u00f3n para llegar hasta esos hogares antes de lo irremediable, significando que tan solo durante el 2019 hicimos el env\u00edo \u00a1638 cartas de ayuda!<br \/>\nOtros casos del universo que atendemos (aproximadamente el 40%) han sido resueltos a trav\u00e9s de una asesor\u00eda o gesti\u00f3n, que de no haberse recibido, la situaci\u00f3n se habr\u00eda complicado en manos inexpertas que vendieran \u00abespejitos\u00bb por soluciones reales.<br \/>\nAs\u00ed con este orgullo a flor de piel es que festejamos estos quince a\u00f1os de lucha social, en el marco de nuestra m\u00e1s reciente acci\u00f3n, La Jornada Estatal de Defensa del Patrimonio Familiar.<br \/>\n\u00a1Inscr\u00edbete!<br \/>\nLlama al 2281148502 visite <a href=\"http:\/\/www.elbarzonrc.org\/\"><em><strong>www.elbarzonrc.org<\/strong><\/em><\/a> Contacte <a href=\"mailto:elbarzonrc@yahoo.com.mx\"><em><strong>elbarzonrc@yahoo.com.mx<\/strong><\/em><\/a>, O s\u00edgame en @terecarbajal<\/p>\n","protected":false},"excerpt":{"rendered":"<p>Teresa Carbajal Debo, no niego; pago, lo justo El pasado 23 de noviembre y de modo at\u00edpico por evidentes razones celebramos un aniversario m\u00e1s de la fundaci\u00f3n legal del Barz\u00f3n RC en Veracruz, imposible resumir en tan breve espacio lo que esos a\u00f1os han significado para los fundadores, m\u00e1s para los beneficiarios de la causa. [&hellip;]<\/p>\n","protected":false},"author":2,"featured_media":0,"comment_status":"open","ping_status":"open","sticky":false,"template":"","format":"standard","meta":{"tdm_status":"","tdm_grid_status":"","footnotes":""},"categories":[70],"tags":[22037,4430,15677,23981,20274],"class_list":{"0":"post-64612","1":"post","2":"type-post","3":"status-publish","4":"format-standard","6":"category-de-opinion","7":"tag-defensa-del-patrimonio-familiar","8":"tag-derechos-humanos","9":"tag-edictos","10":"tag-lucha-social","11":"tag-quince-anos"},"yoast_head":"<!-- This site is optimized with the Yoast SEO plugin v27.4 - https:\/\/yoast.com\/product\/yoast-seo-wordpress\/ -->\n<title>XV a\u00f1os de resistencia civil pac\u00edfica - Los pol\u00edticos Veracruz<\/title>\n<meta name=\"robots\" content=\"index, follow, max-snippet:-1, max-image-preview:large, max-video-preview:-1\" \/>\n<link rel=\"canonical\" href=\"https:\/\/lospoliticosveracruz.com\/?p=64612\" \/>\n<meta property=\"og:locale\" content=\"es_ES\" \/>\n<meta property=\"og:type\" content=\"article\" \/>\n<meta property=\"og:title\" content=\"XV a\u00f1os de resistencia civil pac\u00edfica - Los pol\u00edticos Veracruz\" \/>\n<meta property=\"og:description\" content=\"Teresa Carbajal Debo, no niego; pago, lo justo El pasado 23 de noviembre y de modo at\u00edpico por evidentes razones celebramos un aniversario m\u00e1s de la fundaci\u00f3n legal del Barz\u00f3n RC en Veracruz, imposible resumir en tan breve espacio lo que esos a\u00f1os han significado para los fundadores, m\u00e1s para los beneficiarios de la causa. [&hellip;]\" \/>\n<meta property=\"og:url\" content=\"https:\/\/lospoliticosveracruz.com\/?p=64612\" \/>\n<meta property=\"og:site_name\" content=\"Los pol\u00edticos Veracruz\" \/>\n<meta property=\"article:publisher\" content=\"https:\/\/www.facebook.com\/people\/Notimemes-de-los-Polticos\/61565672886568\/\" \/>\n<meta property=\"article:published_time\" content=\"2020-11-28T15:59:15+00:00\" \/>\n<meta property=\"og:image\" content=\"https:\/\/lospoliticosveracruz.com\/wp-content\/uploads\/2016\/07\/Logo-Dor.jpg\" \/>\n\t<meta property=\"og:image:width\" content=\"200\" \/>\n\t<meta property=\"og:image:height\" content=\"200\" \/>\n\t<meta property=\"og:image:type\" content=\"image\/jpeg\" \/>\n<meta name=\"author\" content=\"Lo viste en Los Pol\u00edticos\" \/>\n<meta name=\"twitter:card\" content=\"summary_large_image\" \/>\n<meta name=\"twitter:creator\" content=\"@LosPoliticosVer\" \/>\n<meta name=\"twitter:site\" content=\"@LosPoliticosVer\" \/>\n<meta name=\"twitter:label1\" content=\"Escrito por\" \/>\n\t<meta name=\"twitter:data1\" content=\"Lo viste en Los Pol\u00edticos\" \/>\n\t<meta name=\"twitter:label2\" content=\"Tiempo de lectura\" \/>\n\t<meta name=\"twitter:data2\" content=\"3 minutos\" \/>\n<script type=\"application\/ld+json\" class=\"yoast-schema-graph\">{\"@context\":\"https:\\\/\\\/schema.org\",\"@graph\":[{\"@type\":\"Article\",\"@id\":\"https:\\\/\\\/lospoliticosveracruz.com\\\/?p=64612#article\",\"isPartOf\":{\"@id\":\"https:\\\/\\\/lospoliticosveracruz.com\\\/?p=64612\"},\"author\":{\"name\":\"Lo viste en Los Pol\u00edticos\",\"@id\":\"https:\\\/\\\/lospoliticosveracruz.com\\\/#\\\/schema\\\/person\\\/b8702bb0e538456e6efd07080bf2a4a2\"},\"headline\":\"XV a\u00f1os de resistencia civil pac\u00edfica\",\"datePublished\":\"2020-11-28T15:59:15+00:00\",\"mainEntityOfPage\":{\"@id\":\"https:\\\/\\\/lospoliticosveracruz.com\\\/?p=64612\"},\"wordCount\":614,\"commentCount\":0,\"publisher\":{\"@id\":\"https:\\\/\\\/lospoliticosveracruz.com\\\/#organization\"},\"keywords\":[\"Defensa del Patrimonio Familiar\",\"derechos humanos\",\"Edictos\",\"Lucha social\",\"Quince a\u00f1os\"],\"articleSection\":[\"De Opini\u00f3n\"],\"inLanguage\":\"es\",\"potentialAction\":[{\"@type\":\"CommentAction\",\"name\":\"Comment\",\"target\":[\"https:\\\/\\\/lospoliticosveracruz.com\\\/?p=64612#respond\"]}]},{\"@type\":\"WebPage\",\"@id\":\"https:\\\/\\\/lospoliticosveracruz.com\\\/?p=64612\",\"url\":\"https:\\\/\\\/lospoliticosveracruz.com\\\/?p=64612\",\"name\":\"XV a\u00f1os de resistencia civil pac\u00edfica - Los pol\u00edticos Veracruz\",\"isPartOf\":{\"@id\":\"https:\\\/\\\/lospoliticosveracruz.com\\\/#website\"},\"datePublished\":\"2020-11-28T15:59:15+00:00\",\"breadcrumb\":{\"@id\":\"https:\\\/\\\/lospoliticosveracruz.com\\\/?p=64612#breadcrumb\"},\"inLanguage\":\"es\",\"potentialAction\":[{\"@type\":\"ReadAction\",\"target\":[\"https:\\\/\\\/lospoliticosveracruz.com\\\/?p=64612\"]}]},{\"@type\":\"BreadcrumbList\",\"@id\":\"https:\\\/\\\/lospoliticosveracruz.com\\\/?p=64612#breadcrumb\",\"itemListElement\":[{\"@type\":\"ListItem\",\"position\":1,\"name\":\"Portada\",\"item\":\"https:\\\/\\\/lospoliticosveracruz.com\\\/\"},{\"@type\":\"ListItem\",\"position\":2,\"name\":\"XV a\u00f1os de resistencia civil pac\u00edfica\"}]},{\"@type\":\"WebSite\",\"@id\":\"https:\\\/\\\/lospoliticosveracruz.com\\\/#website\",\"url\":\"https:\\\/\\\/lospoliticosveracruz.com\\\/\",\"name\":\"Los pol\u00edticos Veracruz\",\"description\":\"\",\"publisher\":{\"@id\":\"https:\\\/\\\/lospoliticosveracruz.com\\\/#organization\"},\"potentialAction\":[{\"@type\":\"SearchAction\",\"target\":{\"@type\":\"EntryPoint\",\"urlTemplate\":\"https:\\\/\\\/lospoliticosveracruz.com\\\/?s={search_term_string}\"},\"query-input\":{\"@type\":\"PropertyValueSpecification\",\"valueRequired\":true,\"valueName\":\"search_term_string\"}}],\"inLanguage\":\"es\"},{\"@type\":\"Organization\",\"@id\":\"https:\\\/\\\/lospoliticosveracruz.com\\\/#organization\",\"name\":\"Los pol\u00edticos Veracruz\",\"url\":\"https:\\\/\\\/lospoliticosveracruz.com\\\/\",\"logo\":{\"@type\":\"ImageObject\",\"inLanguage\":\"es\",\"@id\":\"https:\\\/\\\/lospoliticosveracruz.com\\\/#\\\/schema\\\/logo\\\/image\\\/\",\"url\":\"https:\\\/\\\/lospoliticosveracruz.com\\\/wp-content\\\/uploads\\\/2025\\\/12\\\/Logo-Nuevo-LOS-POLITICOS-1.jpg\",\"contentUrl\":\"https:\\\/\\\/lospoliticosveracruz.com\\\/wp-content\\\/uploads\\\/2025\\\/12\\\/Logo-Nuevo-LOS-POLITICOS-1.jpg\",\"width\":260,\"height\":70,\"caption\":\"Los pol\u00edticos Veracruz\"},\"image\":{\"@id\":\"https:\\\/\\\/lospoliticosveracruz.com\\\/#\\\/schema\\\/logo\\\/image\\\/\"},\"sameAs\":[\"https:\\\/\\\/www.facebook.com\\\/people\\\/Notimemes-de-los-Polticos\\\/61565672886568\\\/\",\"https:\\\/\\\/x.com\\\/LosPoliticosVer\"]},{\"@type\":\"Person\",\"@id\":\"https:\\\/\\\/lospoliticosveracruz.com\\\/#\\\/schema\\\/person\\\/b8702bb0e538456e6efd07080bf2a4a2\",\"name\":\"Lo viste en Los Pol\u00edticos\",\"image\":{\"@type\":\"ImageObject\",\"inLanguage\":\"es\",\"@id\":\"https:\\\/\\\/secure.gravatar.com\\\/avatar\\\/3a8de04a2656d44082be478bd6c086daa447c4651605818287b9532d3d0bd435?s=96&d=mm&r=g\",\"url\":\"https:\\\/\\\/secure.gravatar.com\\\/avatar\\\/3a8de04a2656d44082be478bd6c086daa447c4651605818287b9532d3d0bd435?s=96&d=mm&r=g\",\"contentUrl\":\"https:\\\/\\\/secure.gravatar.com\\\/avatar\\\/3a8de04a2656d44082be478bd6c086daa447c4651605818287b9532d3d0bd435?s=96&d=mm&r=g\",\"caption\":\"Lo viste en Los Pol\u00edticos\"},\"url\":\"https:\\\/\\\/lospoliticosveracruz.com\\\/?author=2\"}]}<\/script>\n<!-- \/ Yoast SEO plugin. -->","yoast_head_json":{"title":"XV a\u00f1os de resistencia civil pac\u00edfica - Los pol\u00edticos Veracruz","robots":{"index":"index","follow":"follow","max-snippet":"max-snippet:-1","max-image-preview":"max-image-preview:large","max-video-preview":"max-video-preview:-1"},"canonical":"https:\/\/lospoliticosveracruz.com\/?p=64612","og_locale":"es_ES","og_type":"article","og_title":"XV a\u00f1os de resistencia civil pac\u00edfica - Los pol\u00edticos Veracruz","og_description":"Teresa Carbajal Debo, no niego; pago, lo justo El pasado 23 de noviembre y de modo at\u00edpico por evidentes razones celebramos un aniversario m\u00e1s de la fundaci\u00f3n legal del Barz\u00f3n RC en Veracruz, imposible resumir en tan breve espacio lo que esos a\u00f1os han significado para los fundadores, m\u00e1s para los beneficiarios de la causa. [&hellip;]","og_url":"https:\/\/lospoliticosveracruz.com\/?p=64612","og_site_name":"Los pol\u00edticos Veracruz","article_publisher":"https:\/\/www.facebook.com\/people\/Notimemes-de-los-Polticos\/61565672886568\/","article_published_time":"2020-11-28T15:59:15+00:00","og_image":[{"width":200,"height":200,"url":"https:\/\/lospoliticosveracruz.com\/wp-content\/uploads\/2016\/07\/Logo-Dor.jpg","type":"image\/jpeg"}],"author":"Lo viste en Los Pol\u00edticos","twitter_card":"summary_large_image","twitter_creator":"@LosPoliticosVer","twitter_site":"@LosPoliticosVer","twitter_misc":{"Escrito por":"Lo viste en Los Pol\u00edticos","Tiempo de lectura":"3 minutos"},"schema":{"@context":"https:\/\/schema.org","@graph":[{"@type":"Article","@id":"https:\/\/lospoliticosveracruz.com\/?p=64612#article","isPartOf":{"@id":"https:\/\/lospoliticosveracruz.com\/?p=64612"},"author":{"name":"Lo viste en Los Pol\u00edticos","@id":"https:\/\/lospoliticosveracruz.com\/#\/schema\/person\/b8702bb0e538456e6efd07080bf2a4a2"},"headline":"XV a\u00f1os de resistencia civil pac\u00edfica","datePublished":"2020-11-28T15:59:15+00:00","mainEntityOfPage":{"@id":"https:\/\/lospoliticosveracruz.com\/?p=64612"},"wordCount":614,"commentCount":0,"publisher":{"@id":"https:\/\/lospoliticosveracruz.com\/#organization"},"keywords":["Defensa del Patrimonio Familiar","derechos humanos","Edictos","Lucha social","Quince a\u00f1os"],"articleSection":["De Opini\u00f3n"],"inLanguage":"es","potentialAction":[{"@type":"CommentAction","name":"Comment","target":["https:\/\/lospoliticosveracruz.com\/?p=64612#respond"]}]},{"@type":"WebPage","@id":"https:\/\/lospoliticosveracruz.com\/?p=64612","url":"https:\/\/lospoliticosveracruz.com\/?p=64612","name":"XV a\u00f1os de resistencia civil pac\u00edfica - Los pol\u00edticos Veracruz","isPartOf":{"@id":"https:\/\/lospoliticosveracruz.com\/#website"},"datePublished":"2020-11-28T15:59:15+00:00","breadcrumb":{"@id":"https:\/\/lospoliticosveracruz.com\/?p=64612#breadcrumb"},"inLanguage":"es","potentialAction":[{"@type":"ReadAction","target":["https:\/\/lospoliticosveracruz.com\/?p=64612"]}]},{"@type":"BreadcrumbList","@id":"https:\/\/lospoliticosveracruz.com\/?p=64612#breadcrumb","itemListElement":[{"@type":"ListItem","position":1,"name":"Portada","item":"https:\/\/lospoliticosveracruz.com\/"},{"@type":"ListItem","position":2,"name":"XV a\u00f1os de resistencia civil pac\u00edfica"}]},{"@type":"WebSite","@id":"https:\/\/lospoliticosveracruz.com\/#website","url":"https:\/\/lospoliticosveracruz.com\/","name":"Los pol\u00edticos Veracruz","description":"","publisher":{"@id":"https:\/\/lospoliticosveracruz.com\/#organization"},"potentialAction":[{"@type":"SearchAction","target":{"@type":"EntryPoint","urlTemplate":"https:\/\/lospoliticosveracruz.com\/?s={search_term_string}"},"query-input":{"@type":"PropertyValueSpecification","valueRequired":true,"valueName":"search_term_string"}}],"inLanguage":"es"},{"@type":"Organization","@id":"https:\/\/lospoliticosveracruz.com\/#organization","name":"Los pol\u00edticos Veracruz","url":"https:\/\/lospoliticosveracruz.com\/","logo":{"@type":"ImageObject","inLanguage":"es","@id":"https:\/\/lospoliticosveracruz.com\/#\/schema\/logo\/image\/","url":"https:\/\/lospoliticosveracruz.com\/wp-content\/uploads\/2025\/12\/Logo-Nuevo-LOS-POLITICOS-1.jpg","contentUrl":"https:\/\/lospoliticosveracruz.com\/wp-content\/uploads\/2025\/12\/Logo-Nuevo-LOS-POLITICOS-1.jpg","width":260,"height":70,"caption":"Los pol\u00edticos Veracruz"},"image":{"@id":"https:\/\/lospoliticosveracruz.com\/#\/schema\/logo\/image\/"},"sameAs":["https:\/\/www.facebook.com\/people\/Notimemes-de-los-Polticos\/61565672886568\/","https:\/\/x.com\/LosPoliticosVer"]},{"@type":"Person","@id":"https:\/\/lospoliticosveracruz.com\/#\/schema\/person\/b8702bb0e538456e6efd07080bf2a4a2","name":"Lo viste en Los Pol\u00edticos","image":{"@type":"ImageObject","inLanguage":"es","@id":"https:\/\/secure.gravatar.com\/avatar\/3a8de04a2656d44082be478bd6c086daa447c4651605818287b9532d3d0bd435?s=96&d=mm&r=g","url":"https:\/\/secure.gravatar.com\/avatar\/3a8de04a2656d44082be478bd6c086daa447c4651605818287b9532d3d0bd435?s=96&d=mm&r=g","contentUrl":"https:\/\/secure.gravatar.com\/avatar\/3a8de04a2656d44082be478bd6c086daa447c4651605818287b9532d3d0bd435?s=96&d=mm&r=g","caption":"Lo viste en Los Pol\u00edticos"},"url":"https:\/\/lospoliticosveracruz.com\/?author=2"}]}},"_links":{"self":[{"href":"https:\/\/lospoliticosveracruz.com\/index.php?rest_route=\/wp\/v2\/posts\/64612","targetHints":{"allow":["GET"]}}],"collection":[{"href":"https:\/\/lospoliticosveracruz.com\/index.php?rest_route=\/wp\/v2\/posts"}],"about":[{"href":"https:\/\/lospoliticosveracruz.com\/index.php?rest_route=\/wp\/v2\/types\/post"}],"author":[{"embeddable":true,"href":"https:\/\/lospoliticosveracruz.com\/index.php?rest_route=\/wp\/v2\/users\/2"}],"replies":[{"embeddable":true,"href":"https:\/\/lospoliticosveracruz.com\/index.php?rest_route=%2Fwp%2Fv2%2Fcomments&post=64612"}],"version-history":[{"count":1,"href":"https:\/\/lospoliticosveracruz.com\/index.php?rest_route=\/wp\/v2\/posts\/64612\/revisions"}],"predecessor-version":[{"id":64613,"href":"https:\/\/lospoliticosveracruz.com\/index.php?rest_route=\/wp\/v2\/posts\/64612\/revisions\/64613"}],"wp:attachment":[{"href":"https:\/\/lospoliticosveracruz.com\/index.php?rest_route=%2Fwp%2Fv2%2Fmedia&parent=64612"}],"wp:term":[{"taxonomy":"category","embeddable":true,"href":"https:\/\/lospoliticosveracruz.com\/index.php?rest_route=%2Fwp%2Fv2%2Fcategories&post=64612"},{"taxonomy":"post_tag","embeddable":true,"href":"https:\/\/lospoliticosveracruz.com\/index.php?rest_route=%2Fwp%2Fv2%2Ftags&post=64612"}],"curies":[{"name":"wp","href":"https:\/\/api.w.org\/{rel}","templated":true}]}}