{"id":64666,"date":"2020-11-30T09:14:56","date_gmt":"2020-11-30T15:14:56","guid":{"rendered":"http:\/\/www.lospoliticosveracruz.com.mx\/?p=64666"},"modified":"2020-11-30T09:14:56","modified_gmt":"2020-11-30T15:14:56","slug":"si-otatitlan-pudo-tlacotalpan-por-que-no","status":"publish","type":"post","link":"https:\/\/lospoliticosveracruz.com\/?p=64666","title":{"rendered":"Si Otatitl\u00e1n pudo, Tlacotalpan \u00bfpor qu\u00e9 no?"},"content":{"rendered":"<p><a href=\"http:\/\/www.lospoliticosveracruz.com.mx\/wp-content\/uploads\/2016\/07\/Parroquia-Candelaria.jpg\"><img loading=\"lazy\" decoding=\"async\" class=\"aligncenter size-full wp-image-64676\" src=\"http:\/\/www.lospoliticosveracruz.com.mx\/wp-content\/uploads\/2016\/07\/Parroquia-Candelaria.jpg\" alt=\"Parroquia Candelaria\" width=\"600\" height=\"320\" \/><\/a><\/p>\n<p><strong>Eduardo Venegas Naranjo<\/strong><br \/>\n<em>Aqu\u00ed Entre Nos&#8230;<\/em><\/p>\n<p>Otatitl\u00e1n es el municipio de moda, es la tierra del Secretario de Gobierno del Estado de Veracruz, Eric Patrocinio Cisneros Burgos, este fin de semana se llevaron a cabo importantes eventos en el marco de la fiesta patronal en honor a San Andr\u00e9s Ap\u00f3stol. La peque\u00f1a ciudad es pintoresca no ha trascendido ni por su cultura ni mucho menos tur\u00edsticamente y es que el funcionario a toda costa quiere que el Santuario sea un municipio reconocido, su fiesta es bonita m\u00e1s no ha traspasado fronteras. Hoy estuvo lleno de gente el centro de esta ciudad, hab\u00eda \u201c\u2018medidas\u201d sanitarias para accesar, por la tarde de este domingo se llev\u00f3 a cabo el corte del list\u00f3n de la Parroquia obvio estuvo el gobernador Cuitl\u00e1huac Garc\u00eda Jimenez.<br \/>\nEl templo fue restaurado por el famoso y prestigiado Arquitecto, Jos\u00e9 \u00c1ngel Arandia, quien por cierto conoci\u00f3 a Patrocinio en un Oxxo all\u00e1 por el 2018, este le entreg\u00f3 al futuro funcionario en aquel entonces su tarjeta y fue ah\u00ed cuando a \u201cBola 8\u201d se le alumbr\u00f3 la brillante idea de restaurar la Parroquia de su pueblo.<br \/>\nSi Otatitl\u00e1n tuvo hoy un \u201cpeque\u00f1o\u201d y \u201csimb\u00f3lico\u201d festejo patronal, Tlacotalpan tambi\u00e9n deber\u00e1 tener el suyo, la Perla del Papaloapan es la \u00fanica ciudad con el t\u00edtulo de Patrimonio Cultural de la Humanidad otorgado por la UNESCO desde 1998. La ciudad ha sido amada y adorada por diversos pol\u00edticos que si valoraban la cultura y tradiciones, fue juguete de varios gobernadores pero le aportaban considerablemente a su embellecimiento.<br \/>\nAl Santuario de la Virgen de la Candelaria le urge una restauraci\u00f3n integral, con un valor aproximado de 12 millones de pesos, el Arquitecto Jos\u00e9 \u00c1ngel Arandia conoce bien el proyecto, es la persona id\u00f3nea para realizarlo tal y como lo hizo en la iglesia de Otatitl\u00e1n que alberga al famoso Cristo Negro.<br \/>\nLos MORENA no le han dado el interes que tiene Tlacotalpan, mucho menos a su t\u00edtulo, la ciudad tiene un plus, \u201cchach\u00e9\u201d a los pol\u00edticos estatales les da presencia, a los de la 4T no les interesa les ha quedado \u201cel casco bajeando\u201d.<br \/>\nBueno a Patrocinio el Patronato del majestuoso Teatro Nezahualc\u00f3yotl se le acerc\u00f3 en junio de 2019 para que apoyara y \u00e9ste se neg\u00f3, contestando de manera categ\u00f3rica. \u201cque no el gobierno del estado NO ayuda a Asociaciones Civiles\u201d, luego cuando un servidor lo hizo p\u00fablico en los medios de comunicaci\u00f3n \u201cBola 8\u201d se puso furioso, pero el ya la hab\u00eda \u201ccagado\u201d, \u201cpalo dado ni Dios lo quita\u201d.<br \/>\nEste domingo a Patrocinio se le vio emocionado, se sinti\u00f3 poderoso en su tierra junto a toda la c\u00fapula estatal y presidentes municipales de la regi\u00f3n fueron a hacerle \u201ccomparsa\u201d, ten\u00edan que ir a quedar bien con el \u201cjefe\u201d con el que manda y ordena, es el nuevo cacique de la Cuenca, es la mano que mece la cuna para las candidaturas por MORENA en 2021.<br \/>\nEn enero se ver\u00e1 que tanto est\u00e1 dispuesto el gobierno estatal en apoyar a Tlacotalpan para poder realizar una fiesta decorosa y porque no anunciar la restauraci\u00f3n del Santuario de la Virgen de la Candelaria que es visitado al a\u00f1o por miles de fieles, por ser la fiesta patronal m\u00e1s importante del estado de Veracruz y una de las 5 m\u00e1s importante del pa\u00eds. Al templo le falta su restauraci\u00f3n integral que consiste en rehabilitar las griegas de la c\u00fapula y filtraciones del edificio, la sustituci\u00f3n de aplanados, componer los campanarios, restaurar la pintura del mural interior as\u00ed como los retablos e instalaci\u00f3n de mobiliario (candiles , bancas sonidos), seg\u00fan en Otatitl\u00e1n el recurso lo otorgaron empresarios a trav\u00e9s de \u201caportaciones\u201d ya que andan tan dadivosos que tambi\u00e9n lo hagan en Tlacotalpan, que desde el 2004 a trav\u00e9s del extinto Consejo de Desarrollo del Papaloapan se le dio su \u00faltima \u201cmanita de gato\u201d al techo y al interior del importante inmueble que es el uno de los mayores emblemas de la ciudad.<br \/>\nlalo_tlaco@hotmail.com<br \/>\n@lalo2808<\/p>\n","protected":false},"excerpt":{"rendered":"<p>Eduardo Venegas Naranjo Aqu\u00ed Entre Nos&#8230; Otatitl\u00e1n es el municipio de moda, es la tierra del Secretario de Gobierno del Estado de Veracruz, Eric Patrocinio Cisneros Burgos, este fin de semana se llevaron a cabo importantes eventos en el marco de la fiesta patronal en honor a San Andr\u00e9s Ap\u00f3stol. La peque\u00f1a ciudad es pintoresca [&hellip;]<\/p>\n","protected":false},"author":2,"featured_media":0,"comment_status":"open","ping_status":"open","sticky":false,"template":"","format":"standard","meta":{"tdm_status":"","tdm_grid_status":"","footnotes":""},"categories":[70],"tags":[17426,15946,1563,13461,24006,1026,7835,16662,24004,24005,676,1956,195],"class_list":{"0":"post-64666","1":"post","2":"type-post","3":"status-publish","4":"format-standard","6":"category-de-opinion","7":"tag-4t","8":"tag-bola-8","9":"tag-cuitlahuac-garcia-jimenez","10":"tag-eric-patrocinio-cisneros-burgos","11":"tag-jose-angel-arandia","12":"tag-morena","13":"tag-otatitlan","14":"tag-patrimonio-cultural-de-la-humanidad","15":"tag-san-andres-apostol","16":"tag-santuario","17":"tag-tlacotalpan","18":"tag-unesco","19":"tag-veracruz"},"yoast_head":"<!-- This site is optimized with the Yoast SEO plugin v27.4 - https:\/\/yoast.com\/product\/yoast-seo-wordpress\/ -->\n<title>Si Otatitl\u00e1n pudo, Tlacotalpan \u00bfpor qu\u00e9 no? - Los pol\u00edticos Veracruz<\/title>\n<meta name=\"robots\" content=\"index, follow, max-snippet:-1, max-image-preview:large, max-video-preview:-1\" \/>\n<link rel=\"canonical\" href=\"https:\/\/lospoliticosveracruz.com\/?p=64666\" \/>\n<meta property=\"og:locale\" content=\"es_ES\" \/>\n<meta property=\"og:type\" content=\"article\" \/>\n<meta property=\"og:title\" content=\"Si Otatitl\u00e1n pudo, Tlacotalpan \u00bfpor qu\u00e9 no? - Los pol\u00edticos Veracruz\" \/>\n<meta property=\"og:description\" content=\"Eduardo Venegas Naranjo Aqu\u00ed Entre Nos&#8230; Otatitl\u00e1n es el municipio de moda, es la tierra del Secretario de Gobierno del Estado de Veracruz, Eric Patrocinio Cisneros Burgos, este fin de semana se llevaron a cabo importantes eventos en el marco de la fiesta patronal en honor a San Andr\u00e9s Ap\u00f3stol. La peque\u00f1a ciudad es pintoresca [&hellip;]\" \/>\n<meta property=\"og:url\" content=\"https:\/\/lospoliticosveracruz.com\/?p=64666\" \/>\n<meta property=\"og:site_name\" content=\"Los pol\u00edticos Veracruz\" \/>\n<meta property=\"article:publisher\" content=\"https:\/\/www.facebook.com\/people\/Notimemes-de-los-Polticos\/61565672886568\/\" \/>\n<meta property=\"article:published_time\" content=\"2020-11-30T15:14:56+00:00\" \/>\n<meta property=\"og:image\" content=\"http:\/\/www.lospoliticosveracruz.com.mx\/wp-content\/uploads\/2016\/07\/Parroquia-Candelaria.jpg\" \/>\n<meta name=\"author\" content=\"Lo viste en Los Pol\u00edticos\" \/>\n<meta name=\"twitter:card\" content=\"summary_large_image\" \/>\n<meta name=\"twitter:creator\" content=\"@LosPoliticosVer\" \/>\n<meta name=\"twitter:site\" content=\"@LosPoliticosVer\" \/>\n<meta name=\"twitter:label1\" content=\"Escrito por\" \/>\n\t<meta name=\"twitter:data1\" content=\"Lo viste en Los Pol\u00edticos\" \/>\n\t<meta name=\"twitter:label2\" content=\"Tiempo de lectura\" \/>\n\t<meta name=\"twitter:data2\" content=\"3 minutos\" \/>\n<script type=\"application\/ld+json\" class=\"yoast-schema-graph\">{\"@context\":\"https:\\\/\\\/schema.org\",\"@graph\":[{\"@type\":\"Article\",\"@id\":\"https:\\\/\\\/lospoliticosveracruz.com\\\/?p=64666#article\",\"isPartOf\":{\"@id\":\"https:\\\/\\\/lospoliticosveracruz.com\\\/?p=64666\"},\"author\":{\"name\":\"Lo viste en Los Pol\u00edticos\",\"@id\":\"https:\\\/\\\/lospoliticosveracruz.com\\\/#\\\/schema\\\/person\\\/b8702bb0e538456e6efd07080bf2a4a2\"},\"headline\":\"Si Otatitl\u00e1n pudo, Tlacotalpan \u00bfpor qu\u00e9 no?\",\"datePublished\":\"2020-11-30T15:14:56+00:00\",\"mainEntityOfPage\":{\"@id\":\"https:\\\/\\\/lospoliticosveracruz.com\\\/?p=64666\"},\"wordCount\":702,\"commentCount\":0,\"publisher\":{\"@id\":\"https:\\\/\\\/lospoliticosveracruz.com\\\/#organization\"},\"image\":{\"@id\":\"https:\\\/\\\/lospoliticosveracruz.com\\\/?p=64666#primaryimage\"},\"thumbnailUrl\":\"http:\\\/\\\/www.lospoliticosveracruz.com.mx\\\/wp-content\\\/uploads\\\/2016\\\/07\\\/Parroquia-Candelaria.jpg\",\"keywords\":[\"4T\",\"Bola 8\",\"Cuitl\u00e1huac Garc\u00eda Jim\u00e9nez\",\"Eric Patrocinio Cisneros Burgos\",\"Jos\u00e9 \u00c1ngel Arandia\",\"Morena\",\"Otatitl\u00e1n\",\"Patrimonio Cultural de la Humanidad\",\"San Andr\u00e9s Ap\u00f3stol\",\"Santuario\",\"Tlacotalpan\",\"Unesco\",\"Veracruz\"],\"articleSection\":[\"De Opini\u00f3n\"],\"inLanguage\":\"es\",\"potentialAction\":[{\"@type\":\"CommentAction\",\"name\":\"Comment\",\"target\":[\"https:\\\/\\\/lospoliticosveracruz.com\\\/?p=64666#respond\"]}]},{\"@type\":\"WebPage\",\"@id\":\"https:\\\/\\\/lospoliticosveracruz.com\\\/?p=64666\",\"url\":\"https:\\\/\\\/lospoliticosveracruz.com\\\/?p=64666\",\"name\":\"Si Otatitl\u00e1n pudo, Tlacotalpan \u00bfpor qu\u00e9 no? - Los pol\u00edticos Veracruz\",\"isPartOf\":{\"@id\":\"https:\\\/\\\/lospoliticosveracruz.com\\\/#website\"},\"primaryImageOfPage\":{\"@id\":\"https:\\\/\\\/lospoliticosveracruz.com\\\/?p=64666#primaryimage\"},\"image\":{\"@id\":\"https:\\\/\\\/lospoliticosveracruz.com\\\/?p=64666#primaryimage\"},\"thumbnailUrl\":\"http:\\\/\\\/www.lospoliticosveracruz.com.mx\\\/wp-content\\\/uploads\\\/2016\\\/07\\\/Parroquia-Candelaria.jpg\",\"datePublished\":\"2020-11-30T15:14:56+00:00\",\"breadcrumb\":{\"@id\":\"https:\\\/\\\/lospoliticosveracruz.com\\\/?p=64666#breadcrumb\"},\"inLanguage\":\"es\",\"potentialAction\":[{\"@type\":\"ReadAction\",\"target\":[\"https:\\\/\\\/lospoliticosveracruz.com\\\/?p=64666\"]}]},{\"@type\":\"ImageObject\",\"inLanguage\":\"es\",\"@id\":\"https:\\\/\\\/lospoliticosveracruz.com\\\/?p=64666#primaryimage\",\"url\":\"http:\\\/\\\/www.lospoliticosveracruz.com.mx\\\/wp-content\\\/uploads\\\/2016\\\/07\\\/Parroquia-Candelaria.jpg\",\"contentUrl\":\"http:\\\/\\\/www.lospoliticosveracruz.com.mx\\\/wp-content\\\/uploads\\\/2016\\\/07\\\/Parroquia-Candelaria.jpg\"},{\"@type\":\"BreadcrumbList\",\"@id\":\"https:\\\/\\\/lospoliticosveracruz.com\\\/?p=64666#breadcrumb\",\"itemListElement\":[{\"@type\":\"ListItem\",\"position\":1,\"name\":\"Portada\",\"item\":\"https:\\\/\\\/lospoliticosveracruz.com\\\/\"},{\"@type\":\"ListItem\",\"position\":2,\"name\":\"Si Otatitl\u00e1n pudo, Tlacotalpan \u00bfpor qu\u00e9 no?\"}]},{\"@type\":\"WebSite\",\"@id\":\"https:\\\/\\\/lospoliticosveracruz.com\\\/#website\",\"url\":\"https:\\\/\\\/lospoliticosveracruz.com\\\/\",\"name\":\"Los pol\u00edticos Veracruz\",\"description\":\"\",\"publisher\":{\"@id\":\"https:\\\/\\\/lospoliticosveracruz.com\\\/#organization\"},\"potentialAction\":[{\"@type\":\"SearchAction\",\"target\":{\"@type\":\"EntryPoint\",\"urlTemplate\":\"https:\\\/\\\/lospoliticosveracruz.com\\\/?s={search_term_string}\"},\"query-input\":{\"@type\":\"PropertyValueSpecification\",\"valueRequired\":true,\"valueName\":\"search_term_string\"}}],\"inLanguage\":\"es\"},{\"@type\":\"Organization\",\"@id\":\"https:\\\/\\\/lospoliticosveracruz.com\\\/#organization\",\"name\":\"Los pol\u00edticos Veracruz\",\"url\":\"https:\\\/\\\/lospoliticosveracruz.com\\\/\",\"logo\":{\"@type\":\"ImageObject\",\"inLanguage\":\"es\",\"@id\":\"https:\\\/\\\/lospoliticosveracruz.com\\\/#\\\/schema\\\/logo\\\/image\\\/\",\"url\":\"https:\\\/\\\/lospoliticosveracruz.com\\\/wp-content\\\/uploads\\\/2025\\\/12\\\/Logo-Nuevo-LOS-POLITICOS-1.jpg\",\"contentUrl\":\"https:\\\/\\\/lospoliticosveracruz.com\\\/wp-content\\\/uploads\\\/2025\\\/12\\\/Logo-Nuevo-LOS-POLITICOS-1.jpg\",\"width\":260,\"height\":70,\"caption\":\"Los pol\u00edticos Veracruz\"},\"image\":{\"@id\":\"https:\\\/\\\/lospoliticosveracruz.com\\\/#\\\/schema\\\/logo\\\/image\\\/\"},\"sameAs\":[\"https:\\\/\\\/www.facebook.com\\\/people\\\/Notimemes-de-los-Polticos\\\/61565672886568\\\/\",\"https:\\\/\\\/x.com\\\/LosPoliticosVer\"]},{\"@type\":\"Person\",\"@id\":\"https:\\\/\\\/lospoliticosveracruz.com\\\/#\\\/schema\\\/person\\\/b8702bb0e538456e6efd07080bf2a4a2\",\"name\":\"Lo viste en Los Pol\u00edticos\",\"image\":{\"@type\":\"ImageObject\",\"inLanguage\":\"es\",\"@id\":\"https:\\\/\\\/secure.gravatar.com\\\/avatar\\\/3a8de04a2656d44082be478bd6c086daa447c4651605818287b9532d3d0bd435?s=96&d=mm&r=g\",\"url\":\"https:\\\/\\\/secure.gravatar.com\\\/avatar\\\/3a8de04a2656d44082be478bd6c086daa447c4651605818287b9532d3d0bd435?s=96&d=mm&r=g\",\"contentUrl\":\"https:\\\/\\\/secure.gravatar.com\\\/avatar\\\/3a8de04a2656d44082be478bd6c086daa447c4651605818287b9532d3d0bd435?s=96&d=mm&r=g\",\"caption\":\"Lo viste en Los Pol\u00edticos\"},\"url\":\"https:\\\/\\\/lospoliticosveracruz.com\\\/?author=2\"}]}<\/script>\n<!-- \/ Yoast SEO plugin. -->","yoast_head_json":{"title":"Si Otatitl\u00e1n pudo, Tlacotalpan \u00bfpor qu\u00e9 no? - Los pol\u00edticos Veracruz","robots":{"index":"index","follow":"follow","max-snippet":"max-snippet:-1","max-image-preview":"max-image-preview:large","max-video-preview":"max-video-preview:-1"},"canonical":"https:\/\/lospoliticosveracruz.com\/?p=64666","og_locale":"es_ES","og_type":"article","og_title":"Si Otatitl\u00e1n pudo, Tlacotalpan \u00bfpor qu\u00e9 no? - Los pol\u00edticos Veracruz","og_description":"Eduardo Venegas Naranjo Aqu\u00ed Entre Nos&#8230; Otatitl\u00e1n es el municipio de moda, es la tierra del Secretario de Gobierno del Estado de Veracruz, Eric Patrocinio Cisneros Burgos, este fin de semana se llevaron a cabo importantes eventos en el marco de la fiesta patronal en honor a San Andr\u00e9s Ap\u00f3stol. La peque\u00f1a ciudad es pintoresca [&hellip;]","og_url":"https:\/\/lospoliticosveracruz.com\/?p=64666","og_site_name":"Los pol\u00edticos Veracruz","article_publisher":"https:\/\/www.facebook.com\/people\/Notimemes-de-los-Polticos\/61565672886568\/","article_published_time":"2020-11-30T15:14:56+00:00","og_image":[{"url":"http:\/\/www.lospoliticosveracruz.com.mx\/wp-content\/uploads\/2016\/07\/Parroquia-Candelaria.jpg","type":"","width":"","height":""}],"author":"Lo viste en Los Pol\u00edticos","twitter_card":"summary_large_image","twitter_creator":"@LosPoliticosVer","twitter_site":"@LosPoliticosVer","twitter_misc":{"Escrito por":"Lo viste en Los Pol\u00edticos","Tiempo de lectura":"3 minutos"},"schema":{"@context":"https:\/\/schema.org","@graph":[{"@type":"Article","@id":"https:\/\/lospoliticosveracruz.com\/?p=64666#article","isPartOf":{"@id":"https:\/\/lospoliticosveracruz.com\/?p=64666"},"author":{"name":"Lo viste en Los Pol\u00edticos","@id":"https:\/\/lospoliticosveracruz.com\/#\/schema\/person\/b8702bb0e538456e6efd07080bf2a4a2"},"headline":"Si Otatitl\u00e1n pudo, Tlacotalpan \u00bfpor qu\u00e9 no?","datePublished":"2020-11-30T15:14:56+00:00","mainEntityOfPage":{"@id":"https:\/\/lospoliticosveracruz.com\/?p=64666"},"wordCount":702,"commentCount":0,"publisher":{"@id":"https:\/\/lospoliticosveracruz.com\/#organization"},"image":{"@id":"https:\/\/lospoliticosveracruz.com\/?p=64666#primaryimage"},"thumbnailUrl":"http:\/\/www.lospoliticosveracruz.com.mx\/wp-content\/uploads\/2016\/07\/Parroquia-Candelaria.jpg","keywords":["4T","Bola 8","Cuitl\u00e1huac Garc\u00eda Jim\u00e9nez","Eric Patrocinio Cisneros Burgos","Jos\u00e9 \u00c1ngel Arandia","Morena","Otatitl\u00e1n","Patrimonio Cultural de la Humanidad","San Andr\u00e9s Ap\u00f3stol","Santuario","Tlacotalpan","Unesco","Veracruz"],"articleSection":["De Opini\u00f3n"],"inLanguage":"es","potentialAction":[{"@type":"CommentAction","name":"Comment","target":["https:\/\/lospoliticosveracruz.com\/?p=64666#respond"]}]},{"@type":"WebPage","@id":"https:\/\/lospoliticosveracruz.com\/?p=64666","url":"https:\/\/lospoliticosveracruz.com\/?p=64666","name":"Si Otatitl\u00e1n pudo, Tlacotalpan \u00bfpor qu\u00e9 no? - Los pol\u00edticos Veracruz","isPartOf":{"@id":"https:\/\/lospoliticosveracruz.com\/#website"},"primaryImageOfPage":{"@id":"https:\/\/lospoliticosveracruz.com\/?p=64666#primaryimage"},"image":{"@id":"https:\/\/lospoliticosveracruz.com\/?p=64666#primaryimage"},"thumbnailUrl":"http:\/\/www.lospoliticosveracruz.com.mx\/wp-content\/uploads\/2016\/07\/Parroquia-Candelaria.jpg","datePublished":"2020-11-30T15:14:56+00:00","breadcrumb":{"@id":"https:\/\/lospoliticosveracruz.com\/?p=64666#breadcrumb"},"inLanguage":"es","potentialAction":[{"@type":"ReadAction","target":["https:\/\/lospoliticosveracruz.com\/?p=64666"]}]},{"@type":"ImageObject","inLanguage":"es","@id":"https:\/\/lospoliticosveracruz.com\/?p=64666#primaryimage","url":"http:\/\/www.lospoliticosveracruz.com.mx\/wp-content\/uploads\/2016\/07\/Parroquia-Candelaria.jpg","contentUrl":"http:\/\/www.lospoliticosveracruz.com.mx\/wp-content\/uploads\/2016\/07\/Parroquia-Candelaria.jpg"},{"@type":"BreadcrumbList","@id":"https:\/\/lospoliticosveracruz.com\/?p=64666#breadcrumb","itemListElement":[{"@type":"ListItem","position":1,"name":"Portada","item":"https:\/\/lospoliticosveracruz.com\/"},{"@type":"ListItem","position":2,"name":"Si Otatitl\u00e1n pudo, Tlacotalpan \u00bfpor qu\u00e9 no?"}]},{"@type":"WebSite","@id":"https:\/\/lospoliticosveracruz.com\/#website","url":"https:\/\/lospoliticosveracruz.com\/","name":"Los pol\u00edticos Veracruz","description":"","publisher":{"@id":"https:\/\/lospoliticosveracruz.com\/#organization"},"potentialAction":[{"@type":"SearchAction","target":{"@type":"EntryPoint","urlTemplate":"https:\/\/lospoliticosveracruz.com\/?s={search_term_string}"},"query-input":{"@type":"PropertyValueSpecification","valueRequired":true,"valueName":"search_term_string"}}],"inLanguage":"es"},{"@type":"Organization","@id":"https:\/\/lospoliticosveracruz.com\/#organization","name":"Los pol\u00edticos Veracruz","url":"https:\/\/lospoliticosveracruz.com\/","logo":{"@type":"ImageObject","inLanguage":"es","@id":"https:\/\/lospoliticosveracruz.com\/#\/schema\/logo\/image\/","url":"https:\/\/lospoliticosveracruz.com\/wp-content\/uploads\/2025\/12\/Logo-Nuevo-LOS-POLITICOS-1.jpg","contentUrl":"https:\/\/lospoliticosveracruz.com\/wp-content\/uploads\/2025\/12\/Logo-Nuevo-LOS-POLITICOS-1.jpg","width":260,"height":70,"caption":"Los pol\u00edticos Veracruz"},"image":{"@id":"https:\/\/lospoliticosveracruz.com\/#\/schema\/logo\/image\/"},"sameAs":["https:\/\/www.facebook.com\/people\/Notimemes-de-los-Polticos\/61565672886568\/","https:\/\/x.com\/LosPoliticosVer"]},{"@type":"Person","@id":"https:\/\/lospoliticosveracruz.com\/#\/schema\/person\/b8702bb0e538456e6efd07080bf2a4a2","name":"Lo viste en Los Pol\u00edticos","image":{"@type":"ImageObject","inLanguage":"es","@id":"https:\/\/secure.gravatar.com\/avatar\/3a8de04a2656d44082be478bd6c086daa447c4651605818287b9532d3d0bd435?s=96&d=mm&r=g","url":"https:\/\/secure.gravatar.com\/avatar\/3a8de04a2656d44082be478bd6c086daa447c4651605818287b9532d3d0bd435?s=96&d=mm&r=g","contentUrl":"https:\/\/secure.gravatar.com\/avatar\/3a8de04a2656d44082be478bd6c086daa447c4651605818287b9532d3d0bd435?s=96&d=mm&r=g","caption":"Lo viste en Los Pol\u00edticos"},"url":"https:\/\/lospoliticosveracruz.com\/?author=2"}]}},"_links":{"self":[{"href":"https:\/\/lospoliticosveracruz.com\/index.php?rest_route=\/wp\/v2\/posts\/64666","targetHints":{"allow":["GET"]}}],"collection":[{"href":"https:\/\/lospoliticosveracruz.com\/index.php?rest_route=\/wp\/v2\/posts"}],"about":[{"href":"https:\/\/lospoliticosveracruz.com\/index.php?rest_route=\/wp\/v2\/types\/post"}],"author":[{"embeddable":true,"href":"https:\/\/lospoliticosveracruz.com\/index.php?rest_route=\/wp\/v2\/users\/2"}],"replies":[{"embeddable":true,"href":"https:\/\/lospoliticosveracruz.com\/index.php?rest_route=%2Fwp%2Fv2%2Fcomments&post=64666"}],"version-history":[{"count":2,"href":"https:\/\/lospoliticosveracruz.com\/index.php?rest_route=\/wp\/v2\/posts\/64666\/revisions"}],"predecessor-version":[{"id":64680,"href":"https:\/\/lospoliticosveracruz.com\/index.php?rest_route=\/wp\/v2\/posts\/64666\/revisions\/64680"}],"wp:attachment":[{"href":"https:\/\/lospoliticosveracruz.com\/index.php?rest_route=%2Fwp%2Fv2%2Fmedia&parent=64666"}],"wp:term":[{"taxonomy":"category","embeddable":true,"href":"https:\/\/lospoliticosveracruz.com\/index.php?rest_route=%2Fwp%2Fv2%2Fcategories&post=64666"},{"taxonomy":"post_tag","embeddable":true,"href":"https:\/\/lospoliticosveracruz.com\/index.php?rest_route=%2Fwp%2Fv2%2Ftags&post=64666"}],"curies":[{"name":"wp","href":"https:\/\/api.w.org\/{rel}","templated":true}]}}